{"id":11173,"date":"2026-04-07T12:45:00","date_gmt":"2026-04-07T12:45:00","guid":{"rendered":"https:\/\/crecerencarrera.com\/5b5a2ed8-57a8-4496-8622-2f5a414cbe02\/"},"modified":"2026-04-07T12:45:12","modified_gmt":"2026-04-07T12:45:12","slug":"5b5a2ed8-57a8-4496-8622-2f5a414cbe02","status":"publish","type":"post","link":"https:\/\/crecerencarrera.com\/fr\/5b5a2ed8-57a8-4496-8622-2f5a414cbe02\/","title":{"rendered":"Jefe\/a de Contabilidad | Liderazgo IFRS, entorno h\u00edbrido y desarrollo profesional"},"content":{"rendered":"<\/p>\n<\/p>\n<div style=\"background: #ffffff; border-radius: 12px; box-shadow: 0 10px 30px rgba(0, 0, 0, 0.1); width: 100%; max-width: 340px; padding: 25px; transition: transform 0.3s ease-in-out; overflow: visible; display: flex; flex-direction: column; position: relative; border: 1px solid #28a745; margin-top: 70px; margin-bottom: 50px; margin-left: auto; margin-right: auto;\">\n<div style=\"position: absolute; top: -35px; right: 15px; color: #28a745; padding: 5px 10px; border-radius: 6px; font-size: 14px; font-weight: bold; display: flex; align-items: center; z-index: 10;\">Recommand\u00e9 pour toi<\/div>\n<div data-namespace-header=\"\" style=\"\">\n<h3 data-namespace-title=\"\" style=\"color: #333; font-size: 20px; font-weight: bold; text-align: left; margin-right: 50px; min-height: 50px; margin-top: 0px;\">Jefe\/a de Contabilidad<\/h3>\n<\/p><\/div>\n<p data-namespace-prompt=\"\" style=\"font-size: 16px; color: #666; margin-bottom: 20px; line-height: 1.5; flex-grow: 1; text-align: left; margin-top: 0px;\">\u00danete como responsable de contabilidad, liderando procesos, coordinando auditor\u00edas y desarrollando mejoras. Teletrabajo y oportunidades de crecimiento profesional.<\/p>\n<p>    <a data-namespace-url=\"\" href=\"https:\/\/crecerencarrera.com\/fr\/redirect\/?https:\/\/bebee.com\/es\/jobs\/jefe-a-de-contabilidad-liderazgo-con-ifrs-hibrido-el-corte-ingles-madrid--talent-45a9bd6bab4e?utm_campaign=google_jobs_apply&#038;utm_source=google_jobs_apply&#038;utm_medium=organic\" style=\"width: 100%; display: inline-block; color: white; text-decoration: none; border-radius: 6px; font-size: 16px; font-weight: bold; text-align: center; transition: transform 0.3s ease, background 0.3s ease; margin-top: auto;\" data-namespace-id=\"5c0d2565-3ba9-4280-a382-ad2a691e2285\"><br \/>\n        <button style=\"width: 100%; height: 55px; background: #e9e9ed; border: 1px solid black; color: black;\">Appliquer l&#039;emploi<\/button><br \/>\n    <\/a><br \/>\n    <small style=\"margin-top: 10px; color: #777; font-size: 12px; text-align: center; display: block;\">Ser\u00e1s redirigido a otra web<\/small>\n<\/div>\n<h2>Descripci\u00f3n y condiciones<\/h2>\n<p>La vacante de Jefe\/a de Contabilidad destaca como una magn\u00edfica oportunidad para quienes buscan estabilidad y desarrollo en una importante cadena de distribuci\u00f3n.<\/p>\n<p>El puesto se desempe\u00f1a bajo modalidad h\u00edbrida, permitiendo combinar teletrabajo y presencia en la oficina seg\u00fan necesidades operativas.<\/p>\n<p>Se estima una remuneraci\u00f3n muy competitiva dentro del sector, aunque el salario espec\u00edfico no est\u00e1 detallado en la oferta.<\/p>\n<p>Se requiere una s\u00f3lida experiencia de unos siete a\u00f1os en contabilidad general, as\u00ed como formaci\u00f3n en Contabilidad, Finanzas o ADE.<\/p>\n<p>La empresa valora el liderazgo, el compromiso y la proactividad para adaptarse a un entorno colaborativo y en constante aprendizaje.<\/p>\n<h2>Responsabilidades principales<\/h2>\n<p>Como Jefe\/a de Contabilidad, la gesti\u00f3n y supervisi\u00f3n de los procesos contables ser\u00e1n los pilares de tu d\u00eda a d\u00eda.<\/p>\n<p>Coordinar\u00e1s auditor\u00edas internas y externas, garantizando el cumplimiento normativo y los est\u00e1ndares internacionales (IFRS).<\/p>\n<p>Propondr\u00e1s e implementar\u00e1s mejoras en los procedimientos para optimizar la eficiencia operativa.<\/p>\n<p>Gestionar\u00e1s equipos y asegurar\u00e1s la cohesi\u00f3n, fomentando un entorno de trabajo colaborativo y enfocado en resultados.<\/p>\n<p>La toma de decisiones r\u00e1pida y fundamentada ser\u00e1 clave para responder a los retos del \u00e1rea financiera.<\/p>\n<h2>Ventajas destacadas<\/h2>\n<p>Una de las grandes ventajas del puesto es la posibilidad de teletrabajo, ideal para quienes valoran el equilibrio entre vida laboral y personal.<\/p>\n<p>El desarrollo profesional est\u00e1 asegurado gracias al acceso a formaciones, mentoring interno y el constante aprendizaje colaborativo.<\/p>\n<p>El entorno organizacional fomenta la comunicaci\u00f3n abierta y el trabajo en equipo, lo que potencia el crecimiento.<\/p>\n<p>La estabilidad de una empresa s\u00f3lida es otro gran atractivo para quienes buscan un cambio de largo plazo en su carrera.<\/p>\n<p>La cultura organizacional apuesta por la innovaci\u00f3n y la mejora continua, impulsando la carrera del candidato seleccionado.<\/p>\n<h2>Aspectos a tener en cuenta<\/h2>\n<p>El nivel de exigencia puede ser elevado, debido a la responsabilidad de coordinar equipos y procesos clave del \u00e1rea financiera.<\/p>\n<p>La presi\u00f3n para cumplir con deadlines y auditor\u00edas puede resultar intensa en algunos momentos del a\u00f1o.<\/p>\n<p>El entorno h\u00edbrido exige adaptabilidad para combinar tareas a distancia con presencia en la oficina sin perder efectividad.<\/p>\n<p>En ocasiones, las expectativas de mejora continua pueden requerir disponibilidad extra para formaciones o adaptaciones metodol\u00f3gicas.<\/p>\n<p>La necesidad de estar actualizado en normativa IFRS y fiscalidad repercute en un proceso constante de aprendizaje t\u00e9cnico.<\/p>\n<h2>Veredicto final<\/h2>\n<p>Esta oportunidad de Jefe\/a de Contabilidad es muy recomendable para perfiles con experiencia y ganas de evolucionar profesionalmente.<\/p>\n<p>La combinaci\u00f3n de autonom\u00eda, teletrabajo y posibilidades de crecimiento convierten este puesto en una excelente opci\u00f3n para quienes buscan retos y estabilidad.<\/p>\n<p>La cultura de mejora continua brinda un entorno f\u00e9rtil para quienes deseen seguir aprendiendo y aportar valor.<\/p>\n<p>En definitiva, este empleo ofrece buenos incentivos, una estructura s\u00f3lida y recursos para crecer en el \u00e1mbito contable.<\/p>\n<p>La oferta sobresale en el mercado por reunir condiciones laborales modernas y un enfoque real en el desarrollo profesional del talento.<\/p>\n<div style=\"background: #ffffff; border-radius: 12px; box-shadow: 0 10px 30px rgba(0, 0, 0, 0.1); width: 100%; max-width: 340px; padding: 25px; transition: transform 0.3s ease-in-out; overflow: visible; display: flex; flex-direction: column; position: relative; border: 1px solid #28a745; margin-top: 70px; margin-bottom: 50px; margin-left: auto; margin-right: auto;\">\n<div style=\"position: absolute; top: -35px; right: 15px; color: #28a745; padding: 5px 10px; border-radius: 6px; font-size: 14px; font-weight: bold; display: flex; align-items: center; z-index: 10;\">Recommand\u00e9 pour toi<\/div>\n<div data-namespace-header=\"\" style=\"\">\n<h3 data-namespace-title=\"\" style=\"color: #333; font-size: 20px; font-weight: bold; text-align: left; margin-right: 50px; min-height: 50px; margin-top: 0px;\">Jefe\/a de Contabilidad<\/h3>\n<\/p><\/div>\n<p data-namespace-prompt=\"\" style=\"font-size: 16px; color: #666; margin-bottom: 20px; line-height: 1.5; flex-grow: 1; text-align: left; margin-top: 0px;\">\u00danete como responsable de contabilidad, liderando procesos, coordinando auditor\u00edas y desarrollando mejoras. Teletrabajo y oportunidades de crecimiento profesional.<\/p>\n<p>    <a data-namespace-url=\"\" href=\"https:\/\/crecerencarrera.com\/fr\/redirect\/?https:\/\/bebee.com\/es\/jobs\/jefe-a-de-contabilidad-liderazgo-con-ifrs-hibrido-el-corte-ingles-madrid--talent-45a9bd6bab4e?utm_campaign=google_jobs_apply&#038;utm_source=google_jobs_apply&#038;utm_medium=organic\" style=\"width: 100%; display: inline-block; color: white; text-decoration: none; border-radius: 6px; font-size: 16px; font-weight: bold; text-align: center; transition: transform 0.3s ease, background 0.3s ease; margin-top: auto;\" data-namespace-id=\"5c0d2565-3ba9-4280-a382-ad2a691e2285\"><br \/>\n        <button style=\"width: 100%; height: 55px; background: #e9e9ed; border: 1px solid black; color: black;\">Appliquer l&#039;emploi<\/button><br \/>\n    <\/a><br \/>\n    <small style=\"margin-top: 10px; color: #777; font-size: 12px; text-align: center; display: block;\">Ser\u00e1s redirigido a otra web<\/small>\n<\/div>","protected":false},"excerpt":{"rendered":"<p>Abrimos vacante para Jefe\/a de Contabilidad con experiencia y liderazgo IFRS en entorno h\u00edbrido. Oportunidad de teletrabajo, desarrollo y crecimiento profesional. \u00a1Impulsa tu carrera ahora!<\/p>","protected":false},"author":3,"featured_media":0,"comment_status":"open","ping_status":"open","sticky":false,"template":"","format":"standard","meta":{"_uag_custom_page_level_css":"","site-sidebar-layout":"default","site-content-layout":"","ast-site-content-layout":"","site-content-style":"default","site-sidebar-style":"default","ast-global-header-display":"","ast-banner-title-visibility":"","ast-main-header-display":"","ast-hfb-above-header-display":"","ast-hfb-below-header-display":"","ast-hfb-mobile-header-display":"","site-post-title":"","ast-breadcrumbs-content":"","ast-featured-img":"","footer-sml-layout":"","theme-transparent-header-meta":"","adv-header-id-meta":"","stick-header-meta":"","header-above-stick-meta":"","header-main-stick-meta":"","header-below-stick-meta":"","astra-migrate-meta-layouts":"default","ast-page-background-enabled":"default","ast-page-background-meta":{"desktop":{"background-color":"var(--ast-global-color-4)","background-image":"","background-repeat":"repeat","background-position":"center center","background-size":"auto","background-attachment":"scroll","background-type":"","background-media":"","overlay-type":"","overlay-color":"","overlay-opacity":"","overlay-gradient":""},"tablet":{"background-color":"","background-image":"","background-repeat":"repeat","background-position":"center center","background-size":"auto","background-attachment":"scroll","background-type":"","background-media":"","overlay-type":"","overlay-color":"","overlay-opacity":"","overlay-gradient":""},"mobile":{"background-color":"","background-image":"","background-repeat":"repeat","background-position":"center center","background-size":"auto","background-attachment":"scroll","background-type":"","background-media":"","overlay-type":"","overlay-color":"","overlay-opacity":"","overlay-gradient":""}},"ast-content-background-meta":{"desktop":{"background-color":"var(--ast-global-color-5)","background-image":"","background-repeat":"repeat","background-position":"center center","background-size":"auto","background-attachment":"scroll","background-type":"","background-media":"","overlay-type":"","overlay-color":"","overlay-opacity":"","overlay-gradient":""},"tablet":{"background-color":"var(--ast-global-color-5)","background-image":"","background-repeat":"repeat","background-position":"center center","background-size":"auto","background-attachment":"scroll","background-type":"","background-media":"","overlay-type":"","overlay-color":"","overlay-opacity":"","overlay-gradient":""},"mobile":{"background-color":"var(--ast-global-color-5)","background-image":"","background-repeat":"repeat","background-position":"center center","background-size":"auto","background-attachment":"scroll","background-type":"","background-media":"","overlay-type":"","overlay-color":"","overlay-opacity":"","overlay-gradient":""}},"footnotes":""},"categories":[10],"tags":[],"yoast_head":"<!-- This site is optimized with the Yoast SEO plugin v23.3 - https:\/\/yoast.com\/wordpress\/plugins\/seo\/ -->\n<title>Jefe\/a de Contabilidad | Liderazgo IFRS, entorno h\u00edbrido y desarrollo profesional - Crecer en Carrera<\/title>\n<meta name=\"robots\" content=\"index, follow, max-snippet:-1, max-image-preview:large, max-video-preview:-1\" \/>\n<link rel=\"canonical\" href=\"https:\/\/crecerencarrera.com\/fr\/5b5a2ed8-57a8-4496-8622-2f5a414cbe02\/\" \/>\n<meta property=\"og:locale\" content=\"fr_FR\" \/>\n<meta property=\"og:type\" content=\"article\" \/>\n<meta property=\"og:title\" content=\"Jefe\/a de Contabilidad | Liderazgo IFRS, entorno h\u00edbrido y desarrollo profesional - Crecer en Carrera\" \/>\n<meta property=\"og:description\" content=\"Abrimos vacante para Jefe\/a de Contabilidad con experiencia y liderazgo IFRS en entorno h\u00edbrido. Oportunidad de teletrabajo, desarrollo y crecimiento profesional. \u00a1Impulsa tu carrera ahora!\" \/>\n<meta property=\"og:url\" content=\"https:\/\/crecerencarrera.com\/fr\/5b5a2ed8-57a8-4496-8622-2f5a414cbe02\/\" \/>\n<meta property=\"og:site_name\" content=\"Crecer en Carrera\" \/>\n<meta property=\"article:published_time\" content=\"2026-04-07T12:45:00+00:00\" \/>\n<meta property=\"article:modified_time\" content=\"2026-04-07T12:45:12+00:00\" \/>\n<meta name=\"author\" content=\"Bruno Gianni\" \/>\n<meta name=\"twitter:card\" content=\"summary_large_image\" \/>\n<meta name=\"twitter:label1\" content=\"Written by\" \/>\n\t<meta name=\"twitter:data1\" content=\"Bruno Gianni\" \/>\n\t<meta name=\"twitter:label2\" content=\"Est. reading time\" \/>\n\t<meta name=\"twitter:data2\" content=\"3 minutes\" \/>\n<script type=\"application\/ld+json\" class=\"yoast-schema-graph\">{\"@context\":\"https:\/\/schema.org\",\"@graph\":[{\"@type\":\"Article\",\"@id\":\"https:\/\/crecerencarrera.com\/5b5a2ed8-57a8-4496-8622-2f5a414cbe02\/#article\",\"isPartOf\":{\"@id\":\"https:\/\/crecerencarrera.com\/5b5a2ed8-57a8-4496-8622-2f5a414cbe02\/\"},\"author\":{\"name\":\"Bruno Gianni\",\"@id\":\"https:\/\/crecerencarrera.com\/#\/schema\/person\/d52888235fd6563bd07d97185d6a61e4\"},\"headline\":\"Jefe\/a de Contabilidad | Liderazgo IFRS, entorno h\u00edbrido y desarrollo profesional\",\"datePublished\":\"2026-04-07T12:45:00+00:00\",\"dateModified\":\"2026-04-07T12:45:12+00:00\",\"mainEntityOfPage\":{\"@id\":\"https:\/\/crecerencarrera.com\/5b5a2ed8-57a8-4496-8622-2f5a414cbe02\/\"},\"wordCount\":596,\"commentCount\":0,\"publisher\":{\"@id\":\"https:\/\/crecerencarrera.com\/#organization\"},\"articleSection\":[\"Hidden\"],\"inLanguage\":\"fr-FR\",\"potentialAction\":[{\"@type\":\"CommentAction\",\"name\":\"Comment\",\"target\":[\"https:\/\/crecerencarrera.com\/5b5a2ed8-57a8-4496-8622-2f5a414cbe02\/#respond\"]}]},{\"@type\":\"WebPage\",\"@id\":\"https:\/\/crecerencarrera.com\/5b5a2ed8-57a8-4496-8622-2f5a414cbe02\/\",\"url\":\"https:\/\/crecerencarrera.com\/5b5a2ed8-57a8-4496-8622-2f5a414cbe02\/\",\"name\":\"Jefe\/a de Contabilidad | Liderazgo IFRS, entorno h\u00edbrido y desarrollo profesional - Crecer en Carrera\",\"isPartOf\":{\"@id\":\"https:\/\/crecerencarrera.com\/#website\"},\"datePublished\":\"2026-04-07T12:45:00+00:00\",\"dateModified\":\"2026-04-07T12:45:12+00:00\",\"breadcrumb\":{\"@id\":\"https:\/\/crecerencarrera.com\/5b5a2ed8-57a8-4496-8622-2f5a414cbe02\/#breadcrumb\"},\"inLanguage\":\"fr-FR\",\"potentialAction\":[{\"@type\":\"ReadAction\",\"target\":[\"https:\/\/crecerencarrera.com\/5b5a2ed8-57a8-4496-8622-2f5a414cbe02\/\"]}]},{\"@type\":\"BreadcrumbList\",\"@id\":\"https:\/\/crecerencarrera.com\/5b5a2ed8-57a8-4496-8622-2f5a414cbe02\/#breadcrumb\",\"itemListElement\":[{\"@type\":\"ListItem\",\"position\":1,\"name\":\"Home\",\"item\":\"https:\/\/crecerencarrera.com\/\"},{\"@type\":\"ListItem\",\"position\":2,\"name\":\"Jefe\/a de Contabilidad | Liderazgo IFRS, entorno h\u00edbrido y desarrollo profesional\"}]},{\"@type\":\"WebSite\",\"@id\":\"https:\/\/crecerencarrera.com\/#website\",\"url\":\"https:\/\/crecerencarrera.com\/\",\"name\":\"Crecer en Carrera\",\"description\":\"\",\"publisher\":{\"@id\":\"https:\/\/crecerencarrera.com\/#organization\"},\"potentialAction\":[{\"@type\":\"SearchAction\",\"target\":{\"@type\":\"EntryPoint\",\"urlTemplate\":\"https:\/\/crecerencarrera.com\/?s={search_term_string}\"},\"query-input\":\"required name=search_term_string\"}],\"inLanguage\":\"fr-FR\"},{\"@type\":\"Organization\",\"@id\":\"https:\/\/crecerencarrera.com\/#organization\",\"name\":\"Crecer en Carrera\",\"url\":\"https:\/\/crecerencarrera.com\/\",\"logo\":{\"@type\":\"ImageObject\",\"inLanguage\":\"fr-FR\",\"@id\":\"https:\/\/crecerencarrera.com\/#\/schema\/logo\/image\/\",\"url\":\"https:\/\/crecerencarrera.com\/wp-content\/uploads\/sites\/604\/2025\/10\/logo-Crecer-en-carrera.svg\",\"contentUrl\":\"https:\/\/crecerencarrera.com\/wp-content\/uploads\/sites\/604\/2025\/10\/logo-Crecer-en-carrera.svg\",\"caption\":\"Crecer en Carrera\"},\"image\":{\"@id\":\"https:\/\/crecerencarrera.com\/#\/schema\/logo\/image\/\"}},{\"@type\":\"Person\",\"@id\":\"https:\/\/crecerencarrera.com\/#\/schema\/person\/d52888235fd6563bd07d97185d6a61e4\",\"name\":\"Bruno Gianni\",\"image\":{\"@type\":\"ImageObject\",\"inLanguage\":\"fr-FR\",\"@id\":\"https:\/\/crecerencarrera.com\/#\/schema\/person\/image\/\",\"url\":\"https:\/\/secure.gravatar.com\/avatar\/0f5d42d7bf77874643c1478932860e3f?s=96&d=mm&r=g\",\"contentUrl\":\"https:\/\/secure.gravatar.com\/avatar\/0f5d42d7bf77874643c1478932860e3f?s=96&d=mm&r=g\",\"caption\":\"Bruno Gianni\"},\"description\":\"Bruno writes the way he lives, with curiosity, care, and respect for people. He likes to observe, listen, and try to understand what is happening on the other side before putting any words on the page.For him, writing is not about impressing, but about getting closer. It is about turning thoughts into something simple, clear, and real. Every text is an ongoing conversation, created with care and honesty, with the sincere intention of touching someone, somewhere along the way.\",\"url\":\"https:\/\/crecerencarrera.com\/fr\/author\/bcgianni\/\"}]}<\/script>\n<!-- \/ Yoast SEO plugin. -->","yoast_head_json":{"title":"Jefe\/a de Contabilidad | Liderazgo IFRS, entorno h\u00edbrido y desarrollo profesional - Crecer en Carrera","robots":{"index":"index","follow":"follow","max-snippet":"max-snippet:-1","max-image-preview":"max-image-preview:large","max-video-preview":"max-video-preview:-1"},"canonical":"https:\/\/crecerencarrera.com\/fr\/5b5a2ed8-57a8-4496-8622-2f5a414cbe02\/","og_locale":"fr_FR","og_type":"article","og_title":"Jefe\/a de Contabilidad | Liderazgo IFRS, entorno h\u00edbrido y desarrollo profesional - Crecer en Carrera","og_description":"Abrimos vacante para Jefe\/a de Contabilidad con experiencia y liderazgo IFRS en entorno h\u00edbrido. Oportunidad de teletrabajo, desarrollo y crecimiento profesional. \u00a1Impulsa tu carrera ahora!","og_url":"https:\/\/crecerencarrera.com\/fr\/5b5a2ed8-57a8-4496-8622-2f5a414cbe02\/","og_site_name":"Crecer en Carrera","article_published_time":"2026-04-07T12:45:00+00:00","article_modified_time":"2026-04-07T12:45:12+00:00","author":"Bruno Gianni","twitter_card":"summary_large_image","twitter_misc":{"Written by":"Bruno Gianni","Est. reading time":"3 minutes"},"schema":{"@context":"https:\/\/schema.org","@graph":[{"@type":"Article","@id":"https:\/\/crecerencarrera.com\/5b5a2ed8-57a8-4496-8622-2f5a414cbe02\/#article","isPartOf":{"@id":"https:\/\/crecerencarrera.com\/5b5a2ed8-57a8-4496-8622-2f5a414cbe02\/"},"author":{"name":"Bruno Gianni","@id":"https:\/\/crecerencarrera.com\/#\/schema\/person\/d52888235fd6563bd07d97185d6a61e4"},"headline":"Jefe\/a de Contabilidad | Liderazgo IFRS, entorno h\u00edbrido y desarrollo profesional","datePublished":"2026-04-07T12:45:00+00:00","dateModified":"2026-04-07T12:45:12+00:00","mainEntityOfPage":{"@id":"https:\/\/crecerencarrera.com\/5b5a2ed8-57a8-4496-8622-2f5a414cbe02\/"},"wordCount":596,"commentCount":0,"publisher":{"@id":"https:\/\/crecerencarrera.com\/#organization"},"articleSection":["Hidden"],"inLanguage":"fr-FR","potentialAction":[{"@type":"CommentAction","name":"Comment","target":["https:\/\/crecerencarrera.com\/5b5a2ed8-57a8-4496-8622-2f5a414cbe02\/#respond"]}]},{"@type":"WebPage","@id":"https:\/\/crecerencarrera.com\/5b5a2ed8-57a8-4496-8622-2f5a414cbe02\/","url":"https:\/\/crecerencarrera.com\/5b5a2ed8-57a8-4496-8622-2f5a414cbe02\/","name":"Jefe\/a de Contabilidad | Liderazgo IFRS, entorno h\u00edbrido y desarrollo profesional - Crecer en Carrera","isPartOf":{"@id":"https:\/\/crecerencarrera.com\/#website"},"datePublished":"2026-04-07T12:45:00+00:00","dateModified":"2026-04-07T12:45:12+00:00","breadcrumb":{"@id":"https:\/\/crecerencarrera.com\/5b5a2ed8-57a8-4496-8622-2f5a414cbe02\/#breadcrumb"},"inLanguage":"fr-FR","potentialAction":[{"@type":"ReadAction","target":["https:\/\/crecerencarrera.com\/5b5a2ed8-57a8-4496-8622-2f5a414cbe02\/"]}]},{"@type":"BreadcrumbList","@id":"https:\/\/crecerencarrera.com\/5b5a2ed8-57a8-4496-8622-2f5a414cbe02\/#breadcrumb","itemListElement":[{"@type":"ListItem","position":1,"name":"Home","item":"https:\/\/crecerencarrera.com\/"},{"@type":"ListItem","position":2,"name":"Jefe\/a de Contabilidad | Liderazgo IFRS, entorno h\u00edbrido y desarrollo profesional"}]},{"@type":"WebSite","@id":"https:\/\/crecerencarrera.com\/#website","url":"https:\/\/crecerencarrera.com\/","name":"Crecer en Carrera","description":"","publisher":{"@id":"https:\/\/crecerencarrera.com\/#organization"},"potentialAction":[{"@type":"SearchAction","target":{"@type":"EntryPoint","urlTemplate":"https:\/\/crecerencarrera.com\/?s={search_term_string}"},"query-input":"required name=search_term_string"}],"inLanguage":"fr-FR"},{"@type":"Organization","@id":"https:\/\/crecerencarrera.com\/#organization","name":"Crecer en Carrera","url":"https:\/\/crecerencarrera.com\/","logo":{"@type":"ImageObject","inLanguage":"fr-FR","@id":"https:\/\/crecerencarrera.com\/#\/schema\/logo\/image\/","url":"https:\/\/crecerencarrera.com\/wp-content\/uploads\/sites\/604\/2025\/10\/logo-Crecer-en-carrera.svg","contentUrl":"https:\/\/crecerencarrera.com\/wp-content\/uploads\/sites\/604\/2025\/10\/logo-Crecer-en-carrera.svg","caption":"Crecer en Carrera"},"image":{"@id":"https:\/\/crecerencarrera.com\/#\/schema\/logo\/image\/"}},{"@type":"Person","@id":"https:\/\/crecerencarrera.com\/#\/schema\/person\/d52888235fd6563bd07d97185d6a61e4","name":"Bruno Gianni","image":{"@type":"ImageObject","inLanguage":"fr-FR","@id":"https:\/\/crecerencarrera.com\/#\/schema\/person\/image\/","url":"https:\/\/secure.gravatar.com\/avatar\/0f5d42d7bf77874643c1478932860e3f?s=96&d=mm&r=g","contentUrl":"https:\/\/secure.gravatar.com\/avatar\/0f5d42d7bf77874643c1478932860e3f?s=96&d=mm&r=g","caption":"Bruno Gianni"},"description":"Bruno writes the way he lives, with curiosity, care, and respect for people. He likes to observe, listen, and try to understand what is happening on the other side before putting any words on the page.For him, writing is not about impressing, but about getting closer. It is about turning thoughts into something simple, clear, and real. Every text is an ongoing conversation, created with care and honesty, with the sincere intention of touching someone, somewhere along the way.","url":"https:\/\/crecerencarrera.com\/fr\/author\/bcgianni\/"}]}},"uagb_featured_image_src":{"full":false,"thumbnail":false,"medium":false,"medium_large":false,"large":false,"1536x1536":false,"2048x2048":false,"trp-custom-language-flag":false},"uagb_author_info":{"display_name":"Bruno Gianni","author_link":"https:\/\/crecerencarrera.com\/fr\/author\/bcgianni\/"},"uagb_comment_info":0,"uagb_excerpt":"Abrimos vacante para Jefe\/a de Contabilidad con experiencia y liderazgo IFRS en entorno h\u00edbrido. Oportunidad de teletrabajo, desarrollo y crecimiento profesional. \u00a1Impulsa tu carrera ahora!","_links":{"self":[{"href":"https:\/\/crecerencarrera.com\/fr\/wp-json\/wp\/v2\/posts\/11173"}],"collection":[{"href":"https:\/\/crecerencarrera.com\/fr\/wp-json\/wp\/v2\/posts"}],"about":[{"href":"https:\/\/crecerencarrera.com\/fr\/wp-json\/wp\/v2\/types\/post"}],"author":[{"embeddable":true,"href":"https:\/\/crecerencarrera.com\/fr\/wp-json\/wp\/v2\/users\/3"}],"replies":[{"embeddable":true,"href":"https:\/\/crecerencarrera.com\/fr\/wp-json\/wp\/v2\/comments?post=11173"}],"version-history":[{"count":1,"href":"https:\/\/crecerencarrera.com\/fr\/wp-json\/wp\/v2\/posts\/11173\/revisions"}],"predecessor-version":[{"id":11175,"href":"https:\/\/crecerencarrera.com\/fr\/wp-json\/wp\/v2\/posts\/11173\/revisions\/11175"}],"wp:attachment":[{"href":"https:\/\/crecerencarrera.com\/fr\/wp-json\/wp\/v2\/media?parent=11173"}],"wp:term":[{"taxonomy":"category","embeddable":true,"href":"https:\/\/crecerencarrera.com\/fr\/wp-json\/wp\/v2\/categories?post=11173"},{"taxonomy":"post_tag","embeddable":true,"href":"https:\/\/crecerencarrera.com\/fr\/wp-json\/wp\/v2\/tags?post=11173"}],"curies":[{"name":"wp","href":"https:\/\/api.w.org\/{rel}","templated":true}]}}