{"id":11236,"date":"2026-04-07T17:52:00","date_gmt":"2026-04-07T17:52:00","guid":{"rendered":"https:\/\/crecerencarrera.com\/233a02bf-f2fc-44d7-9707-43085677cd16\/"},"modified":"2026-04-07T17:52:45","modified_gmt":"2026-04-07T17:52:45","slug":"233a02bf-f2fc-44d7-9707-43085677cd16","status":"publish","type":"post","link":"https:\/\/crecerencarrera.com\/fr\/233a02bf-f2fc-44d7-9707-43085677cd16\/","title":{"rendered":"Personal de Conducci\u00f3n de Autob\u00fas: Contrato Interinidad y Entorno Inclusivo"},"content":{"rendered":"<\/p>\n<\/p>\n<div style=\"background: #ffffff; border-radius: 12px; box-shadow: 0 10px 30px rgba(0, 0, 0, 0.1); width: 100%; max-width: 340px; padding: 25px; transition: transform 0.3s ease-in-out; overflow: visible; display: flex; flex-direction: column; position: relative; border: 1px solid #28a745; margin-top: 70px; margin-bottom: 50px; margin-left: auto; margin-right: auto;\">\n<div style=\"position: absolute; top: -35px; right: 15px; color: #28a745; padding: 5px 10px; border-radius: 6px; font-size: 14px; font-weight: bold; display: flex; align-items: center; z-index: 10;\">Recommand\u00e9 pour toi<\/div>\n<div data-namespace-header=\"\" style=\"\">\n<h3 data-namespace-title=\"\" style=\"color: #333; font-size: 20px; font-weight: bold; text-align: left; margin-right: 50px; min-height: 50px; margin-top: 0px;\">Personal de Conducci\u00f3n<\/h3>\n<\/p><\/div>\n<p data-namespace-prompt=\"\" style=\"font-size: 16px; color: #666; margin-bottom: 20px; line-height: 1.5; flex-grow: 1; text-align: left; margin-top: 0px;\">Conduce autobuses de l\u00ednea regular y escolar. Contrato de interinidad, jornada completa y ambiente inclusivo. Tu desarrollo personal y laboral es prioridad.<\/p>\n<p>    <a data-namespace-url=\"\" href=\"https:\/\/crecerencarrera.com\/fr\/redirect\/?https:\/\/jobs.arriva.es\/jobs\/6367491-personal-conduccion-contrato-interinidad-ferrol?utm_campaign=google_jobs_apply&#038;utm_source=google_jobs_apply&#038;utm_medium=organic\" style=\"width: 100%; display: inline-block; color: white; text-decoration: none; border-radius: 6px; font-size: 16px; font-weight: bold; text-align: center; transition: transform 0.3s ease, background 0.3s ease; margin-top: auto;\" data-namespace-id=\"5c0d2565-3ba9-4280-a382-ad2a691e2285\"><br \/>\n        <button style=\"width: 100%; height: 55px; background: #e9e9ed; border: 1px solid black; color: black;\">Solicitar empleo<\/button><br \/>\n    <\/a><br \/>\n    <small style=\"margin-top: 10px; color: #777; font-size: 12px; text-align: center; display: block;\">Ser\u00e1s redirigido a otra web<\/small>\n<\/div>\n<h2>Un vistazo a la oferta<\/h2>\n<p>Esta oferta de Personal de Conducci\u00f3n ofrece un contrato de interinidad a jornada completa y promete un entorno laboral de respeto, inclusi\u00f3n y profesionalidad.<\/p>\n<p>No se detalla el salario espec\u00edfico, aunque la empresa apuesta por un desarrollo igualitario y continuo de sus empleados.<\/p>\n<p>Podr\u00e1s formar parte de un equipo donde la diversidad y la equidad son valores esenciales para el crecimiento y el ambiente de trabajo.<\/p>\n<p>Adem\u00e1s, se valoran tanto tu experiencia como tu disposici\u00f3n para trabajar con profesionalidad y empat\u00eda.<\/p>\n<p>Si buscas estabilidad laboral y trato justo, esta puede ser tu oportunidad.<\/p>\n<h2>Responsabilidades diarias<\/h2>\n<p>Entre las tareas principales est\u00e1 la conducci\u00f3n de autobuses en l\u00edneas regulares y servicios escolares, garantizando el transporte seguro y puntual.<\/p>\n<p>Debes mantener una actitud profesional, realizar chequeos de rutina a los veh\u00edculos y asegurar la satisfacci\u00f3n de los pasajeros.<\/p>\n<p>Se espera que sigas estrictamente las normativas de seguridad y cooperaci\u00f3n con el resto del equipo.<\/p>\n<p>Tambi\u00e9n tendr\u00e1s la oportunidad de trabajar en un ambiente proactivo, donde cada jornada es diferente.<\/p>\n<p>Se valora la capacidad para resolver incidencias y comunicarte de manera efectiva con pasajeros y compa\u00f1eros.<\/p>\n<h2>Points forts de l&#039;offre<\/h2>\n<p>El entorno inclusivo destaca, permitiendo que cualquier persona, sin distinci\u00f3n alguna, pueda crecer profesionalmente.<\/p>\n<p>La empresa muestra compromiso con la formaci\u00f3n y la promoci\u00f3n interna, lo que aumenta las probabilidades de desarrollo.<\/p>\n<h2>Puntos d\u00e9biles a considerar<\/h2>\n<p>El salario no est\u00e1 detallado, lo que podr\u00eda generar dudas en quienes buscan informaci\u00f3n clara sobre la retribuci\u00f3n.<\/p>\n<p>El contrato es de interinidad, lo cual puede limitar la estabilidad a largo plazo para algunos perfiles.<\/p>\n<h2>Veredicto final<\/h2>\n<p>Una opci\u00f3n muy interesante si priorizas el ambiente laboral, la inclusi\u00f3n y la estabilidad a corto o medio plazo en tu carrera.<\/p>\n<div style=\"background: #ffffff; border-radius: 12px; box-shadow: 0 10px 30px rgba(0, 0, 0, 0.1); width: 100%; max-width: 340px; padding: 25px; transition: transform 0.3s ease-in-out; overflow: visible; display: flex; flex-direction: column; position: relative; border: 1px solid #28a745; margin-top: 70px; margin-bottom: 50px; margin-left: auto; margin-right: auto;\">\n<div style=\"position: absolute; top: -35px; right: 15px; color: #28a745; padding: 5px 10px; border-radius: 6px; font-size: 14px; font-weight: bold; display: flex; align-items: center; z-index: 10;\">Recommand\u00e9 pour toi<\/div>\n<div data-namespace-header=\"\" style=\"\">\n<h3 data-namespace-title=\"\" style=\"color: #333; font-size: 20px; font-weight: bold; text-align: left; margin-right: 50px; min-height: 50px; margin-top: 0px;\">Personal de Conducci\u00f3n<\/h3>\n<\/p><\/div>\n<p data-namespace-prompt=\"\" style=\"font-size: 16px; color: #666; margin-bottom: 20px; line-height: 1.5; flex-grow: 1; text-align: left; margin-top: 0px;\">Conduce autobuses de l\u00ednea regular y escolar. Contrato de interinidad, jornada completa y ambiente inclusivo. Tu desarrollo personal y laboral es prioridad.<\/p>\n<p>    <a data-namespace-url=\"\" href=\"https:\/\/crecerencarrera.com\/fr\/redirect\/?https:\/\/jobs.arriva.es\/jobs\/6367491-personal-conduccion-contrato-interinidad-ferrol?utm_campaign=google_jobs_apply&#038;utm_source=google_jobs_apply&#038;utm_medium=organic\" style=\"width: 100%; display: inline-block; color: white; text-decoration: none; border-radius: 6px; font-size: 16px; font-weight: bold; text-align: center; transition: transform 0.3s ease, background 0.3s ease; margin-top: auto;\" data-namespace-id=\"5c0d2565-3ba9-4280-a382-ad2a691e2285\"><br \/>\n        <button style=\"width: 100%; height: 55px; background: #e9e9ed; border: 1px solid black; color: black;\">Solicitar empleo<\/button><br \/>\n    <\/a><br \/>\n    <small style=\"margin-top: 10px; color: #777; font-size: 12px; text-align: center; display: block;\">Ser\u00e1s redirigido a otra web<\/small>\n<\/div>","protected":false},"excerpt":{"rendered":"<p>Consulta nuestra rese\u00f1a imparcial sobre la oferta de empleo para Personal de Conducci\u00f3n de Autob\u00fas. Contrato de interinidad, jornada completa y entorno inclusivo. Oportunidad de crecimiento y desarrollo.<\/p>","protected":false},"author":3,"featured_media":0,"comment_status":"open","ping_status":"open","sticky":false,"template":"","format":"standard","meta":{"_uag_custom_page_level_css":"","site-sidebar-layout":"default","site-content-layout":"","ast-site-content-layout":"","site-content-style":"default","site-sidebar-style":"default","ast-global-header-display":"","ast-banner-title-visibility":"","ast-main-header-display":"","ast-hfb-above-header-display":"","ast-hfb-below-header-display":"","ast-hfb-mobile-header-display":"","site-post-title":"","ast-breadcrumbs-content":"","ast-featured-img":"","footer-sml-layout":"","theme-transparent-header-meta":"","adv-header-id-meta":"","stick-header-meta":"","header-above-stick-meta":"","header-main-stick-meta":"","header-below-stick-meta":"","astra-migrate-meta-layouts":"default","ast-page-background-enabled":"default","ast-page-background-meta":{"desktop":{"background-color":"var(--ast-global-color-4)","background-image":"","background-repeat":"repeat","background-position":"center center","background-size":"auto","background-attachment":"scroll","background-type":"","background-media":"","overlay-type":"","overlay-color":"","overlay-opacity":"","overlay-gradient":""},"tablet":{"background-color":"","background-image":"","background-repeat":"repeat","background-position":"center center","background-size":"auto","background-attachment":"scroll","background-type":"","background-media":"","overlay-type":"","overlay-color":"","overlay-opacity":"","overlay-gradient":""},"mobile":{"background-color":"","background-image":"","background-repeat":"repeat","background-position":"center center","background-size":"auto","background-attachment":"scroll","background-type":"","background-media":"","overlay-type":"","overlay-color":"","overlay-opacity":"","overlay-gradient":""}},"ast-content-background-meta":{"desktop":{"background-color":"var(--ast-global-color-5)","background-image":"","background-repeat":"repeat","background-position":"center center","background-size":"auto","background-attachment":"scroll","background-type":"","background-media":"","overlay-type":"","overlay-color":"","overlay-opacity":"","overlay-gradient":""},"tablet":{"background-color":"var(--ast-global-color-5)","background-image":"","background-repeat":"repeat","background-position":"center center","background-size":"auto","background-attachment":"scroll","background-type":"","background-media":"","overlay-type":"","overlay-color":"","overlay-opacity":"","overlay-gradient":""},"mobile":{"background-color":"var(--ast-global-color-5)","background-image":"","background-repeat":"repeat","background-position":"center center","background-size":"auto","background-attachment":"scroll","background-type":"","background-media":"","overlay-type":"","overlay-color":"","overlay-opacity":"","overlay-gradient":""}},"footnotes":""},"categories":[10],"tags":[],"yoast_head":"<!-- This site is optimized with the Yoast SEO plugin v23.3 - https:\/\/yoast.com\/wordpress\/plugins\/seo\/ -->\n<title>Personal de Conducci\u00f3n de Autob\u00fas: Contrato Interinidad y Entorno Inclusivo - Crecer en Carrera<\/title>\n<meta name=\"robots\" content=\"index, follow, max-snippet:-1, max-image-preview:large, max-video-preview:-1\" \/>\n<link rel=\"canonical\" href=\"https:\/\/crecerencarrera.com\/fr\/233a02bf-f2fc-44d7-9707-43085677cd16\/\" \/>\n<meta property=\"og:locale\" content=\"fr_FR\" \/>\n<meta property=\"og:type\" content=\"article\" \/>\n<meta property=\"og:title\" content=\"Personal de Conducci\u00f3n de Autob\u00fas: Contrato Interinidad y Entorno Inclusivo - Crecer en Carrera\" \/>\n<meta property=\"og:description\" content=\"Consulta nuestra rese\u00f1a imparcial sobre la oferta de empleo para Personal de Conducci\u00f3n de Autob\u00fas. Contrato de interinidad, jornada completa y entorno inclusivo. Oportunidad de crecimiento y desarrollo.\" \/>\n<meta property=\"og:url\" content=\"https:\/\/crecerencarrera.com\/fr\/233a02bf-f2fc-44d7-9707-43085677cd16\/\" \/>\n<meta property=\"og:site_name\" content=\"Crecer en Carrera\" \/>\n<meta property=\"article:published_time\" content=\"2026-04-07T17:52:00+00:00\" \/>\n<meta property=\"article:modified_time\" content=\"2026-04-07T17:52:45+00:00\" \/>\n<meta name=\"author\" content=\"Bruno Gianni\" \/>\n<meta name=\"twitter:card\" content=\"summary_large_image\" \/>\n<meta name=\"twitter:label1\" content=\"Written by\" \/>\n\t<meta name=\"twitter:data1\" content=\"Bruno Gianni\" \/>\n\t<meta name=\"twitter:label2\" content=\"Est. reading time\" \/>\n\t<meta name=\"twitter:data2\" content=\"2 minutes\" \/>\n<script type=\"application\/ld+json\" class=\"yoast-schema-graph\">{\"@context\":\"https:\/\/schema.org\",\"@graph\":[{\"@type\":\"Article\",\"@id\":\"https:\/\/crecerencarrera.com\/233a02bf-f2fc-44d7-9707-43085677cd16\/#article\",\"isPartOf\":{\"@id\":\"https:\/\/crecerencarrera.com\/233a02bf-f2fc-44d7-9707-43085677cd16\/\"},\"author\":{\"name\":\"Bruno Gianni\",\"@id\":\"https:\/\/crecerencarrera.com\/#\/schema\/person\/d52888235fd6563bd07d97185d6a61e4\"},\"headline\":\"Personal de Conducci\u00f3n de Autob\u00fas: Contrato Interinidad y Entorno Inclusivo\",\"datePublished\":\"2026-04-07T17:52:00+00:00\",\"dateModified\":\"2026-04-07T17:52:45+00:00\",\"mainEntityOfPage\":{\"@id\":\"https:\/\/crecerencarrera.com\/233a02bf-f2fc-44d7-9707-43085677cd16\/\"},\"wordCount\":399,\"commentCount\":0,\"publisher\":{\"@id\":\"https:\/\/crecerencarrera.com\/#organization\"},\"articleSection\":[\"Hidden\"],\"inLanguage\":\"fr-FR\",\"potentialAction\":[{\"@type\":\"CommentAction\",\"name\":\"Comment\",\"target\":[\"https:\/\/crecerencarrera.com\/233a02bf-f2fc-44d7-9707-43085677cd16\/#respond\"]}]},{\"@type\":\"WebPage\",\"@id\":\"https:\/\/crecerencarrera.com\/233a02bf-f2fc-44d7-9707-43085677cd16\/\",\"url\":\"https:\/\/crecerencarrera.com\/233a02bf-f2fc-44d7-9707-43085677cd16\/\",\"name\":\"Personal de Conducci\u00f3n de Autob\u00fas: Contrato Interinidad y Entorno Inclusivo - Crecer en Carrera\",\"isPartOf\":{\"@id\":\"https:\/\/crecerencarrera.com\/#website\"},\"datePublished\":\"2026-04-07T17:52:00+00:00\",\"dateModified\":\"2026-04-07T17:52:45+00:00\",\"breadcrumb\":{\"@id\":\"https:\/\/crecerencarrera.com\/233a02bf-f2fc-44d7-9707-43085677cd16\/#breadcrumb\"},\"inLanguage\":\"fr-FR\",\"potentialAction\":[{\"@type\":\"ReadAction\",\"target\":[\"https:\/\/crecerencarrera.com\/233a02bf-f2fc-44d7-9707-43085677cd16\/\"]}]},{\"@type\":\"BreadcrumbList\",\"@id\":\"https:\/\/crecerencarrera.com\/233a02bf-f2fc-44d7-9707-43085677cd16\/#breadcrumb\",\"itemListElement\":[{\"@type\":\"ListItem\",\"position\":1,\"name\":\"Home\",\"item\":\"https:\/\/crecerencarrera.com\/\"},{\"@type\":\"ListItem\",\"position\":2,\"name\":\"Personal de Conducci\u00f3n de Autob\u00fas: Contrato Interinidad y Entorno Inclusivo\"}]},{\"@type\":\"WebSite\",\"@id\":\"https:\/\/crecerencarrera.com\/#website\",\"url\":\"https:\/\/crecerencarrera.com\/\",\"name\":\"Crecer en Carrera\",\"description\":\"\",\"publisher\":{\"@id\":\"https:\/\/crecerencarrera.com\/#organization\"},\"potentialAction\":[{\"@type\":\"SearchAction\",\"target\":{\"@type\":\"EntryPoint\",\"urlTemplate\":\"https:\/\/crecerencarrera.com\/?s={search_term_string}\"},\"query-input\":\"required name=search_term_string\"}],\"inLanguage\":\"fr-FR\"},{\"@type\":\"Organization\",\"@id\":\"https:\/\/crecerencarrera.com\/#organization\",\"name\":\"Crecer en Carrera\",\"url\":\"https:\/\/crecerencarrera.com\/\",\"logo\":{\"@type\":\"ImageObject\",\"inLanguage\":\"fr-FR\",\"@id\":\"https:\/\/crecerencarrera.com\/#\/schema\/logo\/image\/\",\"url\":\"https:\/\/crecerencarrera.com\/wp-content\/uploads\/sites\/604\/2025\/10\/logo-Crecer-en-carrera.svg\",\"contentUrl\":\"https:\/\/crecerencarrera.com\/wp-content\/uploads\/sites\/604\/2025\/10\/logo-Crecer-en-carrera.svg\",\"caption\":\"Crecer en Carrera\"},\"image\":{\"@id\":\"https:\/\/crecerencarrera.com\/#\/schema\/logo\/image\/\"}},{\"@type\":\"Person\",\"@id\":\"https:\/\/crecerencarrera.com\/#\/schema\/person\/d52888235fd6563bd07d97185d6a61e4\",\"name\":\"Bruno Gianni\",\"image\":{\"@type\":\"ImageObject\",\"inLanguage\":\"fr-FR\",\"@id\":\"https:\/\/crecerencarrera.com\/#\/schema\/person\/image\/\",\"url\":\"https:\/\/secure.gravatar.com\/avatar\/0f5d42d7bf77874643c1478932860e3f?s=96&d=mm&r=g\",\"contentUrl\":\"https:\/\/secure.gravatar.com\/avatar\/0f5d42d7bf77874643c1478932860e3f?s=96&d=mm&r=g\",\"caption\":\"Bruno Gianni\"},\"description\":\"Bruno writes the way he lives, with curiosity, care, and respect for people. He likes to observe, listen, and try to understand what is happening on the other side before putting any words on the page.For him, writing is not about impressing, but about getting closer. It is about turning thoughts into something simple, clear, and real. Every text is an ongoing conversation, created with care and honesty, with the sincere intention of touching someone, somewhere along the way.\",\"url\":\"https:\/\/crecerencarrera.com\/fr\/author\/bcgianni\/\"}]}<\/script>\n<!-- \/ Yoast SEO plugin. -->","yoast_head_json":{"title":"Personal de Conducci\u00f3n de Autob\u00fas: Contrato Interinidad y Entorno Inclusivo - Crecer en Carrera","robots":{"index":"index","follow":"follow","max-snippet":"max-snippet:-1","max-image-preview":"max-image-preview:large","max-video-preview":"max-video-preview:-1"},"canonical":"https:\/\/crecerencarrera.com\/fr\/233a02bf-f2fc-44d7-9707-43085677cd16\/","og_locale":"fr_FR","og_type":"article","og_title":"Personal de Conducci\u00f3n de Autob\u00fas: Contrato Interinidad y Entorno Inclusivo - Crecer en Carrera","og_description":"Consulta nuestra rese\u00f1a imparcial sobre la oferta de empleo para Personal de Conducci\u00f3n de Autob\u00fas. Contrato de interinidad, jornada completa y entorno inclusivo. Oportunidad de crecimiento y desarrollo.","og_url":"https:\/\/crecerencarrera.com\/fr\/233a02bf-f2fc-44d7-9707-43085677cd16\/","og_site_name":"Crecer en Carrera","article_published_time":"2026-04-07T17:52:00+00:00","article_modified_time":"2026-04-07T17:52:45+00:00","author":"Bruno Gianni","twitter_card":"summary_large_image","twitter_misc":{"Written by":"Bruno Gianni","Est. reading time":"2 minutes"},"schema":{"@context":"https:\/\/schema.org","@graph":[{"@type":"Article","@id":"https:\/\/crecerencarrera.com\/233a02bf-f2fc-44d7-9707-43085677cd16\/#article","isPartOf":{"@id":"https:\/\/crecerencarrera.com\/233a02bf-f2fc-44d7-9707-43085677cd16\/"},"author":{"name":"Bruno Gianni","@id":"https:\/\/crecerencarrera.com\/#\/schema\/person\/d52888235fd6563bd07d97185d6a61e4"},"headline":"Personal de Conducci\u00f3n de Autob\u00fas: Contrato Interinidad y Entorno Inclusivo","datePublished":"2026-04-07T17:52:00+00:00","dateModified":"2026-04-07T17:52:45+00:00","mainEntityOfPage":{"@id":"https:\/\/crecerencarrera.com\/233a02bf-f2fc-44d7-9707-43085677cd16\/"},"wordCount":399,"commentCount":0,"publisher":{"@id":"https:\/\/crecerencarrera.com\/#organization"},"articleSection":["Hidden"],"inLanguage":"fr-FR","potentialAction":[{"@type":"CommentAction","name":"Comment","target":["https:\/\/crecerencarrera.com\/233a02bf-f2fc-44d7-9707-43085677cd16\/#respond"]}]},{"@type":"WebPage","@id":"https:\/\/crecerencarrera.com\/233a02bf-f2fc-44d7-9707-43085677cd16\/","url":"https:\/\/crecerencarrera.com\/233a02bf-f2fc-44d7-9707-43085677cd16\/","name":"Personal de Conducci\u00f3n de Autob\u00fas: Contrato Interinidad y Entorno Inclusivo - Crecer en Carrera","isPartOf":{"@id":"https:\/\/crecerencarrera.com\/#website"},"datePublished":"2026-04-07T17:52:00+00:00","dateModified":"2026-04-07T17:52:45+00:00","breadcrumb":{"@id":"https:\/\/crecerencarrera.com\/233a02bf-f2fc-44d7-9707-43085677cd16\/#breadcrumb"},"inLanguage":"fr-FR","potentialAction":[{"@type":"ReadAction","target":["https:\/\/crecerencarrera.com\/233a02bf-f2fc-44d7-9707-43085677cd16\/"]}]},{"@type":"BreadcrumbList","@id":"https:\/\/crecerencarrera.com\/233a02bf-f2fc-44d7-9707-43085677cd16\/#breadcrumb","itemListElement":[{"@type":"ListItem","position":1,"name":"Home","item":"https:\/\/crecerencarrera.com\/"},{"@type":"ListItem","position":2,"name":"Personal de Conducci\u00f3n de Autob\u00fas: Contrato Interinidad y Entorno Inclusivo"}]},{"@type":"WebSite","@id":"https:\/\/crecerencarrera.com\/#website","url":"https:\/\/crecerencarrera.com\/","name":"Crecer en Carrera","description":"","publisher":{"@id":"https:\/\/crecerencarrera.com\/#organization"},"potentialAction":[{"@type":"SearchAction","target":{"@type":"EntryPoint","urlTemplate":"https:\/\/crecerencarrera.com\/?s={search_term_string}"},"query-input":"required name=search_term_string"}],"inLanguage":"fr-FR"},{"@type":"Organization","@id":"https:\/\/crecerencarrera.com\/#organization","name":"Crecer en Carrera","url":"https:\/\/crecerencarrera.com\/","logo":{"@type":"ImageObject","inLanguage":"fr-FR","@id":"https:\/\/crecerencarrera.com\/#\/schema\/logo\/image\/","url":"https:\/\/crecerencarrera.com\/wp-content\/uploads\/sites\/604\/2025\/10\/logo-Crecer-en-carrera.svg","contentUrl":"https:\/\/crecerencarrera.com\/wp-content\/uploads\/sites\/604\/2025\/10\/logo-Crecer-en-carrera.svg","caption":"Crecer en Carrera"},"image":{"@id":"https:\/\/crecerencarrera.com\/#\/schema\/logo\/image\/"}},{"@type":"Person","@id":"https:\/\/crecerencarrera.com\/#\/schema\/person\/d52888235fd6563bd07d97185d6a61e4","name":"Bruno Gianni","image":{"@type":"ImageObject","inLanguage":"fr-FR","@id":"https:\/\/crecerencarrera.com\/#\/schema\/person\/image\/","url":"https:\/\/secure.gravatar.com\/avatar\/0f5d42d7bf77874643c1478932860e3f?s=96&d=mm&r=g","contentUrl":"https:\/\/secure.gravatar.com\/avatar\/0f5d42d7bf77874643c1478932860e3f?s=96&d=mm&r=g","caption":"Bruno Gianni"},"description":"Bruno writes the way he lives, with curiosity, care, and respect for people. He likes to observe, listen, and try to understand what is happening on the other side before putting any words on the page.For him, writing is not about impressing, but about getting closer. It is about turning thoughts into something simple, clear, and real. Every text is an ongoing conversation, created with care and honesty, with the sincere intention of touching someone, somewhere along the way.","url":"https:\/\/crecerencarrera.com\/fr\/author\/bcgianni\/"}]}},"uagb_featured_image_src":{"full":false,"thumbnail":false,"medium":false,"medium_large":false,"large":false,"1536x1536":false,"2048x2048":false,"trp-custom-language-flag":false},"uagb_author_info":{"display_name":"Bruno Gianni","author_link":"https:\/\/crecerencarrera.com\/fr\/author\/bcgianni\/"},"uagb_comment_info":0,"uagb_excerpt":"Consulta nuestra rese\u00f1a imparcial sobre la oferta de empleo para Personal de Conducci\u00f3n de Autob\u00fas. Contrato de interinidad, jornada completa y entorno inclusivo. Oportunidad de crecimiento y desarrollo.","_links":{"self":[{"href":"https:\/\/crecerencarrera.com\/fr\/wp-json\/wp\/v2\/posts\/11236"}],"collection":[{"href":"https:\/\/crecerencarrera.com\/fr\/wp-json\/wp\/v2\/posts"}],"about":[{"href":"https:\/\/crecerencarrera.com\/fr\/wp-json\/wp\/v2\/types\/post"}],"author":[{"embeddable":true,"href":"https:\/\/crecerencarrera.com\/fr\/wp-json\/wp\/v2\/users\/3"}],"replies":[{"embeddable":true,"href":"https:\/\/crecerencarrera.com\/fr\/wp-json\/wp\/v2\/comments?post=11236"}],"version-history":[{"count":1,"href":"https:\/\/crecerencarrera.com\/fr\/wp-json\/wp\/v2\/posts\/11236\/revisions"}],"predecessor-version":[{"id":11245,"href":"https:\/\/crecerencarrera.com\/fr\/wp-json\/wp\/v2\/posts\/11236\/revisions\/11245"}],"wp:attachment":[{"href":"https:\/\/crecerencarrera.com\/fr\/wp-json\/wp\/v2\/media?parent=11236"}],"wp:term":[{"taxonomy":"category","embeddable":true,"href":"https:\/\/crecerencarrera.com\/fr\/wp-json\/wp\/v2\/categories?post=11236"},{"taxonomy":"post_tag","embeddable":true,"href":"https:\/\/crecerencarrera.com\/fr\/wp-json\/wp\/v2\/tags?post=11236"}],"curies":[{"name":"wp","href":"https:\/\/api.w.org\/{rel}","templated":true}]}}