{"id":11251,"date":"2026-04-07T17:57:00","date_gmt":"2026-04-07T17:57:00","guid":{"rendered":"https:\/\/crecerencarrera.com\/b48e77c4-25e6-4217-859e-8238447d4d0e\/"},"modified":"2026-04-07T17:58:00","modified_gmt":"2026-04-07T17:58:00","slug":"b48e77c4-25e6-4217-859e-8238447d4d0e","status":"publish","type":"post","link":"https:\/\/crecerencarrera.com\/fr\/b48e77c4-25e6-4217-859e-8238447d4d0e\/","title":{"rendered":"Responsable Comercial Sector Telecomunicaciones: Enfoque comercial y liderazgo"},"content":{"rendered":"<\/p>\n<\/p>\n<div style=\"background: #ffffff; border-radius: 12px; box-shadow: 0 10px 30px rgba(0, 0, 0, 0.1); width: 100%; max-width: 340px; padding: 25px; transition: transform 0.3s ease-in-out; overflow: visible; display: flex; flex-direction: column; position: relative; border: 1px solid #28a745; margin-top: 70px; margin-bottom: 50px; margin-left: auto; margin-right: auto;\">\n<div style=\"position: absolute; top: -35px; right: 15px; color: #28a745; padding: 5px 10px; border-radius: 6px; font-size: 14px; font-weight: bold; display: flex; align-items: center; z-index: 10;\">Recommand\u00e9 pour toi<\/div>\n<div data-namespace-header=\"\" style=\"\">\n<h3 data-namespace-title=\"\" style=\"color: #333; font-size: 20px; font-weight: bold; text-align: left; margin-right: 50px; min-height: 50px; margin-top: 0px;\">Responsable Comercial Sector Telecomunicaciones<\/h3>\n<\/p><\/div>\n<p data-namespace-prompt=\"\" style=\"font-size: 16px; color: #666; margin-bottom: 20px; line-height: 1.5; flex-grow: 1; text-align: left; margin-top: 0px;\">Dirige la estrategia comercial, gestiona cuentas clave y potencia resultados en telecomunicaciones. Importante dotes de liderazgo y visi\u00f3n comercial. Grandes oportunidades de desarrollo profesional.<\/p>\n<p>    <a data-namespace-url=\"\" href=\"https:\/\/crecerencarrera.com\/fr\/redirect\/?https:\/\/jobs.betancourt.pro\/jobs\/7199591-responsable-comercial-sector-telecomunicaciones?utm_campaign=google_jobs_apply&#038;utm_source=google_jobs_apply&#038;utm_medium=organic\" style=\"width: 100%; display: inline-block; color: white; text-decoration: none; border-radius: 6px; font-size: 16px; font-weight: bold; text-align: center; transition: transform 0.3s ease, background 0.3s ease; margin-top: auto;\" data-namespace-id=\"5c0d2565-3ba9-4280-a382-ad2a691e2285\"><br \/>\n        <button style=\"width: 100%; height: 55px; background: #e9e9ed; border: 1px solid black; color: black;\">Inscribirse en oferta<\/button><br \/>\n    <\/a><br \/>\n    <small style=\"margin-top: 10px; color: #777; font-size: 12px; text-align: center; display: block;\">Ser\u00e1s redirigido a otra web<\/small>\n<\/div>\n<h2>Introduction \u00e0 l&#039;offre<\/h2>\n<p>Como responsable comercial en el sector de telecomunicaciones, tendr\u00e1s la oportunidad de liderar estrategias de ventas y gestionar equipos orientados a resultados. Aunque el salario no se ha detallado, suele situarse en una franja competitiva dentro del sector tecnol\u00f3gico para este tipo de perfiles. El tipo de contrato y las condiciones est\u00e1n alineados con el enfoque ejecutivo de la posici\u00f3n, ideales para profesionales con experiencia comercial relevante y orientaci\u00f3n a objetivos.<\/p>\n<h2>Principales fonctions et responsabilit\u00e9s<\/h2>\n<p>La jornada se centra en la captaci\u00f3n de clientes nuevos, as\u00ed como en la consolidaci\u00f3n y ampliaci\u00f3n de cuentas existentes.<\/p>\n<p>El responsable dise\u00f1a planes comerciales, supervisa equipos y analiza los resultados de cada campa\u00f1a para optimizar el rendimiento.<\/p>\n<p>Destaca la coordinaci\u00f3n directa con otros departamentos para potenciar la oferta comercial y mantener relaciones s\u00f3lidas con clientes claves.<\/p>\n<p>La capacidad para negociar y cerrar acuerdos es crucial, siempre con el objetivo de mejorar la presencia de la empresa en el sector.<\/p>\n<h2>Ventes sur place<\/h2>\n<p>Una de las grandes ventajas es la posibilidad real de desarrollo profesional y crecimiento dentro de la compa\u00f1\u00eda, ideal para ambiciosos.<\/p>\n<p>Se valora especialmente la toma de decisiones aut\u00f3noma y la capacidad para implantar tu propia visi\u00f3n comercial con alto grado de responsabilidad.<\/p>\n<h2>Aspectos menos favorables<\/h2>\n<p>La presi\u00f3n por resultados puede ser elevada, por lo que se requiere resistencia al estr\u00e9s y gran resiliencia.<\/p>\n<p>El ritmo es muy din\u00e1mico y puede provocar una alta carga de trabajo, sobre todo en periodos de cierre comercial.<\/p>\n<h2>Veredicto final<\/h2>\n<p>Si buscas un entorno desafiante donde crecer y demostrar tu liderazgo comercial, esta oportunidad puede encajar contigo.<\/p>\n<p>El puesto resulta perfecto si disfrutas de la toma de decisiones y buscas una trayectoria con sentido dentro del sector telecomunicaciones.<\/p>\n<p>El potencial de desarrollo profesional y el enfoque estrat\u00e9gico son los grandes atractivos de esta posici\u00f3n.<\/p>\n<div style=\"background: #ffffff; border-radius: 12px; box-shadow: 0 10px 30px rgba(0, 0, 0, 0.1); width: 100%; max-width: 340px; padding: 25px; transition: transform 0.3s ease-in-out; overflow: visible; display: flex; flex-direction: column; position: relative; border: 1px solid #28a745; margin-top: 70px; margin-bottom: 50px; margin-left: auto; margin-right: auto;\">\n<div style=\"position: absolute; top: -35px; right: 15px; color: #28a745; padding: 5px 10px; border-radius: 6px; font-size: 14px; font-weight: bold; display: flex; align-items: center; z-index: 10;\">Recommand\u00e9 pour toi<\/div>\n<div data-namespace-header=\"\" style=\"\">\n<h3 data-namespace-title=\"\" style=\"color: #333; font-size: 20px; font-weight: bold; text-align: left; margin-right: 50px; min-height: 50px; margin-top: 0px;\">Responsable Comercial Sector Telecomunicaciones<\/h3>\n<\/p><\/div>\n<p data-namespace-prompt=\"\" style=\"font-size: 16px; color: #666; margin-bottom: 20px; line-height: 1.5; flex-grow: 1; text-align: left; margin-top: 0px;\">Dirige la estrategia comercial, gestiona cuentas clave y potencia resultados en telecomunicaciones. Importante dotes de liderazgo y visi\u00f3n comercial. Grandes oportunidades de desarrollo profesional.<\/p>\n<p>    <a data-namespace-url=\"\" href=\"https:\/\/crecerencarrera.com\/fr\/redirect\/?https:\/\/jobs.betancourt.pro\/jobs\/7199591-responsable-comercial-sector-telecomunicaciones?utm_campaign=google_jobs_apply&#038;utm_source=google_jobs_apply&#038;utm_medium=organic\" style=\"width: 100%; display: inline-block; color: white; text-decoration: none; border-radius: 6px; font-size: 16px; font-weight: bold; text-align: center; transition: transform 0.3s ease, background 0.3s ease; margin-top: auto;\" data-namespace-id=\"5c0d2565-3ba9-4280-a382-ad2a691e2285\"><br \/>\n        <button style=\"width: 100%; height: 55px; background: #e9e9ed; border: 1px solid black; color: black;\">Inscribirse en oferta<\/button><br \/>\n    <\/a><br \/>\n    <small style=\"margin-top: 10px; color: #777; font-size: 12px; text-align: center; display: block;\">Ser\u00e1s redirigido a otra web<\/small>\n<\/div>","protected":false},"excerpt":{"rendered":"<p>Descubre el puesto de Responsable Comercial Sector Telecomunicaciones y su potencial de crecimiento profesional. Lidera equipos, implementa estrategias comerciales y potencia tu carrera.<\/p>","protected":false},"author":3,"featured_media":0,"comment_status":"open","ping_status":"open","sticky":false,"template":"","format":"standard","meta":{"_uag_custom_page_level_css":"","site-sidebar-layout":"default","site-content-layout":"","ast-site-content-layout":"","site-content-style":"default","site-sidebar-style":"default","ast-global-header-display":"","ast-banner-title-visibility":"","ast-main-header-display":"","ast-hfb-above-header-display":"","ast-hfb-below-header-display":"","ast-hfb-mobile-header-display":"","site-post-title":"","ast-breadcrumbs-content":"","ast-featured-img":"","footer-sml-layout":"","theme-transparent-header-meta":"","adv-header-id-meta":"","stick-header-meta":"","header-above-stick-meta":"","header-main-stick-meta":"","header-below-stick-meta":"","astra-migrate-meta-layouts":"default","ast-page-background-enabled":"default","ast-page-background-meta":{"desktop":{"background-color":"var(--ast-global-color-4)","background-image":"","background-repeat":"repeat","background-position":"center center","background-size":"auto","background-attachment":"scroll","background-type":"","background-media":"","overlay-type":"","overlay-color":"","overlay-opacity":"","overlay-gradient":""},"tablet":{"background-color":"","background-image":"","background-repeat":"repeat","background-position":"center center","background-size":"auto","background-attachment":"scroll","background-type":"","background-media":"","overlay-type":"","overlay-color":"","overlay-opacity":"","overlay-gradient":""},"mobile":{"background-color":"","background-image":"","background-repeat":"repeat","background-position":"center center","background-size":"auto","background-attachment":"scroll","background-type":"","background-media":"","overlay-type":"","overlay-color":"","overlay-opacity":"","overlay-gradient":""}},"ast-content-background-meta":{"desktop":{"background-color":"var(--ast-global-color-5)","background-image":"","background-repeat":"repeat","background-position":"center center","background-size":"auto","background-attachment":"scroll","background-type":"","background-media":"","overlay-type":"","overlay-color":"","overlay-opacity":"","overlay-gradient":""},"tablet":{"background-color":"var(--ast-global-color-5)","background-image":"","background-repeat":"repeat","background-position":"center center","background-size":"auto","background-attachment":"scroll","background-type":"","background-media":"","overlay-type":"","overlay-color":"","overlay-opacity":"","overlay-gradient":""},"mobile":{"background-color":"var(--ast-global-color-5)","background-image":"","background-repeat":"repeat","background-position":"center center","background-size":"auto","background-attachment":"scroll","background-type":"","background-media":"","overlay-type":"","overlay-color":"","overlay-opacity":"","overlay-gradient":""}},"footnotes":""},"categories":[10],"tags":[],"yoast_head":"<!-- This site is optimized with the Yoast SEO plugin v23.3 - https:\/\/yoast.com\/wordpress\/plugins\/seo\/ -->\n<title>Responsable Comercial Sector Telecomunicaciones: Enfoque comercial y liderazgo - Crecer en Carrera<\/title>\n<meta name=\"robots\" content=\"index, follow, max-snippet:-1, max-image-preview:large, max-video-preview:-1\" \/>\n<link rel=\"canonical\" href=\"https:\/\/crecerencarrera.com\/fr\/b48e77c4-25e6-4217-859e-8238447d4d0e\/\" \/>\n<meta property=\"og:locale\" content=\"fr_FR\" \/>\n<meta property=\"og:type\" content=\"article\" \/>\n<meta property=\"og:title\" content=\"Responsable Comercial Sector Telecomunicaciones: Enfoque comercial y liderazgo - Crecer en Carrera\" \/>\n<meta property=\"og:description\" content=\"Descubre el puesto de Responsable Comercial Sector Telecomunicaciones y su potencial de crecimiento profesional. Lidera equipos, implementa estrategias comerciales y potencia tu carrera.\" \/>\n<meta property=\"og:url\" content=\"https:\/\/crecerencarrera.com\/fr\/b48e77c4-25e6-4217-859e-8238447d4d0e\/\" \/>\n<meta property=\"og:site_name\" content=\"Crecer en Carrera\" \/>\n<meta property=\"article:published_time\" content=\"2026-04-07T17:57:00+00:00\" \/>\n<meta property=\"article:modified_time\" content=\"2026-04-07T17:58:00+00:00\" \/>\n<meta name=\"author\" content=\"Bruno Gianni\" \/>\n<meta name=\"twitter:card\" content=\"summary_large_image\" \/>\n<meta name=\"twitter:label1\" content=\"Written by\" \/>\n\t<meta name=\"twitter:data1\" content=\"Bruno Gianni\" \/>\n\t<meta name=\"twitter:label2\" content=\"Est. reading time\" \/>\n\t<meta name=\"twitter:data2\" content=\"2 minutes\" \/>\n<script type=\"application\/ld+json\" class=\"yoast-schema-graph\">{\"@context\":\"https:\/\/schema.org\",\"@graph\":[{\"@type\":\"Article\",\"@id\":\"https:\/\/crecerencarrera.com\/b48e77c4-25e6-4217-859e-8238447d4d0e\/#article\",\"isPartOf\":{\"@id\":\"https:\/\/crecerencarrera.com\/b48e77c4-25e6-4217-859e-8238447d4d0e\/\"},\"author\":{\"name\":\"Bruno Gianni\",\"@id\":\"https:\/\/crecerencarrera.com\/#\/schema\/person\/d52888235fd6563bd07d97185d6a61e4\"},\"headline\":\"Responsable Comercial Sector Telecomunicaciones: Enfoque comercial y liderazgo\",\"datePublished\":\"2026-04-07T17:57:00+00:00\",\"dateModified\":\"2026-04-07T17:58:00+00:00\",\"mainEntityOfPage\":{\"@id\":\"https:\/\/crecerencarrera.com\/b48e77c4-25e6-4217-859e-8238447d4d0e\/\"},\"wordCount\":414,\"commentCount\":0,\"publisher\":{\"@id\":\"https:\/\/crecerencarrera.com\/#organization\"},\"articleSection\":[\"Hidden\"],\"inLanguage\":\"fr-FR\",\"potentialAction\":[{\"@type\":\"CommentAction\",\"name\":\"Comment\",\"target\":[\"https:\/\/crecerencarrera.com\/b48e77c4-25e6-4217-859e-8238447d4d0e\/#respond\"]}]},{\"@type\":\"WebPage\",\"@id\":\"https:\/\/crecerencarrera.com\/b48e77c4-25e6-4217-859e-8238447d4d0e\/\",\"url\":\"https:\/\/crecerencarrera.com\/b48e77c4-25e6-4217-859e-8238447d4d0e\/\",\"name\":\"Responsable Comercial Sector Telecomunicaciones: Enfoque comercial y liderazgo - Crecer en Carrera\",\"isPartOf\":{\"@id\":\"https:\/\/crecerencarrera.com\/#website\"},\"datePublished\":\"2026-04-07T17:57:00+00:00\",\"dateModified\":\"2026-04-07T17:58:00+00:00\",\"breadcrumb\":{\"@id\":\"https:\/\/crecerencarrera.com\/b48e77c4-25e6-4217-859e-8238447d4d0e\/#breadcrumb\"},\"inLanguage\":\"fr-FR\",\"potentialAction\":[{\"@type\":\"ReadAction\",\"target\":[\"https:\/\/crecerencarrera.com\/b48e77c4-25e6-4217-859e-8238447d4d0e\/\"]}]},{\"@type\":\"BreadcrumbList\",\"@id\":\"https:\/\/crecerencarrera.com\/b48e77c4-25e6-4217-859e-8238447d4d0e\/#breadcrumb\",\"itemListElement\":[{\"@type\":\"ListItem\",\"position\":1,\"name\":\"Home\",\"item\":\"https:\/\/crecerencarrera.com\/\"},{\"@type\":\"ListItem\",\"position\":2,\"name\":\"Responsable Comercial Sector Telecomunicaciones: Enfoque comercial y liderazgo\"}]},{\"@type\":\"WebSite\",\"@id\":\"https:\/\/crecerencarrera.com\/#website\",\"url\":\"https:\/\/crecerencarrera.com\/\",\"name\":\"Crecer en Carrera\",\"description\":\"\",\"publisher\":{\"@id\":\"https:\/\/crecerencarrera.com\/#organization\"},\"potentialAction\":[{\"@type\":\"SearchAction\",\"target\":{\"@type\":\"EntryPoint\",\"urlTemplate\":\"https:\/\/crecerencarrera.com\/?s={search_term_string}\"},\"query-input\":\"required name=search_term_string\"}],\"inLanguage\":\"fr-FR\"},{\"@type\":\"Organization\",\"@id\":\"https:\/\/crecerencarrera.com\/#organization\",\"name\":\"Crecer en Carrera\",\"url\":\"https:\/\/crecerencarrera.com\/\",\"logo\":{\"@type\":\"ImageObject\",\"inLanguage\":\"fr-FR\",\"@id\":\"https:\/\/crecerencarrera.com\/#\/schema\/logo\/image\/\",\"url\":\"https:\/\/crecerencarrera.com\/wp-content\/uploads\/sites\/604\/2025\/10\/logo-Crecer-en-carrera.svg\",\"contentUrl\":\"https:\/\/crecerencarrera.com\/wp-content\/uploads\/sites\/604\/2025\/10\/logo-Crecer-en-carrera.svg\",\"caption\":\"Crecer en Carrera\"},\"image\":{\"@id\":\"https:\/\/crecerencarrera.com\/#\/schema\/logo\/image\/\"}},{\"@type\":\"Person\",\"@id\":\"https:\/\/crecerencarrera.com\/#\/schema\/person\/d52888235fd6563bd07d97185d6a61e4\",\"name\":\"Bruno Gianni\",\"image\":{\"@type\":\"ImageObject\",\"inLanguage\":\"fr-FR\",\"@id\":\"https:\/\/crecerencarrera.com\/#\/schema\/person\/image\/\",\"url\":\"https:\/\/secure.gravatar.com\/avatar\/0f5d42d7bf77874643c1478932860e3f?s=96&d=mm&r=g\",\"contentUrl\":\"https:\/\/secure.gravatar.com\/avatar\/0f5d42d7bf77874643c1478932860e3f?s=96&d=mm&r=g\",\"caption\":\"Bruno Gianni\"},\"description\":\"Bruno writes the way he lives, with curiosity, care, and respect for people. He likes to observe, listen, and try to understand what is happening on the other side before putting any words on the page.For him, writing is not about impressing, but about getting closer. It is about turning thoughts into something simple, clear, and real. Every text is an ongoing conversation, created with care and honesty, with the sincere intention of touching someone, somewhere along the way.\",\"url\":\"https:\/\/crecerencarrera.com\/fr\/author\/bcgianni\/\"}]}<\/script>\n<!-- \/ Yoast SEO plugin. -->","yoast_head_json":{"title":"Responsable Comercial Sector Telecomunicaciones: Enfoque comercial y liderazgo - Crecer en Carrera","robots":{"index":"index","follow":"follow","max-snippet":"max-snippet:-1","max-image-preview":"max-image-preview:large","max-video-preview":"max-video-preview:-1"},"canonical":"https:\/\/crecerencarrera.com\/fr\/b48e77c4-25e6-4217-859e-8238447d4d0e\/","og_locale":"fr_FR","og_type":"article","og_title":"Responsable Comercial Sector Telecomunicaciones: Enfoque comercial y liderazgo - Crecer en Carrera","og_description":"Descubre el puesto de Responsable Comercial Sector Telecomunicaciones y su potencial de crecimiento profesional. Lidera equipos, implementa estrategias comerciales y potencia tu carrera.","og_url":"https:\/\/crecerencarrera.com\/fr\/b48e77c4-25e6-4217-859e-8238447d4d0e\/","og_site_name":"Crecer en Carrera","article_published_time":"2026-04-07T17:57:00+00:00","article_modified_time":"2026-04-07T17:58:00+00:00","author":"Bruno Gianni","twitter_card":"summary_large_image","twitter_misc":{"Written by":"Bruno Gianni","Est. reading time":"2 minutes"},"schema":{"@context":"https:\/\/schema.org","@graph":[{"@type":"Article","@id":"https:\/\/crecerencarrera.com\/b48e77c4-25e6-4217-859e-8238447d4d0e\/#article","isPartOf":{"@id":"https:\/\/crecerencarrera.com\/b48e77c4-25e6-4217-859e-8238447d4d0e\/"},"author":{"name":"Bruno Gianni","@id":"https:\/\/crecerencarrera.com\/#\/schema\/person\/d52888235fd6563bd07d97185d6a61e4"},"headline":"Responsable Comercial Sector Telecomunicaciones: Enfoque comercial y liderazgo","datePublished":"2026-04-07T17:57:00+00:00","dateModified":"2026-04-07T17:58:00+00:00","mainEntityOfPage":{"@id":"https:\/\/crecerencarrera.com\/b48e77c4-25e6-4217-859e-8238447d4d0e\/"},"wordCount":414,"commentCount":0,"publisher":{"@id":"https:\/\/crecerencarrera.com\/#organization"},"articleSection":["Hidden"],"inLanguage":"fr-FR","potentialAction":[{"@type":"CommentAction","name":"Comment","target":["https:\/\/crecerencarrera.com\/b48e77c4-25e6-4217-859e-8238447d4d0e\/#respond"]}]},{"@type":"WebPage","@id":"https:\/\/crecerencarrera.com\/b48e77c4-25e6-4217-859e-8238447d4d0e\/","url":"https:\/\/crecerencarrera.com\/b48e77c4-25e6-4217-859e-8238447d4d0e\/","name":"Responsable Comercial Sector Telecomunicaciones: Enfoque comercial y liderazgo - Crecer en Carrera","isPartOf":{"@id":"https:\/\/crecerencarrera.com\/#website"},"datePublished":"2026-04-07T17:57:00+00:00","dateModified":"2026-04-07T17:58:00+00:00","breadcrumb":{"@id":"https:\/\/crecerencarrera.com\/b48e77c4-25e6-4217-859e-8238447d4d0e\/#breadcrumb"},"inLanguage":"fr-FR","potentialAction":[{"@type":"ReadAction","target":["https:\/\/crecerencarrera.com\/b48e77c4-25e6-4217-859e-8238447d4d0e\/"]}]},{"@type":"BreadcrumbList","@id":"https:\/\/crecerencarrera.com\/b48e77c4-25e6-4217-859e-8238447d4d0e\/#breadcrumb","itemListElement":[{"@type":"ListItem","position":1,"name":"Home","item":"https:\/\/crecerencarrera.com\/"},{"@type":"ListItem","position":2,"name":"Responsable Comercial Sector Telecomunicaciones: Enfoque comercial y liderazgo"}]},{"@type":"WebSite","@id":"https:\/\/crecerencarrera.com\/#website","url":"https:\/\/crecerencarrera.com\/","name":"Crecer en Carrera","description":"","publisher":{"@id":"https:\/\/crecerencarrera.com\/#organization"},"potentialAction":[{"@type":"SearchAction","target":{"@type":"EntryPoint","urlTemplate":"https:\/\/crecerencarrera.com\/?s={search_term_string}"},"query-input":"required name=search_term_string"}],"inLanguage":"fr-FR"},{"@type":"Organization","@id":"https:\/\/crecerencarrera.com\/#organization","name":"Crecer en Carrera","url":"https:\/\/crecerencarrera.com\/","logo":{"@type":"ImageObject","inLanguage":"fr-FR","@id":"https:\/\/crecerencarrera.com\/#\/schema\/logo\/image\/","url":"https:\/\/crecerencarrera.com\/wp-content\/uploads\/sites\/604\/2025\/10\/logo-Crecer-en-carrera.svg","contentUrl":"https:\/\/crecerencarrera.com\/wp-content\/uploads\/sites\/604\/2025\/10\/logo-Crecer-en-carrera.svg","caption":"Crecer en Carrera"},"image":{"@id":"https:\/\/crecerencarrera.com\/#\/schema\/logo\/image\/"}},{"@type":"Person","@id":"https:\/\/crecerencarrera.com\/#\/schema\/person\/d52888235fd6563bd07d97185d6a61e4","name":"Bruno Gianni","image":{"@type":"ImageObject","inLanguage":"fr-FR","@id":"https:\/\/crecerencarrera.com\/#\/schema\/person\/image\/","url":"https:\/\/secure.gravatar.com\/avatar\/0f5d42d7bf77874643c1478932860e3f?s=96&d=mm&r=g","contentUrl":"https:\/\/secure.gravatar.com\/avatar\/0f5d42d7bf77874643c1478932860e3f?s=96&d=mm&r=g","caption":"Bruno Gianni"},"description":"Bruno writes the way he lives, with curiosity, care, and respect for people. He likes to observe, listen, and try to understand what is happening on the other side before putting any words on the page.For him, writing is not about impressing, but about getting closer. It is about turning thoughts into something simple, clear, and real. Every text is an ongoing conversation, created with care and honesty, with the sincere intention of touching someone, somewhere along the way.","url":"https:\/\/crecerencarrera.com\/fr\/author\/bcgianni\/"}]}},"uagb_featured_image_src":{"full":false,"thumbnail":false,"medium":false,"medium_large":false,"large":false,"1536x1536":false,"2048x2048":false,"trp-custom-language-flag":false},"uagb_author_info":{"display_name":"Bruno Gianni","author_link":"https:\/\/crecerencarrera.com\/fr\/author\/bcgianni\/"},"uagb_comment_info":0,"uagb_excerpt":"Descubre el puesto de Responsable Comercial Sector Telecomunicaciones y su potencial de crecimiento profesional. Lidera equipos, implementa estrategias comerciales y potencia tu carrera.","_links":{"self":[{"href":"https:\/\/crecerencarrera.com\/fr\/wp-json\/wp\/v2\/posts\/11251"}],"collection":[{"href":"https:\/\/crecerencarrera.com\/fr\/wp-json\/wp\/v2\/posts"}],"about":[{"href":"https:\/\/crecerencarrera.com\/fr\/wp-json\/wp\/v2\/types\/post"}],"author":[{"embeddable":true,"href":"https:\/\/crecerencarrera.com\/fr\/wp-json\/wp\/v2\/users\/3"}],"replies":[{"embeddable":true,"href":"https:\/\/crecerencarrera.com\/fr\/wp-json\/wp\/v2\/comments?post=11251"}],"version-history":[{"count":1,"href":"https:\/\/crecerencarrera.com\/fr\/wp-json\/wp\/v2\/posts\/11251\/revisions"}],"predecessor-version":[{"id":11259,"href":"https:\/\/crecerencarrera.com\/fr\/wp-json\/wp\/v2\/posts\/11251\/revisions\/11259"}],"wp:attachment":[{"href":"https:\/\/crecerencarrera.com\/fr\/wp-json\/wp\/v2\/media?parent=11251"}],"wp:term":[{"taxonomy":"category","embeddable":true,"href":"https:\/\/crecerencarrera.com\/fr\/wp-json\/wp\/v2\/categories?post=11251"},{"taxonomy":"post_tag","embeddable":true,"href":"https:\/\/crecerencarrera.com\/fr\/wp-json\/wp\/v2\/tags?post=11251"}],"curies":[{"name":"wp","href":"https:\/\/api.w.org\/{rel}","templated":true}]}}