{"id":11257,"date":"2026-04-07T17:58:00","date_gmt":"2026-04-07T17:58:00","guid":{"rendered":"https:\/\/crecerencarrera.com\/06883e2c-99ca-4a06-bc82-642c62717c7d\/"},"modified":"2026-04-07T17:58:43","modified_gmt":"2026-04-07T17:58:43","slug":"06883e2c-99ca-4a06-bc82-642c62717c7d","status":"publish","type":"post","link":"https:\/\/crecerencarrera.com\/fr\/06883e2c-99ca-4a06-bc82-642c62717c7d\/","title":{"rendered":"Director\/a de Compras: liderazgo, autonom\u00eda y desarrollo profesional"},"content":{"rendered":"<\/p>\n<\/p>\n<div style=\"background: #ffffff; border-radius: 12px; box-shadow: 0 10px 30px rgba(0, 0, 0, 0.1); width: 100%; max-width: 340px; padding: 25px; transition: transform 0.3s ease-in-out; overflow: visible; display: flex; flex-direction: column; position: relative; border: 1px solid #28a745; margin-top: 70px; margin-bottom: 50px; margin-left: auto; margin-right: auto;\">\n<div style=\"position: absolute; top: -35px; right: 15px; color: #28a745; padding: 5px 10px; border-radius: 6px; font-size: 14px; font-weight: bold; display: flex; align-items: center; z-index: 10;\">Recommand\u00e9 pour toi<\/div>\n<div data-namespace-header=\"\" style=\"\">\n<h3 data-namespace-title=\"\" style=\"color: #333; font-size: 20px; font-weight: bold; text-align: left; margin-right: 50px; min-height: 50px; margin-top: 0px;\">Director\/a de Compras<\/h3>\n<\/p><\/div>\n<p data-namespace-prompt=\"\" style=\"font-size: 16px; color: #666; margin-bottom: 20px; line-height: 1.5; flex-grow: 1; text-align: left; margin-top: 0px;\">Lidera la estrategia de compras, negociaci\u00f3n clave con proveedores y digitaliza procesos. Alta autonom\u00eda, impacto real y entorno profesional estable. Buscamos experiencia y visi\u00f3n estrat\u00e9gica.<\/p>\n<p>    <a data-namespace-url=\"\" href=\"https:\/\/crecerencarrera.com\/fr\/redirect\/?https:\/\/jobs.betancourt.pro\/jobs\/7116059-director-a-de-compras?utm_campaign=google_jobs_apply&#038;utm_source=google_jobs_apply&#038;utm_medium=organic\" style=\"width: 100%; display: inline-block; color: white; text-decoration: none; border-radius: 6px; font-size: 16px; font-weight: bold; text-align: center; transition: transform 0.3s ease, background 0.3s ease; margin-top: auto;\" data-namespace-id=\"5c0d2565-3ba9-4280-a382-ad2a691e2285\"><br \/>\n        <button style=\"width: 100%; height: 55px; background: #e9e9ed; border: 1px solid black; color: black;\">Apuntarse a oferta<\/button><br \/>\n    <\/a><br \/>\n    <small style=\"margin-top: 10px; color: #777; font-size: 12px; text-align: center; display: block;\">Ser\u00e1s redirigido a otra web<\/small>\n<\/div>\n<p>Como profesional buscando una nueva oportunidad directiva, encontrar un puesto que ofrezca liderazgo, autonom\u00eda y desarrollo profesional es esencial. Esta vacante para Director\/a de Compras cumple con esos aspectos clave.<\/p>\n<p>La oferta es para un puesto de tiempo completo y nivel directivo. El paquete retributivo est\u00e1 alineado con la responsabilidad, la experiencia y la autonom\u00eda que el puesto exige.<\/p>\n<p>La empresa ofrece un entorno profesional estable, con un proyecto estrat\u00e9gico en la optimizaci\u00f3n y digitalizaci\u00f3n del \u00e1rea de compras. El rol promete impacto real en los procesos y resultados.<\/p>\n<h3>Responsabilit\u00e9s et t\u00e2ches quotidiennes<\/h3>\n<p>Definir\u00e1s e implantar\u00e1s la estrategia de compras y los acuerdos marco m\u00e1s favorables.<\/p>\n<p>Negociar\u00e1s con proveedores estrat\u00e9gicos todo lo relacionado con condiciones, plazos y condiciones de pago.<\/p>\n<p>Ser\u00e1s responsable de planificar necesidades, controlar aprovisionamiento e inventario.<\/p>\n<p>Gestionar\u00e1s el seguimiento de contratos, incidencias y asegurar\u00e1s el proceso de mejora continua.<\/p>\n<p>El reporting, control y la digitalizaci\u00f3n de procesos a trav\u00e9s de herramientas ERP ser\u00e1n parte fundamental de tu d\u00eda a d\u00eda.<\/p>\n<h3>Ventajas y puntos fuertes<\/h3>\n<p>Destaca la gran autonom\u00eda en la gesti\u00f3n del \u00e1rea de compras y la posibilidad de marcar la diferencia en una organizaci\u00f3n en crecimiento.<\/p>\n<p>Formar\u00e1s parte de un entorno donde el enfoque a la excelencia operativa es tangible, contando con respaldo transversal y profesionalizado.<\/p>\n<h3>Aspectos a considerar<\/h3>\n<p>El nivel de exigencia es alto: se requiere experiencia s\u00f3lida en compras, negociaci\u00f3n y liderazgo de equipos.<\/p>\n<p>Se espera una orientaci\u00f3n clara a resultados, eficiencia y dominio de herramientas digitales, lo que implica un perfil completo y actualizado.<\/p>\n<h3>Veredicto final<\/h3>\n<p>Si buscas un rol directivo con impacto, desarrollo profesional y capacidad real de influencia, esta oferta destaca frente a otras. Recomendable para perfiles ambiciosos y proactivos.<\/p>\n<div style=\"background: #ffffff; border-radius: 12px; box-shadow: 0 10px 30px rgba(0, 0, 0, 0.1); width: 100%; max-width: 340px; padding: 25px; transition: transform 0.3s ease-in-out; overflow: visible; display: flex; flex-direction: column; position: relative; border: 1px solid #28a745; margin-top: 70px; margin-bottom: 50px; margin-left: auto; margin-right: auto;\">\n<div style=\"position: absolute; top: -35px; right: 15px; color: #28a745; padding: 5px 10px; border-radius: 6px; font-size: 14px; font-weight: bold; display: flex; align-items: center; z-index: 10;\">Recommand\u00e9 pour toi<\/div>\n<div data-namespace-header=\"\" style=\"\">\n<h3 data-namespace-title=\"\" style=\"color: #333; font-size: 20px; font-weight: bold; text-align: left; margin-right: 50px; min-height: 50px; margin-top: 0px;\">Director\/a de Compras<\/h3>\n<\/p><\/div>\n<p data-namespace-prompt=\"\" style=\"font-size: 16px; color: #666; margin-bottom: 20px; line-height: 1.5; flex-grow: 1; text-align: left; margin-top: 0px;\">Lidera la estrategia de compras, negociaci\u00f3n clave con proveedores y digitaliza procesos. Alta autonom\u00eda, impacto real y entorno profesional estable. Buscamos experiencia y visi\u00f3n estrat\u00e9gica.<\/p>\n<p>    <a data-namespace-url=\"\" href=\"https:\/\/crecerencarrera.com\/fr\/redirect\/?https:\/\/jobs.betancourt.pro\/jobs\/7116059-director-a-de-compras?utm_campaign=google_jobs_apply&#038;utm_source=google_jobs_apply&#038;utm_medium=organic\" style=\"width: 100%; display: inline-block; color: white; text-decoration: none; border-radius: 6px; font-size: 16px; font-weight: bold; text-align: center; transition: transform 0.3s ease, background 0.3s ease; margin-top: auto;\" data-namespace-id=\"5c0d2565-3ba9-4280-a382-ad2a691e2285\"><br \/>\n        <button style=\"width: 100%; height: 55px; background: #e9e9ed; border: 1px solid black; color: black;\">Apuntarse a oferta<\/button><br \/>\n    <\/a><br \/>\n    <small style=\"margin-top: 10px; color: #777; font-size: 12px; text-align: center; display: block;\">Ser\u00e1s redirigido a otra web<\/small>\n<\/div>","protected":false},"excerpt":{"rendered":"<p>Analizamos el puesto Director\/a de Compras: liderazgo, autonom\u00eda, entorno profesional consolidado y alto impacto en la empresa. Pros y contras para tu candidatura directiva.<\/p>","protected":false},"author":3,"featured_media":0,"comment_status":"open","ping_status":"open","sticky":false,"template":"","format":"standard","meta":{"_uag_custom_page_level_css":"","site-sidebar-layout":"default","site-content-layout":"","ast-site-content-layout":"","site-content-style":"default","site-sidebar-style":"default","ast-global-header-display":"","ast-banner-title-visibility":"","ast-main-header-display":"","ast-hfb-above-header-display":"","ast-hfb-below-header-display":"","ast-hfb-mobile-header-display":"","site-post-title":"","ast-breadcrumbs-content":"","ast-featured-img":"","footer-sml-layout":"","theme-transparent-header-meta":"","adv-header-id-meta":"","stick-header-meta":"","header-above-stick-meta":"","header-main-stick-meta":"","header-below-stick-meta":"","astra-migrate-meta-layouts":"default","ast-page-background-enabled":"default","ast-page-background-meta":{"desktop":{"background-color":"var(--ast-global-color-4)","background-image":"","background-repeat":"repeat","background-position":"center center","background-size":"auto","background-attachment":"scroll","background-type":"","background-media":"","overlay-type":"","overlay-color":"","overlay-opacity":"","overlay-gradient":""},"tablet":{"background-color":"","background-image":"","background-repeat":"repeat","background-position":"center center","background-size":"auto","background-attachment":"scroll","background-type":"","background-media":"","overlay-type":"","overlay-color":"","overlay-opacity":"","overlay-gradient":""},"mobile":{"background-color":"","background-image":"","background-repeat":"repeat","background-position":"center center","background-size":"auto","background-attachment":"scroll","background-type":"","background-media":"","overlay-type":"","overlay-color":"","overlay-opacity":"","overlay-gradient":""}},"ast-content-background-meta":{"desktop":{"background-color":"var(--ast-global-color-5)","background-image":"","background-repeat":"repeat","background-position":"center center","background-size":"auto","background-attachment":"scroll","background-type":"","background-media":"","overlay-type":"","overlay-color":"","overlay-opacity":"","overlay-gradient":""},"tablet":{"background-color":"var(--ast-global-color-5)","background-image":"","background-repeat":"repeat","background-position":"center center","background-size":"auto","background-attachment":"scroll","background-type":"","background-media":"","overlay-type":"","overlay-color":"","overlay-opacity":"","overlay-gradient":""},"mobile":{"background-color":"var(--ast-global-color-5)","background-image":"","background-repeat":"repeat","background-position":"center center","background-size":"auto","background-attachment":"scroll","background-type":"","background-media":"","overlay-type":"","overlay-color":"","overlay-opacity":"","overlay-gradient":""}},"footnotes":""},"categories":[10],"tags":[],"yoast_head":"<!-- This site is optimized with the Yoast SEO plugin v23.3 - https:\/\/yoast.com\/wordpress\/plugins\/seo\/ -->\n<title>Director\/a de Compras: liderazgo, autonom\u00eda y desarrollo profesional - Crecer en Carrera<\/title>\n<meta name=\"robots\" content=\"index, follow, max-snippet:-1, max-image-preview:large, max-video-preview:-1\" \/>\n<link rel=\"canonical\" href=\"https:\/\/crecerencarrera.com\/fr\/06883e2c-99ca-4a06-bc82-642c62717c7d\/\" \/>\n<meta property=\"og:locale\" content=\"fr_FR\" \/>\n<meta property=\"og:type\" content=\"article\" \/>\n<meta property=\"og:title\" content=\"Director\/a de Compras: liderazgo, autonom\u00eda y desarrollo profesional - Crecer en Carrera\" \/>\n<meta property=\"og:description\" content=\"Analizamos el puesto Director\/a de Compras: liderazgo, autonom\u00eda, entorno profesional consolidado y alto impacto en la empresa. Pros y contras para tu candidatura directiva.\" \/>\n<meta property=\"og:url\" content=\"https:\/\/crecerencarrera.com\/fr\/06883e2c-99ca-4a06-bc82-642c62717c7d\/\" \/>\n<meta property=\"og:site_name\" content=\"Crecer en Carrera\" \/>\n<meta property=\"article:published_time\" content=\"2026-04-07T17:58:00+00:00\" \/>\n<meta property=\"article:modified_time\" content=\"2026-04-07T17:58:43+00:00\" \/>\n<meta name=\"author\" content=\"Bruno Gianni\" \/>\n<meta name=\"twitter:card\" content=\"summary_large_image\" \/>\n<meta name=\"twitter:label1\" content=\"Written by\" \/>\n\t<meta name=\"twitter:data1\" content=\"Bruno Gianni\" \/>\n\t<meta name=\"twitter:label2\" content=\"Est. reading time\" \/>\n\t<meta name=\"twitter:data2\" content=\"2 minutes\" \/>\n<script type=\"application\/ld+json\" class=\"yoast-schema-graph\">{\"@context\":\"https:\/\/schema.org\",\"@graph\":[{\"@type\":\"Article\",\"@id\":\"https:\/\/crecerencarrera.com\/06883e2c-99ca-4a06-bc82-642c62717c7d\/#article\",\"isPartOf\":{\"@id\":\"https:\/\/crecerencarrera.com\/06883e2c-99ca-4a06-bc82-642c62717c7d\/\"},\"author\":{\"name\":\"Bruno Gianni\",\"@id\":\"https:\/\/crecerencarrera.com\/#\/schema\/person\/d52888235fd6563bd07d97185d6a61e4\"},\"headline\":\"Director\/a de Compras: liderazgo, autonom\u00eda y desarrollo profesional\",\"datePublished\":\"2026-04-07T17:58:00+00:00\",\"dateModified\":\"2026-04-07T17:58:43+00:00\",\"mainEntityOfPage\":{\"@id\":\"https:\/\/crecerencarrera.com\/06883e2c-99ca-4a06-bc82-642c62717c7d\/\"},\"wordCount\":405,\"commentCount\":0,\"publisher\":{\"@id\":\"https:\/\/crecerencarrera.com\/#organization\"},\"articleSection\":[\"Hidden\"],\"inLanguage\":\"fr-FR\",\"potentialAction\":[{\"@type\":\"CommentAction\",\"name\":\"Comment\",\"target\":[\"https:\/\/crecerencarrera.com\/06883e2c-99ca-4a06-bc82-642c62717c7d\/#respond\"]}]},{\"@type\":\"WebPage\",\"@id\":\"https:\/\/crecerencarrera.com\/06883e2c-99ca-4a06-bc82-642c62717c7d\/\",\"url\":\"https:\/\/crecerencarrera.com\/06883e2c-99ca-4a06-bc82-642c62717c7d\/\",\"name\":\"Director\/a de Compras: liderazgo, autonom\u00eda y desarrollo profesional - Crecer en Carrera\",\"isPartOf\":{\"@id\":\"https:\/\/crecerencarrera.com\/#website\"},\"datePublished\":\"2026-04-07T17:58:00+00:00\",\"dateModified\":\"2026-04-07T17:58:43+00:00\",\"breadcrumb\":{\"@id\":\"https:\/\/crecerencarrera.com\/06883e2c-99ca-4a06-bc82-642c62717c7d\/#breadcrumb\"},\"inLanguage\":\"fr-FR\",\"potentialAction\":[{\"@type\":\"ReadAction\",\"target\":[\"https:\/\/crecerencarrera.com\/06883e2c-99ca-4a06-bc82-642c62717c7d\/\"]}]},{\"@type\":\"BreadcrumbList\",\"@id\":\"https:\/\/crecerencarrera.com\/06883e2c-99ca-4a06-bc82-642c62717c7d\/#breadcrumb\",\"itemListElement\":[{\"@type\":\"ListItem\",\"position\":1,\"name\":\"Home\",\"item\":\"https:\/\/crecerencarrera.com\/\"},{\"@type\":\"ListItem\",\"position\":2,\"name\":\"Director\/a de Compras: liderazgo, autonom\u00eda y desarrollo profesional\"}]},{\"@type\":\"WebSite\",\"@id\":\"https:\/\/crecerencarrera.com\/#website\",\"url\":\"https:\/\/crecerencarrera.com\/\",\"name\":\"Crecer en Carrera\",\"description\":\"\",\"publisher\":{\"@id\":\"https:\/\/crecerencarrera.com\/#organization\"},\"potentialAction\":[{\"@type\":\"SearchAction\",\"target\":{\"@type\":\"EntryPoint\",\"urlTemplate\":\"https:\/\/crecerencarrera.com\/?s={search_term_string}\"},\"query-input\":\"required name=search_term_string\"}],\"inLanguage\":\"fr-FR\"},{\"@type\":\"Organization\",\"@id\":\"https:\/\/crecerencarrera.com\/#organization\",\"name\":\"Crecer en Carrera\",\"url\":\"https:\/\/crecerencarrera.com\/\",\"logo\":{\"@type\":\"ImageObject\",\"inLanguage\":\"fr-FR\",\"@id\":\"https:\/\/crecerencarrera.com\/#\/schema\/logo\/image\/\",\"url\":\"https:\/\/crecerencarrera.com\/wp-content\/uploads\/sites\/604\/2025\/10\/logo-Crecer-en-carrera.svg\",\"contentUrl\":\"https:\/\/crecerencarrera.com\/wp-content\/uploads\/sites\/604\/2025\/10\/logo-Crecer-en-carrera.svg\",\"caption\":\"Crecer en Carrera\"},\"image\":{\"@id\":\"https:\/\/crecerencarrera.com\/#\/schema\/logo\/image\/\"}},{\"@type\":\"Person\",\"@id\":\"https:\/\/crecerencarrera.com\/#\/schema\/person\/d52888235fd6563bd07d97185d6a61e4\",\"name\":\"Bruno Gianni\",\"image\":{\"@type\":\"ImageObject\",\"inLanguage\":\"fr-FR\",\"@id\":\"https:\/\/crecerencarrera.com\/#\/schema\/person\/image\/\",\"url\":\"https:\/\/secure.gravatar.com\/avatar\/0f5d42d7bf77874643c1478932860e3f?s=96&d=mm&r=g\",\"contentUrl\":\"https:\/\/secure.gravatar.com\/avatar\/0f5d42d7bf77874643c1478932860e3f?s=96&d=mm&r=g\",\"caption\":\"Bruno Gianni\"},\"description\":\"Bruno writes the way he lives, with curiosity, care, and respect for people. He likes to observe, listen, and try to understand what is happening on the other side before putting any words on the page.For him, writing is not about impressing, but about getting closer. It is about turning thoughts into something simple, clear, and real. Every text is an ongoing conversation, created with care and honesty, with the sincere intention of touching someone, somewhere along the way.\",\"url\":\"https:\/\/crecerencarrera.com\/fr\/author\/bcgianni\/\"}]}<\/script>\n<!-- \/ Yoast SEO plugin. -->","yoast_head_json":{"title":"Director\/a de Compras: liderazgo, autonom\u00eda y desarrollo profesional - Crecer en Carrera","robots":{"index":"index","follow":"follow","max-snippet":"max-snippet:-1","max-image-preview":"max-image-preview:large","max-video-preview":"max-video-preview:-1"},"canonical":"https:\/\/crecerencarrera.com\/fr\/06883e2c-99ca-4a06-bc82-642c62717c7d\/","og_locale":"fr_FR","og_type":"article","og_title":"Director\/a de Compras: liderazgo, autonom\u00eda y desarrollo profesional - Crecer en Carrera","og_description":"Analizamos el puesto Director\/a de Compras: liderazgo, autonom\u00eda, entorno profesional consolidado y alto impacto en la empresa. Pros y contras para tu candidatura directiva.","og_url":"https:\/\/crecerencarrera.com\/fr\/06883e2c-99ca-4a06-bc82-642c62717c7d\/","og_site_name":"Crecer en Carrera","article_published_time":"2026-04-07T17:58:00+00:00","article_modified_time":"2026-04-07T17:58:43+00:00","author":"Bruno Gianni","twitter_card":"summary_large_image","twitter_misc":{"Written by":"Bruno Gianni","Est. reading time":"2 minutes"},"schema":{"@context":"https:\/\/schema.org","@graph":[{"@type":"Article","@id":"https:\/\/crecerencarrera.com\/06883e2c-99ca-4a06-bc82-642c62717c7d\/#article","isPartOf":{"@id":"https:\/\/crecerencarrera.com\/06883e2c-99ca-4a06-bc82-642c62717c7d\/"},"author":{"name":"Bruno Gianni","@id":"https:\/\/crecerencarrera.com\/#\/schema\/person\/d52888235fd6563bd07d97185d6a61e4"},"headline":"Director\/a de Compras: liderazgo, autonom\u00eda y desarrollo profesional","datePublished":"2026-04-07T17:58:00+00:00","dateModified":"2026-04-07T17:58:43+00:00","mainEntityOfPage":{"@id":"https:\/\/crecerencarrera.com\/06883e2c-99ca-4a06-bc82-642c62717c7d\/"},"wordCount":405,"commentCount":0,"publisher":{"@id":"https:\/\/crecerencarrera.com\/#organization"},"articleSection":["Hidden"],"inLanguage":"fr-FR","potentialAction":[{"@type":"CommentAction","name":"Comment","target":["https:\/\/crecerencarrera.com\/06883e2c-99ca-4a06-bc82-642c62717c7d\/#respond"]}]},{"@type":"WebPage","@id":"https:\/\/crecerencarrera.com\/06883e2c-99ca-4a06-bc82-642c62717c7d\/","url":"https:\/\/crecerencarrera.com\/06883e2c-99ca-4a06-bc82-642c62717c7d\/","name":"Director\/a de Compras: liderazgo, autonom\u00eda y desarrollo profesional - Crecer en Carrera","isPartOf":{"@id":"https:\/\/crecerencarrera.com\/#website"},"datePublished":"2026-04-07T17:58:00+00:00","dateModified":"2026-04-07T17:58:43+00:00","breadcrumb":{"@id":"https:\/\/crecerencarrera.com\/06883e2c-99ca-4a06-bc82-642c62717c7d\/#breadcrumb"},"inLanguage":"fr-FR","potentialAction":[{"@type":"ReadAction","target":["https:\/\/crecerencarrera.com\/06883e2c-99ca-4a06-bc82-642c62717c7d\/"]}]},{"@type":"BreadcrumbList","@id":"https:\/\/crecerencarrera.com\/06883e2c-99ca-4a06-bc82-642c62717c7d\/#breadcrumb","itemListElement":[{"@type":"ListItem","position":1,"name":"Home","item":"https:\/\/crecerencarrera.com\/"},{"@type":"ListItem","position":2,"name":"Director\/a de Compras: liderazgo, autonom\u00eda y desarrollo profesional"}]},{"@type":"WebSite","@id":"https:\/\/crecerencarrera.com\/#website","url":"https:\/\/crecerencarrera.com\/","name":"Crecer en Carrera","description":"","publisher":{"@id":"https:\/\/crecerencarrera.com\/#organization"},"potentialAction":[{"@type":"SearchAction","target":{"@type":"EntryPoint","urlTemplate":"https:\/\/crecerencarrera.com\/?s={search_term_string}"},"query-input":"required name=search_term_string"}],"inLanguage":"fr-FR"},{"@type":"Organization","@id":"https:\/\/crecerencarrera.com\/#organization","name":"Crecer en Carrera","url":"https:\/\/crecerencarrera.com\/","logo":{"@type":"ImageObject","inLanguage":"fr-FR","@id":"https:\/\/crecerencarrera.com\/#\/schema\/logo\/image\/","url":"https:\/\/crecerencarrera.com\/wp-content\/uploads\/sites\/604\/2025\/10\/logo-Crecer-en-carrera.svg","contentUrl":"https:\/\/crecerencarrera.com\/wp-content\/uploads\/sites\/604\/2025\/10\/logo-Crecer-en-carrera.svg","caption":"Crecer en Carrera"},"image":{"@id":"https:\/\/crecerencarrera.com\/#\/schema\/logo\/image\/"}},{"@type":"Person","@id":"https:\/\/crecerencarrera.com\/#\/schema\/person\/d52888235fd6563bd07d97185d6a61e4","name":"Bruno Gianni","image":{"@type":"ImageObject","inLanguage":"fr-FR","@id":"https:\/\/crecerencarrera.com\/#\/schema\/person\/image\/","url":"https:\/\/secure.gravatar.com\/avatar\/0f5d42d7bf77874643c1478932860e3f?s=96&d=mm&r=g","contentUrl":"https:\/\/secure.gravatar.com\/avatar\/0f5d42d7bf77874643c1478932860e3f?s=96&d=mm&r=g","caption":"Bruno Gianni"},"description":"Bruno writes the way he lives, with curiosity, care, and respect for people. He likes to observe, listen, and try to understand what is happening on the other side before putting any words on the page.For him, writing is not about impressing, but about getting closer. It is about turning thoughts into something simple, clear, and real. Every text is an ongoing conversation, created with care and honesty, with the sincere intention of touching someone, somewhere along the way.","url":"https:\/\/crecerencarrera.com\/fr\/author\/bcgianni\/"}]}},"uagb_featured_image_src":{"full":false,"thumbnail":false,"medium":false,"medium_large":false,"large":false,"1536x1536":false,"2048x2048":false,"trp-custom-language-flag":false},"uagb_author_info":{"display_name":"Bruno Gianni","author_link":"https:\/\/crecerencarrera.com\/fr\/author\/bcgianni\/"},"uagb_comment_info":0,"uagb_excerpt":"Analizamos el puesto Director\/a de Compras: liderazgo, autonom\u00eda, entorno profesional consolidado y alto impacto en la empresa. Pros y contras para tu candidatura directiva.","_links":{"self":[{"href":"https:\/\/crecerencarrera.com\/fr\/wp-json\/wp\/v2\/posts\/11257"}],"collection":[{"href":"https:\/\/crecerencarrera.com\/fr\/wp-json\/wp\/v2\/posts"}],"about":[{"href":"https:\/\/crecerencarrera.com\/fr\/wp-json\/wp\/v2\/types\/post"}],"author":[{"embeddable":true,"href":"https:\/\/crecerencarrera.com\/fr\/wp-json\/wp\/v2\/users\/3"}],"replies":[{"embeddable":true,"href":"https:\/\/crecerencarrera.com\/fr\/wp-json\/wp\/v2\/comments?post=11257"}],"version-history":[{"count":1,"href":"https:\/\/crecerencarrera.com\/fr\/wp-json\/wp\/v2\/posts\/11257\/revisions"}],"predecessor-version":[{"id":11266,"href":"https:\/\/crecerencarrera.com\/fr\/wp-json\/wp\/v2\/posts\/11257\/revisions\/11266"}],"wp:attachment":[{"href":"https:\/\/crecerencarrera.com\/fr\/wp-json\/wp\/v2\/media?parent=11257"}],"wp:term":[{"taxonomy":"category","embeddable":true,"href":"https:\/\/crecerencarrera.com\/fr\/wp-json\/wp\/v2\/categories?post=11257"},{"taxonomy":"post_tag","embeddable":true,"href":"https:\/\/crecerencarrera.com\/fr\/wp-json\/wp\/v2\/tags?post=11257"}],"curies":[{"name":"wp","href":"https:\/\/api.w.org\/{rel}","templated":true}]}}