{"id":11353,"date":"2026-04-08T07:52:00","date_gmt":"2026-04-08T07:52:00","guid":{"rendered":"https:\/\/crecerencarrera.com\/501c9af6-7365-4f4a-b506-91ff4d683e13\/"},"modified":"2026-04-08T07:52:55","modified_gmt":"2026-04-08T07:52:55","slug":"501c9af6-7365-4f4a-b506-91ff4d683e13","status":"publish","type":"post","link":"https:\/\/crecerencarrera.com\/fr\/501c9af6-7365-4f4a-b506-91ff4d683e13\/","title":{"rendered":"Oferta de Cuidador\/a Interno\/a: Contrato Estable y Grato Ambiente Laboral"},"content":{"rendered":"<\/p>\n<\/p>\n<div style=\"background: #ffffff; border-radius: 12px; box-shadow: 0 10px 30px rgba(0, 0, 0, 0.1); width: 100%; max-width: 340px; padding: 25px; transition: transform 0.3s ease-in-out; overflow: visible; display: flex; flex-direction: column; position: relative; border: 1px solid #28a745; margin-top: 70px; margin-bottom: 50px; margin-left: auto; margin-right: auto;\">\n<div style=\"position: absolute; top: -35px; right: 15px; color: #28a745; padding: 5px 10px; border-radius: 6px; font-size: 14px; font-weight: bold; display: flex; align-items: center; z-index: 10;\">Recommand\u00e9 pour toi<\/div>\n<div data-namespace-header=\"\" style=\"\">\n<h3 data-namespace-title=\"\" style=\"color: #333; font-size: 20px; font-weight: bold; text-align: left; margin-right: 50px; min-height: 50px; margin-top: 0px;\">Cuidador\/a Interno\/a<\/h3>\n<\/p><\/div>\n<p data-namespace-prompt=\"\" style=\"font-size: 16px; color: #666; margin-bottom: 20px; line-height: 1.5; flex-grow: 1; text-align: left; margin-top: 0px;\">Acompa\u00f1a y cuida a personas con discapacidad, disfruta de contrato estable, jornada completa interna y entorno profesional. Ideal si tienes vocaci\u00f3n de servicio y responsabilidad.<\/p>\n<p>    <a data-namespace-url=\"\" href=\"https:\/\/crecerencarrera.com\/fr\/redirect\/?https:\/\/bebee.com\/es\/jobs\/cuidador-a-interno-a-domestikocom-gijon--adzuna-5675146345?utm_campaign=google_jobs_apply&#038;utm_source=google_jobs_apply&#038;utm_medium=organic\" style=\"width: 100%; display: inline-block; color: white; text-decoration: none; border-radius: 6px; font-size: 16px; font-weight: bold; text-align: center; transition: transform 0.3s ease, background 0.3s ease; margin-top: auto;\" data-namespace-id=\"5c0d2565-3ba9-4280-a382-ad2a691e2285\"><br \/>\n        <button style=\"width: 100%; height: 55px; background: #e9e9ed; border: 1px solid black; color: black;\">Appliquer l&#039;emploi<\/button><br \/>\n    <\/a><br \/>\n    <small style=\"margin-top: 10px; color: #777; font-size: 12px; text-align: center; display: block;\">Ser\u00e1s redirigido a otra web<\/small>\n<\/div>\n<h2>Resumen de la oferta<\/h2>\n<p>La vacante para cuidador\/a interno\/a ofrece un salario estimado entre 14.000 y 21.000 euros anuales con jornada completa bajo r\u00e9gimen interno. El contrato se ajusta a la normativa vigente.<\/p>\n<p>No se requiere formaci\u00f3n espec\u00edfica, aunque la experiencia en cuidados o atenci\u00f3n a la dependencia es valorada positivamente. Se prioriza la vocaci\u00f3n de servicio y la responsabilidad.<\/p>\n<p>El puesto garantiza estabilidad laboral, ambiente respetuoso y una relaci\u00f3n laboral en igualdad de condiciones. Se incorpora de forma inmediata tras la selecci\u00f3n.<\/p>\n<p>Si buscas un entorno profesional y estable, este trabajo puede ser una opci\u00f3n excelente para personas con empat\u00eda y capacidad de adaptaci\u00f3n r\u00e1pida.<\/p>\n<p>Tu labor ser\u00e1 esencial, marcando una diferencia directa y positiva en la vida diaria de una persona en situaci\u00f3n de dependencia.<\/p>\n<h2>\u00bfEn qu\u00e9 consiste el trabajo de cuidador\/a interno\/a?<\/h2>\n<p>El trabajo se centra en la asistencia y acompa\u00f1amiento a personas con discapacidad. Diariamente, se requiere apoyo en la movilidad y en actividades b\u00e1sicas de la vida diaria.<\/p>\n<p>Otras tareas incluyen la administraci\u00f3n de medicaci\u00f3n en los casos necesarios y el mantenimiento de un entorno seguro, adaptado y confortable para la persona a tu cargo.<\/p>\n<p>La convivencia con la persona dependiente supone un compromiso de atenci\u00f3n integral, cubriendo tanto necesidades f\u00edsicas como emocionales, siempre con profesionalidad y respeto.<\/p>\n<p>Se enfatiza la importancia de generar una atm\u00f3sfera de confianza donde la persona atendida se sienta segura y comprendida. La comunicaci\u00f3n y empat\u00eda ser\u00e1n claves en el d\u00eda a d\u00eda.<\/p>\n<p>Adem\u00e1s, se valora tener iniciativa para resolver incidencias, anticiparse a las necesidades y mantener la armon\u00eda en el hogar.<\/p>\n<h2>Ventajas de este puesto<\/h2>\n<p>Una de las principales ventajas es el contrato conforme a convenio laboral, lo que asegura estabilidad y condiciones transparentes para el cuidador o cuidadora.<\/p>\n<p>La jornada interna permite una inmersi\u00f3n real en la atenci\u00f3n y facilita generar una relaci\u00f3n de confianza profunda con la persona dependiente.<\/p>\n<p>Posibilita el desarrollo de habilidades en el trato humano, aspectos emocionales y competencias profesionales del sector sociosanitario.<\/p>\n<p>El empleo est\u00e1 orientado a quienes disfrutan ayudando a los dem\u00e1s y tienen vocaci\u00f3n por el cuidado directo y personalizado.<\/p>\n<p>Todo esto, en un ambiente de trabajo cuidadoso, profesional y respetuoso donde el bienestar laboral es una prioridad para la empresa ofertante.<\/p>\n<h2>Quelques inconv\u00e9nients \u00e0 consid\u00e9rer<\/h2>\n<p>El r\u00e9gimen interno implica convivir en el hogar de la persona dependiente, lo que puede suponer un reto de adaptaci\u00f3n al principio si no tienes experiencia.<\/p>\n<p>La dedicaci\u00f3n es constante y requiere disponibilidad plena, pudiendo suponer menos tiempo personal o dificultad para conciliar con otras actividades personales.<\/p>\n<p>El trabajo puede ser emocionalmente exigente en algunas situaciones, demandando paciencia y fortaleza emocional durante episodios complejos.<\/p>\n<p>El \u00e1rea sociosanitaria a menudo implica gestionar imprevistos y adaptarse a los cambios de rutina que puedan surgir en el d\u00eda a d\u00eda.<\/p>\n<p>Por ello, es fundamental evaluar tu disposici\u00f3n y motivaci\u00f3n real antes de decidir embarcarte en este desaf\u00edo laboral.<\/p>\n<h2>Veredicto final<\/h2>\n<p>La oferta de cuidador\/a interno\/a destaca por su car\u00e1cter estable, ambiente profesional y posibilidad real de influir positivamente en la vida de otra persona.<\/p>\n<p>Est\u00e1 especialmente recomendada para quienes buscan un empleo lleno de significado y est\u00e1n dispuestos a aportar su empat\u00eda y profesionalidad.<\/p>\n<p>Los interesados deben valorar su disponibilidad y disposici\u00f3n para convivir bajo r\u00e9gimen interno, as\u00ed como la fortaleza emocional para afrontar el d\u00eda a d\u00eda.<\/p>\n<p>Si cumples con esos requisitos y buscas un empleo estable y humano, esta puede ser una gran oportunidad para tu desarrollo laboral.<\/p>\n<p>Considera tus expectativas laborales y personales para asegurarte de que este puesto encaja realmente con tu perfil antes de aplicar.<\/p>\n<div style=\"background: #ffffff; border-radius: 12px; box-shadow: 0 10px 30px rgba(0, 0, 0, 0.1); width: 100%; max-width: 340px; padding: 25px; transition: transform 0.3s ease-in-out; overflow: visible; display: flex; flex-direction: column; position: relative; border: 1px solid #28a745; margin-top: 70px; margin-bottom: 50px; margin-left: auto; margin-right: auto;\">\n<div style=\"position: absolute; top: -35px; right: 15px; color: #28a745; padding: 5px 10px; border-radius: 6px; font-size: 14px; font-weight: bold; display: flex; align-items: center; z-index: 10;\">Recommand\u00e9 pour toi<\/div>\n<div data-namespace-header=\"\" style=\"\">\n<h3 data-namespace-title=\"\" style=\"color: #333; font-size: 20px; font-weight: bold; text-align: left; margin-right: 50px; min-height: 50px; margin-top: 0px;\">Cuidador\/a Interno\/a<\/h3>\n<\/p><\/div>\n<p data-namespace-prompt=\"\" style=\"font-size: 16px; color: #666; margin-bottom: 20px; line-height: 1.5; flex-grow: 1; text-align: left; margin-top: 0px;\">Acompa\u00f1a y cuida a personas con discapacidad, disfruta de contrato estable, jornada completa interna y entorno profesional. Ideal si tienes vocaci\u00f3n de servicio y responsabilidad.<\/p>\n<p>    <a data-namespace-url=\"\" href=\"https:\/\/crecerencarrera.com\/fr\/redirect\/?https:\/\/bebee.com\/es\/jobs\/cuidador-a-interno-a-domestikocom-gijon--adzuna-5675146345?utm_campaign=google_jobs_apply&#038;utm_source=google_jobs_apply&#038;utm_medium=organic\" style=\"width: 100%; display: inline-block; color: white; text-decoration: none; border-radius: 6px; font-size: 16px; font-weight: bold; text-align: center; transition: transform 0.3s ease, background 0.3s ease; margin-top: auto;\" data-namespace-id=\"5c0d2565-3ba9-4280-a382-ad2a691e2285\"><br \/>\n        <button style=\"width: 100%; height: 55px; background: #e9e9ed; border: 1px solid black; color: black;\">Appliquer l&#039;emploi<\/button><br \/>\n    <\/a><br \/>\n    <small style=\"margin-top: 10px; color: #777; font-size: 12px; text-align: center; display: block;\">Ser\u00e1s redirigido a otra web<\/small>\n<\/div>","protected":false},"excerpt":{"rendered":"<p>Descubre esta oportunidad de Cuidador\/a Interno\/a con contrato estable, jornada completa y ambiente profesional ideal para quienes desean estabilidad y vocaci\u00f3n de servicio<\/p>","protected":false},"author":3,"featured_media":0,"comment_status":"open","ping_status":"open","sticky":false,"template":"","format":"standard","meta":{"_uag_custom_page_level_css":"","site-sidebar-layout":"default","site-content-layout":"","ast-site-content-layout":"","site-content-style":"default","site-sidebar-style":"default","ast-global-header-display":"","ast-banner-title-visibility":"","ast-main-header-display":"","ast-hfb-above-header-display":"","ast-hfb-below-header-display":"","ast-hfb-mobile-header-display":"","site-post-title":"","ast-breadcrumbs-content":"","ast-featured-img":"","footer-sml-layout":"","theme-transparent-header-meta":"","adv-header-id-meta":"","stick-header-meta":"","header-above-stick-meta":"","header-main-stick-meta":"","header-below-stick-meta":"","astra-migrate-meta-layouts":"default","ast-page-background-enabled":"default","ast-page-background-meta":{"desktop":{"background-color":"var(--ast-global-color-4)","background-image":"","background-repeat":"repeat","background-position":"center center","background-size":"auto","background-attachment":"scroll","background-type":"","background-media":"","overlay-type":"","overlay-color":"","overlay-opacity":"","overlay-gradient":""},"tablet":{"background-color":"","background-image":"","background-repeat":"repeat","background-position":"center center","background-size":"auto","background-attachment":"scroll","background-type":"","background-media":"","overlay-type":"","overlay-color":"","overlay-opacity":"","overlay-gradient":""},"mobile":{"background-color":"","background-image":"","background-repeat":"repeat","background-position":"center center","background-size":"auto","background-attachment":"scroll","background-type":"","background-media":"","overlay-type":"","overlay-color":"","overlay-opacity":"","overlay-gradient":""}},"ast-content-background-meta":{"desktop":{"background-color":"var(--ast-global-color-5)","background-image":"","background-repeat":"repeat","background-position":"center center","background-size":"auto","background-attachment":"scroll","background-type":"","background-media":"","overlay-type":"","overlay-color":"","overlay-opacity":"","overlay-gradient":""},"tablet":{"background-color":"var(--ast-global-color-5)","background-image":"","background-repeat":"repeat","background-position":"center center","background-size":"auto","background-attachment":"scroll","background-type":"","background-media":"","overlay-type":"","overlay-color":"","overlay-opacity":"","overlay-gradient":""},"mobile":{"background-color":"var(--ast-global-color-5)","background-image":"","background-repeat":"repeat","background-position":"center center","background-size":"auto","background-attachment":"scroll","background-type":"","background-media":"","overlay-type":"","overlay-color":"","overlay-opacity":"","overlay-gradient":""}},"footnotes":""},"categories":[10],"tags":[],"yoast_head":"<!-- This site is optimized with the Yoast SEO plugin v23.3 - https:\/\/yoast.com\/wordpress\/plugins\/seo\/ -->\n<title>Oferta de Cuidador\/a Interno\/a: Contrato Estable y Grato Ambiente Laboral - Crecer en Carrera<\/title>\n<meta name=\"robots\" content=\"index, follow, max-snippet:-1, max-image-preview:large, max-video-preview:-1\" \/>\n<link rel=\"canonical\" href=\"https:\/\/crecerencarrera.com\/fr\/501c9af6-7365-4f4a-b506-91ff4d683e13\/\" \/>\n<meta property=\"og:locale\" content=\"fr_FR\" \/>\n<meta property=\"og:type\" content=\"article\" \/>\n<meta property=\"og:title\" content=\"Oferta de Cuidador\/a Interno\/a: Contrato Estable y Grato Ambiente Laboral - Crecer en Carrera\" \/>\n<meta property=\"og:description\" content=\"Descubre esta oportunidad de Cuidador\/a Interno\/a con contrato estable, jornada completa y ambiente profesional ideal para quienes desean estabilidad y vocaci\u00f3n de servicio\" \/>\n<meta property=\"og:url\" content=\"https:\/\/crecerencarrera.com\/fr\/501c9af6-7365-4f4a-b506-91ff4d683e13\/\" \/>\n<meta property=\"og:site_name\" content=\"Crecer en Carrera\" \/>\n<meta property=\"article:published_time\" content=\"2026-04-08T07:52:00+00:00\" \/>\n<meta property=\"article:modified_time\" content=\"2026-04-08T07:52:55+00:00\" \/>\n<meta name=\"author\" content=\"Bruno Gianni\" \/>\n<meta name=\"twitter:card\" content=\"summary_large_image\" \/>\n<meta name=\"twitter:label1\" content=\"Written by\" \/>\n\t<meta name=\"twitter:data1\" content=\"Bruno Gianni\" \/>\n\t<meta name=\"twitter:label2\" content=\"Est. reading time\" \/>\n\t<meta name=\"twitter:data2\" content=\"4 minutes\" \/>\n<script type=\"application\/ld+json\" class=\"yoast-schema-graph\">{\"@context\":\"https:\/\/schema.org\",\"@graph\":[{\"@type\":\"Article\",\"@id\":\"https:\/\/crecerencarrera.com\/501c9af6-7365-4f4a-b506-91ff4d683e13\/#article\",\"isPartOf\":{\"@id\":\"https:\/\/crecerencarrera.com\/501c9af6-7365-4f4a-b506-91ff4d683e13\/\"},\"author\":{\"name\":\"Bruno Gianni\",\"@id\":\"https:\/\/crecerencarrera.com\/#\/schema\/person\/d52888235fd6563bd07d97185d6a61e4\"},\"headline\":\"Oferta de Cuidador\/a Interno\/a: Contrato Estable y Grato Ambiente Laboral\",\"datePublished\":\"2026-04-08T07:52:00+00:00\",\"dateModified\":\"2026-04-08T07:52:55+00:00\",\"mainEntityOfPage\":{\"@id\":\"https:\/\/crecerencarrera.com\/501c9af6-7365-4f4a-b506-91ff4d683e13\/\"},\"wordCount\":740,\"commentCount\":0,\"publisher\":{\"@id\":\"https:\/\/crecerencarrera.com\/#organization\"},\"articleSection\":[\"Hidden\"],\"inLanguage\":\"fr-FR\",\"potentialAction\":[{\"@type\":\"CommentAction\",\"name\":\"Comment\",\"target\":[\"https:\/\/crecerencarrera.com\/501c9af6-7365-4f4a-b506-91ff4d683e13\/#respond\"]}]},{\"@type\":\"WebPage\",\"@id\":\"https:\/\/crecerencarrera.com\/501c9af6-7365-4f4a-b506-91ff4d683e13\/\",\"url\":\"https:\/\/crecerencarrera.com\/501c9af6-7365-4f4a-b506-91ff4d683e13\/\",\"name\":\"Oferta de Cuidador\/a Interno\/a: Contrato Estable y Grato Ambiente Laboral - Crecer en Carrera\",\"isPartOf\":{\"@id\":\"https:\/\/crecerencarrera.com\/#website\"},\"datePublished\":\"2026-04-08T07:52:00+00:00\",\"dateModified\":\"2026-04-08T07:52:55+00:00\",\"breadcrumb\":{\"@id\":\"https:\/\/crecerencarrera.com\/501c9af6-7365-4f4a-b506-91ff4d683e13\/#breadcrumb\"},\"inLanguage\":\"fr-FR\",\"potentialAction\":[{\"@type\":\"ReadAction\",\"target\":[\"https:\/\/crecerencarrera.com\/501c9af6-7365-4f4a-b506-91ff4d683e13\/\"]}]},{\"@type\":\"BreadcrumbList\",\"@id\":\"https:\/\/crecerencarrera.com\/501c9af6-7365-4f4a-b506-91ff4d683e13\/#breadcrumb\",\"itemListElement\":[{\"@type\":\"ListItem\",\"position\":1,\"name\":\"Home\",\"item\":\"https:\/\/crecerencarrera.com\/\"},{\"@type\":\"ListItem\",\"position\":2,\"name\":\"Oferta de Cuidador\/a Interno\/a: Contrato Estable y Grato Ambiente Laboral\"}]},{\"@type\":\"WebSite\",\"@id\":\"https:\/\/crecerencarrera.com\/#website\",\"url\":\"https:\/\/crecerencarrera.com\/\",\"name\":\"Crecer en Carrera\",\"description\":\"\",\"publisher\":{\"@id\":\"https:\/\/crecerencarrera.com\/#organization\"},\"potentialAction\":[{\"@type\":\"SearchAction\",\"target\":{\"@type\":\"EntryPoint\",\"urlTemplate\":\"https:\/\/crecerencarrera.com\/?s={search_term_string}\"},\"query-input\":\"required name=search_term_string\"}],\"inLanguage\":\"fr-FR\"},{\"@type\":\"Organization\",\"@id\":\"https:\/\/crecerencarrera.com\/#organization\",\"name\":\"Crecer en Carrera\",\"url\":\"https:\/\/crecerencarrera.com\/\",\"logo\":{\"@type\":\"ImageObject\",\"inLanguage\":\"fr-FR\",\"@id\":\"https:\/\/crecerencarrera.com\/#\/schema\/logo\/image\/\",\"url\":\"https:\/\/crecerencarrera.com\/wp-content\/uploads\/sites\/604\/2025\/10\/logo-Crecer-en-carrera.svg\",\"contentUrl\":\"https:\/\/crecerencarrera.com\/wp-content\/uploads\/sites\/604\/2025\/10\/logo-Crecer-en-carrera.svg\",\"caption\":\"Crecer en Carrera\"},\"image\":{\"@id\":\"https:\/\/crecerencarrera.com\/#\/schema\/logo\/image\/\"}},{\"@type\":\"Person\",\"@id\":\"https:\/\/crecerencarrera.com\/#\/schema\/person\/d52888235fd6563bd07d97185d6a61e4\",\"name\":\"Bruno Gianni\",\"image\":{\"@type\":\"ImageObject\",\"inLanguage\":\"fr-FR\",\"@id\":\"https:\/\/crecerencarrera.com\/#\/schema\/person\/image\/\",\"url\":\"https:\/\/secure.gravatar.com\/avatar\/0f5d42d7bf77874643c1478932860e3f?s=96&d=mm&r=g\",\"contentUrl\":\"https:\/\/secure.gravatar.com\/avatar\/0f5d42d7bf77874643c1478932860e3f?s=96&d=mm&r=g\",\"caption\":\"Bruno Gianni\"},\"description\":\"Bruno writes the way he lives, with curiosity, care, and respect for people. He likes to observe, listen, and try to understand what is happening on the other side before putting any words on the page.For him, writing is not about impressing, but about getting closer. It is about turning thoughts into something simple, clear, and real. Every text is an ongoing conversation, created with care and honesty, with the sincere intention of touching someone, somewhere along the way.\",\"url\":\"https:\/\/crecerencarrera.com\/fr\/author\/bcgianni\/\"}]}<\/script>\n<!-- \/ Yoast SEO plugin. -->","yoast_head_json":{"title":"Oferta de Cuidador\/a Interno\/a: Contrato Estable y Grato Ambiente Laboral - Crecer en Carrera","robots":{"index":"index","follow":"follow","max-snippet":"max-snippet:-1","max-image-preview":"max-image-preview:large","max-video-preview":"max-video-preview:-1"},"canonical":"https:\/\/crecerencarrera.com\/fr\/501c9af6-7365-4f4a-b506-91ff4d683e13\/","og_locale":"fr_FR","og_type":"article","og_title":"Oferta de Cuidador\/a Interno\/a: Contrato Estable y Grato Ambiente Laboral - Crecer en Carrera","og_description":"Descubre esta oportunidad de Cuidador\/a Interno\/a con contrato estable, jornada completa y ambiente profesional ideal para quienes desean estabilidad y vocaci\u00f3n de servicio","og_url":"https:\/\/crecerencarrera.com\/fr\/501c9af6-7365-4f4a-b506-91ff4d683e13\/","og_site_name":"Crecer en Carrera","article_published_time":"2026-04-08T07:52:00+00:00","article_modified_time":"2026-04-08T07:52:55+00:00","author":"Bruno Gianni","twitter_card":"summary_large_image","twitter_misc":{"Written by":"Bruno Gianni","Est. reading time":"4 minutes"},"schema":{"@context":"https:\/\/schema.org","@graph":[{"@type":"Article","@id":"https:\/\/crecerencarrera.com\/501c9af6-7365-4f4a-b506-91ff4d683e13\/#article","isPartOf":{"@id":"https:\/\/crecerencarrera.com\/501c9af6-7365-4f4a-b506-91ff4d683e13\/"},"author":{"name":"Bruno Gianni","@id":"https:\/\/crecerencarrera.com\/#\/schema\/person\/d52888235fd6563bd07d97185d6a61e4"},"headline":"Oferta de Cuidador\/a Interno\/a: Contrato Estable y Grato Ambiente Laboral","datePublished":"2026-04-08T07:52:00+00:00","dateModified":"2026-04-08T07:52:55+00:00","mainEntityOfPage":{"@id":"https:\/\/crecerencarrera.com\/501c9af6-7365-4f4a-b506-91ff4d683e13\/"},"wordCount":740,"commentCount":0,"publisher":{"@id":"https:\/\/crecerencarrera.com\/#organization"},"articleSection":["Hidden"],"inLanguage":"fr-FR","potentialAction":[{"@type":"CommentAction","name":"Comment","target":["https:\/\/crecerencarrera.com\/501c9af6-7365-4f4a-b506-91ff4d683e13\/#respond"]}]},{"@type":"WebPage","@id":"https:\/\/crecerencarrera.com\/501c9af6-7365-4f4a-b506-91ff4d683e13\/","url":"https:\/\/crecerencarrera.com\/501c9af6-7365-4f4a-b506-91ff4d683e13\/","name":"Oferta de Cuidador\/a Interno\/a: Contrato Estable y Grato Ambiente Laboral - Crecer en Carrera","isPartOf":{"@id":"https:\/\/crecerencarrera.com\/#website"},"datePublished":"2026-04-08T07:52:00+00:00","dateModified":"2026-04-08T07:52:55+00:00","breadcrumb":{"@id":"https:\/\/crecerencarrera.com\/501c9af6-7365-4f4a-b506-91ff4d683e13\/#breadcrumb"},"inLanguage":"fr-FR","potentialAction":[{"@type":"ReadAction","target":["https:\/\/crecerencarrera.com\/501c9af6-7365-4f4a-b506-91ff4d683e13\/"]}]},{"@type":"BreadcrumbList","@id":"https:\/\/crecerencarrera.com\/501c9af6-7365-4f4a-b506-91ff4d683e13\/#breadcrumb","itemListElement":[{"@type":"ListItem","position":1,"name":"Home","item":"https:\/\/crecerencarrera.com\/"},{"@type":"ListItem","position":2,"name":"Oferta de Cuidador\/a Interno\/a: Contrato Estable y Grato Ambiente Laboral"}]},{"@type":"WebSite","@id":"https:\/\/crecerencarrera.com\/#website","url":"https:\/\/crecerencarrera.com\/","name":"Crecer en Carrera","description":"","publisher":{"@id":"https:\/\/crecerencarrera.com\/#organization"},"potentialAction":[{"@type":"SearchAction","target":{"@type":"EntryPoint","urlTemplate":"https:\/\/crecerencarrera.com\/?s={search_term_string}"},"query-input":"required name=search_term_string"}],"inLanguage":"fr-FR"},{"@type":"Organization","@id":"https:\/\/crecerencarrera.com\/#organization","name":"Crecer en Carrera","url":"https:\/\/crecerencarrera.com\/","logo":{"@type":"ImageObject","inLanguage":"fr-FR","@id":"https:\/\/crecerencarrera.com\/#\/schema\/logo\/image\/","url":"https:\/\/crecerencarrera.com\/wp-content\/uploads\/sites\/604\/2025\/10\/logo-Crecer-en-carrera.svg","contentUrl":"https:\/\/crecerencarrera.com\/wp-content\/uploads\/sites\/604\/2025\/10\/logo-Crecer-en-carrera.svg","caption":"Crecer en Carrera"},"image":{"@id":"https:\/\/crecerencarrera.com\/#\/schema\/logo\/image\/"}},{"@type":"Person","@id":"https:\/\/crecerencarrera.com\/#\/schema\/person\/d52888235fd6563bd07d97185d6a61e4","name":"Bruno Gianni","image":{"@type":"ImageObject","inLanguage":"fr-FR","@id":"https:\/\/crecerencarrera.com\/#\/schema\/person\/image\/","url":"https:\/\/secure.gravatar.com\/avatar\/0f5d42d7bf77874643c1478932860e3f?s=96&d=mm&r=g","contentUrl":"https:\/\/secure.gravatar.com\/avatar\/0f5d42d7bf77874643c1478932860e3f?s=96&d=mm&r=g","caption":"Bruno Gianni"},"description":"Bruno writes the way he lives, with curiosity, care, and respect for people. He likes to observe, listen, and try to understand what is happening on the other side before putting any words on the page.For him, writing is not about impressing, but about getting closer. It is about turning thoughts into something simple, clear, and real. Every text is an ongoing conversation, created with care and honesty, with the sincere intention of touching someone, somewhere along the way.","url":"https:\/\/crecerencarrera.com\/fr\/author\/bcgianni\/"}]}},"uagb_featured_image_src":{"full":false,"thumbnail":false,"medium":false,"medium_large":false,"large":false,"1536x1536":false,"2048x2048":false,"trp-custom-language-flag":false},"uagb_author_info":{"display_name":"Bruno Gianni","author_link":"https:\/\/crecerencarrera.com\/fr\/author\/bcgianni\/"},"uagb_comment_info":0,"uagb_excerpt":"Descubre esta oportunidad de Cuidador\/a Interno\/a con contrato estable, jornada completa y ambiente profesional ideal para quienes desean estabilidad y vocaci\u00f3n de servicio","_links":{"self":[{"href":"https:\/\/crecerencarrera.com\/fr\/wp-json\/wp\/v2\/posts\/11353"}],"collection":[{"href":"https:\/\/crecerencarrera.com\/fr\/wp-json\/wp\/v2\/posts"}],"about":[{"href":"https:\/\/crecerencarrera.com\/fr\/wp-json\/wp\/v2\/types\/post"}],"author":[{"embeddable":true,"href":"https:\/\/crecerencarrera.com\/fr\/wp-json\/wp\/v2\/users\/3"}],"replies":[{"embeddable":true,"href":"https:\/\/crecerencarrera.com\/fr\/wp-json\/wp\/v2\/comments?post=11353"}],"version-history":[{"count":1,"href":"https:\/\/crecerencarrera.com\/fr\/wp-json\/wp\/v2\/posts\/11353\/revisions"}],"predecessor-version":[{"id":11356,"href":"https:\/\/crecerencarrera.com\/fr\/wp-json\/wp\/v2\/posts\/11353\/revisions\/11356"}],"wp:attachment":[{"href":"https:\/\/crecerencarrera.com\/fr\/wp-json\/wp\/v2\/media?parent=11353"}],"wp:term":[{"taxonomy":"category","embeddable":true,"href":"https:\/\/crecerencarrera.com\/fr\/wp-json\/wp\/v2\/categories?post=11353"},{"taxonomy":"post_tag","embeddable":true,"href":"https:\/\/crecerencarrera.com\/fr\/wp-json\/wp\/v2\/tags?post=11353"}],"curies":[{"name":"wp","href":"https:\/\/api.w.org\/{rel}","templated":true}]}}