{"id":11381,"date":"2026-04-08T08:24:00","date_gmt":"2026-04-08T08:24:00","guid":{"rendered":"https:\/\/crecerencarrera.com\/bffd55be-b700-4d3a-a854-3f9c6b173720\/"},"modified":"2026-04-08T08:24:57","modified_gmt":"2026-04-08T08:24:57","slug":"bffd55be-b700-4d3a-a854-3f9c6b173720","status":"publish","type":"post","link":"https:\/\/crecerencarrera.com\/fr\/bffd55be-b700-4d3a-a854-3f9c6b173720\/","title":{"rendered":"Selecci\u00f3n de Personal R\u00e1pida y Efectiva \u2013 Ventajas, Requisitos y Valoraci\u00f3n"},"content":{"rendered":"<\/p>\n<\/p>\n<div style=\"background: #ffffff; border-radius: 12px; box-shadow: 0 10px 30px rgba(0, 0, 0, 0.1); width: 100%; max-width: 340px; padding: 25px; transition: transform 0.3s ease-in-out; overflow: visible; display: flex; flex-direction: column; position: relative; border: 1px solid #28a745; margin-top: 70px; margin-bottom: 50px; margin-left: auto; margin-right: auto;\">\n<div style=\"position: absolute; top: -35px; right: 15px; color: #28a745; padding: 5px 10px; border-radius: 6px; font-size: 14px; font-weight: bold; display: flex; align-items: center; z-index: 10;\">Recommand\u00e9 pour toi<\/div>\n<div data-namespace-header=\"\" style=\"\">\n<h3 data-namespace-title=\"\" style=\"color: #333; font-size: 20px; font-weight: bold; text-align: left; margin-right: 50px; min-height: 50px; margin-top: 0px;\">Selecci\u00f3n de Personal<\/h3>\n<\/p><\/div>\n<p data-namespace-prompt=\"\" style=\"font-size: 16px; color: #666; margin-bottom: 20px; line-height: 1.5; flex-grow: 1; text-align: left; margin-top: 0px;\">Forma parte de un equipo \u00e1gil de selecci\u00f3n para diferentes empresas. Oportunidad de adquirir experiencia y mejorar tu perfil profesional desde el primer d\u00eda.<\/p>\n<p>    <a data-namespace-url=\"\" href=\"https:\/\/crecerencarrera.com\/fr\/redirect\/?https:\/\/www.milanuncios.com\/recursos-humanos\/seleccion-de-personal-rapida-y-efectiva-587305278.htm?utm_campaign=google_jobs_apply&#038;utm_source=google_jobs_apply&#038;utm_medium=organic\" style=\"width: 100%; display: inline-block; color: white; text-decoration: none; border-radius: 6px; font-size: 16px; font-weight: bold; text-align: center; transition: transform 0.3s ease, background 0.3s ease; margin-top: auto;\" data-namespace-id=\"5c0d2565-3ba9-4280-a382-ad2a691e2285\"><br \/>\n        <button style=\"width: 100%; height: 55px; background: #e9e9ed; border: 1px solid black; color: black;\">Apuntarse a la oferta<\/button><br \/>\n    <\/a><br \/>\n    <small style=\"margin-top: 10px; color: #777; font-size: 12px; text-align: center; display: block;\">Ser\u00e1s redirigido a otra web<\/small>\n<\/div>\n<h2>Responsabilidades diarias en Selecci\u00f3n de Personal<\/h2>\n<p>El profesional de selecci\u00f3n de personal est\u00e1 al frente de identificar, entrevistar y evaluar al mejor talento para diferentes empresas y sectores.<\/p>\n<p>Las tareas incluyen filtrar curr\u00edculos, programar entrevistas y mantener la comunicaci\u00f3n continua con candidatos y clientes empresariales.<\/p>\n<p>Adem\u00e1s, se participar\u00e1 activamente en la creaci\u00f3n de estrategias de captaci\u00f3n de talento y en la gesti\u00f3n documental de los procesos de selecci\u00f3n.<\/p>\n<p>Es fundamental mantener una actitud proactiva, aprender modelos de entrevista y adaptarse a distintos perfiles laborales.<\/p>\n<p>El d\u00eda a d\u00eda suele ser variado, din\u00e1mico y con mucha interacci\u00f3n personal, lo que aporta valor tanto al profesional como a las empresas clientes.<\/p>\n<h2>Ventajas de trabajar en Selecci\u00f3n de Personal<\/h2>\n<p>Una de las ventajas principales es la oportunidad de adquirir experiencia en recursos humanos, vital para reforzar tu perfil profesional.<\/p>\n<p>Adem\u00e1s, el trabajo ofrece un entorno colaborativo, ideal para ampliar red de contactos y aprender din\u00e1micas de distintas empresas.<\/p>\n<p>En muchos casos esta labor permite combinar flexibilidad horaria con la posibilidad de desarrollar habilidades comunicativas y de negociaci\u00f3n.<\/p>\n<p>Participar en procesos \u00e1giles puede brindar mayor autonom\u00eda y visibilidad en el sector de recursos humanos.<\/p>\n<p>El aprendizaje continuo est\u00e1 garantizado, ya que cada proceso selecciona perfiles distintos y ofrece nuevos retos diarios.<\/p>\n<h2>Aspects \u00e0 consid\u00e9rer avant d&#039;appliquer<\/h2>\n<p>El ritmo puede ser intenso, especialmente durante per\u00edodos de alta demanda, por lo que se requiere capacidad de organizaci\u00f3n y resiliencia.<\/p>\n<p>El trabajo bajo presi\u00f3n y la necesidad de cumplir plazos ajustados pueden ser un desaf\u00edo para quienes buscan un entorno m\u00e1s predecible.<\/p>\n<p>Habitualmente, se exigen buenas competencias interpersonales y capacidad para tomar decisiones r\u00e1pidas sobre perfiles de candidatos.<\/p>\n<p>La adaptabilidad es clave, dado que los requisitos del cliente pueden cambiar con frecuencia durante el proceso.<\/p>\n<p>Se debe considerar que la satisfacci\u00f3n depende en gran parte de la consecuci\u00f3n de objetivos y de la interacci\u00f3n continua con personas de diferentes perfiles.<\/p>\n<h2>Avantages de l&#039;offre<\/h2>\n<p>Gracias a los procesos \u00e1giles, puedes crecer r\u00e1pidamente y demostrar tus capacidades en selecci\u00f3n de personal.<\/p>\n<p>Es una excelente oportunidad para quienes buscan un empleo desafiante y con evoluci\u00f3n constante de responsabilidades.<\/p>\n<h2>Contras de l&#039;offre<\/h2>\n<p>El estr\u00e9s inherente y el ritmo acelerado podr\u00edan no ser adecuados para todo tipo de profesional.<\/p>\n<p>La satisfacci\u00f3n puede depender mucho de los objetivos alcanzados y la gesti\u00f3n eficiente del tiempo.<\/p>\n<h2>Veredicto Final<\/h2>\n<p>Si buscas un entorno din\u00e1mico, posibilidades de crecimiento y un trabajo en recursos humanos que aporte valor visible, esta opci\u00f3n puede ser atractiva.<\/p>\n<p>Valorando los pros y contras, es una oferta pensada para quienes disfrutan trabajando con personas y gestionando procesos con agilidad.<\/p>\n<div style=\"background: #ffffff; border-radius: 12px; box-shadow: 0 10px 30px rgba(0, 0, 0, 0.1); width: 100%; max-width: 340px; padding: 25px; transition: transform 0.3s ease-in-out; overflow: visible; display: flex; flex-direction: column; position: relative; border: 1px solid #28a745; margin-top: 70px; margin-bottom: 50px; margin-left: auto; margin-right: auto;\">\n<div style=\"position: absolute; top: -35px; right: 15px; color: #28a745; padding: 5px 10px; border-radius: 6px; font-size: 14px; font-weight: bold; display: flex; align-items: center; z-index: 10;\">Recommand\u00e9 pour toi<\/div>\n<div data-namespace-header=\"\" style=\"\">\n<h3 data-namespace-title=\"\" style=\"color: #333; font-size: 20px; font-weight: bold; text-align: left; margin-right: 50px; min-height: 50px; margin-top: 0px;\">Selecci\u00f3n de Personal<\/h3>\n<\/p><\/div>\n<p data-namespace-prompt=\"\" style=\"font-size: 16px; color: #666; margin-bottom: 20px; line-height: 1.5; flex-grow: 1; text-align: left; margin-top: 0px;\">Forma parte de un equipo \u00e1gil de selecci\u00f3n para diferentes empresas. Oportunidad de adquirir experiencia y mejorar tu perfil profesional desde el primer d\u00eda.<\/p>\n<p>    <a data-namespace-url=\"\" href=\"https:\/\/crecerencarrera.com\/fr\/redirect\/?https:\/\/www.milanuncios.com\/recursos-humanos\/seleccion-de-personal-rapida-y-efectiva-587305278.htm?utm_campaign=google_jobs_apply&#038;utm_source=google_jobs_apply&#038;utm_medium=organic\" style=\"width: 100%; display: inline-block; color: white; text-decoration: none; border-radius: 6px; font-size: 16px; font-weight: bold; text-align: center; transition: transform 0.3s ease, background 0.3s ease; margin-top: auto;\" data-namespace-id=\"5c0d2565-3ba9-4280-a382-ad2a691e2285\"><br \/>\n        <button style=\"width: 100%; height: 55px; background: #e9e9ed; border: 1px solid black; color: black;\">Apuntarse a la oferta<\/button><br \/>\n    <\/a><br \/>\n    <small style=\"margin-top: 10px; color: #777; font-size: 12px; text-align: center; display: block;\">Ser\u00e1s redirigido a otra web<\/small>\n<\/div>","protected":false},"excerpt":{"rendered":"<p>Descubre si el puesto de Selecci\u00f3n de Personal r\u00e1pida y efectiva es ideal para ti. Analizamos las ventajas, retos y caracter\u00edsticas clave de esta oportunidad en RRHH.<\/p>","protected":false},"author":3,"featured_media":0,"comment_status":"open","ping_status":"open","sticky":false,"template":"","format":"standard","meta":{"_uag_custom_page_level_css":"","site-sidebar-layout":"default","site-content-layout":"","ast-site-content-layout":"","site-content-style":"default","site-sidebar-style":"default","ast-global-header-display":"","ast-banner-title-visibility":"","ast-main-header-display":"","ast-hfb-above-header-display":"","ast-hfb-below-header-display":"","ast-hfb-mobile-header-display":"","site-post-title":"","ast-breadcrumbs-content":"","ast-featured-img":"","footer-sml-layout":"","theme-transparent-header-meta":"","adv-header-id-meta":"","stick-header-meta":"","header-above-stick-meta":"","header-main-stick-meta":"","header-below-stick-meta":"","astra-migrate-meta-layouts":"default","ast-page-background-enabled":"default","ast-page-background-meta":{"desktop":{"background-color":"var(--ast-global-color-4)","background-image":"","background-repeat":"repeat","background-position":"center center","background-size":"auto","background-attachment":"scroll","background-type":"","background-media":"","overlay-type":"","overlay-color":"","overlay-opacity":"","overlay-gradient":""},"tablet":{"background-color":"","background-image":"","background-repeat":"repeat","background-position":"center center","background-size":"auto","background-attachment":"scroll","background-type":"","background-media":"","overlay-type":"","overlay-color":"","overlay-opacity":"","overlay-gradient":""},"mobile":{"background-color":"","background-image":"","background-repeat":"repeat","background-position":"center center","background-size":"auto","background-attachment":"scroll","background-type":"","background-media":"","overlay-type":"","overlay-color":"","overlay-opacity":"","overlay-gradient":""}},"ast-content-background-meta":{"desktop":{"background-color":"var(--ast-global-color-5)","background-image":"","background-repeat":"repeat","background-position":"center center","background-size":"auto","background-attachment":"scroll","background-type":"","background-media":"","overlay-type":"","overlay-color":"","overlay-opacity":"","overlay-gradient":""},"tablet":{"background-color":"var(--ast-global-color-5)","background-image":"","background-repeat":"repeat","background-position":"center center","background-size":"auto","background-attachment":"scroll","background-type":"","background-media":"","overlay-type":"","overlay-color":"","overlay-opacity":"","overlay-gradient":""},"mobile":{"background-color":"var(--ast-global-color-5)","background-image":"","background-repeat":"repeat","background-position":"center center","background-size":"auto","background-attachment":"scroll","background-type":"","background-media":"","overlay-type":"","overlay-color":"","overlay-opacity":"","overlay-gradient":""}},"footnotes":""},"categories":[10],"tags":[],"yoast_head":"<!-- This site is optimized with the Yoast SEO plugin v23.3 - https:\/\/yoast.com\/wordpress\/plugins\/seo\/ -->\n<title>Selecci\u00f3n de Personal R\u00e1pida y Efectiva \u2013 Ventajas, Requisitos y Valoraci\u00f3n - Crecer en Carrera<\/title>\n<meta name=\"robots\" content=\"index, follow, max-snippet:-1, max-image-preview:large, max-video-preview:-1\" \/>\n<link rel=\"canonical\" href=\"https:\/\/crecerencarrera.com\/fr\/bffd55be-b700-4d3a-a854-3f9c6b173720\/\" \/>\n<meta property=\"og:locale\" content=\"fr_FR\" \/>\n<meta property=\"og:type\" content=\"article\" \/>\n<meta property=\"og:title\" content=\"Selecci\u00f3n de Personal R\u00e1pida y Efectiva \u2013 Ventajas, Requisitos y Valoraci\u00f3n - Crecer en Carrera\" \/>\n<meta property=\"og:description\" content=\"Descubre si el puesto de Selecci\u00f3n de Personal r\u00e1pida y efectiva es ideal para ti. Analizamos las ventajas, retos y caracter\u00edsticas clave de esta oportunidad en RRHH.\" \/>\n<meta property=\"og:url\" content=\"https:\/\/crecerencarrera.com\/fr\/bffd55be-b700-4d3a-a854-3f9c6b173720\/\" \/>\n<meta property=\"og:site_name\" content=\"Crecer en Carrera\" \/>\n<meta property=\"article:published_time\" content=\"2026-04-08T08:24:00+00:00\" \/>\n<meta property=\"article:modified_time\" content=\"2026-04-08T08:24:57+00:00\" \/>\n<meta name=\"author\" content=\"Bruno Gianni\" \/>\n<meta name=\"twitter:card\" content=\"summary_large_image\" \/>\n<meta name=\"twitter:label1\" content=\"Written by\" \/>\n\t<meta name=\"twitter:data1\" content=\"Bruno Gianni\" \/>\n\t<meta name=\"twitter:label2\" content=\"Est. reading time\" \/>\n\t<meta name=\"twitter:data2\" content=\"3 minutes\" \/>\n<script type=\"application\/ld+json\" class=\"yoast-schema-graph\">{\"@context\":\"https:\/\/schema.org\",\"@graph\":[{\"@type\":\"Article\",\"@id\":\"https:\/\/crecerencarrera.com\/bffd55be-b700-4d3a-a854-3f9c6b173720\/#article\",\"isPartOf\":{\"@id\":\"https:\/\/crecerencarrera.com\/bffd55be-b700-4d3a-a854-3f9c6b173720\/\"},\"author\":{\"name\":\"Bruno Gianni\",\"@id\":\"https:\/\/crecerencarrera.com\/#\/schema\/person\/d52888235fd6563bd07d97185d6a61e4\"},\"headline\":\"Selecci\u00f3n de Personal R\u00e1pida y Efectiva \u2013 Ventajas, Requisitos y Valoraci\u00f3n\",\"datePublished\":\"2026-04-08T08:24:00+00:00\",\"dateModified\":\"2026-04-08T08:24:57+00:00\",\"mainEntityOfPage\":{\"@id\":\"https:\/\/crecerencarrera.com\/bffd55be-b700-4d3a-a854-3f9c6b173720\/\"},\"wordCount\":565,\"commentCount\":0,\"publisher\":{\"@id\":\"https:\/\/crecerencarrera.com\/#organization\"},\"articleSection\":[\"Hidden\"],\"inLanguage\":\"fr-FR\",\"potentialAction\":[{\"@type\":\"CommentAction\",\"name\":\"Comment\",\"target\":[\"https:\/\/crecerencarrera.com\/bffd55be-b700-4d3a-a854-3f9c6b173720\/#respond\"]}]},{\"@type\":\"WebPage\",\"@id\":\"https:\/\/crecerencarrera.com\/bffd55be-b700-4d3a-a854-3f9c6b173720\/\",\"url\":\"https:\/\/crecerencarrera.com\/bffd55be-b700-4d3a-a854-3f9c6b173720\/\",\"name\":\"Selecci\u00f3n de Personal R\u00e1pida y Efectiva \u2013 Ventajas, Requisitos y Valoraci\u00f3n - Crecer en Carrera\",\"isPartOf\":{\"@id\":\"https:\/\/crecerencarrera.com\/#website\"},\"datePublished\":\"2026-04-08T08:24:00+00:00\",\"dateModified\":\"2026-04-08T08:24:57+00:00\",\"breadcrumb\":{\"@id\":\"https:\/\/crecerencarrera.com\/bffd55be-b700-4d3a-a854-3f9c6b173720\/#breadcrumb\"},\"inLanguage\":\"fr-FR\",\"potentialAction\":[{\"@type\":\"ReadAction\",\"target\":[\"https:\/\/crecerencarrera.com\/bffd55be-b700-4d3a-a854-3f9c6b173720\/\"]}]},{\"@type\":\"BreadcrumbList\",\"@id\":\"https:\/\/crecerencarrera.com\/bffd55be-b700-4d3a-a854-3f9c6b173720\/#breadcrumb\",\"itemListElement\":[{\"@type\":\"ListItem\",\"position\":1,\"name\":\"Home\",\"item\":\"https:\/\/crecerencarrera.com\/\"},{\"@type\":\"ListItem\",\"position\":2,\"name\":\"Selecci\u00f3n de Personal R\u00e1pida y Efectiva \u2013 Ventajas, Requisitos y Valoraci\u00f3n\"}]},{\"@type\":\"WebSite\",\"@id\":\"https:\/\/crecerencarrera.com\/#website\",\"url\":\"https:\/\/crecerencarrera.com\/\",\"name\":\"Crecer en Carrera\",\"description\":\"\",\"publisher\":{\"@id\":\"https:\/\/crecerencarrera.com\/#organization\"},\"potentialAction\":[{\"@type\":\"SearchAction\",\"target\":{\"@type\":\"EntryPoint\",\"urlTemplate\":\"https:\/\/crecerencarrera.com\/?s={search_term_string}\"},\"query-input\":\"required name=search_term_string\"}],\"inLanguage\":\"fr-FR\"},{\"@type\":\"Organization\",\"@id\":\"https:\/\/crecerencarrera.com\/#organization\",\"name\":\"Crecer en Carrera\",\"url\":\"https:\/\/crecerencarrera.com\/\",\"logo\":{\"@type\":\"ImageObject\",\"inLanguage\":\"fr-FR\",\"@id\":\"https:\/\/crecerencarrera.com\/#\/schema\/logo\/image\/\",\"url\":\"https:\/\/crecerencarrera.com\/wp-content\/uploads\/sites\/604\/2025\/10\/logo-Crecer-en-carrera.svg\",\"contentUrl\":\"https:\/\/crecerencarrera.com\/wp-content\/uploads\/sites\/604\/2025\/10\/logo-Crecer-en-carrera.svg\",\"caption\":\"Crecer en Carrera\"},\"image\":{\"@id\":\"https:\/\/crecerencarrera.com\/#\/schema\/logo\/image\/\"}},{\"@type\":\"Person\",\"@id\":\"https:\/\/crecerencarrera.com\/#\/schema\/person\/d52888235fd6563bd07d97185d6a61e4\",\"name\":\"Bruno Gianni\",\"image\":{\"@type\":\"ImageObject\",\"inLanguage\":\"fr-FR\",\"@id\":\"https:\/\/crecerencarrera.com\/#\/schema\/person\/image\/\",\"url\":\"https:\/\/secure.gravatar.com\/avatar\/0f5d42d7bf77874643c1478932860e3f?s=96&d=mm&r=g\",\"contentUrl\":\"https:\/\/secure.gravatar.com\/avatar\/0f5d42d7bf77874643c1478932860e3f?s=96&d=mm&r=g\",\"caption\":\"Bruno Gianni\"},\"description\":\"Bruno writes the way he lives, with curiosity, care, and respect for people. He likes to observe, listen, and try to understand what is happening on the other side before putting any words on the page.For him, writing is not about impressing, but about getting closer. It is about turning thoughts into something simple, clear, and real. Every text is an ongoing conversation, created with care and honesty, with the sincere intention of touching someone, somewhere along the way.\",\"url\":\"https:\/\/crecerencarrera.com\/fr\/author\/bcgianni\/\"}]}<\/script>\n<!-- \/ Yoast SEO plugin. -->","yoast_head_json":{"title":"Selecci\u00f3n de Personal R\u00e1pida y Efectiva \u2013 Ventajas, Requisitos y Valoraci\u00f3n - Crecer en Carrera","robots":{"index":"index","follow":"follow","max-snippet":"max-snippet:-1","max-image-preview":"max-image-preview:large","max-video-preview":"max-video-preview:-1"},"canonical":"https:\/\/crecerencarrera.com\/fr\/bffd55be-b700-4d3a-a854-3f9c6b173720\/","og_locale":"fr_FR","og_type":"article","og_title":"Selecci\u00f3n de Personal R\u00e1pida y Efectiva \u2013 Ventajas, Requisitos y Valoraci\u00f3n - Crecer en Carrera","og_description":"Descubre si el puesto de Selecci\u00f3n de Personal r\u00e1pida y efectiva es ideal para ti. Analizamos las ventajas, retos y caracter\u00edsticas clave de esta oportunidad en RRHH.","og_url":"https:\/\/crecerencarrera.com\/fr\/bffd55be-b700-4d3a-a854-3f9c6b173720\/","og_site_name":"Crecer en Carrera","article_published_time":"2026-04-08T08:24:00+00:00","article_modified_time":"2026-04-08T08:24:57+00:00","author":"Bruno Gianni","twitter_card":"summary_large_image","twitter_misc":{"Written by":"Bruno Gianni","Est. reading time":"3 minutes"},"schema":{"@context":"https:\/\/schema.org","@graph":[{"@type":"Article","@id":"https:\/\/crecerencarrera.com\/bffd55be-b700-4d3a-a854-3f9c6b173720\/#article","isPartOf":{"@id":"https:\/\/crecerencarrera.com\/bffd55be-b700-4d3a-a854-3f9c6b173720\/"},"author":{"name":"Bruno Gianni","@id":"https:\/\/crecerencarrera.com\/#\/schema\/person\/d52888235fd6563bd07d97185d6a61e4"},"headline":"Selecci\u00f3n de Personal R\u00e1pida y Efectiva \u2013 Ventajas, Requisitos y Valoraci\u00f3n","datePublished":"2026-04-08T08:24:00+00:00","dateModified":"2026-04-08T08:24:57+00:00","mainEntityOfPage":{"@id":"https:\/\/crecerencarrera.com\/bffd55be-b700-4d3a-a854-3f9c6b173720\/"},"wordCount":565,"commentCount":0,"publisher":{"@id":"https:\/\/crecerencarrera.com\/#organization"},"articleSection":["Hidden"],"inLanguage":"fr-FR","potentialAction":[{"@type":"CommentAction","name":"Comment","target":["https:\/\/crecerencarrera.com\/bffd55be-b700-4d3a-a854-3f9c6b173720\/#respond"]}]},{"@type":"WebPage","@id":"https:\/\/crecerencarrera.com\/bffd55be-b700-4d3a-a854-3f9c6b173720\/","url":"https:\/\/crecerencarrera.com\/bffd55be-b700-4d3a-a854-3f9c6b173720\/","name":"Selecci\u00f3n de Personal R\u00e1pida y Efectiva \u2013 Ventajas, Requisitos y Valoraci\u00f3n - Crecer en Carrera","isPartOf":{"@id":"https:\/\/crecerencarrera.com\/#website"},"datePublished":"2026-04-08T08:24:00+00:00","dateModified":"2026-04-08T08:24:57+00:00","breadcrumb":{"@id":"https:\/\/crecerencarrera.com\/bffd55be-b700-4d3a-a854-3f9c6b173720\/#breadcrumb"},"inLanguage":"fr-FR","potentialAction":[{"@type":"ReadAction","target":["https:\/\/crecerencarrera.com\/bffd55be-b700-4d3a-a854-3f9c6b173720\/"]}]},{"@type":"BreadcrumbList","@id":"https:\/\/crecerencarrera.com\/bffd55be-b700-4d3a-a854-3f9c6b173720\/#breadcrumb","itemListElement":[{"@type":"ListItem","position":1,"name":"Home","item":"https:\/\/crecerencarrera.com\/"},{"@type":"ListItem","position":2,"name":"Selecci\u00f3n de Personal R\u00e1pida y Efectiva \u2013 Ventajas, Requisitos y Valoraci\u00f3n"}]},{"@type":"WebSite","@id":"https:\/\/crecerencarrera.com\/#website","url":"https:\/\/crecerencarrera.com\/","name":"Crecer en Carrera","description":"","publisher":{"@id":"https:\/\/crecerencarrera.com\/#organization"},"potentialAction":[{"@type":"SearchAction","target":{"@type":"EntryPoint","urlTemplate":"https:\/\/crecerencarrera.com\/?s={search_term_string}"},"query-input":"required name=search_term_string"}],"inLanguage":"fr-FR"},{"@type":"Organization","@id":"https:\/\/crecerencarrera.com\/#organization","name":"Crecer en Carrera","url":"https:\/\/crecerencarrera.com\/","logo":{"@type":"ImageObject","inLanguage":"fr-FR","@id":"https:\/\/crecerencarrera.com\/#\/schema\/logo\/image\/","url":"https:\/\/crecerencarrera.com\/wp-content\/uploads\/sites\/604\/2025\/10\/logo-Crecer-en-carrera.svg","contentUrl":"https:\/\/crecerencarrera.com\/wp-content\/uploads\/sites\/604\/2025\/10\/logo-Crecer-en-carrera.svg","caption":"Crecer en Carrera"},"image":{"@id":"https:\/\/crecerencarrera.com\/#\/schema\/logo\/image\/"}},{"@type":"Person","@id":"https:\/\/crecerencarrera.com\/#\/schema\/person\/d52888235fd6563bd07d97185d6a61e4","name":"Bruno Gianni","image":{"@type":"ImageObject","inLanguage":"fr-FR","@id":"https:\/\/crecerencarrera.com\/#\/schema\/person\/image\/","url":"https:\/\/secure.gravatar.com\/avatar\/0f5d42d7bf77874643c1478932860e3f?s=96&d=mm&r=g","contentUrl":"https:\/\/secure.gravatar.com\/avatar\/0f5d42d7bf77874643c1478932860e3f?s=96&d=mm&r=g","caption":"Bruno Gianni"},"description":"Bruno writes the way he lives, with curiosity, care, and respect for people. He likes to observe, listen, and try to understand what is happening on the other side before putting any words on the page.For him, writing is not about impressing, but about getting closer. It is about turning thoughts into something simple, clear, and real. Every text is an ongoing conversation, created with care and honesty, with the sincere intention of touching someone, somewhere along the way.","url":"https:\/\/crecerencarrera.com\/fr\/author\/bcgianni\/"}]}},"uagb_featured_image_src":{"full":false,"thumbnail":false,"medium":false,"medium_large":false,"large":false,"1536x1536":false,"2048x2048":false,"trp-custom-language-flag":false},"uagb_author_info":{"display_name":"Bruno Gianni","author_link":"https:\/\/crecerencarrera.com\/fr\/author\/bcgianni\/"},"uagb_comment_info":0,"uagb_excerpt":"Descubre si el puesto de Selecci\u00f3n de Personal r\u00e1pida y efectiva es ideal para ti. Analizamos las ventajas, retos y caracter\u00edsticas clave de esta oportunidad en RRHH.","_links":{"self":[{"href":"https:\/\/crecerencarrera.com\/fr\/wp-json\/wp\/v2\/posts\/11381"}],"collection":[{"href":"https:\/\/crecerencarrera.com\/fr\/wp-json\/wp\/v2\/posts"}],"about":[{"href":"https:\/\/crecerencarrera.com\/fr\/wp-json\/wp\/v2\/types\/post"}],"author":[{"embeddable":true,"href":"https:\/\/crecerencarrera.com\/fr\/wp-json\/wp\/v2\/users\/3"}],"replies":[{"embeddable":true,"href":"https:\/\/crecerencarrera.com\/fr\/wp-json\/wp\/v2\/comments?post=11381"}],"version-history":[{"count":1,"href":"https:\/\/crecerencarrera.com\/fr\/wp-json\/wp\/v2\/posts\/11381\/revisions"}],"predecessor-version":[{"id":11382,"href":"https:\/\/crecerencarrera.com\/fr\/wp-json\/wp\/v2\/posts\/11381\/revisions\/11382"}],"wp:attachment":[{"href":"https:\/\/crecerencarrera.com\/fr\/wp-json\/wp\/v2\/media?parent=11381"}],"wp:term":[{"taxonomy":"category","embeddable":true,"href":"https:\/\/crecerencarrera.com\/fr\/wp-json\/wp\/v2\/categories?post=11381"},{"taxonomy":"post_tag","embeddable":true,"href":"https:\/\/crecerencarrera.com\/fr\/wp-json\/wp\/v2\/tags?post=11381"}],"curies":[{"name":"wp","href":"https:\/\/api.w.org\/{rel}","templated":true}]}}