{"id":11594,"date":"2026-04-09T19:24:00","date_gmt":"2026-04-09T19:24:00","guid":{"rendered":"https:\/\/crecerencarrera.com\/e41e14be-5f57-4964-b620-4b70fde4f51c\/"},"modified":"2026-04-09T19:24:46","modified_gmt":"2026-04-09T19:24:46","slug":"e41e14be-5f57-4964-b620-4b70fde4f51c","status":"publish","type":"post","link":"https:\/\/crecerencarrera.com\/fr\/e41e14be-5f57-4964-b620-4b70fde4f51c\/","title":{"rendered":"Cadre de Sant\u00e9 \u2013 Encadrement, management et \u00e9volution professionnelle dans un EHPAD"},"content":{"rendered":"<\/p>\n<\/p>\n<div style=\"background: #ffffff; border-radius: 12px; box-shadow: 0 10px 30px rgba(0, 0, 0, 0.1); width: 100%; max-width: 340px; padding: 25px; transition: transform 0.3s ease-in-out; overflow: visible; display: flex; flex-direction: column; position: relative; border: 1px solid #28a745; margin-top: 70px; margin-bottom: 50px; margin-left: auto; margin-right: auto;\">\n<div style=\"position: absolute; top: -35px; right: 15px; color: #28a745; padding: 5px 10px; border-radius: 6px; font-size: 14px; font-weight: bold; display: flex; align-items: center; z-index: 10;\">Recommand\u00e9 pour vous<\/div>\n<div data-namespace-header=\"\" style=\"\">\n<h3 data-namespace-title=\"\" style=\"color: #333; font-size: 20px; font-weight: bold; text-align: left; margin-right: 50px; min-height: 50px; margin-top: 0px;\">Cadre de Sant\u00e9<\/h3>\n<\/p><\/div>\n<p data-namespace-prompt=\"\" style=\"font-size: 16px; color: #666; margin-bottom: 20px; line-height: 1.5; flex-grow: 1; text-align: left; margin-top: 0px;\">Gestion \u00e9quipe, suivi projets de soins, \u00e9volution pro. Dipl\u00f4me de Cadre exig\u00e9. Poste stable et statut fonction publique pour booster votre carri\u00e8re en sant\u00e9.<\/p>\n<p>    <a data-namespace-url=\"\" href=\"https:\/\/crecerencarrera.com\/fr\/redirect\/?https:\/\/www.emploipublic.fr\/offre-emploi\/offre-emploi-cadre-de-sante-o-279516?utm_campaign=google_jobs_apply&#038;utm_source=google_jobs_apply&#038;utm_medium=organic\" style=\"width: 100%; display: inline-block; color: white; text-decoration: none; border-radius: 6px; font-size: 16px; font-weight: bold; text-align: center; transition: transform 0.3s ease, background 0.3s ease; margin-top: auto;\" data-namespace-id=\"5c0d2565-3ba9-4280-a382-ad2a691e2285\"><br \/>\n        <button style=\"width: 100%; height: 55px; background: #e9e9ed; border: 1px solid black; color: black;\">Postuler \u00e0 l&#039;offre<\/button><br \/>\n    <\/a><br \/>\n    <small style=\"margin-top: 10px; color: #777; font-size: 12px; text-align: center; display: block;\">Vous serez redirig\u00e9 vers un autre site<\/small>\n<\/div>\n<h2>Un poste enrichissant et valorisant<\/h2>\n<p>Le poste de Cadre de Sant\u00e9 \u00e0 pourvoir est propos\u00e9 en contrat dans la fonction publique hospitali\u00e8re. Il s\u2019agit d\u2019un emploi \u00e0 temps plein, id\u00e9al pour un professionnel du secteur m\u00e9dical.<\/p>\n<p>Le salaire n\u2019est pas pr\u00e9cis\u00e9 d\u00e8s l\u2019offre, mais il d\u00e9pendra du bar\u00e8me statutaire et de l\u2019exp\u00e9rience. Les conditions sont clairement orient\u00e9es vers la stabilit\u00e9.<\/p>\n<p>Le d\u00e9marrage est pr\u00e9vu pour le 1er juin, offrant ainsi le temps n\u00e9cessaire pour pr\u00e9parer votre projet professionnel avec s\u00e9r\u00e9nit\u00e9.<\/p>\n<p>Ce poste conviendra aux titulaires d\u2019un dipl\u00f4me de Cadre de Sant\u00e9, avec un int\u00e9r\u00eat particulier pour la g\u00e9riatrie ou l\u2019accompagnement des personnes \u00e2g\u00e9es en institution.<\/p>\n<p>L\u2019\u00e9tablissement, accueillant, est engag\u00e9 depuis toujours dans une am\u00e9lioration continue de la qualit\u00e9 de vie au travail comme de la qualit\u00e9 des soins.<\/p>\n<h2>Responsabilit\u00e9s principales et quotidien du poste<\/h2>\n<p>Le Cadre de Sant\u00e9 encadre et anime les \u00e9quipes soignantes, dont les infirmiers, aides-soignants et agents de service.<\/p>\n<p>Il assure la planification, la coordination et le contr\u00f4le des soins avec rigueur et sens organisationnel.<\/p>\n<p>L\u2019accompagnement du projet de soins, en lien direct avec le m\u00e9decin coordonnateur, fait partie int\u00e9grante du quotidien.<\/p>\n<p>L\u2019animation de la d\u00e9marche qualit\u00e9, la gestion des risques et la formation continue rythment la semaine.<\/p>\n<p>Les \u00e9changes avec les familles et les partenaires exigent \u00e9coute active, p\u00e9dagogie et diplomatie.<\/p>\n<h2>Points positifs du poste<\/h2>\n<p>La stabilit\u00e9 de l\u2019emploi dans la fonction publique garantit une s\u00e9curit\u00e9 professionnelle pr\u00e9cieuse dans le secteur de la sant\u00e9.<\/p>\n<p>\u00c9voluer dans un \u00e9tablissement attentif \u00e0 la qualit\u00e9 de vie au travail favorise un environnement collaboratif et motivant.<\/p>\n<h2>Quelques limites et points \u00e0 surveiller<\/h2>\n<p>La r\u00e9mun\u00e9ration, non communiqu\u00e9e en amont, peut n\u00e9cessiter une discussion pour clarifier vos attentes.<\/p>\n<p>La gestion du stress, fr\u00e9quente dans les fonctions d\u2019encadrement en EHPAD, exige r\u00e9silience et organisation personnelle.<\/p>\n<h2>Notre verdict ind\u00e9pendant<\/h2>\n<p>Ce poste de Cadre de Sant\u00e9 offre une belle opportunit\u00e9 d&#8217;exp\u00e9rience manag\u00e9riale dans un environnement porteur.<\/p>\n<p>Son aspect stable et valorisant, malgr\u00e9 certains d\u00e9fis inh\u00e9rents au secteur, en fait une option solide pour \u00e9voluer dans la fonction publique hospitali\u00e8re.<\/p>\n<div style=\"background: #ffffff; border-radius: 12px; box-shadow: 0 10px 30px rgba(0, 0, 0, 0.1); width: 100%; max-width: 340px; padding: 25px; transition: transform 0.3s ease-in-out; overflow: visible; display: flex; flex-direction: column; position: relative; border: 1px solid #28a745; margin-top: 70px; margin-bottom: 50px; margin-left: auto; margin-right: auto;\">\n<div style=\"position: absolute; top: -35px; right: 15px; color: #28a745; padding: 5px 10px; border-radius: 6px; font-size: 14px; font-weight: bold; display: flex; align-items: center; z-index: 10;\">Recommand\u00e9 pour vous<\/div>\n<div data-namespace-header=\"\" style=\"\">\n<h3 data-namespace-title=\"\" style=\"color: #333; font-size: 20px; font-weight: bold; text-align: left; margin-right: 50px; min-height: 50px; margin-top: 0px;\">Cadre de Sant\u00e9<\/h3>\n<\/p><\/div>\n<p data-namespace-prompt=\"\" style=\"font-size: 16px; color: #666; margin-bottom: 20px; line-height: 1.5; flex-grow: 1; text-align: left; margin-top: 0px;\">Gestion \u00e9quipe, suivi projets de soins, \u00e9volution pro. Dipl\u00f4me de Cadre exig\u00e9. Poste stable et statut fonction publique pour booster votre carri\u00e8re en sant\u00e9.<\/p>\n<p>    <a data-namespace-url=\"\" href=\"https:\/\/crecerencarrera.com\/fr\/redirect\/?https:\/\/www.emploipublic.fr\/offre-emploi\/offre-emploi-cadre-de-sante-o-279516?utm_campaign=google_jobs_apply&#038;utm_source=google_jobs_apply&#038;utm_medium=organic\" style=\"width: 100%; display: inline-block; color: white; text-decoration: none; border-radius: 6px; font-size: 16px; font-weight: bold; text-align: center; transition: transform 0.3s ease, background 0.3s ease; margin-top: auto;\" data-namespace-id=\"5c0d2565-3ba9-4280-a382-ad2a691e2285\"><br \/>\n        <button style=\"width: 100%; height: 55px; background: #e9e9ed; border: 1px solid black; color: black;\">Postuler \u00e0 l&#039;offre<\/button><br \/>\n    <\/a><br \/>\n    <small style=\"margin-top: 10px; color: #777; font-size: 12px; text-align: center; display: block;\">Vous serez redirig\u00e9 vers un autre site<\/small>\n<\/div>","protected":false},"excerpt":{"rendered":"<p>D\u00e9couvrez le poste de Cadre de Sant\u00e9 \u00e0 pourvoir : responsabilit\u00e9s manag\u00e9riales, conditions stables et possibilit\u00e9 d\u2019\u00e9volution dans la fonction publique hospitali\u00e8re.<\/p>","protected":false},"author":3,"featured_media":0,"comment_status":"open","ping_status":"open","sticky":false,"template":"","format":"standard","meta":{"_uag_custom_page_level_css":"","site-sidebar-layout":"default","site-content-layout":"","ast-site-content-layout":"","site-content-style":"default","site-sidebar-style":"default","ast-global-header-display":"","ast-banner-title-visibility":"","ast-main-header-display":"","ast-hfb-above-header-display":"","ast-hfb-below-header-display":"","ast-hfb-mobile-header-display":"","site-post-title":"","ast-breadcrumbs-content":"","ast-featured-img":"","footer-sml-layout":"","theme-transparent-header-meta":"","adv-header-id-meta":"","stick-header-meta":"","header-above-stick-meta":"","header-main-stick-meta":"","header-below-stick-meta":"","astra-migrate-meta-layouts":"default","ast-page-background-enabled":"default","ast-page-background-meta":{"desktop":{"background-color":"var(--ast-global-color-4)","background-image":"","background-repeat":"repeat","background-position":"center center","background-size":"auto","background-attachment":"scroll","background-type":"","background-media":"","overlay-type":"","overlay-color":"","overlay-opacity":"","overlay-gradient":""},"tablet":{"background-color":"","background-image":"","background-repeat":"repeat","background-position":"center center","background-size":"auto","background-attachment":"scroll","background-type":"","background-media":"","overlay-type":"","overlay-color":"","overlay-opacity":"","overlay-gradient":""},"mobile":{"background-color":"","background-image":"","background-repeat":"repeat","background-position":"center center","background-size":"auto","background-attachment":"scroll","background-type":"","background-media":"","overlay-type":"","overlay-color":"","overlay-opacity":"","overlay-gradient":""}},"ast-content-background-meta":{"desktop":{"background-color":"var(--ast-global-color-5)","background-image":"","background-repeat":"repeat","background-position":"center center","background-size":"auto","background-attachment":"scroll","background-type":"","background-media":"","overlay-type":"","overlay-color":"","overlay-opacity":"","overlay-gradient":""},"tablet":{"background-color":"var(--ast-global-color-5)","background-image":"","background-repeat":"repeat","background-position":"center center","background-size":"auto","background-attachment":"scroll","background-type":"","background-media":"","overlay-type":"","overlay-color":"","overlay-opacity":"","overlay-gradient":""},"mobile":{"background-color":"var(--ast-global-color-5)","background-image":"","background-repeat":"repeat","background-position":"center center","background-size":"auto","background-attachment":"scroll","background-type":"","background-media":"","overlay-type":"","overlay-color":"","overlay-opacity":"","overlay-gradient":""}},"footnotes":""},"categories":[10],"tags":[],"yoast_head":"<!-- This site is optimized with the Yoast SEO plugin v23.3 - https:\/\/yoast.com\/wordpress\/plugins\/seo\/ -->\n<title>Cadre de Sant\u00e9 \u2013 Encadrement, management et \u00e9volution professionnelle dans un EHPAD - Crecer en Carrera<\/title>\n<meta name=\"robots\" content=\"index, follow, max-snippet:-1, max-image-preview:large, max-video-preview:-1\" \/>\n<link rel=\"canonical\" href=\"https:\/\/crecerencarrera.com\/fr\/e41e14be-5f57-4964-b620-4b70fde4f51c\/\" \/>\n<meta property=\"og:locale\" content=\"fr_FR\" \/>\n<meta property=\"og:type\" content=\"article\" \/>\n<meta property=\"og:title\" content=\"Cadre de Sant\u00e9 \u2013 Encadrement, management et \u00e9volution professionnelle dans un EHPAD - Crecer en Carrera\" \/>\n<meta property=\"og:description\" content=\"D\u00e9couvrez le poste de Cadre de Sant\u00e9 \u00e0 pourvoir : responsabilit\u00e9s manag\u00e9riales, conditions stables et possibilit\u00e9 d\u2019\u00e9volution dans la fonction publique hospitali\u00e8re.\" \/>\n<meta property=\"og:url\" content=\"https:\/\/crecerencarrera.com\/fr\/e41e14be-5f57-4964-b620-4b70fde4f51c\/\" \/>\n<meta property=\"og:site_name\" content=\"Crecer en Carrera\" \/>\n<meta property=\"article:published_time\" content=\"2026-04-09T19:24:00+00:00\" \/>\n<meta property=\"article:modified_time\" content=\"2026-04-09T19:24:46+00:00\" \/>\n<meta name=\"author\" content=\"Bruno Gianni\" \/>\n<meta name=\"twitter:card\" content=\"summary_large_image\" \/>\n<meta name=\"twitter:label1\" content=\"Written by\" \/>\n\t<meta name=\"twitter:data1\" content=\"Bruno Gianni\" \/>\n\t<meta name=\"twitter:label2\" content=\"Est. reading time\" \/>\n\t<meta name=\"twitter:data2\" content=\"2 minutes\" \/>\n<script type=\"application\/ld+json\" class=\"yoast-schema-graph\">{\"@context\":\"https:\/\/schema.org\",\"@graph\":[{\"@type\":\"Article\",\"@id\":\"https:\/\/crecerencarrera.com\/e41e14be-5f57-4964-b620-4b70fde4f51c\/#article\",\"isPartOf\":{\"@id\":\"https:\/\/crecerencarrera.com\/e41e14be-5f57-4964-b620-4b70fde4f51c\/\"},\"author\":{\"name\":\"Bruno Gianni\",\"@id\":\"https:\/\/crecerencarrera.com\/#\/schema\/person\/d52888235fd6563bd07d97185d6a61e4\"},\"headline\":\"Cadre de Sant\u00e9 \u2013 Encadrement, management et \u00e9volution professionnelle dans un EHPAD\",\"datePublished\":\"2026-04-09T19:24:00+00:00\",\"dateModified\":\"2026-04-09T19:24:46+00:00\",\"mainEntityOfPage\":{\"@id\":\"https:\/\/crecerencarrera.com\/e41e14be-5f57-4964-b620-4b70fde4f51c\/\"},\"wordCount\":479,\"commentCount\":0,\"publisher\":{\"@id\":\"https:\/\/crecerencarrera.com\/#organization\"},\"articleSection\":[\"Hidden\"],\"inLanguage\":\"fr-FR\",\"potentialAction\":[{\"@type\":\"CommentAction\",\"name\":\"Comment\",\"target\":[\"https:\/\/crecerencarrera.com\/e41e14be-5f57-4964-b620-4b70fde4f51c\/#respond\"]}]},{\"@type\":\"WebPage\",\"@id\":\"https:\/\/crecerencarrera.com\/e41e14be-5f57-4964-b620-4b70fde4f51c\/\",\"url\":\"https:\/\/crecerencarrera.com\/e41e14be-5f57-4964-b620-4b70fde4f51c\/\",\"name\":\"Cadre de Sant\u00e9 \u2013 Encadrement, management et \u00e9volution professionnelle dans un EHPAD - Crecer en Carrera\",\"isPartOf\":{\"@id\":\"https:\/\/crecerencarrera.com\/#website\"},\"datePublished\":\"2026-04-09T19:24:00+00:00\",\"dateModified\":\"2026-04-09T19:24:46+00:00\",\"breadcrumb\":{\"@id\":\"https:\/\/crecerencarrera.com\/e41e14be-5f57-4964-b620-4b70fde4f51c\/#breadcrumb\"},\"inLanguage\":\"fr-FR\",\"potentialAction\":[{\"@type\":\"ReadAction\",\"target\":[\"https:\/\/crecerencarrera.com\/e41e14be-5f57-4964-b620-4b70fde4f51c\/\"]}]},{\"@type\":\"BreadcrumbList\",\"@id\":\"https:\/\/crecerencarrera.com\/e41e14be-5f57-4964-b620-4b70fde4f51c\/#breadcrumb\",\"itemListElement\":[{\"@type\":\"ListItem\",\"position\":1,\"name\":\"Home\",\"item\":\"https:\/\/crecerencarrera.com\/\"},{\"@type\":\"ListItem\",\"position\":2,\"name\":\"Cadre de Sant\u00e9 \u2013 Encadrement, management et \u00e9volution professionnelle dans un EHPAD\"}]},{\"@type\":\"WebSite\",\"@id\":\"https:\/\/crecerencarrera.com\/#website\",\"url\":\"https:\/\/crecerencarrera.com\/\",\"name\":\"Crecer en Carrera\",\"description\":\"\",\"publisher\":{\"@id\":\"https:\/\/crecerencarrera.com\/#organization\"},\"potentialAction\":[{\"@type\":\"SearchAction\",\"target\":{\"@type\":\"EntryPoint\",\"urlTemplate\":\"https:\/\/crecerencarrera.com\/?s={search_term_string}\"},\"query-input\":\"required name=search_term_string\"}],\"inLanguage\":\"fr-FR\"},{\"@type\":\"Organization\",\"@id\":\"https:\/\/crecerencarrera.com\/#organization\",\"name\":\"Crecer en Carrera\",\"url\":\"https:\/\/crecerencarrera.com\/\",\"logo\":{\"@type\":\"ImageObject\",\"inLanguage\":\"fr-FR\",\"@id\":\"https:\/\/crecerencarrera.com\/#\/schema\/logo\/image\/\",\"url\":\"https:\/\/crecerencarrera.com\/wp-content\/uploads\/sites\/604\/2025\/10\/logo-Crecer-en-carrera.svg\",\"contentUrl\":\"https:\/\/crecerencarrera.com\/wp-content\/uploads\/sites\/604\/2025\/10\/logo-Crecer-en-carrera.svg\",\"caption\":\"Crecer en Carrera\"},\"image\":{\"@id\":\"https:\/\/crecerencarrera.com\/#\/schema\/logo\/image\/\"}},{\"@type\":\"Person\",\"@id\":\"https:\/\/crecerencarrera.com\/#\/schema\/person\/d52888235fd6563bd07d97185d6a61e4\",\"name\":\"Bruno Gianni\",\"image\":{\"@type\":\"ImageObject\",\"inLanguage\":\"fr-FR\",\"@id\":\"https:\/\/crecerencarrera.com\/#\/schema\/person\/image\/\",\"url\":\"https:\/\/secure.gravatar.com\/avatar\/0f5d42d7bf77874643c1478932860e3f?s=96&d=mm&r=g\",\"contentUrl\":\"https:\/\/secure.gravatar.com\/avatar\/0f5d42d7bf77874643c1478932860e3f?s=96&d=mm&r=g\",\"caption\":\"Bruno Gianni\"},\"description\":\"Bruno writes the way he lives, with curiosity, care, and respect for people. He likes to observe, listen, and try to understand what is happening on the other side before putting any words on the page.For him, writing is not about impressing, but about getting closer. It is about turning thoughts into something simple, clear, and real. Every text is an ongoing conversation, created with care and honesty, with the sincere intention of touching someone, somewhere along the way.\",\"url\":\"https:\/\/crecerencarrera.com\/fr\/author\/bcgianni\/\"}]}<\/script>\n<!-- \/ Yoast SEO plugin. -->","yoast_head_json":{"title":"Cadre de Sant\u00e9 \u2013 Encadrement, management et \u00e9volution professionnelle dans un EHPAD - Crecer en Carrera","robots":{"index":"index","follow":"follow","max-snippet":"max-snippet:-1","max-image-preview":"max-image-preview:large","max-video-preview":"max-video-preview:-1"},"canonical":"https:\/\/crecerencarrera.com\/fr\/e41e14be-5f57-4964-b620-4b70fde4f51c\/","og_locale":"fr_FR","og_type":"article","og_title":"Cadre de Sant\u00e9 \u2013 Encadrement, management et \u00e9volution professionnelle dans un EHPAD - Crecer en Carrera","og_description":"D\u00e9couvrez le poste de Cadre de Sant\u00e9 \u00e0 pourvoir : responsabilit\u00e9s manag\u00e9riales, conditions stables et possibilit\u00e9 d\u2019\u00e9volution dans la fonction publique hospitali\u00e8re.","og_url":"https:\/\/crecerencarrera.com\/fr\/e41e14be-5f57-4964-b620-4b70fde4f51c\/","og_site_name":"Crecer en Carrera","article_published_time":"2026-04-09T19:24:00+00:00","article_modified_time":"2026-04-09T19:24:46+00:00","author":"Bruno Gianni","twitter_card":"summary_large_image","twitter_misc":{"Written by":"Bruno Gianni","Est. reading time":"2 minutes"},"schema":{"@context":"https:\/\/schema.org","@graph":[{"@type":"Article","@id":"https:\/\/crecerencarrera.com\/e41e14be-5f57-4964-b620-4b70fde4f51c\/#article","isPartOf":{"@id":"https:\/\/crecerencarrera.com\/e41e14be-5f57-4964-b620-4b70fde4f51c\/"},"author":{"name":"Bruno Gianni","@id":"https:\/\/crecerencarrera.com\/#\/schema\/person\/d52888235fd6563bd07d97185d6a61e4"},"headline":"Cadre de Sant\u00e9 \u2013 Encadrement, management et \u00e9volution professionnelle dans un EHPAD","datePublished":"2026-04-09T19:24:00+00:00","dateModified":"2026-04-09T19:24:46+00:00","mainEntityOfPage":{"@id":"https:\/\/crecerencarrera.com\/e41e14be-5f57-4964-b620-4b70fde4f51c\/"},"wordCount":479,"commentCount":0,"publisher":{"@id":"https:\/\/crecerencarrera.com\/#organization"},"articleSection":["Hidden"],"inLanguage":"fr-FR","potentialAction":[{"@type":"CommentAction","name":"Comment","target":["https:\/\/crecerencarrera.com\/e41e14be-5f57-4964-b620-4b70fde4f51c\/#respond"]}]},{"@type":"WebPage","@id":"https:\/\/crecerencarrera.com\/e41e14be-5f57-4964-b620-4b70fde4f51c\/","url":"https:\/\/crecerencarrera.com\/e41e14be-5f57-4964-b620-4b70fde4f51c\/","name":"Cadre de Sant\u00e9 \u2013 Encadrement, management et \u00e9volution professionnelle dans un EHPAD - Crecer en Carrera","isPartOf":{"@id":"https:\/\/crecerencarrera.com\/#website"},"datePublished":"2026-04-09T19:24:00+00:00","dateModified":"2026-04-09T19:24:46+00:00","breadcrumb":{"@id":"https:\/\/crecerencarrera.com\/e41e14be-5f57-4964-b620-4b70fde4f51c\/#breadcrumb"},"inLanguage":"fr-FR","potentialAction":[{"@type":"ReadAction","target":["https:\/\/crecerencarrera.com\/e41e14be-5f57-4964-b620-4b70fde4f51c\/"]}]},{"@type":"BreadcrumbList","@id":"https:\/\/crecerencarrera.com\/e41e14be-5f57-4964-b620-4b70fde4f51c\/#breadcrumb","itemListElement":[{"@type":"ListItem","position":1,"name":"Home","item":"https:\/\/crecerencarrera.com\/"},{"@type":"ListItem","position":2,"name":"Cadre de Sant\u00e9 \u2013 Encadrement, management et \u00e9volution professionnelle dans un EHPAD"}]},{"@type":"WebSite","@id":"https:\/\/crecerencarrera.com\/#website","url":"https:\/\/crecerencarrera.com\/","name":"Crecer en Carrera","description":"","publisher":{"@id":"https:\/\/crecerencarrera.com\/#organization"},"potentialAction":[{"@type":"SearchAction","target":{"@type":"EntryPoint","urlTemplate":"https:\/\/crecerencarrera.com\/?s={search_term_string}"},"query-input":"required name=search_term_string"}],"inLanguage":"fr-FR"},{"@type":"Organization","@id":"https:\/\/crecerencarrera.com\/#organization","name":"Crecer en Carrera","url":"https:\/\/crecerencarrera.com\/","logo":{"@type":"ImageObject","inLanguage":"fr-FR","@id":"https:\/\/crecerencarrera.com\/#\/schema\/logo\/image\/","url":"https:\/\/crecerencarrera.com\/wp-content\/uploads\/sites\/604\/2025\/10\/logo-Crecer-en-carrera.svg","contentUrl":"https:\/\/crecerencarrera.com\/wp-content\/uploads\/sites\/604\/2025\/10\/logo-Crecer-en-carrera.svg","caption":"Crecer en Carrera"},"image":{"@id":"https:\/\/crecerencarrera.com\/#\/schema\/logo\/image\/"}},{"@type":"Person","@id":"https:\/\/crecerencarrera.com\/#\/schema\/person\/d52888235fd6563bd07d97185d6a61e4","name":"Bruno Gianni","image":{"@type":"ImageObject","inLanguage":"fr-FR","@id":"https:\/\/crecerencarrera.com\/#\/schema\/person\/image\/","url":"https:\/\/secure.gravatar.com\/avatar\/0f5d42d7bf77874643c1478932860e3f?s=96&d=mm&r=g","contentUrl":"https:\/\/secure.gravatar.com\/avatar\/0f5d42d7bf77874643c1478932860e3f?s=96&d=mm&r=g","caption":"Bruno Gianni"},"description":"Bruno writes the way he lives, with curiosity, care, and respect for people. He likes to observe, listen, and try to understand what is happening on the other side before putting any words on the page.For him, writing is not about impressing, but about getting closer. It is about turning thoughts into something simple, clear, and real. Every text is an ongoing conversation, created with care and honesty, with the sincere intention of touching someone, somewhere along the way.","url":"https:\/\/crecerencarrera.com\/fr\/author\/bcgianni\/"}]}},"uagb_featured_image_src":{"full":false,"thumbnail":false,"medium":false,"medium_large":false,"large":false,"1536x1536":false,"2048x2048":false,"trp-custom-language-flag":false},"uagb_author_info":{"display_name":"Bruno Gianni","author_link":"https:\/\/crecerencarrera.com\/fr\/author\/bcgianni\/"},"uagb_comment_info":0,"uagb_excerpt":"D\u00e9couvrez le poste de Cadre de Sant\u00e9 \u00e0 pourvoir : responsabilit\u00e9s manag\u00e9riales, conditions stables et possibilit\u00e9 d\u2019\u00e9volution dans la fonction publique hospitali\u00e8re.","_links":{"self":[{"href":"https:\/\/crecerencarrera.com\/fr\/wp-json\/wp\/v2\/posts\/11594"}],"collection":[{"href":"https:\/\/crecerencarrera.com\/fr\/wp-json\/wp\/v2\/posts"}],"about":[{"href":"https:\/\/crecerencarrera.com\/fr\/wp-json\/wp\/v2\/types\/post"}],"author":[{"embeddable":true,"href":"https:\/\/crecerencarrera.com\/fr\/wp-json\/wp\/v2\/users\/3"}],"replies":[{"embeddable":true,"href":"https:\/\/crecerencarrera.com\/fr\/wp-json\/wp\/v2\/comments?post=11594"}],"version-history":[{"count":1,"href":"https:\/\/crecerencarrera.com\/fr\/wp-json\/wp\/v2\/posts\/11594\/revisions"}],"predecessor-version":[{"id":11602,"href":"https:\/\/crecerencarrera.com\/fr\/wp-json\/wp\/v2\/posts\/11594\/revisions\/11602"}],"wp:attachment":[{"href":"https:\/\/crecerencarrera.com\/fr\/wp-json\/wp\/v2\/media?parent=11594"}],"wp:term":[{"taxonomy":"category","embeddable":true,"href":"https:\/\/crecerencarrera.com\/fr\/wp-json\/wp\/v2\/categories?post=11594"},{"taxonomy":"post_tag","embeddable":true,"href":"https:\/\/crecerencarrera.com\/fr\/wp-json\/wp\/v2\/tags?post=11594"}],"curies":[{"name":"wp","href":"https:\/\/api.w.org\/{rel}","templated":true}]}}