{"id":11598,"date":"2026-04-09T19:24:00","date_gmt":"2026-04-09T19:24:00","guid":{"rendered":"https:\/\/crecerencarrera.com\/38b956e7-b78f-4ce2-a05c-ec2f9d866433\/"},"modified":"2026-04-09T19:24:53","modified_gmt":"2026-04-09T19:24:53","slug":"38b956e7-b78f-4ce2-a05c-ec2f9d866433","status":"publish","type":"post","link":"https:\/\/crecerencarrera.com\/fr\/38b956e7-b78f-4ce2-a05c-ec2f9d866433\/","title":{"rendered":"Alternance ou stage RH F\/H chez Vestack\u202f: impact, apprentissage et exp\u00e9rience enrichissante"},"content":{"rendered":"<\/p>\n<\/p>\n<div style=\"background: #ffffff; border-radius: 12px; box-shadow: 0 10px 30px rgba(0, 0, 0, 0.1); width: 100%; max-width: 340px; padding: 25px; transition: transform 0.3s ease-in-out; overflow: visible; display: flex; flex-direction: column; position: relative; border: 1px solid #28a745; margin-top: 70px; margin-bottom: 50px; margin-left: auto; margin-right: auto;\">\n<div style=\"position: absolute; top: -35px; right: 15px; color: #28a745; padding: 5px 10px; border-radius: 6px; font-size: 14px; font-weight: bold; display: flex; align-items: center; z-index: 10;\">Recommand\u00e9 pour vous<\/div>\n<div data-namespace-header=\"\" style=\"\">\n<h3 data-namespace-title=\"\" style=\"color: #333; font-size: 20px; font-weight: bold; text-align: left; margin-right: 50px; min-height: 50px; margin-top: 0px;\">Alternance\/Stage RH F\/H<\/h3>\n<\/p><\/div>\n<p data-namespace-prompt=\"\" style=\"font-size: 16px; color: #666; margin-bottom: 20px; line-height: 1.5; flex-grow: 1; text-align: left; margin-top: 0px;\">Participez activement aux recrutements, accompagnez les collaborateurs et d\u00e9veloppez vos comp\u00e9tences RH dans une entreprise innovante et engag\u00e9e.<\/p>\n<p>    <a data-namespace-url=\"\" href=\"https:\/\/crecerencarrera.com\/fr\/redirect\/?https:\/\/join.com\/companies\/vestack\/15957761-alternance-ou-stage-ressources-humaines-f-h-poste-base-a-saint-germain-laval-77?utm_campaign=google_jobs_apply&#038;utm_source=google_jobs_apply&#038;utm_medium=organic\" style=\"width: 100%; display: inline-block; color: white; text-decoration: none; border-radius: 6px; font-size: 16px; font-weight: bold; text-align: center; transition: transform 0.3s ease, background 0.3s ease; margin-top: auto;\" data-namespace-id=\"5c0d2565-3ba9-4280-a382-ad2a691e2285\"><br \/>\n        <button style=\"width: 100%; height: 55px; background: #e9e9ed; border: 1px solid black; color: black;\">Postuler \u00e0 l&#039;offre<\/button><br \/>\n    <\/a><br \/>\n    <small style=\"margin-top: 10px; color: #777; font-size: 12px; text-align: center; display: block;\">Vous serez redirig\u00e9 vers un autre site<\/small>\n<\/div>\n<p>L\u2019alternance ou le stage en ressources humaines F\/H propos\u00e9 par Vestack vous ouvre les portes d\u2019une entreprise en pleine croissance sp\u00e9cialis\u00e9e dans la construction bas-carbone. Le poste offre un cadre d\u2019apprentissage dynamique avec accompagnement par une responsable RH exp\u00e9riment\u00e9e. Il s\u2019adresse aux \u00e9tudiants en cours de formation RH (Bac+4 \u00e0 Bac+5) souhaitant enrichir leur exp\u00e9rience dans un environnement \u00e0 fort impact, tout en contribuant concr\u00e8tement \u00e0 la gestion des talents.<\/p>\n<h2>Les missions principales \u00e0 d\u00e9couvrir<\/h2>\n<p>Le quotidien s\u2019articule autour du recrutement, l\u2019administration RH et la gestion de projets transverses. Vous participerez \u00e0 la r\u00e9daction et \u00e0 la publication des offres d\u2019emploi, \u00e0 la pr\u00e9-s\u00e9lection des candidats, ainsi qu\u2019\u00e0 l\u2019organisation et au suivi des entretiens. Une attention particuli\u00e8re est \u00e9galement port\u00e9e \u00e0 l\u2019int\u00e9gration des nouveaux collaborateurs, \u00e0 la gestion des dossiers salari\u00e9s et \u00e0 l\u2019actualisation des outils RH. Enfin, vous serez amen\u00e9 \u00e0 contribuer \u00e0 divers projets li\u00e9s \u00e0 l\u2019onboarding et \u00e0 l\u2019am\u00e9lioration continue des process internes.<\/p>\n<h2>Points forts du poste<\/h2>\n<p>Premi\u00e8rement, l\u2019alternance vous donne acc\u00e8s \u00e0 un apprentissage structurant dans une soci\u00e9t\u00e9 innovante qui repense la construction durable. L\u2019\u00e9quipe encourage l\u2019autonomie, la prise d\u2019initiative et le d\u00e9veloppement personnel au quotidien. D\u2019autre part, l\u2019organisation veille \u00e0 offrir des outils modernes, une polyvalence dans les missions et une collaboration active entre cadres et \u00e9quipes op\u00e9rationnelles. Vous serez immerg\u00e9 dans un environnement bienveillant, stimulant et tourn\u00e9 vers l\u2019avenir.<\/p>\n<h2>Quelques inconv\u00e9nients \u00e0 prendre en compte<\/h2>\n<p>Le rythme intense de recrutement peut g\u00e9n\u00e9rer une certaine pression, notamment en p\u00e9riode de croissance rapide. De plus, la vari\u00e9t\u00e9 des interlocuteurs demande une grande adaptabilit\u00e9 et un solide sens de l\u2019organisation. L\u2019autonomie attendue implique parfois la gestion simultan\u00e9e de plusieurs t\u00e2ches et la prise de responsabilit\u00e9s pr\u00e9coces. Enfin, comme la r\u00e9mun\u00e9ration n\u2019est pas d\u00e9taill\u00e9e dans l\u2019offre, il peut \u00eatre n\u00e9cessaire de s\u2019informer sur ce point lors du processus de candidature.<\/p>\n<h2>Verdict : une opportunit\u00e9 \u00e0 saisir<\/h2>\n<p>L\u2019exp\u00e9rience propos\u00e9e par Vestack en alternance ou stage RH F\/H s\u2019adresse \u00e0 celles et ceux souhaitant \u00e9voluer dans une structure en pleine transformation. Elle permet d\u2019acqu\u00e9rir rapidement des comp\u00e9tences vari\u00e9es et valorisantes pour la suite du parcours professionnel. Si vous recherchez un v\u00e9ritable tremplin RH alli\u00e9 \u00e0 un engagement \u00e9cologique, ce poste vaut le d\u00e9tour.<\/p>\n<div style=\"background: #ffffff; border-radius: 12px; box-shadow: 0 10px 30px rgba(0, 0, 0, 0.1); width: 100%; max-width: 340px; padding: 25px; transition: transform 0.3s ease-in-out; overflow: visible; display: flex; flex-direction: column; position: relative; border: 1px solid #28a745; margin-top: 70px; margin-bottom: 50px; margin-left: auto; margin-right: auto;\">\n<div style=\"position: absolute; top: -35px; right: 15px; color: #28a745; padding: 5px 10px; border-radius: 6px; font-size: 14px; font-weight: bold; display: flex; align-items: center; z-index: 10;\">Recommand\u00e9 pour vous<\/div>\n<div data-namespace-header=\"\" style=\"\">\n<h3 data-namespace-title=\"\" style=\"color: #333; font-size: 20px; font-weight: bold; text-align: left; margin-right: 50px; min-height: 50px; margin-top: 0px;\">Alternance\/Stage RH F\/H<\/h3>\n<\/p><\/div>\n<p data-namespace-prompt=\"\" style=\"font-size: 16px; color: #666; margin-bottom: 20px; line-height: 1.5; flex-grow: 1; text-align: left; margin-top: 0px;\">Participez activement aux recrutements, accompagnez les collaborateurs et d\u00e9veloppez vos comp\u00e9tences RH dans une entreprise innovante et engag\u00e9e.<\/p>\n<p>    <a data-namespace-url=\"\" href=\"https:\/\/crecerencarrera.com\/fr\/redirect\/?https:\/\/join.com\/companies\/vestack\/15957761-alternance-ou-stage-ressources-humaines-f-h-poste-base-a-saint-germain-laval-77?utm_campaign=google_jobs_apply&#038;utm_source=google_jobs_apply&#038;utm_medium=organic\" style=\"width: 100%; display: inline-block; color: white; text-decoration: none; border-radius: 6px; font-size: 16px; font-weight: bold; text-align: center; transition: transform 0.3s ease, background 0.3s ease; margin-top: auto;\" data-namespace-id=\"5c0d2565-3ba9-4280-a382-ad2a691e2285\"><br \/>\n        <button style=\"width: 100%; height: 55px; background: #e9e9ed; border: 1px solid black; color: black;\">Postuler \u00e0 l&#039;offre<\/button><br \/>\n    <\/a><br \/>\n    <small style=\"margin-top: 10px; color: #777; font-size: 12px; text-align: center; display: block;\">Vous serez redirig\u00e9 vers un autre site<\/small>\n<\/div>","protected":false},"excerpt":{"rendered":"<p>Rejoignez Vestack comme alternant(e) ou stagiaire RH et participez \u00e0 la transformation bas-carbone du secteur en d\u00e9veloppant vos comp\u00e9tences humaines et techniques chez un acteur innovant.<\/p>","protected":false},"author":3,"featured_media":0,"comment_status":"open","ping_status":"open","sticky":false,"template":"","format":"standard","meta":{"_uag_custom_page_level_css":"","site-sidebar-layout":"default","site-content-layout":"","ast-site-content-layout":"","site-content-style":"default","site-sidebar-style":"default","ast-global-header-display":"","ast-banner-title-visibility":"","ast-main-header-display":"","ast-hfb-above-header-display":"","ast-hfb-below-header-display":"","ast-hfb-mobile-header-display":"","site-post-title":"","ast-breadcrumbs-content":"","ast-featured-img":"","footer-sml-layout":"","theme-transparent-header-meta":"","adv-header-id-meta":"","stick-header-meta":"","header-above-stick-meta":"","header-main-stick-meta":"","header-below-stick-meta":"","astra-migrate-meta-layouts":"default","ast-page-background-enabled":"default","ast-page-background-meta":{"desktop":{"background-color":"var(--ast-global-color-4)","background-image":"","background-repeat":"repeat","background-position":"center center","background-size":"auto","background-attachment":"scroll","background-type":"","background-media":"","overlay-type":"","overlay-color":"","overlay-opacity":"","overlay-gradient":""},"tablet":{"background-color":"","background-image":"","background-repeat":"repeat","background-position":"center center","background-size":"auto","background-attachment":"scroll","background-type":"","background-media":"","overlay-type":"","overlay-color":"","overlay-opacity":"","overlay-gradient":""},"mobile":{"background-color":"","background-image":"","background-repeat":"repeat","background-position":"center center","background-size":"auto","background-attachment":"scroll","background-type":"","background-media":"","overlay-type":"","overlay-color":"","overlay-opacity":"","overlay-gradient":""}},"ast-content-background-meta":{"desktop":{"background-color":"var(--ast-global-color-5)","background-image":"","background-repeat":"repeat","background-position":"center center","background-size":"auto","background-attachment":"scroll","background-type":"","background-media":"","overlay-type":"","overlay-color":"","overlay-opacity":"","overlay-gradient":""},"tablet":{"background-color":"var(--ast-global-color-5)","background-image":"","background-repeat":"repeat","background-position":"center center","background-size":"auto","background-attachment":"scroll","background-type":"","background-media":"","overlay-type":"","overlay-color":"","overlay-opacity":"","overlay-gradient":""},"mobile":{"background-color":"var(--ast-global-color-5)","background-image":"","background-repeat":"repeat","background-position":"center center","background-size":"auto","background-attachment":"scroll","background-type":"","background-media":"","overlay-type":"","overlay-color":"","overlay-opacity":"","overlay-gradient":""}},"footnotes":""},"categories":[10],"tags":[],"yoast_head":"<!-- This site is optimized with the Yoast SEO plugin v23.3 - https:\/\/yoast.com\/wordpress\/plugins\/seo\/ -->\n<title>Alternance ou stage RH F\/H chez Vestack\u202f: impact, apprentissage et exp\u00e9rience enrichissante - Crecer en Carrera<\/title>\n<meta name=\"robots\" content=\"index, follow, max-snippet:-1, max-image-preview:large, max-video-preview:-1\" \/>\n<link rel=\"canonical\" href=\"https:\/\/crecerencarrera.com\/fr\/38b956e7-b78f-4ce2-a05c-ec2f9d866433\/\" \/>\n<meta property=\"og:locale\" content=\"fr_FR\" \/>\n<meta property=\"og:type\" content=\"article\" \/>\n<meta property=\"og:title\" content=\"Alternance ou stage RH F\/H chez Vestack\u202f: impact, apprentissage et exp\u00e9rience enrichissante - Crecer en Carrera\" \/>\n<meta property=\"og:description\" content=\"Rejoignez Vestack comme alternant(e) ou stagiaire RH et participez \u00e0 la transformation bas-carbone du secteur en d\u00e9veloppant vos comp\u00e9tences humaines et techniques chez un acteur innovant.\" \/>\n<meta property=\"og:url\" content=\"https:\/\/crecerencarrera.com\/fr\/38b956e7-b78f-4ce2-a05c-ec2f9d866433\/\" \/>\n<meta property=\"og:site_name\" content=\"Crecer en Carrera\" \/>\n<meta property=\"article:published_time\" content=\"2026-04-09T19:24:00+00:00\" \/>\n<meta property=\"article:modified_time\" content=\"2026-04-09T19:24:53+00:00\" \/>\n<meta name=\"author\" content=\"Bruno Gianni\" \/>\n<meta name=\"twitter:card\" content=\"summary_large_image\" \/>\n<meta name=\"twitter:label1\" content=\"Written by\" \/>\n\t<meta name=\"twitter:data1\" content=\"Bruno Gianni\" \/>\n\t<meta name=\"twitter:label2\" content=\"Est. reading time\" \/>\n\t<meta name=\"twitter:data2\" content=\"2 minutes\" \/>\n<script type=\"application\/ld+json\" class=\"yoast-schema-graph\">{\"@context\":\"https:\/\/schema.org\",\"@graph\":[{\"@type\":\"Article\",\"@id\":\"https:\/\/crecerencarrera.com\/38b956e7-b78f-4ce2-a05c-ec2f9d866433\/#article\",\"isPartOf\":{\"@id\":\"https:\/\/crecerencarrera.com\/38b956e7-b78f-4ce2-a05c-ec2f9d866433\/\"},\"author\":{\"name\":\"Bruno Gianni\",\"@id\":\"https:\/\/crecerencarrera.com\/#\/schema\/person\/d52888235fd6563bd07d97185d6a61e4\"},\"headline\":\"Alternance ou stage RH F\/H chez Vestack\u202f: impact, apprentissage et exp\u00e9rience enrichissante\",\"datePublished\":\"2026-04-09T19:24:00+00:00\",\"dateModified\":\"2026-04-09T19:24:53+00:00\",\"mainEntityOfPage\":{\"@id\":\"https:\/\/crecerencarrera.com\/38b956e7-b78f-4ce2-a05c-ec2f9d866433\/\"},\"wordCount\":505,\"commentCount\":0,\"publisher\":{\"@id\":\"https:\/\/crecerencarrera.com\/#organization\"},\"articleSection\":[\"Hidden\"],\"inLanguage\":\"fr-FR\",\"potentialAction\":[{\"@type\":\"CommentAction\",\"name\":\"Comment\",\"target\":[\"https:\/\/crecerencarrera.com\/38b956e7-b78f-4ce2-a05c-ec2f9d866433\/#respond\"]}]},{\"@type\":\"WebPage\",\"@id\":\"https:\/\/crecerencarrera.com\/38b956e7-b78f-4ce2-a05c-ec2f9d866433\/\",\"url\":\"https:\/\/crecerencarrera.com\/38b956e7-b78f-4ce2-a05c-ec2f9d866433\/\",\"name\":\"Alternance ou stage RH F\/H chez Vestack\u202f: impact, apprentissage et exp\u00e9rience enrichissante - Crecer en Carrera\",\"isPartOf\":{\"@id\":\"https:\/\/crecerencarrera.com\/#website\"},\"datePublished\":\"2026-04-09T19:24:00+00:00\",\"dateModified\":\"2026-04-09T19:24:53+00:00\",\"breadcrumb\":{\"@id\":\"https:\/\/crecerencarrera.com\/38b956e7-b78f-4ce2-a05c-ec2f9d866433\/#breadcrumb\"},\"inLanguage\":\"fr-FR\",\"potentialAction\":[{\"@type\":\"ReadAction\",\"target\":[\"https:\/\/crecerencarrera.com\/38b956e7-b78f-4ce2-a05c-ec2f9d866433\/\"]}]},{\"@type\":\"BreadcrumbList\",\"@id\":\"https:\/\/crecerencarrera.com\/38b956e7-b78f-4ce2-a05c-ec2f9d866433\/#breadcrumb\",\"itemListElement\":[{\"@type\":\"ListItem\",\"position\":1,\"name\":\"Home\",\"item\":\"https:\/\/crecerencarrera.com\/\"},{\"@type\":\"ListItem\",\"position\":2,\"name\":\"Alternance ou stage RH F\/H chez Vestack\u202f: impact, apprentissage et exp\u00e9rience enrichissante\"}]},{\"@type\":\"WebSite\",\"@id\":\"https:\/\/crecerencarrera.com\/#website\",\"url\":\"https:\/\/crecerencarrera.com\/\",\"name\":\"Crecer en Carrera\",\"description\":\"\",\"publisher\":{\"@id\":\"https:\/\/crecerencarrera.com\/#organization\"},\"potentialAction\":[{\"@type\":\"SearchAction\",\"target\":{\"@type\":\"EntryPoint\",\"urlTemplate\":\"https:\/\/crecerencarrera.com\/?s={search_term_string}\"},\"query-input\":\"required name=search_term_string\"}],\"inLanguage\":\"fr-FR\"},{\"@type\":\"Organization\",\"@id\":\"https:\/\/crecerencarrera.com\/#organization\",\"name\":\"Crecer en Carrera\",\"url\":\"https:\/\/crecerencarrera.com\/\",\"logo\":{\"@type\":\"ImageObject\",\"inLanguage\":\"fr-FR\",\"@id\":\"https:\/\/crecerencarrera.com\/#\/schema\/logo\/image\/\",\"url\":\"https:\/\/crecerencarrera.com\/wp-content\/uploads\/sites\/604\/2025\/10\/logo-Crecer-en-carrera.svg\",\"contentUrl\":\"https:\/\/crecerencarrera.com\/wp-content\/uploads\/sites\/604\/2025\/10\/logo-Crecer-en-carrera.svg\",\"caption\":\"Crecer en Carrera\"},\"image\":{\"@id\":\"https:\/\/crecerencarrera.com\/#\/schema\/logo\/image\/\"}},{\"@type\":\"Person\",\"@id\":\"https:\/\/crecerencarrera.com\/#\/schema\/person\/d52888235fd6563bd07d97185d6a61e4\",\"name\":\"Bruno Gianni\",\"image\":{\"@type\":\"ImageObject\",\"inLanguage\":\"fr-FR\",\"@id\":\"https:\/\/crecerencarrera.com\/#\/schema\/person\/image\/\",\"url\":\"https:\/\/secure.gravatar.com\/avatar\/0f5d42d7bf77874643c1478932860e3f?s=96&d=mm&r=g\",\"contentUrl\":\"https:\/\/secure.gravatar.com\/avatar\/0f5d42d7bf77874643c1478932860e3f?s=96&d=mm&r=g\",\"caption\":\"Bruno Gianni\"},\"description\":\"Bruno writes the way he lives, with curiosity, care, and respect for people. He likes to observe, listen, and try to understand what is happening on the other side before putting any words on the page.For him, writing is not about impressing, but about getting closer. It is about turning thoughts into something simple, clear, and real. Every text is an ongoing conversation, created with care and honesty, with the sincere intention of touching someone, somewhere along the way.\",\"url\":\"https:\/\/crecerencarrera.com\/fr\/author\/bcgianni\/\"}]}<\/script>\n<!-- \/ Yoast SEO plugin. -->","yoast_head_json":{"title":"Alternance ou stage RH F\/H chez Vestack\u202f: impact, apprentissage et exp\u00e9rience enrichissante - Crecer en Carrera","robots":{"index":"index","follow":"follow","max-snippet":"max-snippet:-1","max-image-preview":"max-image-preview:large","max-video-preview":"max-video-preview:-1"},"canonical":"https:\/\/crecerencarrera.com\/fr\/38b956e7-b78f-4ce2-a05c-ec2f9d866433\/","og_locale":"fr_FR","og_type":"article","og_title":"Alternance ou stage RH F\/H chez Vestack\u202f: impact, apprentissage et exp\u00e9rience enrichissante - Crecer en Carrera","og_description":"Rejoignez Vestack comme alternant(e) ou stagiaire RH et participez \u00e0 la transformation bas-carbone du secteur en d\u00e9veloppant vos comp\u00e9tences humaines et techniques chez un acteur innovant.","og_url":"https:\/\/crecerencarrera.com\/fr\/38b956e7-b78f-4ce2-a05c-ec2f9d866433\/","og_site_name":"Crecer en Carrera","article_published_time":"2026-04-09T19:24:00+00:00","article_modified_time":"2026-04-09T19:24:53+00:00","author":"Bruno Gianni","twitter_card":"summary_large_image","twitter_misc":{"Written by":"Bruno Gianni","Est. reading time":"2 minutes"},"schema":{"@context":"https:\/\/schema.org","@graph":[{"@type":"Article","@id":"https:\/\/crecerencarrera.com\/38b956e7-b78f-4ce2-a05c-ec2f9d866433\/#article","isPartOf":{"@id":"https:\/\/crecerencarrera.com\/38b956e7-b78f-4ce2-a05c-ec2f9d866433\/"},"author":{"name":"Bruno Gianni","@id":"https:\/\/crecerencarrera.com\/#\/schema\/person\/d52888235fd6563bd07d97185d6a61e4"},"headline":"Alternance ou stage RH F\/H chez Vestack\u202f: impact, apprentissage et exp\u00e9rience enrichissante","datePublished":"2026-04-09T19:24:00+00:00","dateModified":"2026-04-09T19:24:53+00:00","mainEntityOfPage":{"@id":"https:\/\/crecerencarrera.com\/38b956e7-b78f-4ce2-a05c-ec2f9d866433\/"},"wordCount":505,"commentCount":0,"publisher":{"@id":"https:\/\/crecerencarrera.com\/#organization"},"articleSection":["Hidden"],"inLanguage":"fr-FR","potentialAction":[{"@type":"CommentAction","name":"Comment","target":["https:\/\/crecerencarrera.com\/38b956e7-b78f-4ce2-a05c-ec2f9d866433\/#respond"]}]},{"@type":"WebPage","@id":"https:\/\/crecerencarrera.com\/38b956e7-b78f-4ce2-a05c-ec2f9d866433\/","url":"https:\/\/crecerencarrera.com\/38b956e7-b78f-4ce2-a05c-ec2f9d866433\/","name":"Alternance ou stage RH F\/H chez Vestack\u202f: impact, apprentissage et exp\u00e9rience enrichissante - Crecer en Carrera","isPartOf":{"@id":"https:\/\/crecerencarrera.com\/#website"},"datePublished":"2026-04-09T19:24:00+00:00","dateModified":"2026-04-09T19:24:53+00:00","breadcrumb":{"@id":"https:\/\/crecerencarrera.com\/38b956e7-b78f-4ce2-a05c-ec2f9d866433\/#breadcrumb"},"inLanguage":"fr-FR","potentialAction":[{"@type":"ReadAction","target":["https:\/\/crecerencarrera.com\/38b956e7-b78f-4ce2-a05c-ec2f9d866433\/"]}]},{"@type":"BreadcrumbList","@id":"https:\/\/crecerencarrera.com\/38b956e7-b78f-4ce2-a05c-ec2f9d866433\/#breadcrumb","itemListElement":[{"@type":"ListItem","position":1,"name":"Home","item":"https:\/\/crecerencarrera.com\/"},{"@type":"ListItem","position":2,"name":"Alternance ou stage RH F\/H chez Vestack\u202f: impact, apprentissage et exp\u00e9rience enrichissante"}]},{"@type":"WebSite","@id":"https:\/\/crecerencarrera.com\/#website","url":"https:\/\/crecerencarrera.com\/","name":"Crecer en Carrera","description":"","publisher":{"@id":"https:\/\/crecerencarrera.com\/#organization"},"potentialAction":[{"@type":"SearchAction","target":{"@type":"EntryPoint","urlTemplate":"https:\/\/crecerencarrera.com\/?s={search_term_string}"},"query-input":"required name=search_term_string"}],"inLanguage":"fr-FR"},{"@type":"Organization","@id":"https:\/\/crecerencarrera.com\/#organization","name":"Crecer en Carrera","url":"https:\/\/crecerencarrera.com\/","logo":{"@type":"ImageObject","inLanguage":"fr-FR","@id":"https:\/\/crecerencarrera.com\/#\/schema\/logo\/image\/","url":"https:\/\/crecerencarrera.com\/wp-content\/uploads\/sites\/604\/2025\/10\/logo-Crecer-en-carrera.svg","contentUrl":"https:\/\/crecerencarrera.com\/wp-content\/uploads\/sites\/604\/2025\/10\/logo-Crecer-en-carrera.svg","caption":"Crecer en Carrera"},"image":{"@id":"https:\/\/crecerencarrera.com\/#\/schema\/logo\/image\/"}},{"@type":"Person","@id":"https:\/\/crecerencarrera.com\/#\/schema\/person\/d52888235fd6563bd07d97185d6a61e4","name":"Bruno Gianni","image":{"@type":"ImageObject","inLanguage":"fr-FR","@id":"https:\/\/crecerencarrera.com\/#\/schema\/person\/image\/","url":"https:\/\/secure.gravatar.com\/avatar\/0f5d42d7bf77874643c1478932860e3f?s=96&d=mm&r=g","contentUrl":"https:\/\/secure.gravatar.com\/avatar\/0f5d42d7bf77874643c1478932860e3f?s=96&d=mm&r=g","caption":"Bruno Gianni"},"description":"Bruno writes the way he lives, with curiosity, care, and respect for people. He likes to observe, listen, and try to understand what is happening on the other side before putting any words on the page.For him, writing is not about impressing, but about getting closer. It is about turning thoughts into something simple, clear, and real. Every text is an ongoing conversation, created with care and honesty, with the sincere intention of touching someone, somewhere along the way.","url":"https:\/\/crecerencarrera.com\/fr\/author\/bcgianni\/"}]}},"uagb_featured_image_src":{"full":false,"thumbnail":false,"medium":false,"medium_large":false,"large":false,"1536x1536":false,"2048x2048":false,"trp-custom-language-flag":false},"uagb_author_info":{"display_name":"Bruno Gianni","author_link":"https:\/\/crecerencarrera.com\/fr\/author\/bcgianni\/"},"uagb_comment_info":0,"uagb_excerpt":"Rejoignez Vestack comme alternant(e) ou stagiaire RH et participez \u00e0 la transformation bas-carbone du secteur en d\u00e9veloppant vos comp\u00e9tences humaines et techniques chez un acteur innovant.","_links":{"self":[{"href":"https:\/\/crecerencarrera.com\/fr\/wp-json\/wp\/v2\/posts\/11598"}],"collection":[{"href":"https:\/\/crecerencarrera.com\/fr\/wp-json\/wp\/v2\/posts"}],"about":[{"href":"https:\/\/crecerencarrera.com\/fr\/wp-json\/wp\/v2\/types\/post"}],"author":[{"embeddable":true,"href":"https:\/\/crecerencarrera.com\/fr\/wp-json\/wp\/v2\/users\/3"}],"replies":[{"embeddable":true,"href":"https:\/\/crecerencarrera.com\/fr\/wp-json\/wp\/v2\/comments?post=11598"}],"version-history":[{"count":1,"href":"https:\/\/crecerencarrera.com\/fr\/wp-json\/wp\/v2\/posts\/11598\/revisions"}],"predecessor-version":[{"id":11604,"href":"https:\/\/crecerencarrera.com\/fr\/wp-json\/wp\/v2\/posts\/11598\/revisions\/11604"}],"wp:attachment":[{"href":"https:\/\/crecerencarrera.com\/fr\/wp-json\/wp\/v2\/media?parent=11598"}],"wp:term":[{"taxonomy":"category","embeddable":true,"href":"https:\/\/crecerencarrera.com\/fr\/wp-json\/wp\/v2\/categories?post=11598"},{"taxonomy":"post_tag","embeddable":true,"href":"https:\/\/crecerencarrera.com\/fr\/wp-json\/wp\/v2\/tags?post=11598"}],"curies":[{"name":"wp","href":"https:\/\/api.w.org\/{rel}","templated":true}]}}