{"id":13509,"date":"2026-04-24T10:40:00","date_gmt":"2026-04-24T10:40:00","guid":{"rendered":"https:\/\/crecerencarrera.com\/6131e87e-02a6-4448-88b2-5229d29cb9a8\/"},"modified":"2026-04-24T10:40:55","modified_gmt":"2026-04-24T10:40:55","slug":"6131e87e-02a6-4448-88b2-5229d29cb9a8","status":"publish","type":"post","link":"https:\/\/crecerencarrera.com\/fr\/6131e87e-02a6-4448-88b2-5229d29cb9a8\/","title":{"rendered":"Responsable T\u00e9cnico\/a \u2013 Salario competitivo, contrato fijo y desarrollo profesional"},"content":{"rendered":"<\/p>\n<\/p>\n<div style=\"background: #ffffff; border-radius: 12px; box-shadow: 0 10px 30px rgba(0, 0, 0, 0.1); width: 100%; max-width: 340px; padding: 25px; transition: transform 0.3s ease-in-out; overflow: visible; display: flex; flex-direction: column; position: relative; border: 1px solid #28a745; margin-top: 70px; margin-bottom: 50px; margin-left: auto; margin-right: auto;\">\n<div style=\"position: absolute; top: -35px; right: 15px; color: #28a745; padding: 5px 10px; border-radius: 6px; font-size: 14px; font-weight: bold; display: flex; align-items: center; z-index: 10;\">Recommand\u00e9 pour toi<\/div>\n<div data-namespace-header=\"\" style=\"\">\n<h3 data-namespace-title=\"\" style=\"color: #333; font-size: 20px; font-weight: bold; text-align: left; margin-right: 50px; min-height: 50px; margin-top: 0px;\">Responsable T\u00e9cnico\/a<\/h3>\n<\/p><\/div>\n<p data-namespace-prompt=\"\" style=\"font-size: 16px; color: #666; margin-bottom: 20px; line-height: 1.5; flex-grow: 1; text-align: left; margin-top: 0px;\">Lidera proyectos, gestiona equipos y recursos, crecimiento estable, salario estimado hasta 59.000\u202f\u20ac, contrato indefinido, formaci\u00f3n continua y veh\u00edculo de empresa.<\/p>\n<p>    <a data-namespace-url=\"\" href=\"https:\/\/crecerencarrera.com\/fr\/redirect\/?https:\/\/bebee.com\/es\/jobs\/responsable-tecnico-miranda-de-ebro-burgos-atecal-2001-sl-bilbao--joblooku-6709417?utm_campaign=google_jobs_apply&#038;utm_source=google_jobs_apply&#038;utm_medium=organic\" style=\"width: 100%; display: inline-block; color: white; text-decoration: none; border-radius: 6px; font-size: 16px; font-weight: bold; text-align: center; transition: transform 0.3s ease, background 0.3s ease; margin-top: auto;\" data-namespace-id=\"5c0d2565-3ba9-4280-a382-ad2a691e2285\"><br \/>\n        <button style=\"width: 100%; height: 55px; background: #e9e9ed; border: 1px solid black; color: black;\">Enviar solicitud ahora<\/button><br \/>\n    <\/a><br \/>\n    <small style=\"margin-top: 10px; color: #777; font-size: 12px; text-align: center; display: block;\">Ser\u00e1s redirigido a otra web<\/small>\n<\/div>\n<p><!-- Introducci\u00f3n a la oferta --><\/p>\n<p>El puesto de Responsable T\u00e9cnico\/a ofrece un salario competitivo de hasta 59.000\u202f\u20ac anuales y un contrato indefinido, lo que representa una gran estabilidad laboral. La posici\u00f3n incluye jornada completa y ventajas adicionales como un veh\u00edculo de empresa y oportunidades reales de desarrollo profesional.<\/p>\n<p>Este empleo destaca por su enfoque en la gesti\u00f3n de equipos t\u00e9cnicos y recursos materiales, orientado a garantizar la calidad del servicio y cumplir con la normativa. Se busca una persona proactiva, con experiencia en puestos similares y ganas de seguir creciendo profesionalmente.<\/p>\n<p>Se requiere experiencia m\u00ednima de cinco a\u00f1os liderando equipos en empresas del sector. Tambi\u00e9n es imprescindible tener titulaciones t\u00e9cnicas y carnets profesionales. Este puesto es ideal para quienes aprecian el liderazgo, el dinamismo y la mejora continua.<\/p>\n<h2>Responsabilit\u00e9s et jour \u00e0 jour<\/h2>\n<p>La jornada habitual abarca la supervisi\u00f3n y planificaci\u00f3n de servicios t\u00e9cnicos, asegurando la excelencia en cada proyecto y cliente. Gestionar\u00e1s personal, recursos y el cumplimiento riguroso de la normativa t\u00e9cnica vigente.<\/p>\n<p>Entre tus tareas est\u00e1n organizar rutas de instalaciones, coordinar equipos, asignar recursos, supervisar inspecciones t\u00e9cnicas y dar respuesta a incidencias, siempre manteniendo los est\u00e1ndares de calidad y seguridad exigidos.<\/p>\n<p>El contacto frecuente con clientes y proveedores es clave en este rol. Impulsar\u00e1s mejoras e innovaci\u00f3n, tambi\u00e9n formando y evaluando al equipo bajo tu supervisi\u00f3n.<\/p>\n<p>Realizar\u00e1s auditor\u00edas internas, mantendr\u00e1s la documentaci\u00f3n al d\u00eda y liderar\u00e1s procesos de digitalizaci\u00f3n para aumentar la eficiencia operativa.<\/p>\n<p>Ser\u00e1s un referente t\u00e9cnico tanto para tu equipo como para la empresa, asesorando sobre alternativas y mejoras en cada proyecto.<\/p>\n<h2>Points \u00e0 faveur du poste<\/h2>\n<p>Uno de los mayores atractivos del empleo es la estabilidad laboral, gracias al contrato fijo a tiempo completo y el salario competitivo.<\/p>\n<p>La posibilidad de desarrollo y la formaci\u00f3n continua te permitir\u00e1n avanzar profesionalmente en una empresa comprometida con la igualdad de oportunidades.<\/p>\n<h2>Aspectos menos favorables<\/h2>\n<p>El puesto exige alta responsabilidad y gesti\u00f3n de incidencias, lo que puede ser un desaf\u00edo para quienes prefieren tareas m\u00e1s rutinarias.<\/p>\n<p>Tambi\u00e9n requiere disponibilidad y flexibilidad horaria, dado que la coordinaci\u00f3n de servicios puede exigir atenci\u00f3n fuera del horario habitual.<\/p>\n<h2>Veredicto final<\/h2>\n<p>Esta oferta es ideal si tienes experiencia como jefe de equipo t\u00e9cnico y buscas estabilidad, buen salario y recorrido profesional. Es especialmente recomendada para profesionales motivados y orientados a la excelencia t\u00e9cnica y operativa.<\/p>\n<div style=\"background: #ffffff; border-radius: 12px; box-shadow: 0 10px 30px rgba(0, 0, 0, 0.1); width: 100%; max-width: 340px; padding: 25px; transition: transform 0.3s ease-in-out; overflow: visible; display: flex; flex-direction: column; position: relative; border: 1px solid #28a745; margin-top: 70px; margin-bottom: 50px; margin-left: auto; margin-right: auto;\">\n<div style=\"position: absolute; top: -35px; right: 15px; color: #28a745; padding: 5px 10px; border-radius: 6px; font-size: 14px; font-weight: bold; display: flex; align-items: center; z-index: 10;\">Recommand\u00e9 pour toi<\/div>\n<div data-namespace-header=\"\" style=\"\">\n<h3 data-namespace-title=\"\" style=\"color: #333; font-size: 20px; font-weight: bold; text-align: left; margin-right: 50px; min-height: 50px; margin-top: 0px;\">Responsable T\u00e9cnico\/a<\/h3>\n<\/p><\/div>\n<p data-namespace-prompt=\"\" style=\"font-size: 16px; color: #666; margin-bottom: 20px; line-height: 1.5; flex-grow: 1; text-align: left; margin-top: 0px;\">Lidera proyectos, gestiona equipos y recursos, crecimiento estable, salario estimado hasta 59.000\u202f\u20ac, contrato indefinido, formaci\u00f3n continua y veh\u00edculo de empresa.<\/p>\n<p>    <a data-namespace-url=\"\" href=\"https:\/\/crecerencarrera.com\/fr\/redirect\/?https:\/\/bebee.com\/es\/jobs\/responsable-tecnico-miranda-de-ebro-burgos-atecal-2001-sl-bilbao--joblooku-6709417?utm_campaign=google_jobs_apply&#038;utm_source=google_jobs_apply&#038;utm_medium=organic\" style=\"width: 100%; display: inline-block; color: white; text-decoration: none; border-radius: 6px; font-size: 16px; font-weight: bold; text-align: center; transition: transform 0.3s ease, background 0.3s ease; margin-top: auto;\" data-namespace-id=\"5c0d2565-3ba9-4280-a382-ad2a691e2285\"><br \/>\n        <button style=\"width: 100%; height: 55px; background: #e9e9ed; border: 1px solid black; color: black;\">Enviar solicitud ahora<\/button><br \/>\n    <\/a><br \/>\n    <small style=\"margin-top: 10px; color: #777; font-size: 12px; text-align: center; display: block;\">Ser\u00e1s redirigido a otra web<\/small>\n<\/div>","protected":false},"excerpt":{"rendered":"<p>Descubre la oferta de Responsable T\u00e9cnico\/a con contrato fijo, hasta 59.000\u202f\u20ac y estabilidad profesional. Requisitos claros, ventajas y oportunidad de crecimiento. \u00a1Solicita ya y da un salto a tu carrera!<\/p>","protected":false},"author":3,"featured_media":0,"comment_status":"open","ping_status":"open","sticky":false,"template":"","format":"standard","meta":{"_uag_custom_page_level_css":"","site-sidebar-layout":"default","site-content-layout":"","ast-site-content-layout":"","site-content-style":"default","site-sidebar-style":"default","ast-global-header-display":"","ast-banner-title-visibility":"","ast-main-header-display":"","ast-hfb-above-header-display":"","ast-hfb-below-header-display":"","ast-hfb-mobile-header-display":"","site-post-title":"","ast-breadcrumbs-content":"","ast-featured-img":"","footer-sml-layout":"","theme-transparent-header-meta":"","adv-header-id-meta":"","stick-header-meta":"","header-above-stick-meta":"","header-main-stick-meta":"","header-below-stick-meta":"","astra-migrate-meta-layouts":"default","ast-page-background-enabled":"default","ast-page-background-meta":{"desktop":{"background-color":"var(--ast-global-color-4)","background-image":"","background-repeat":"repeat","background-position":"center center","background-size":"auto","background-attachment":"scroll","background-type":"","background-media":"","overlay-type":"","overlay-color":"","overlay-opacity":"","overlay-gradient":""},"tablet":{"background-color":"","background-image":"","background-repeat":"repeat","background-position":"center center","background-size":"auto","background-attachment":"scroll","background-type":"","background-media":"","overlay-type":"","overlay-color":"","overlay-opacity":"","overlay-gradient":""},"mobile":{"background-color":"","background-image":"","background-repeat":"repeat","background-position":"center center","background-size":"auto","background-attachment":"scroll","background-type":"","background-media":"","overlay-type":"","overlay-color":"","overlay-opacity":"","overlay-gradient":""}},"ast-content-background-meta":{"desktop":{"background-color":"var(--ast-global-color-5)","background-image":"","background-repeat":"repeat","background-position":"center center","background-size":"auto","background-attachment":"scroll","background-type":"","background-media":"","overlay-type":"","overlay-color":"","overlay-opacity":"","overlay-gradient":""},"tablet":{"background-color":"var(--ast-global-color-5)","background-image":"","background-repeat":"repeat","background-position":"center center","background-size":"auto","background-attachment":"scroll","background-type":"","background-media":"","overlay-type":"","overlay-color":"","overlay-opacity":"","overlay-gradient":""},"mobile":{"background-color":"var(--ast-global-color-5)","background-image":"","background-repeat":"repeat","background-position":"center center","background-size":"auto","background-attachment":"scroll","background-type":"","background-media":"","overlay-type":"","overlay-color":"","overlay-opacity":"","overlay-gradient":""}},"footnotes":""},"categories":[10],"tags":[],"yoast_head":"<!-- This site is optimized with the Yoast SEO plugin v23.3 - https:\/\/yoast.com\/wordpress\/plugins\/seo\/ -->\n<title>Responsable T\u00e9cnico\/a \u2013 Salario competitivo, contrato fijo y desarrollo profesional - Crecer en Carrera<\/title>\n<meta name=\"robots\" content=\"index, follow, max-snippet:-1, max-image-preview:large, max-video-preview:-1\" \/>\n<link rel=\"canonical\" href=\"https:\/\/crecerencarrera.com\/fr\/6131e87e-02a6-4448-88b2-5229d29cb9a8\/\" \/>\n<meta property=\"og:locale\" content=\"fr_FR\" \/>\n<meta property=\"og:type\" content=\"article\" \/>\n<meta property=\"og:title\" content=\"Responsable T\u00e9cnico\/a \u2013 Salario competitivo, contrato fijo y desarrollo profesional - Crecer en Carrera\" \/>\n<meta property=\"og:description\" content=\"Descubre la oferta de Responsable T\u00e9cnico\/a con contrato fijo, hasta 59.000\u202f\u20ac y estabilidad profesional. Requisitos claros, ventajas y oportunidad de crecimiento. \u00a1Solicita ya y da un salto a tu carrera!\" \/>\n<meta property=\"og:url\" content=\"https:\/\/crecerencarrera.com\/fr\/6131e87e-02a6-4448-88b2-5229d29cb9a8\/\" \/>\n<meta property=\"og:site_name\" content=\"Crecer en Carrera\" \/>\n<meta property=\"article:published_time\" content=\"2026-04-24T10:40:00+00:00\" \/>\n<meta property=\"article:modified_time\" content=\"2026-04-24T10:40:55+00:00\" \/>\n<meta name=\"author\" content=\"Bruno Gianni\" \/>\n<meta name=\"twitter:card\" content=\"summary_large_image\" \/>\n<meta name=\"twitter:label1\" content=\"Written by\" \/>\n\t<meta name=\"twitter:data1\" content=\"Bruno Gianni\" \/>\n\t<meta name=\"twitter:label2\" content=\"Est. reading time\" \/>\n\t<meta name=\"twitter:data2\" content=\"2 minutes\" \/>\n<script type=\"application\/ld+json\" class=\"yoast-schema-graph\">{\"@context\":\"https:\/\/schema.org\",\"@graph\":[{\"@type\":\"Article\",\"@id\":\"https:\/\/crecerencarrera.com\/6131e87e-02a6-4448-88b2-5229d29cb9a8\/#article\",\"isPartOf\":{\"@id\":\"https:\/\/crecerencarrera.com\/6131e87e-02a6-4448-88b2-5229d29cb9a8\/\"},\"author\":{\"name\":\"Bruno Gianni\",\"@id\":\"https:\/\/crecerencarrera.com\/#\/schema\/person\/d52888235fd6563bd07d97185d6a61e4\"},\"headline\":\"Responsable T\u00e9cnico\/a \u2013 Salario competitivo, contrato fijo y desarrollo profesional\",\"datePublished\":\"2026-04-24T10:40:00+00:00\",\"dateModified\":\"2026-04-24T10:40:55+00:00\",\"mainEntityOfPage\":{\"@id\":\"https:\/\/crecerencarrera.com\/6131e87e-02a6-4448-88b2-5229d29cb9a8\/\"},\"wordCount\":505,\"commentCount\":0,\"publisher\":{\"@id\":\"https:\/\/crecerencarrera.com\/#organization\"},\"articleSection\":[\"Hidden\"],\"inLanguage\":\"fr-FR\",\"potentialAction\":[{\"@type\":\"CommentAction\",\"name\":\"Comment\",\"target\":[\"https:\/\/crecerencarrera.com\/6131e87e-02a6-4448-88b2-5229d29cb9a8\/#respond\"]}]},{\"@type\":\"WebPage\",\"@id\":\"https:\/\/crecerencarrera.com\/6131e87e-02a6-4448-88b2-5229d29cb9a8\/\",\"url\":\"https:\/\/crecerencarrera.com\/6131e87e-02a6-4448-88b2-5229d29cb9a8\/\",\"name\":\"Responsable T\u00e9cnico\/a \u2013 Salario competitivo, contrato fijo y desarrollo profesional - Crecer en Carrera\",\"isPartOf\":{\"@id\":\"https:\/\/crecerencarrera.com\/#website\"},\"datePublished\":\"2026-04-24T10:40:00+00:00\",\"dateModified\":\"2026-04-24T10:40:55+00:00\",\"breadcrumb\":{\"@id\":\"https:\/\/crecerencarrera.com\/6131e87e-02a6-4448-88b2-5229d29cb9a8\/#breadcrumb\"},\"inLanguage\":\"fr-FR\",\"potentialAction\":[{\"@type\":\"ReadAction\",\"target\":[\"https:\/\/crecerencarrera.com\/6131e87e-02a6-4448-88b2-5229d29cb9a8\/\"]}]},{\"@type\":\"BreadcrumbList\",\"@id\":\"https:\/\/crecerencarrera.com\/6131e87e-02a6-4448-88b2-5229d29cb9a8\/#breadcrumb\",\"itemListElement\":[{\"@type\":\"ListItem\",\"position\":1,\"name\":\"Home\",\"item\":\"https:\/\/crecerencarrera.com\/\"},{\"@type\":\"ListItem\",\"position\":2,\"name\":\"Responsable T\u00e9cnico\/a \u2013 Salario competitivo, contrato fijo y desarrollo profesional\"}]},{\"@type\":\"WebSite\",\"@id\":\"https:\/\/crecerencarrera.com\/#website\",\"url\":\"https:\/\/crecerencarrera.com\/\",\"name\":\"Crecer en Carrera\",\"description\":\"\",\"publisher\":{\"@id\":\"https:\/\/crecerencarrera.com\/#organization\"},\"potentialAction\":[{\"@type\":\"SearchAction\",\"target\":{\"@type\":\"EntryPoint\",\"urlTemplate\":\"https:\/\/crecerencarrera.com\/?s={search_term_string}\"},\"query-input\":\"required name=search_term_string\"}],\"inLanguage\":\"fr-FR\"},{\"@type\":\"Organization\",\"@id\":\"https:\/\/crecerencarrera.com\/#organization\",\"name\":\"Crecer en Carrera\",\"url\":\"https:\/\/crecerencarrera.com\/\",\"logo\":{\"@type\":\"ImageObject\",\"inLanguage\":\"fr-FR\",\"@id\":\"https:\/\/crecerencarrera.com\/#\/schema\/logo\/image\/\",\"url\":\"https:\/\/crecerencarrera.com\/wp-content\/uploads\/sites\/604\/2025\/10\/logo-Crecer-en-carrera.svg\",\"contentUrl\":\"https:\/\/crecerencarrera.com\/wp-content\/uploads\/sites\/604\/2025\/10\/logo-Crecer-en-carrera.svg\",\"caption\":\"Crecer en Carrera\"},\"image\":{\"@id\":\"https:\/\/crecerencarrera.com\/#\/schema\/logo\/image\/\"}},{\"@type\":\"Person\",\"@id\":\"https:\/\/crecerencarrera.com\/#\/schema\/person\/d52888235fd6563bd07d97185d6a61e4\",\"name\":\"Bruno Gianni\",\"image\":{\"@type\":\"ImageObject\",\"inLanguage\":\"fr-FR\",\"@id\":\"https:\/\/crecerencarrera.com\/#\/schema\/person\/image\/\",\"url\":\"https:\/\/secure.gravatar.com\/avatar\/0f5d42d7bf77874643c1478932860e3f?s=96&d=mm&r=g\",\"contentUrl\":\"https:\/\/secure.gravatar.com\/avatar\/0f5d42d7bf77874643c1478932860e3f?s=96&d=mm&r=g\",\"caption\":\"Bruno Gianni\"},\"description\":\"Bruno writes the way he lives, with curiosity, care, and respect for people. He likes to observe, listen, and try to understand what is happening on the other side before putting any words on the page.For him, writing is not about impressing, but about getting closer. It is about turning thoughts into something simple, clear, and real. Every text is an ongoing conversation, created with care and honesty, with the sincere intention of touching someone, somewhere along the way.\",\"url\":\"https:\/\/crecerencarrera.com\/fr\/author\/bcgianni\/\"}]}<\/script>\n<!-- \/ Yoast SEO plugin. -->","yoast_head_json":{"title":"Responsable T\u00e9cnico\/a \u2013 Salario competitivo, contrato fijo y desarrollo profesional - Crecer en Carrera","robots":{"index":"index","follow":"follow","max-snippet":"max-snippet:-1","max-image-preview":"max-image-preview:large","max-video-preview":"max-video-preview:-1"},"canonical":"https:\/\/crecerencarrera.com\/fr\/6131e87e-02a6-4448-88b2-5229d29cb9a8\/","og_locale":"fr_FR","og_type":"article","og_title":"Responsable T\u00e9cnico\/a \u2013 Salario competitivo, contrato fijo y desarrollo profesional - Crecer en Carrera","og_description":"Descubre la oferta de Responsable T\u00e9cnico\/a con contrato fijo, hasta 59.000\u202f\u20ac y estabilidad profesional. Requisitos claros, ventajas y oportunidad de crecimiento. \u00a1Solicita ya y da un salto a tu carrera!","og_url":"https:\/\/crecerencarrera.com\/fr\/6131e87e-02a6-4448-88b2-5229d29cb9a8\/","og_site_name":"Crecer en Carrera","article_published_time":"2026-04-24T10:40:00+00:00","article_modified_time":"2026-04-24T10:40:55+00:00","author":"Bruno Gianni","twitter_card":"summary_large_image","twitter_misc":{"Written by":"Bruno Gianni","Est. reading time":"2 minutes"},"schema":{"@context":"https:\/\/schema.org","@graph":[{"@type":"Article","@id":"https:\/\/crecerencarrera.com\/6131e87e-02a6-4448-88b2-5229d29cb9a8\/#article","isPartOf":{"@id":"https:\/\/crecerencarrera.com\/6131e87e-02a6-4448-88b2-5229d29cb9a8\/"},"author":{"name":"Bruno Gianni","@id":"https:\/\/crecerencarrera.com\/#\/schema\/person\/d52888235fd6563bd07d97185d6a61e4"},"headline":"Responsable T\u00e9cnico\/a \u2013 Salario competitivo, contrato fijo y desarrollo profesional","datePublished":"2026-04-24T10:40:00+00:00","dateModified":"2026-04-24T10:40:55+00:00","mainEntityOfPage":{"@id":"https:\/\/crecerencarrera.com\/6131e87e-02a6-4448-88b2-5229d29cb9a8\/"},"wordCount":505,"commentCount":0,"publisher":{"@id":"https:\/\/crecerencarrera.com\/#organization"},"articleSection":["Hidden"],"inLanguage":"fr-FR","potentialAction":[{"@type":"CommentAction","name":"Comment","target":["https:\/\/crecerencarrera.com\/6131e87e-02a6-4448-88b2-5229d29cb9a8\/#respond"]}]},{"@type":"WebPage","@id":"https:\/\/crecerencarrera.com\/6131e87e-02a6-4448-88b2-5229d29cb9a8\/","url":"https:\/\/crecerencarrera.com\/6131e87e-02a6-4448-88b2-5229d29cb9a8\/","name":"Responsable T\u00e9cnico\/a \u2013 Salario competitivo, contrato fijo y desarrollo profesional - Crecer en Carrera","isPartOf":{"@id":"https:\/\/crecerencarrera.com\/#website"},"datePublished":"2026-04-24T10:40:00+00:00","dateModified":"2026-04-24T10:40:55+00:00","breadcrumb":{"@id":"https:\/\/crecerencarrera.com\/6131e87e-02a6-4448-88b2-5229d29cb9a8\/#breadcrumb"},"inLanguage":"fr-FR","potentialAction":[{"@type":"ReadAction","target":["https:\/\/crecerencarrera.com\/6131e87e-02a6-4448-88b2-5229d29cb9a8\/"]}]},{"@type":"BreadcrumbList","@id":"https:\/\/crecerencarrera.com\/6131e87e-02a6-4448-88b2-5229d29cb9a8\/#breadcrumb","itemListElement":[{"@type":"ListItem","position":1,"name":"Home","item":"https:\/\/crecerencarrera.com\/"},{"@type":"ListItem","position":2,"name":"Responsable T\u00e9cnico\/a \u2013 Salario competitivo, contrato fijo y desarrollo profesional"}]},{"@type":"WebSite","@id":"https:\/\/crecerencarrera.com\/#website","url":"https:\/\/crecerencarrera.com\/","name":"Crecer en Carrera","description":"","publisher":{"@id":"https:\/\/crecerencarrera.com\/#organization"},"potentialAction":[{"@type":"SearchAction","target":{"@type":"EntryPoint","urlTemplate":"https:\/\/crecerencarrera.com\/?s={search_term_string}"},"query-input":"required name=search_term_string"}],"inLanguage":"fr-FR"},{"@type":"Organization","@id":"https:\/\/crecerencarrera.com\/#organization","name":"Crecer en Carrera","url":"https:\/\/crecerencarrera.com\/","logo":{"@type":"ImageObject","inLanguage":"fr-FR","@id":"https:\/\/crecerencarrera.com\/#\/schema\/logo\/image\/","url":"https:\/\/crecerencarrera.com\/wp-content\/uploads\/sites\/604\/2025\/10\/logo-Crecer-en-carrera.svg","contentUrl":"https:\/\/crecerencarrera.com\/wp-content\/uploads\/sites\/604\/2025\/10\/logo-Crecer-en-carrera.svg","caption":"Crecer en Carrera"},"image":{"@id":"https:\/\/crecerencarrera.com\/#\/schema\/logo\/image\/"}},{"@type":"Person","@id":"https:\/\/crecerencarrera.com\/#\/schema\/person\/d52888235fd6563bd07d97185d6a61e4","name":"Bruno Gianni","image":{"@type":"ImageObject","inLanguage":"fr-FR","@id":"https:\/\/crecerencarrera.com\/#\/schema\/person\/image\/","url":"https:\/\/secure.gravatar.com\/avatar\/0f5d42d7bf77874643c1478932860e3f?s=96&d=mm&r=g","contentUrl":"https:\/\/secure.gravatar.com\/avatar\/0f5d42d7bf77874643c1478932860e3f?s=96&d=mm&r=g","caption":"Bruno Gianni"},"description":"Bruno writes the way he lives, with curiosity, care, and respect for people. He likes to observe, listen, and try to understand what is happening on the other side before putting any words on the page.For him, writing is not about impressing, but about getting closer. It is about turning thoughts into something simple, clear, and real. Every text is an ongoing conversation, created with care and honesty, with the sincere intention of touching someone, somewhere along the way.","url":"https:\/\/crecerencarrera.com\/fr\/author\/bcgianni\/"}]}},"uagb_featured_image_src":{"full":false,"thumbnail":false,"medium":false,"medium_large":false,"large":false,"1536x1536":false,"2048x2048":false,"trp-custom-language-flag":false},"uagb_author_info":{"display_name":"Bruno Gianni","author_link":"https:\/\/crecerencarrera.com\/fr\/author\/bcgianni\/"},"uagb_comment_info":0,"uagb_excerpt":"Descubre la oferta de Responsable T\u00e9cnico\/a con contrato fijo, hasta 59.000\u202f\u20ac y estabilidad profesional. Requisitos claros, ventajas y oportunidad de crecimiento. \u00a1Solicita ya y da un salto a tu carrera!","_links":{"self":[{"href":"https:\/\/crecerencarrera.com\/fr\/wp-json\/wp\/v2\/posts\/13509"}],"collection":[{"href":"https:\/\/crecerencarrera.com\/fr\/wp-json\/wp\/v2\/posts"}],"about":[{"href":"https:\/\/crecerencarrera.com\/fr\/wp-json\/wp\/v2\/types\/post"}],"author":[{"embeddable":true,"href":"https:\/\/crecerencarrera.com\/fr\/wp-json\/wp\/v2\/users\/3"}],"replies":[{"embeddable":true,"href":"https:\/\/crecerencarrera.com\/fr\/wp-json\/wp\/v2\/comments?post=13509"}],"version-history":[{"count":1,"href":"https:\/\/crecerencarrera.com\/fr\/wp-json\/wp\/v2\/posts\/13509\/revisions"}],"predecessor-version":[{"id":13519,"href":"https:\/\/crecerencarrera.com\/fr\/wp-json\/wp\/v2\/posts\/13509\/revisions\/13519"}],"wp:attachment":[{"href":"https:\/\/crecerencarrera.com\/fr\/wp-json\/wp\/v2\/media?parent=13509"}],"wp:term":[{"taxonomy":"category","embeddable":true,"href":"https:\/\/crecerencarrera.com\/fr\/wp-json\/wp\/v2\/categories?post=13509"},{"taxonomy":"post_tag","embeddable":true,"href":"https:\/\/crecerencarrera.com\/fr\/wp-json\/wp\/v2\/tags?post=13509"}],"curies":[{"name":"wp","href":"https:\/\/api.w.org\/{rel}","templated":true}]}}