{"id":13586,"date":"2026-04-24T16:41:00","date_gmt":"2026-04-24T16:41:00","guid":{"rendered":"https:\/\/crecerencarrera.com\/1b126924-b1da-4bc2-b035-093a37a182de\/"},"modified":"2026-04-24T16:41:58","modified_gmt":"2026-04-24T16:41:58","slug":"1b126924-b1da-4bc2-b035-093a37a182de","status":"publish","type":"post","link":"https:\/\/crecerencarrera.com\/fr\/1b126924-b1da-4bc2-b035-093a37a182de\/","title":{"rendered":"Personal de tienda de comida para llevar: jornada intensiva, incorporaci\u00f3n inmediata y trabajo en equipo"},"content":{"rendered":"<\/p>\n<\/p>\n<div style=\"background: #ffffff; border-radius: 12px; box-shadow: 0 10px 30px rgba(0, 0, 0, 0.1); width: 100%; max-width: 340px; padding: 25px; transition: transform 0.3s ease-in-out; overflow: visible; display: flex; flex-direction: column; position: relative; border: 1px solid #28a745; margin-top: 70px; margin-bottom: 50px; margin-left: auto; margin-right: auto;\">\n<div style=\"position: absolute; top: -35px; right: 15px; color: #28a745; padding: 5px 10px; border-radius: 6px; font-size: 14px; font-weight: bold; display: flex; align-items: center; z-index: 10;\">Recommand\u00e9 pour toi<\/div>\n<div data-namespace-header=\"\" style=\"\">\n<h3 data-namespace-title=\"\" style=\"color: #333; font-size: 20px; font-weight: bold; text-align: left; margin-right: 50px; min-height: 50px; margin-top: 0px;\">Personal de tienda de comida para llevar<\/h3>\n<\/p><\/div>\n<p data-namespace-prompt=\"\" style=\"font-size: 16px; color: #666; margin-bottom: 20px; line-height: 1.5; flex-grow: 1; text-align: left; margin-top: 0px;\">Atenci\u00f3n al cliente presencial y telef\u00f3nica. Jornada intensiva, equipo colaborativo y posibilidad de ayuda en cocina. Incorporaci\u00f3n inmediata. Documentaci\u00f3n en regla imprescindible.<\/p>\n<p>    <a data-namespace-url=\"\" href=\"https:\/\/crecerencarrera.com\/fr\/redirect\/?https:\/\/www.milanuncios.com\/cocineros-y-camareros\/personal-de-tienda-de-comida-para-llevar-545598737.htm?utm_campaign=google_jobs_apply&#038;utm_source=google_jobs_apply&#038;utm_medium=organic\" style=\"width: 100%; display: inline-block; color: white; text-decoration: none; border-radius: 6px; font-size: 16px; font-weight: bold; text-align: center; transition: transform 0.3s ease, background 0.3s ease; margin-top: auto;\" data-namespace-id=\"5c0d2565-3ba9-4280-a382-ad2a691e2285\"><br \/>\n        <button style=\"width: 100%; height: 55px; background: #e9e9ed; border: 1px solid black; color: black;\">Apuntarse al empleo<\/button><br \/>\n    <\/a><br \/>\n    <small style=\"margin-top: 10px; color: #777; font-size: 12px; text-align: center; display: block;\">Ser\u00e1s redirigido a otra web<\/small>\n<\/div>\n<p>Esta oferta de empleo es para un puesto de personal de tienda de comida para llevar. El contrato es de jornada intensiva de ma\u00f1ana, cubriendo 35 horas semanales, con dos d\u00edas de descanso. La incorporaci\u00f3n es inmediata y se exige tener la documentaci\u00f3n en regla. El ambiente de trabajo es din\u00e1mico y orientado a la atenci\u00f3n al cliente.<\/p>\n<h2>Responsabilit\u00e9s journali\u00e8res et fonctions principales<\/h2>\n<p>Entre las principales funciones, se destaca la atenci\u00f3n al cliente, tanto presencialmente como por tel\u00e9fono para pedidos a domicilio. Tambi\u00e9n tendr\u00e1s que manejar el TPV para cobros y participar en el cierre del establecimiento. Adem\u00e1s, ayudar\u00e1s en tareas sencillas de cocina y colaborar\u00e1s con la limpieza y el orden general, incluidos vitrinas y almacenamiento.<\/p>\n<h2>Ventajas y puntos positivos<\/h2>\n<p>El puesto ofrece un entorno donde se valora el trabajo en equipo y las habilidades interpersonales. El turno intensivo de ma\u00f1ana deja las tardes libres, lo cual facilita la conciliaci\u00f3n. Adem\u00e1s, la variedad de tareas diarias hace que el trabajo sea menos mon\u00f3tono y permite adquirir experiencia en distintas \u00e1reas del negocio de hosteler\u00eda.<\/p>\n<h2>Inconv\u00e9nients et aspects \u00e0 consid\u00e9rer<\/h2>\n<p>El ritmo puede ser exigente en horas punta debido a la naturaleza del sector. Es fundamental ser proactivo y resolutivo para mantener el buen funcionamiento. Tambi\u00e9n es posible que el hecho de trabajar algunos fines de semana no se adapte a todos los candidatos. El trato constante con clientes puede ser un reto si no se cuenta con experiencia previa en ventas o atenci\u00f3n p\u00fablica.<\/p>\n<h2>Veredicto final<\/h2>\n<p>En la balanza, la oferta destaca por la estabilidad horaria, el buen clima de equipo y la posibilidad de aprender diferentes responsabilidades. Si tienes vocaci\u00f3n de servicio, ganas de trabajar en equipo y buscas una entrada al sector de la hosteler\u00eda, esta oportunidad puede ser adecuada para ti. Tener orientaci\u00f3n al cliente es clave para sacar el m\u00e1ximo partido a este empleo.<\/p>\n<div style=\"background: #ffffff; border-radius: 12px; box-shadow: 0 10px 30px rgba(0, 0, 0, 0.1); width: 100%; max-width: 340px; padding: 25px; transition: transform 0.3s ease-in-out; overflow: visible; display: flex; flex-direction: column; position: relative; border: 1px solid #28a745; margin-top: 70px; margin-bottom: 50px; margin-left: auto; margin-right: auto;\">\n<div style=\"position: absolute; top: -35px; right: 15px; color: #28a745; padding: 5px 10px; border-radius: 6px; font-size: 14px; font-weight: bold; display: flex; align-items: center; z-index: 10;\">Recommand\u00e9 pour toi<\/div>\n<div data-namespace-header=\"\" style=\"\">\n<h3 data-namespace-title=\"\" style=\"color: #333; font-size: 20px; font-weight: bold; text-align: left; margin-right: 50px; min-height: 50px; margin-top: 0px;\">Personal de tienda de comida para llevar<\/h3>\n<\/p><\/div>\n<p data-namespace-prompt=\"\" style=\"font-size: 16px; color: #666; margin-bottom: 20px; line-height: 1.5; flex-grow: 1; text-align: left; margin-top: 0px;\">Atenci\u00f3n al cliente presencial y telef\u00f3nica. Jornada intensiva, equipo colaborativo y posibilidad de ayuda en cocina. Incorporaci\u00f3n inmediata. Documentaci\u00f3n en regla imprescindible.<\/p>\n<p>    <a data-namespace-url=\"\" href=\"https:\/\/crecerencarrera.com\/fr\/redirect\/?https:\/\/www.milanuncios.com\/cocineros-y-camareros\/personal-de-tienda-de-comida-para-llevar-545598737.htm?utm_campaign=google_jobs_apply&#038;utm_source=google_jobs_apply&#038;utm_medium=organic\" style=\"width: 100%; display: inline-block; color: white; text-decoration: none; border-radius: 6px; font-size: 16px; font-weight: bold; text-align: center; transition: transform 0.3s ease, background 0.3s ease; margin-top: auto;\" data-namespace-id=\"5c0d2565-3ba9-4280-a382-ad2a691e2285\"><br \/>\n        <button style=\"width: 100%; height: 55px; background: #e9e9ed; border: 1px solid black; color: black;\">Apuntarse al empleo<\/button><br \/>\n    <\/a><br \/>\n    <small style=\"margin-top: 10px; color: #777; font-size: 12px; text-align: center; display: block;\">Ser\u00e1s redirigido a otra web<\/small>\n<\/div>","protected":false},"excerpt":{"rendered":"<p>Descubre esta oferta: Personal de tienda de comida para llevar. Jornada intensiva, dos d\u00edas libres semanales, ambiente din\u00e1mico y atenci\u00f3n al cliente. \u00a1Incorpora tus habilidades al equipo!<\/p>","protected":false},"author":3,"featured_media":0,"comment_status":"open","ping_status":"open","sticky":false,"template":"","format":"standard","meta":{"_uag_custom_page_level_css":"","site-sidebar-layout":"default","site-content-layout":"","ast-site-content-layout":"","site-content-style":"default","site-sidebar-style":"default","ast-global-header-display":"","ast-banner-title-visibility":"","ast-main-header-display":"","ast-hfb-above-header-display":"","ast-hfb-below-header-display":"","ast-hfb-mobile-header-display":"","site-post-title":"","ast-breadcrumbs-content":"","ast-featured-img":"","footer-sml-layout":"","theme-transparent-header-meta":"","adv-header-id-meta":"","stick-header-meta":"","header-above-stick-meta":"","header-main-stick-meta":"","header-below-stick-meta":"","astra-migrate-meta-layouts":"default","ast-page-background-enabled":"default","ast-page-background-meta":{"desktop":{"background-color":"var(--ast-global-color-4)","background-image":"","background-repeat":"repeat","background-position":"center center","background-size":"auto","background-attachment":"scroll","background-type":"","background-media":"","overlay-type":"","overlay-color":"","overlay-opacity":"","overlay-gradient":""},"tablet":{"background-color":"","background-image":"","background-repeat":"repeat","background-position":"center center","background-size":"auto","background-attachment":"scroll","background-type":"","background-media":"","overlay-type":"","overlay-color":"","overlay-opacity":"","overlay-gradient":""},"mobile":{"background-color":"","background-image":"","background-repeat":"repeat","background-position":"center center","background-size":"auto","background-attachment":"scroll","background-type":"","background-media":"","overlay-type":"","overlay-color":"","overlay-opacity":"","overlay-gradient":""}},"ast-content-background-meta":{"desktop":{"background-color":"var(--ast-global-color-5)","background-image":"","background-repeat":"repeat","background-position":"center center","background-size":"auto","background-attachment":"scroll","background-type":"","background-media":"","overlay-type":"","overlay-color":"","overlay-opacity":"","overlay-gradient":""},"tablet":{"background-color":"var(--ast-global-color-5)","background-image":"","background-repeat":"repeat","background-position":"center center","background-size":"auto","background-attachment":"scroll","background-type":"","background-media":"","overlay-type":"","overlay-color":"","overlay-opacity":"","overlay-gradient":""},"mobile":{"background-color":"var(--ast-global-color-5)","background-image":"","background-repeat":"repeat","background-position":"center center","background-size":"auto","background-attachment":"scroll","background-type":"","background-media":"","overlay-type":"","overlay-color":"","overlay-opacity":"","overlay-gradient":""}},"footnotes":""},"categories":[10],"tags":[],"yoast_head":"<!-- This site is optimized with the Yoast SEO plugin v23.3 - https:\/\/yoast.com\/wordpress\/plugins\/seo\/ -->\n<title>Personal de tienda de comida para llevar: jornada intensiva, incorporaci\u00f3n inmediata y trabajo en equipo - Crecer en Carrera<\/title>\n<meta name=\"robots\" content=\"index, follow, max-snippet:-1, max-image-preview:large, max-video-preview:-1\" \/>\n<link rel=\"canonical\" href=\"https:\/\/crecerencarrera.com\/fr\/1b126924-b1da-4bc2-b035-093a37a182de\/\" \/>\n<meta property=\"og:locale\" content=\"fr_FR\" \/>\n<meta property=\"og:type\" content=\"article\" \/>\n<meta property=\"og:title\" content=\"Personal de tienda de comida para llevar: jornada intensiva, incorporaci\u00f3n inmediata y trabajo en equipo - Crecer en Carrera\" \/>\n<meta property=\"og:description\" content=\"Descubre esta oferta: Personal de tienda de comida para llevar. Jornada intensiva, dos d\u00edas libres semanales, ambiente din\u00e1mico y atenci\u00f3n al cliente. \u00a1Incorpora tus habilidades al equipo!\" \/>\n<meta property=\"og:url\" content=\"https:\/\/crecerencarrera.com\/fr\/1b126924-b1da-4bc2-b035-093a37a182de\/\" \/>\n<meta property=\"og:site_name\" content=\"Crecer en Carrera\" \/>\n<meta property=\"article:published_time\" content=\"2026-04-24T16:41:00+00:00\" \/>\n<meta property=\"article:modified_time\" content=\"2026-04-24T16:41:58+00:00\" \/>\n<meta name=\"author\" content=\"Bruno Gianni\" \/>\n<meta name=\"twitter:card\" content=\"summary_large_image\" \/>\n<meta name=\"twitter:label1\" content=\"Written by\" \/>\n\t<meta name=\"twitter:data1\" content=\"Bruno Gianni\" \/>\n\t<meta name=\"twitter:label2\" content=\"Est. reading time\" \/>\n\t<meta name=\"twitter:data2\" content=\"2 minutes\" \/>\n<script type=\"application\/ld+json\" class=\"yoast-schema-graph\">{\"@context\":\"https:\/\/schema.org\",\"@graph\":[{\"@type\":\"Article\",\"@id\":\"https:\/\/crecerencarrera.com\/1b126924-b1da-4bc2-b035-093a37a182de\/#article\",\"isPartOf\":{\"@id\":\"https:\/\/crecerencarrera.com\/1b126924-b1da-4bc2-b035-093a37a182de\/\"},\"author\":{\"name\":\"Bruno Gianni\",\"@id\":\"https:\/\/crecerencarrera.com\/#\/schema\/person\/d52888235fd6563bd07d97185d6a61e4\"},\"headline\":\"Personal de tienda de comida para llevar: jornada intensiva, incorporaci\u00f3n inmediata y trabajo en equipo\",\"datePublished\":\"2026-04-24T16:41:00+00:00\",\"dateModified\":\"2026-04-24T16:41:58+00:00\",\"mainEntityOfPage\":{\"@id\":\"https:\/\/crecerencarrera.com\/1b126924-b1da-4bc2-b035-093a37a182de\/\"},\"wordCount\":439,\"commentCount\":0,\"publisher\":{\"@id\":\"https:\/\/crecerencarrera.com\/#organization\"},\"articleSection\":[\"Hidden\"],\"inLanguage\":\"fr-FR\",\"potentialAction\":[{\"@type\":\"CommentAction\",\"name\":\"Comment\",\"target\":[\"https:\/\/crecerencarrera.com\/1b126924-b1da-4bc2-b035-093a37a182de\/#respond\"]}]},{\"@type\":\"WebPage\",\"@id\":\"https:\/\/crecerencarrera.com\/1b126924-b1da-4bc2-b035-093a37a182de\/\",\"url\":\"https:\/\/crecerencarrera.com\/1b126924-b1da-4bc2-b035-093a37a182de\/\",\"name\":\"Personal de tienda de comida para llevar: jornada intensiva, incorporaci\u00f3n inmediata y trabajo en equipo - Crecer en Carrera\",\"isPartOf\":{\"@id\":\"https:\/\/crecerencarrera.com\/#website\"},\"datePublished\":\"2026-04-24T16:41:00+00:00\",\"dateModified\":\"2026-04-24T16:41:58+00:00\",\"breadcrumb\":{\"@id\":\"https:\/\/crecerencarrera.com\/1b126924-b1da-4bc2-b035-093a37a182de\/#breadcrumb\"},\"inLanguage\":\"fr-FR\",\"potentialAction\":[{\"@type\":\"ReadAction\",\"target\":[\"https:\/\/crecerencarrera.com\/1b126924-b1da-4bc2-b035-093a37a182de\/\"]}]},{\"@type\":\"BreadcrumbList\",\"@id\":\"https:\/\/crecerencarrera.com\/1b126924-b1da-4bc2-b035-093a37a182de\/#breadcrumb\",\"itemListElement\":[{\"@type\":\"ListItem\",\"position\":1,\"name\":\"Home\",\"item\":\"https:\/\/crecerencarrera.com\/\"},{\"@type\":\"ListItem\",\"position\":2,\"name\":\"Personal de tienda de comida para llevar: jornada intensiva, incorporaci\u00f3n inmediata y trabajo en equipo\"}]},{\"@type\":\"WebSite\",\"@id\":\"https:\/\/crecerencarrera.com\/#website\",\"url\":\"https:\/\/crecerencarrera.com\/\",\"name\":\"Crecer en Carrera\",\"description\":\"\",\"publisher\":{\"@id\":\"https:\/\/crecerencarrera.com\/#organization\"},\"potentialAction\":[{\"@type\":\"SearchAction\",\"target\":{\"@type\":\"EntryPoint\",\"urlTemplate\":\"https:\/\/crecerencarrera.com\/?s={search_term_string}\"},\"query-input\":\"required name=search_term_string\"}],\"inLanguage\":\"fr-FR\"},{\"@type\":\"Organization\",\"@id\":\"https:\/\/crecerencarrera.com\/#organization\",\"name\":\"Crecer en Carrera\",\"url\":\"https:\/\/crecerencarrera.com\/\",\"logo\":{\"@type\":\"ImageObject\",\"inLanguage\":\"fr-FR\",\"@id\":\"https:\/\/crecerencarrera.com\/#\/schema\/logo\/image\/\",\"url\":\"https:\/\/crecerencarrera.com\/wp-content\/uploads\/sites\/604\/2025\/10\/logo-Crecer-en-carrera.svg\",\"contentUrl\":\"https:\/\/crecerencarrera.com\/wp-content\/uploads\/sites\/604\/2025\/10\/logo-Crecer-en-carrera.svg\",\"caption\":\"Crecer en Carrera\"},\"image\":{\"@id\":\"https:\/\/crecerencarrera.com\/#\/schema\/logo\/image\/\"}},{\"@type\":\"Person\",\"@id\":\"https:\/\/crecerencarrera.com\/#\/schema\/person\/d52888235fd6563bd07d97185d6a61e4\",\"name\":\"Bruno Gianni\",\"image\":{\"@type\":\"ImageObject\",\"inLanguage\":\"fr-FR\",\"@id\":\"https:\/\/crecerencarrera.com\/#\/schema\/person\/image\/\",\"url\":\"https:\/\/secure.gravatar.com\/avatar\/0f5d42d7bf77874643c1478932860e3f?s=96&d=mm&r=g\",\"contentUrl\":\"https:\/\/secure.gravatar.com\/avatar\/0f5d42d7bf77874643c1478932860e3f?s=96&d=mm&r=g\",\"caption\":\"Bruno Gianni\"},\"description\":\"Bruno writes the way he lives, with curiosity, care, and respect for people. He likes to observe, listen, and try to understand what is happening on the other side before putting any words on the page.For him, writing is not about impressing, but about getting closer. It is about turning thoughts into something simple, clear, and real. Every text is an ongoing conversation, created with care and honesty, with the sincere intention of touching someone, somewhere along the way.\",\"url\":\"https:\/\/crecerencarrera.com\/fr\/author\/bcgianni\/\"}]}<\/script>\n<!-- \/ Yoast SEO plugin. -->","yoast_head_json":{"title":"Personal de tienda de comida para llevar: jornada intensiva, incorporaci\u00f3n inmediata y trabajo en equipo - Crecer en Carrera","robots":{"index":"index","follow":"follow","max-snippet":"max-snippet:-1","max-image-preview":"max-image-preview:large","max-video-preview":"max-video-preview:-1"},"canonical":"https:\/\/crecerencarrera.com\/fr\/1b126924-b1da-4bc2-b035-093a37a182de\/","og_locale":"fr_FR","og_type":"article","og_title":"Personal de tienda de comida para llevar: jornada intensiva, incorporaci\u00f3n inmediata y trabajo en equipo - Crecer en Carrera","og_description":"Descubre esta oferta: Personal de tienda de comida para llevar. Jornada intensiva, dos d\u00edas libres semanales, ambiente din\u00e1mico y atenci\u00f3n al cliente. \u00a1Incorpora tus habilidades al equipo!","og_url":"https:\/\/crecerencarrera.com\/fr\/1b126924-b1da-4bc2-b035-093a37a182de\/","og_site_name":"Crecer en Carrera","article_published_time":"2026-04-24T16:41:00+00:00","article_modified_time":"2026-04-24T16:41:58+00:00","author":"Bruno Gianni","twitter_card":"summary_large_image","twitter_misc":{"Written by":"Bruno Gianni","Est. reading time":"2 minutes"},"schema":{"@context":"https:\/\/schema.org","@graph":[{"@type":"Article","@id":"https:\/\/crecerencarrera.com\/1b126924-b1da-4bc2-b035-093a37a182de\/#article","isPartOf":{"@id":"https:\/\/crecerencarrera.com\/1b126924-b1da-4bc2-b035-093a37a182de\/"},"author":{"name":"Bruno Gianni","@id":"https:\/\/crecerencarrera.com\/#\/schema\/person\/d52888235fd6563bd07d97185d6a61e4"},"headline":"Personal de tienda de comida para llevar: jornada intensiva, incorporaci\u00f3n inmediata y trabajo en equipo","datePublished":"2026-04-24T16:41:00+00:00","dateModified":"2026-04-24T16:41:58+00:00","mainEntityOfPage":{"@id":"https:\/\/crecerencarrera.com\/1b126924-b1da-4bc2-b035-093a37a182de\/"},"wordCount":439,"commentCount":0,"publisher":{"@id":"https:\/\/crecerencarrera.com\/#organization"},"articleSection":["Hidden"],"inLanguage":"fr-FR","potentialAction":[{"@type":"CommentAction","name":"Comment","target":["https:\/\/crecerencarrera.com\/1b126924-b1da-4bc2-b035-093a37a182de\/#respond"]}]},{"@type":"WebPage","@id":"https:\/\/crecerencarrera.com\/1b126924-b1da-4bc2-b035-093a37a182de\/","url":"https:\/\/crecerencarrera.com\/1b126924-b1da-4bc2-b035-093a37a182de\/","name":"Personal de tienda de comida para llevar: jornada intensiva, incorporaci\u00f3n inmediata y trabajo en equipo - Crecer en Carrera","isPartOf":{"@id":"https:\/\/crecerencarrera.com\/#website"},"datePublished":"2026-04-24T16:41:00+00:00","dateModified":"2026-04-24T16:41:58+00:00","breadcrumb":{"@id":"https:\/\/crecerencarrera.com\/1b126924-b1da-4bc2-b035-093a37a182de\/#breadcrumb"},"inLanguage":"fr-FR","potentialAction":[{"@type":"ReadAction","target":["https:\/\/crecerencarrera.com\/1b126924-b1da-4bc2-b035-093a37a182de\/"]}]},{"@type":"BreadcrumbList","@id":"https:\/\/crecerencarrera.com\/1b126924-b1da-4bc2-b035-093a37a182de\/#breadcrumb","itemListElement":[{"@type":"ListItem","position":1,"name":"Home","item":"https:\/\/crecerencarrera.com\/"},{"@type":"ListItem","position":2,"name":"Personal de tienda de comida para llevar: jornada intensiva, incorporaci\u00f3n inmediata y trabajo en equipo"}]},{"@type":"WebSite","@id":"https:\/\/crecerencarrera.com\/#website","url":"https:\/\/crecerencarrera.com\/","name":"Crecer en Carrera","description":"","publisher":{"@id":"https:\/\/crecerencarrera.com\/#organization"},"potentialAction":[{"@type":"SearchAction","target":{"@type":"EntryPoint","urlTemplate":"https:\/\/crecerencarrera.com\/?s={search_term_string}"},"query-input":"required name=search_term_string"}],"inLanguage":"fr-FR"},{"@type":"Organization","@id":"https:\/\/crecerencarrera.com\/#organization","name":"Crecer en Carrera","url":"https:\/\/crecerencarrera.com\/","logo":{"@type":"ImageObject","inLanguage":"fr-FR","@id":"https:\/\/crecerencarrera.com\/#\/schema\/logo\/image\/","url":"https:\/\/crecerencarrera.com\/wp-content\/uploads\/sites\/604\/2025\/10\/logo-Crecer-en-carrera.svg","contentUrl":"https:\/\/crecerencarrera.com\/wp-content\/uploads\/sites\/604\/2025\/10\/logo-Crecer-en-carrera.svg","caption":"Crecer en Carrera"},"image":{"@id":"https:\/\/crecerencarrera.com\/#\/schema\/logo\/image\/"}},{"@type":"Person","@id":"https:\/\/crecerencarrera.com\/#\/schema\/person\/d52888235fd6563bd07d97185d6a61e4","name":"Bruno Gianni","image":{"@type":"ImageObject","inLanguage":"fr-FR","@id":"https:\/\/crecerencarrera.com\/#\/schema\/person\/image\/","url":"https:\/\/secure.gravatar.com\/avatar\/0f5d42d7bf77874643c1478932860e3f?s=96&d=mm&r=g","contentUrl":"https:\/\/secure.gravatar.com\/avatar\/0f5d42d7bf77874643c1478932860e3f?s=96&d=mm&r=g","caption":"Bruno Gianni"},"description":"Bruno writes the way he lives, with curiosity, care, and respect for people. He likes to observe, listen, and try to understand what is happening on the other side before putting any words on the page.For him, writing is not about impressing, but about getting closer. It is about turning thoughts into something simple, clear, and real. Every text is an ongoing conversation, created with care and honesty, with the sincere intention of touching someone, somewhere along the way.","url":"https:\/\/crecerencarrera.com\/fr\/author\/bcgianni\/"}]}},"uagb_featured_image_src":{"full":false,"thumbnail":false,"medium":false,"medium_large":false,"large":false,"1536x1536":false,"2048x2048":false,"trp-custom-language-flag":false},"uagb_author_info":{"display_name":"Bruno Gianni","author_link":"https:\/\/crecerencarrera.com\/fr\/author\/bcgianni\/"},"uagb_comment_info":0,"uagb_excerpt":"Descubre esta oferta: Personal de tienda de comida para llevar. Jornada intensiva, dos d\u00edas libres semanales, ambiente din\u00e1mico y atenci\u00f3n al cliente. \u00a1Incorpora tus habilidades al equipo!","_links":{"self":[{"href":"https:\/\/crecerencarrera.com\/fr\/wp-json\/wp\/v2\/posts\/13586"}],"collection":[{"href":"https:\/\/crecerencarrera.com\/fr\/wp-json\/wp\/v2\/posts"}],"about":[{"href":"https:\/\/crecerencarrera.com\/fr\/wp-json\/wp\/v2\/types\/post"}],"author":[{"embeddable":true,"href":"https:\/\/crecerencarrera.com\/fr\/wp-json\/wp\/v2\/users\/3"}],"replies":[{"embeddable":true,"href":"https:\/\/crecerencarrera.com\/fr\/wp-json\/wp\/v2\/comments?post=13586"}],"version-history":[{"count":1,"href":"https:\/\/crecerencarrera.com\/fr\/wp-json\/wp\/v2\/posts\/13586\/revisions"}],"predecessor-version":[{"id":13587,"href":"https:\/\/crecerencarrera.com\/fr\/wp-json\/wp\/v2\/posts\/13586\/revisions\/13587"}],"wp:attachment":[{"href":"https:\/\/crecerencarrera.com\/fr\/wp-json\/wp\/v2\/media?parent=13586"}],"wp:term":[{"taxonomy":"category","embeddable":true,"href":"https:\/\/crecerencarrera.com\/fr\/wp-json\/wp\/v2\/categories?post=13586"},{"taxonomy":"post_tag","embeddable":true,"href":"https:\/\/crecerencarrera.com\/fr\/wp-json\/wp\/v2\/tags?post=13586"}],"curies":[{"name":"wp","href":"https:\/\/api.w.org\/{rel}","templated":true}]}}