{"id":3233,"date":"2026-02-12T09:06:00","date_gmt":"2026-02-12T09:06:00","guid":{"rendered":"https:\/\/crecerencarrera.com\/a1c863a0-d5c7-4a1e-951d-a3217c3a2234\/"},"modified":"2026-02-12T09:06:34","modified_gmt":"2026-02-12T09:06:34","slug":"a1c863a0-d5c7-4a1e-951d-a3217c3a2234","status":"publish","type":"post","link":"https:\/\/crecerencarrera.com\/fr\/a1c863a0-d5c7-4a1e-951d-a3217c3a2234\/","title":{"rendered":"Coordinateur des m\u00e9dias sociaux\u00a0:\u00a0Tu puerta al crecimiento en marketing digital"},"content":{"rendered":"<\/p>\n<\/p>\n<div style=\"background: #ffffff; border-radius: 12px; box-shadow: 0 10px 30px rgba(0, 0, 0, 0.1); width: 100%; max-width: 340px; padding: 25px; transition: transform 0.3s ease-in-out; overflow: visible; display: flex; flex-direction: column; position: relative; border: 1px solid #28a745; margin-top: 70px; margin-bottom: 50px; margin-left: auto; margin-right: auto;\">\n<div style=\"position: absolute; top: -35px; right: 15px; color: #28a745; padding: 5px 10px; border-radius: 6px; font-size: 14px; font-weight: bold; display: flex; align-items: center; z-index: 10;\">Recommand\u00e9 pour toi<\/div>\n<div data-namespace-header=\"\" style=\"\">\n<h3 data-namespace-title=\"\" style=\"color: #333; font-size: 20px; font-weight: bold; text-align: left; margin-right: 50px; min-height: 50px; margin-top: 0px;\">Coordinateur des m\u00e9dias sociaux<\/h3>\n<\/p><\/div>\n<p data-namespace-prompt=\"\" style=\"font-size: 16px; color: #666; margin-bottom: 20px; line-height: 1.5; flex-grow: 1; text-align: left; margin-top: 0px;\">Gestion des r\u00e9seaux sociaux, cr\u00e9ation de contenu et collaboration avec des agences pour stimuler la croissance de la marque et de la communaut\u00e9. Possibilit\u00e9 de porter votre vision et votre cr\u00e9ativit\u00e9.<\/p>\n<p>    <a data-namespace-url=\"\" href=\"https:\/\/crecerencarrera.com\/fr\/redirect\/?https:\/\/es.whatjobs.com\/online-marketing-jobs?id=296675581&#038;utm_campaign=google_jobs_apply&#038;utm_source=google_jobs_apply&#038;utm_medium=organic\" style=\"width: 100%; display: inline-block; color: white; text-decoration: none; border-radius: 6px; font-size: 16px; font-weight: bold; text-align: center; transition: transform 0.3s ease, background 0.3s ease; margin-top: auto;\" data-namespace-id=\"5c0d2565-3ba9-4280-a382-ad2a691e2285\"><br \/>\n        <button style=\"width: 100%; height: 55px; background: #e9e9ed; border: 1px solid black; color: black;\">Postular al trabajo<\/button><br \/>\n    <\/a><br \/>\n    <small style=\"margin-top: 10px; color: #777; font-size: 12px; text-align: center; display: block;\">Ser\u00e1s redirigido a otro site web<\/small>\n<\/div>\n<h2>Responsabilit\u00e9s et jour \u00e0 jour<\/h2>\n<p>En tant que coordinateur des m\u00e9dias sociaux, votre fonction principale sera de planifier et d&#039;ex\u00e9cuter la strat\u00e9gie de r\u00e9seaux sociaux de la marque.<\/p>\n<p>Vous dirigerez la cr\u00e9ation de contenus visuels et \u00e9crits, coordonnerez les \u00e9quipes internes et les agences externes pour exploiter les objets propos\u00e9s.<\/p>\n<p>Superviser le calendrier \u00e9ditorial, publier sur les r\u00e9seaux sociaux et r\u00e9pondre de mani\u00e8re active \u00e0 la communaut\u00e9 num\u00e9rique de la marque.<\/p>\n<p>En outre, nous analysons les mesures, proposons de meilleures bases de donn\u00e9es et g\u00e9rons des campagnes avec des influenceurs et des collaborateurs strat\u00e9giques.<\/p>\n<p>La gestion efficace des projets et la cr\u00e9ativit\u00e9 seront essentielles pour enregistrer des r\u00e9sultats comestibles en engagement et en croissance en ligne.<\/p>\n<h2>Ventes principales du lieu<\/h2>\n<p>L&#039;un des plus grands vents est la possibilit\u00e9 de porter votre vision strat\u00e9gique et cr\u00e9ative sur une marque reconnue, avec une orientation claire vers la croissance.<\/p>\n<p>Le pouvoir d&#039;offrir le d\u00e9veloppement continu de comp\u00e9tences en marketing num\u00e9rique lui permet d&#039;ouvrir des portes \u00e0 de futures positions de leader et de sp\u00e9cialisation.<\/p>\n<h2>Aspectos a considerar<\/h2>\n<p>L&#039;un des r\u00f4les principaux est le rythme \u00e9lev\u00e9 et la charge de travail associ\u00e9e aux campagnes simultan\u00e9es, en exigeant une gestion du temps tr\u00e8s efficace.<\/p>\n<p>Celui-ci n\u00e9cessite adaptabilit\u00e9 et proactivit\u00e9, car il doit \u00eatre align\u00e9 avec les \u00e9quipes internationales et g\u00e9rer les places ajust\u00e9es.<\/p>\n<h2>Veredicto final<\/h2>\n<p>Ce poste de coordonnateur des m\u00e9dias sociaux en charge de la vente pour votre \u00e9quilibre entre la cr\u00e9ativit\u00e9, la strat\u00e9gie et l&#039;apprentissage continu, est id\u00e9al pour les personnes motiv\u00e9es qui cherchent \u00e0 progresser dans le monde num\u00e9rique.<\/p>\n<div style=\"background: #ffffff; border-radius: 12px; box-shadow: 0 10px 30px rgba(0, 0, 0, 0.1); width: 100%; max-width: 340px; padding: 25px; transition: transform 0.3s ease-in-out; overflow: visible; display: flex; flex-direction: column; position: relative; border: 1px solid #28a745; margin-top: 70px; margin-bottom: 50px; margin-left: auto; margin-right: auto;\">\n<div style=\"position: absolute; top: -35px; right: 15px; color: #28a745; padding: 5px 10px; border-radius: 6px; font-size: 14px; font-weight: bold; display: flex; align-items: center; z-index: 10;\">Recommand\u00e9 pour toi<\/div>\n<div data-namespace-header=\"\" style=\"\">\n<h3 data-namespace-title=\"\" style=\"color: #333; font-size: 20px; font-weight: bold; text-align: left; margin-right: 50px; min-height: 50px; margin-top: 0px;\">Coordinateur des m\u00e9dias sociaux<\/h3>\n<\/p><\/div>\n<p data-namespace-prompt=\"\" style=\"font-size: 16px; color: #666; margin-bottom: 20px; line-height: 1.5; flex-grow: 1; text-align: left; margin-top: 0px;\">Gestion des r\u00e9seaux sociaux, cr\u00e9ation de contenu et collaboration avec des agences pour stimuler la croissance de la marque et de la communaut\u00e9. Possibilit\u00e9 de porter votre vision et votre cr\u00e9ativit\u00e9.<\/p>\n<p>    <a data-namespace-url=\"\" href=\"https:\/\/crecerencarrera.com\/fr\/redirect\/?https:\/\/es.whatjobs.com\/online-marketing-jobs?id=296675581&#038;utm_campaign=google_jobs_apply&#038;utm_source=google_jobs_apply&#038;utm_medium=organic\" style=\"width: 100%; display: inline-block; color: white; text-decoration: none; border-radius: 6px; font-size: 16px; font-weight: bold; text-align: center; transition: transform 0.3s ease, background 0.3s ease; margin-top: auto;\" data-namespace-id=\"5c0d2565-3ba9-4280-a382-ad2a691e2285\"><br \/>\n        <button style=\"width: 100%; height: 55px; background: #e9e9ed; border: 1px solid black; color: black;\">Postular al trabajo<\/button><br \/>\n    <\/a><br \/>\n    <small style=\"margin-top: 10px; color: #777; font-size: 12px; text-align: center; display: block;\">Ser\u00e1s redirigido a otro site web<\/small>\n<\/div>","protected":false},"excerpt":{"rendered":"<p>\u00bfQuieres crecer en marketing digital? El puesto de Social Media Coordinator te permite crear estrategias, gestionar redes y colaborar con equipos creativos. Descubre si es ideal para ti aqu\u00ed.<\/p>","protected":false},"author":3,"featured_media":0,"comment_status":"open","ping_status":"open","sticky":false,"template":"","format":"standard","meta":{"_uag_custom_page_level_css":"","site-sidebar-layout":"default","site-content-layout":"","ast-site-content-layout":"","site-content-style":"default","site-sidebar-style":"default","ast-global-header-display":"","ast-banner-title-visibility":"","ast-main-header-display":"","ast-hfb-above-header-display":"","ast-hfb-below-header-display":"","ast-hfb-mobile-header-display":"","site-post-title":"","ast-breadcrumbs-content":"","ast-featured-img":"","footer-sml-layout":"","theme-transparent-header-meta":"","adv-header-id-meta":"","stick-header-meta":"","header-above-stick-meta":"","header-main-stick-meta":"","header-below-stick-meta":"","astra-migrate-meta-layouts":"default","ast-page-background-enabled":"default","ast-page-background-meta":{"desktop":{"background-color":"var(--ast-global-color-4)","background-image":"","background-repeat":"repeat","background-position":"center center","background-size":"auto","background-attachment":"scroll","background-type":"","background-media":"","overlay-type":"","overlay-color":"","overlay-opacity":"","overlay-gradient":""},"tablet":{"background-color":"","background-image":"","background-repeat":"repeat","background-position":"center center","background-size":"auto","background-attachment":"scroll","background-type":"","background-media":"","overlay-type":"","overlay-color":"","overlay-opacity":"","overlay-gradient":""},"mobile":{"background-color":"","background-image":"","background-repeat":"repeat","background-position":"center center","background-size":"auto","background-attachment":"scroll","background-type":"","background-media":"","overlay-type":"","overlay-color":"","overlay-opacity":"","overlay-gradient":""}},"ast-content-background-meta":{"desktop":{"background-color":"var(--ast-global-color-5)","background-image":"","background-repeat":"repeat","background-position":"center center","background-size":"auto","background-attachment":"scroll","background-type":"","background-media":"","overlay-type":"","overlay-color":"","overlay-opacity":"","overlay-gradient":""},"tablet":{"background-color":"var(--ast-global-color-5)","background-image":"","background-repeat":"repeat","background-position":"center center","background-size":"auto","background-attachment":"scroll","background-type":"","background-media":"","overlay-type":"","overlay-color":"","overlay-opacity":"","overlay-gradient":""},"mobile":{"background-color":"var(--ast-global-color-5)","background-image":"","background-repeat":"repeat","background-position":"center center","background-size":"auto","background-attachment":"scroll","background-type":"","background-media":"","overlay-type":"","overlay-color":"","overlay-opacity":"","overlay-gradient":""}},"footnotes":""},"categories":[10],"tags":[],"yoast_head":"<!-- This site is optimized with the Yoast SEO plugin v23.3 - https:\/\/yoast.com\/wordpress\/plugins\/seo\/ -->\n<title>Social Media Coordinator: Tu puerta al crecimiento en marketing digital - Crecer en Carrera<\/title>\n<meta name=\"robots\" content=\"index, follow, max-snippet:-1, max-image-preview:large, max-video-preview:-1\" \/>\n<link rel=\"canonical\" href=\"https:\/\/crecerencarrera.com\/fr\/a1c863a0-d5c7-4a1e-951d-a3217c3a2234\/\" \/>\n<meta property=\"og:locale\" content=\"fr_FR\" \/>\n<meta property=\"og:type\" content=\"article\" \/>\n<meta property=\"og:title\" content=\"Social Media Coordinator: Tu puerta al crecimiento en marketing digital - Crecer en Carrera\" \/>\n<meta property=\"og:description\" content=\"\u00bfQuieres crecer en marketing digital? El puesto de Social Media Coordinator te permite crear estrategias, gestionar redes y colaborar con equipos creativos. Descubre si es ideal para ti aqu\u00ed.\" \/>\n<meta property=\"og:url\" content=\"https:\/\/crecerencarrera.com\/fr\/a1c863a0-d5c7-4a1e-951d-a3217c3a2234\/\" \/>\n<meta property=\"og:site_name\" content=\"Crecer en Carrera\" \/>\n<meta property=\"article:published_time\" content=\"2026-02-12T09:06:00+00:00\" \/>\n<meta property=\"article:modified_time\" content=\"2026-02-12T09:06:34+00:00\" \/>\n<meta name=\"author\" content=\"Bruno Gianni\" \/>\n<meta name=\"twitter:card\" content=\"summary_large_image\" \/>\n<meta name=\"twitter:label1\" content=\"Written by\" \/>\n\t<meta name=\"twitter:data1\" content=\"Bruno Gianni\" \/>\n\t<meta name=\"twitter:label2\" content=\"Est. reading time\" \/>\n\t<meta name=\"twitter:data2\" content=\"2 minutes\" \/>\n<script type=\"application\/ld+json\" class=\"yoast-schema-graph\">{\"@context\":\"https:\/\/schema.org\",\"@graph\":[{\"@type\":\"Article\",\"@id\":\"https:\/\/crecerencarrera.com\/a1c863a0-d5c7-4a1e-951d-a3217c3a2234\/#article\",\"isPartOf\":{\"@id\":\"https:\/\/crecerencarrera.com\/a1c863a0-d5c7-4a1e-951d-a3217c3a2234\/\"},\"author\":{\"name\":\"Bruno Gianni\",\"@id\":\"https:\/\/crecerencarrera.com\/#\/schema\/person\/d52888235fd6563bd07d97185d6a61e4\"},\"headline\":\"Social Media Coordinator: Tu puerta al crecimiento en marketing digital\",\"datePublished\":\"2026-02-12T09:06:00+00:00\",\"dateModified\":\"2026-02-12T09:06:34+00:00\",\"mainEntityOfPage\":{\"@id\":\"https:\/\/crecerencarrera.com\/a1c863a0-d5c7-4a1e-951d-a3217c3a2234\/\"},\"wordCount\":342,\"commentCount\":0,\"publisher\":{\"@id\":\"https:\/\/crecerencarrera.com\/#organization\"},\"articleSection\":[\"Hidden\"],\"inLanguage\":\"fr-FR\",\"potentialAction\":[{\"@type\":\"CommentAction\",\"name\":\"Comment\",\"target\":[\"https:\/\/crecerencarrera.com\/a1c863a0-d5c7-4a1e-951d-a3217c3a2234\/#respond\"]}]},{\"@type\":\"WebPage\",\"@id\":\"https:\/\/crecerencarrera.com\/a1c863a0-d5c7-4a1e-951d-a3217c3a2234\/\",\"url\":\"https:\/\/crecerencarrera.com\/a1c863a0-d5c7-4a1e-951d-a3217c3a2234\/\",\"name\":\"Social Media Coordinator: Tu puerta al crecimiento en marketing digital - Crecer en Carrera\",\"isPartOf\":{\"@id\":\"https:\/\/crecerencarrera.com\/#website\"},\"datePublished\":\"2026-02-12T09:06:00+00:00\",\"dateModified\":\"2026-02-12T09:06:34+00:00\",\"breadcrumb\":{\"@id\":\"https:\/\/crecerencarrera.com\/a1c863a0-d5c7-4a1e-951d-a3217c3a2234\/#breadcrumb\"},\"inLanguage\":\"fr-FR\",\"potentialAction\":[{\"@type\":\"ReadAction\",\"target\":[\"https:\/\/crecerencarrera.com\/a1c863a0-d5c7-4a1e-951d-a3217c3a2234\/\"]}]},{\"@type\":\"BreadcrumbList\",\"@id\":\"https:\/\/crecerencarrera.com\/a1c863a0-d5c7-4a1e-951d-a3217c3a2234\/#breadcrumb\",\"itemListElement\":[{\"@type\":\"ListItem\",\"position\":1,\"name\":\"Home\",\"item\":\"https:\/\/crecerencarrera.com\/\"},{\"@type\":\"ListItem\",\"position\":2,\"name\":\"Social Media Coordinator: Tu puerta al crecimiento en marketing digital\"}]},{\"@type\":\"WebSite\",\"@id\":\"https:\/\/crecerencarrera.com\/#website\",\"url\":\"https:\/\/crecerencarrera.com\/\",\"name\":\"Crecer en Carrera\",\"description\":\"\",\"publisher\":{\"@id\":\"https:\/\/crecerencarrera.com\/#organization\"},\"potentialAction\":[{\"@type\":\"SearchAction\",\"target\":{\"@type\":\"EntryPoint\",\"urlTemplate\":\"https:\/\/crecerencarrera.com\/?s={search_term_string}\"},\"query-input\":\"required name=search_term_string\"}],\"inLanguage\":\"fr-FR\"},{\"@type\":\"Organization\",\"@id\":\"https:\/\/crecerencarrera.com\/#organization\",\"name\":\"Crecer en Carrera\",\"url\":\"https:\/\/crecerencarrera.com\/\",\"logo\":{\"@type\":\"ImageObject\",\"inLanguage\":\"fr-FR\",\"@id\":\"https:\/\/crecerencarrera.com\/#\/schema\/logo\/image\/\",\"url\":\"https:\/\/crecerencarrera.com\/wp-content\/uploads\/sites\/604\/2025\/10\/logo-Crecer-en-carrera.svg\",\"contentUrl\":\"https:\/\/crecerencarrera.com\/wp-content\/uploads\/sites\/604\/2025\/10\/logo-Crecer-en-carrera.svg\",\"caption\":\"Crecer en Carrera\"},\"image\":{\"@id\":\"https:\/\/crecerencarrera.com\/#\/schema\/logo\/image\/\"}},{\"@type\":\"Person\",\"@id\":\"https:\/\/crecerencarrera.com\/#\/schema\/person\/d52888235fd6563bd07d97185d6a61e4\",\"name\":\"Bruno Gianni\",\"image\":{\"@type\":\"ImageObject\",\"inLanguage\":\"fr-FR\",\"@id\":\"https:\/\/crecerencarrera.com\/#\/schema\/person\/image\/\",\"url\":\"https:\/\/secure.gravatar.com\/avatar\/0f5d42d7bf77874643c1478932860e3f?s=96&d=mm&r=g\",\"contentUrl\":\"https:\/\/secure.gravatar.com\/avatar\/0f5d42d7bf77874643c1478932860e3f?s=96&d=mm&r=g\",\"caption\":\"Bruno Gianni\"},\"description\":\"Bruno writes the way he lives, with curiosity, care, and respect for people. He likes to observe, listen, and try to understand what is happening on the other side before putting any words on the page.For him, writing is not about impressing, but about getting closer. It is about turning thoughts into something simple, clear, and real. Every text is an ongoing conversation, created with care and honesty, with the sincere intention of touching someone, somewhere along the way.\",\"url\":\"https:\/\/crecerencarrera.com\/fr\/author\/bcgianni\/\"}]}<\/script>\n<!-- \/ Yoast SEO plugin. -->","yoast_head_json":{"title":"Social Media Coordinator: Tu puerta al crecimiento en marketing digital - Crecer en Carrera","robots":{"index":"index","follow":"follow","max-snippet":"max-snippet:-1","max-image-preview":"max-image-preview:large","max-video-preview":"max-video-preview:-1"},"canonical":"https:\/\/crecerencarrera.com\/fr\/a1c863a0-d5c7-4a1e-951d-a3217c3a2234\/","og_locale":"fr_FR","og_type":"article","og_title":"Social Media Coordinator: Tu puerta al crecimiento en marketing digital - Crecer en Carrera","og_description":"\u00bfQuieres crecer en marketing digital? El puesto de Social Media Coordinator te permite crear estrategias, gestionar redes y colaborar con equipos creativos. Descubre si es ideal para ti aqu\u00ed.","og_url":"https:\/\/crecerencarrera.com\/fr\/a1c863a0-d5c7-4a1e-951d-a3217c3a2234\/","og_site_name":"Crecer en Carrera","article_published_time":"2026-02-12T09:06:00+00:00","article_modified_time":"2026-02-12T09:06:34+00:00","author":"Bruno Gianni","twitter_card":"summary_large_image","twitter_misc":{"Written by":"Bruno Gianni","Est. reading time":"2 minutes"},"schema":{"@context":"https:\/\/schema.org","@graph":[{"@type":"Article","@id":"https:\/\/crecerencarrera.com\/a1c863a0-d5c7-4a1e-951d-a3217c3a2234\/#article","isPartOf":{"@id":"https:\/\/crecerencarrera.com\/a1c863a0-d5c7-4a1e-951d-a3217c3a2234\/"},"author":{"name":"Bruno Gianni","@id":"https:\/\/crecerencarrera.com\/#\/schema\/person\/d52888235fd6563bd07d97185d6a61e4"},"headline":"Social Media Coordinator: Tu puerta al crecimiento en marketing digital","datePublished":"2026-02-12T09:06:00+00:00","dateModified":"2026-02-12T09:06:34+00:00","mainEntityOfPage":{"@id":"https:\/\/crecerencarrera.com\/a1c863a0-d5c7-4a1e-951d-a3217c3a2234\/"},"wordCount":342,"commentCount":0,"publisher":{"@id":"https:\/\/crecerencarrera.com\/#organization"},"articleSection":["Hidden"],"inLanguage":"fr-FR","potentialAction":[{"@type":"CommentAction","name":"Comment","target":["https:\/\/crecerencarrera.com\/a1c863a0-d5c7-4a1e-951d-a3217c3a2234\/#respond"]}]},{"@type":"WebPage","@id":"https:\/\/crecerencarrera.com\/a1c863a0-d5c7-4a1e-951d-a3217c3a2234\/","url":"https:\/\/crecerencarrera.com\/a1c863a0-d5c7-4a1e-951d-a3217c3a2234\/","name":"Social Media Coordinator: Tu puerta al crecimiento en marketing digital - Crecer en Carrera","isPartOf":{"@id":"https:\/\/crecerencarrera.com\/#website"},"datePublished":"2026-02-12T09:06:00+00:00","dateModified":"2026-02-12T09:06:34+00:00","breadcrumb":{"@id":"https:\/\/crecerencarrera.com\/a1c863a0-d5c7-4a1e-951d-a3217c3a2234\/#breadcrumb"},"inLanguage":"fr-FR","potentialAction":[{"@type":"ReadAction","target":["https:\/\/crecerencarrera.com\/a1c863a0-d5c7-4a1e-951d-a3217c3a2234\/"]}]},{"@type":"BreadcrumbList","@id":"https:\/\/crecerencarrera.com\/a1c863a0-d5c7-4a1e-951d-a3217c3a2234\/#breadcrumb","itemListElement":[{"@type":"ListItem","position":1,"name":"Home","item":"https:\/\/crecerencarrera.com\/"},{"@type":"ListItem","position":2,"name":"Social Media Coordinator: Tu puerta al crecimiento en marketing digital"}]},{"@type":"WebSite","@id":"https:\/\/crecerencarrera.com\/#website","url":"https:\/\/crecerencarrera.com\/","name":"Crecer en Carrera","description":"","publisher":{"@id":"https:\/\/crecerencarrera.com\/#organization"},"potentialAction":[{"@type":"SearchAction","target":{"@type":"EntryPoint","urlTemplate":"https:\/\/crecerencarrera.com\/?s={search_term_string}"},"query-input":"required name=search_term_string"}],"inLanguage":"fr-FR"},{"@type":"Organization","@id":"https:\/\/crecerencarrera.com\/#organization","name":"Crecer en Carrera","url":"https:\/\/crecerencarrera.com\/","logo":{"@type":"ImageObject","inLanguage":"fr-FR","@id":"https:\/\/crecerencarrera.com\/#\/schema\/logo\/image\/","url":"https:\/\/crecerencarrera.com\/wp-content\/uploads\/sites\/604\/2025\/10\/logo-Crecer-en-carrera.svg","contentUrl":"https:\/\/crecerencarrera.com\/wp-content\/uploads\/sites\/604\/2025\/10\/logo-Crecer-en-carrera.svg","caption":"Crecer en Carrera"},"image":{"@id":"https:\/\/crecerencarrera.com\/#\/schema\/logo\/image\/"}},{"@type":"Person","@id":"https:\/\/crecerencarrera.com\/#\/schema\/person\/d52888235fd6563bd07d97185d6a61e4","name":"Bruno Gianni","image":{"@type":"ImageObject","inLanguage":"fr-FR","@id":"https:\/\/crecerencarrera.com\/#\/schema\/person\/image\/","url":"https:\/\/secure.gravatar.com\/avatar\/0f5d42d7bf77874643c1478932860e3f?s=96&d=mm&r=g","contentUrl":"https:\/\/secure.gravatar.com\/avatar\/0f5d42d7bf77874643c1478932860e3f?s=96&d=mm&r=g","caption":"Bruno Gianni"},"description":"Bruno writes the way he lives, with curiosity, care, and respect for people. He likes to observe, listen, and try to understand what is happening on the other side before putting any words on the page.For him, writing is not about impressing, but about getting closer. It is about turning thoughts into something simple, clear, and real. Every text is an ongoing conversation, created with care and honesty, with the sincere intention of touching someone, somewhere along the way.","url":"https:\/\/crecerencarrera.com\/fr\/author\/bcgianni\/"}]}},"uagb_featured_image_src":{"full":false,"thumbnail":false,"medium":false,"medium_large":false,"large":false,"1536x1536":false,"2048x2048":false,"trp-custom-language-flag":false},"uagb_author_info":{"display_name":"Bruno Gianni","author_link":"https:\/\/crecerencarrera.com\/fr\/author\/bcgianni\/"},"uagb_comment_info":0,"uagb_excerpt":"\u00bfQuieres crecer en marketing digital? El puesto de Social Media Coordinator te permite crear estrategias, gestionar redes y colaborar con equipos creativos. Descubre si es ideal para ti aqu\u00ed.","_links":{"self":[{"href":"https:\/\/crecerencarrera.com\/fr\/wp-json\/wp\/v2\/posts\/3233"}],"collection":[{"href":"https:\/\/crecerencarrera.com\/fr\/wp-json\/wp\/v2\/posts"}],"about":[{"href":"https:\/\/crecerencarrera.com\/fr\/wp-json\/wp\/v2\/types\/post"}],"author":[{"embeddable":true,"href":"https:\/\/crecerencarrera.com\/fr\/wp-json\/wp\/v2\/users\/3"}],"replies":[{"embeddable":true,"href":"https:\/\/crecerencarrera.com\/fr\/wp-json\/wp\/v2\/comments?post=3233"}],"version-history":[{"count":1,"href":"https:\/\/crecerencarrera.com\/fr\/wp-json\/wp\/v2\/posts\/3233\/revisions"}],"predecessor-version":[{"id":3244,"href":"https:\/\/crecerencarrera.com\/fr\/wp-json\/wp\/v2\/posts\/3233\/revisions\/3244"}],"wp:attachment":[{"href":"https:\/\/crecerencarrera.com\/fr\/wp-json\/wp\/v2\/media?parent=3233"}],"wp:term":[{"taxonomy":"category","embeddable":true,"href":"https:\/\/crecerencarrera.com\/fr\/wp-json\/wp\/v2\/categories?post=3233"},{"taxonomy":"post_tag","embeddable":true,"href":"https:\/\/crecerencarrera.com\/fr\/wp-json\/wp\/v2\/tags?post=3233"}],"curies":[{"name":"wp","href":"https:\/\/api.w.org\/{rel}","templated":true}]}}