{"id":3529,"date":"2026-02-13T12:06:00","date_gmt":"2026-02-13T12:06:00","guid":{"rendered":"https:\/\/crecerencarrera.com\/11eb180c-28c7-4142-9b21-da976e55990e\/"},"modified":"2026-02-13T12:06:15","modified_gmt":"2026-02-13T12:06:15","slug":"11eb180c-28c7-4142-9b21-da976e55990e","status":"publish","type":"post","link":"https:\/\/crecerencarrera.com\/fr\/11eb180c-28c7-4142-9b21-da976e55990e\/","title":{"rendered":"Encargado de Cafeter\u00eda Hospitalaria: Journ\u00e9e Intensiva et Desarrollo Profesional"},"content":{"rendered":"<\/p>\n<\/p>\n<div style=\"background: #ffffff; border-radius: 12px; box-shadow: 0 10px 30px rgba(0, 0, 0, 0.1); width: 100%; max-width: 340px; padding: 25px; transition: transform 0.3s ease-in-out; overflow: visible; display: flex; flex-direction: column; position: relative; border: 1px solid #28a745; margin-top: 70px; margin-bottom: 50px; margin-left: auto; margin-right: auto;\">\n<div style=\"position: absolute; top: -35px; right: 15px; color: #28a745; padding: 5px 10px; border-radius: 6px; font-size: 14px; font-weight: bold; display: flex; align-items: center; z-index: 10;\">Recommand\u00e9 pour toi<\/div>\n<div data-namespace-header=\"\" style=\"\">\n<h3 data-namespace-title=\"\" style=\"color: #333; font-size: 20px; font-weight: bold; text-align: left; margin-right: 50px; min-height: 50px; margin-top: 0px;\">Encargado\/a de Cafeter\u00eda<\/h3>\n<\/p><\/div>\n<p data-namespace-prompt=\"\" style=\"font-size: 16px; color: #666; margin-bottom: 20px; line-height: 1.5; flex-grow: 1; text-align: left; margin-top: 0px;\">Responsabilit\u00e9 dans la gestion de la caf\u00e9t\u00e9ria hospitali\u00e8re, horaire intensif de lunes \u00e0 viernes, ambiance stable, formation continue et programme de bien-\u00eatre pour les employ\u00e9s.<\/p>\n<p>    <a data-namespace-url=\"\" href=\"https:\/\/crecerencarrera.com\/fr\/redirect\/?https:\/\/es.jooble.org\/rjdp\/1712886019163634501?utm_campaign=google_jobs_apply&#038;utm_source=google_jobs_apply&#038;utm_medium=organic\" style=\"width: 100%; display: inline-block; color: white; text-decoration: none; border-radius: 6px; font-size: 16px; font-weight: bold; text-align: center; transition: transform 0.3s ease, background 0.3s ease; margin-top: auto;\" data-namespace-id=\"5c0d2565-3ba9-4280-a382-ad2a691e2285\"><br \/>\n        <button style=\"width: 100%; height: 55px; background: #e9e9ed; border: 1px solid black; color: black;\">Postulaire \u00e0 l&#039;emploi<\/button><br \/>\n    <\/a><br \/>\n    <small style=\"margin-top: 10px; color: #777; font-size: 12px; text-align: center; display: block;\">Ser\u00e1s redirigido a otra web<\/small>\n<\/div>\n<h2>Sur la oferta y condiciones<\/h2>\n<p>Cette position de Encargado\/a de Cafeter\u00eda offre une journ\u00e9e intensive de lundi \u00e0 vendredi, de 8 \u00e0 16 h, permettant de concilier une vie professionnelle et personnelle.<\/p>\n<p>Il n&#039;est pas n\u00e9cessaire de pr\u00e9ciser le salaire, mais il s&#039;agit d&#039;une formation continue, d&#039;un revenu de croissance et d&#039;un programme de bien-\u00eatre pour l&#039;employ\u00e9.<\/p>\n<p>Le type de contrat est justement stable et imm\u00e9diat, id\u00e9al pour une incorporation rapide et un d\u00e9veloppement professionnel dans le secteur h\u00f4telier sanitaire.<\/p>\n<p>Vous aurez besoin d&#039;un CFGM ou CFGS en auberge et\/ou restauration, ainsi que d&#039;une exp\u00e9rience pr\u00e9alable en coordination des \u00e9quipements et du contr\u00f4le APPCC.<\/p>\n<p>L&#039;environnement est professionnel, ax\u00e9 sur l&#039;excellence et sur la meilleure continuit\u00e9 du service destin\u00e9 \u00e0 l&#039;attention des centres hospitaliers.<\/p>\n<h2>Responsabilit\u00e9s et routine quotidienne<\/h2>\n<p>Como encargado\/a gestionas todo el funcionamiento de la caf\u00e9t\u00e9ria dentro de un entorno hospitalario, priorizando la qualit\u00e9 du service.<\/p>\n<p>Supervisas al personal, elaboras turnos, gestionas la attention al cliente y aseguras el cumplimiento de normativas de seguridad alimentairearia (APPCC).<\/p>\n<p>Nous prendrons en charge la r\u00e9solution des incidents, nous signalerons la zone de direction et nous collaborerons activement \u00e0 la formation de l&#039;\u00e9quipement.<\/p>\n<p>Participez aux inventaires, aux commandes et au contr\u00f4le des stocks, en maintenant la gestion optimale des ressources et des d\u00e9lais de service.<\/p>\n<p>Votre travail comprend \u00e9galement des informations sur l&#039;hygi\u00e8ne et le respect des normes de nettoyage requises dans le secteur hospitalier.<\/p>\n<h2>Principales caract\u00e9ristiques<\/h2>\n<p>Construire avec un horaire intensif est un grand attractif pour qui veut avoir plus de temps libre et \u00e9viter de travailler les fines de la semaine.<\/p>\n<p>L&#039;environnement hospitalier est toujours stable et valoris\u00e9 pour votre s\u00e9curit\u00e9 du travail, en plus d&#039;emp\u00eacher la rotation excessive typique dans l&#039;h\u00f4tellerie traditionnelle.<\/p>\n<h2>Inconv\u00e9nients \u00e0 avoir en compte<\/h2>\n<p>Le travail peut exercer une haute pression pendant des heures pr\u00e9cises, ce qui n\u00e9cessite des capacit\u00e9s solides d&#039;organisation et de direction.<\/p>\n<p>Si vous ne communiquez pas le salaire exact, vous pourriez \u00eatre un facteur de consultation dans un entretien possible pour prendre une d\u00e9cision inform\u00e9e.<\/p>\n<h2>Veredicto final<\/h2>\n<p>L&#039;offre d&#039;h\u00e9bergement\/de caf\u00e9t\u00e9ria en milieu hospitalier est une option recommandable pour les professionnels ayant l&#039;exp\u00e9rience qui recherchent la stabilit\u00e9, le d\u00e9veloppement et la conciliation du travail. Id\u00e9al pour donner la priorit\u00e9 \u00e0 la croissance et \u00e0 une journ\u00e9e organis\u00e9e.<\/p>\n<div style=\"background: #ffffff; border-radius: 12px; box-shadow: 0 10px 30px rgba(0, 0, 0, 0.1); width: 100%; max-width: 340px; padding: 25px; transition: transform 0.3s ease-in-out; overflow: visible; display: flex; flex-direction: column; position: relative; border: 1px solid #28a745; margin-top: 70px; margin-bottom: 50px; margin-left: auto; margin-right: auto;\">\n<div style=\"position: absolute; top: -35px; right: 15px; color: #28a745; padding: 5px 10px; border-radius: 6px; font-size: 14px; font-weight: bold; display: flex; align-items: center; z-index: 10;\">Recommand\u00e9 pour toi<\/div>\n<div data-namespace-header=\"\" style=\"\">\n<h3 data-namespace-title=\"\" style=\"color: #333; font-size: 20px; font-weight: bold; text-align: left; margin-right: 50px; min-height: 50px; margin-top: 0px;\">Encargado\/a de Cafeter\u00eda<\/h3>\n<\/p><\/div>\n<p data-namespace-prompt=\"\" style=\"font-size: 16px; color: #666; margin-bottom: 20px; line-height: 1.5; flex-grow: 1; text-align: left; margin-top: 0px;\">Responsabilit\u00e9 dans la gestion de la caf\u00e9t\u00e9ria hospitali\u00e8re, horaire intensif de lunes \u00e0 viernes, ambiance stable, formation continue et programme de bien-\u00eatre pour les employ\u00e9s.<\/p>\n<p>    <a data-namespace-url=\"\" href=\"https:\/\/crecerencarrera.com\/fr\/redirect\/?https:\/\/es.jooble.org\/rjdp\/1712886019163634501?utm_campaign=google_jobs_apply&#038;utm_source=google_jobs_apply&#038;utm_medium=organic\" style=\"width: 100%; display: inline-block; color: white; text-decoration: none; border-radius: 6px; font-size: 16px; font-weight: bold; text-align: center; transition: transform 0.3s ease, background 0.3s ease; margin-top: auto;\" data-namespace-id=\"5c0d2565-3ba9-4280-a382-ad2a691e2285\"><br \/>\n        <button style=\"width: 100%; height: 55px; background: #e9e9ed; border: 1px solid black; color: black;\">Postulaire \u00e0 l&#039;emploi<\/button><br \/>\n    <\/a><br \/>\n    <small style=\"margin-top: 10px; color: #777; font-size: 12px; text-align: center; display: block;\">Ser\u00e1s redirigido a otra web<\/small>\n<\/div>","protected":false},"excerpt":{"rendered":"<p>\u00bfBuscas estabilidad y crecimiento en hosteler\u00eda? Descubre la oferta de Encargado\/a de Cafeter\u00eda con horario intensivo, formaci\u00f3n y ambiente profesional. \u00a1Te contamos pros y contras!<\/p>","protected":false},"author":3,"featured_media":0,"comment_status":"open","ping_status":"open","sticky":false,"template":"","format":"standard","meta":{"_uag_custom_page_level_css":"","site-sidebar-layout":"default","site-content-layout":"","ast-site-content-layout":"","site-content-style":"default","site-sidebar-style":"default","ast-global-header-display":"","ast-banner-title-visibility":"","ast-main-header-display":"","ast-hfb-above-header-display":"","ast-hfb-below-header-display":"","ast-hfb-mobile-header-display":"","site-post-title":"","ast-breadcrumbs-content":"","ast-featured-img":"","footer-sml-layout":"","theme-transparent-header-meta":"","adv-header-id-meta":"","stick-header-meta":"","header-above-stick-meta":"","header-main-stick-meta":"","header-below-stick-meta":"","astra-migrate-meta-layouts":"default","ast-page-background-enabled":"default","ast-page-background-meta":{"desktop":{"background-color":"var(--ast-global-color-4)","background-image":"","background-repeat":"repeat","background-position":"center center","background-size":"auto","background-attachment":"scroll","background-type":"","background-media":"","overlay-type":"","overlay-color":"","overlay-opacity":"","overlay-gradient":""},"tablet":{"background-color":"","background-image":"","background-repeat":"repeat","background-position":"center center","background-size":"auto","background-attachment":"scroll","background-type":"","background-media":"","overlay-type":"","overlay-color":"","overlay-opacity":"","overlay-gradient":""},"mobile":{"background-color":"","background-image":"","background-repeat":"repeat","background-position":"center center","background-size":"auto","background-attachment":"scroll","background-type":"","background-media":"","overlay-type":"","overlay-color":"","overlay-opacity":"","overlay-gradient":""}},"ast-content-background-meta":{"desktop":{"background-color":"var(--ast-global-color-5)","background-image":"","background-repeat":"repeat","background-position":"center center","background-size":"auto","background-attachment":"scroll","background-type":"","background-media":"","overlay-type":"","overlay-color":"","overlay-opacity":"","overlay-gradient":""},"tablet":{"background-color":"var(--ast-global-color-5)","background-image":"","background-repeat":"repeat","background-position":"center center","background-size":"auto","background-attachment":"scroll","background-type":"","background-media":"","overlay-type":"","overlay-color":"","overlay-opacity":"","overlay-gradient":""},"mobile":{"background-color":"var(--ast-global-color-5)","background-image":"","background-repeat":"repeat","background-position":"center center","background-size":"auto","background-attachment":"scroll","background-type":"","background-media":"","overlay-type":"","overlay-color":"","overlay-opacity":"","overlay-gradient":""}},"footnotes":""},"categories":[10],"tags":[],"yoast_head":"<!-- This site is optimized with the Yoast SEO plugin v23.3 - https:\/\/yoast.com\/wordpress\/plugins\/seo\/ -->\n<title>Encargado de Cafeter\u00eda Hospitalaria: Jornada Intensiva y Desarrollo Profesional - Crecer en Carrera<\/title>\n<meta name=\"robots\" content=\"index, follow, max-snippet:-1, max-image-preview:large, max-video-preview:-1\" \/>\n<link rel=\"canonical\" href=\"https:\/\/crecerencarrera.com\/fr\/11eb180c-28c7-4142-9b21-da976e55990e\/\" \/>\n<meta property=\"og:locale\" content=\"fr_FR\" \/>\n<meta property=\"og:type\" content=\"article\" \/>\n<meta property=\"og:title\" content=\"Encargado de Cafeter\u00eda Hospitalaria: Jornada Intensiva y Desarrollo Profesional - Crecer en Carrera\" \/>\n<meta property=\"og:description\" content=\"\u00bfBuscas estabilidad y crecimiento en hosteler\u00eda? Descubre la oferta de Encargado\/a de Cafeter\u00eda con horario intensivo, formaci\u00f3n y ambiente profesional. \u00a1Te contamos pros y contras!\" \/>\n<meta property=\"og:url\" content=\"https:\/\/crecerencarrera.com\/fr\/11eb180c-28c7-4142-9b21-da976e55990e\/\" \/>\n<meta property=\"og:site_name\" content=\"Crecer en Carrera\" \/>\n<meta property=\"article:published_time\" content=\"2026-02-13T12:06:00+00:00\" \/>\n<meta property=\"article:modified_time\" content=\"2026-02-13T12:06:15+00:00\" \/>\n<meta name=\"author\" content=\"Bruno Gianni\" \/>\n<meta name=\"twitter:card\" content=\"summary_large_image\" \/>\n<meta name=\"twitter:label1\" content=\"Written by\" \/>\n\t<meta name=\"twitter:data1\" content=\"Bruno Gianni\" \/>\n\t<meta name=\"twitter:label2\" content=\"Est. reading time\" \/>\n\t<meta name=\"twitter:data2\" content=\"2 minutes\" \/>\n<script type=\"application\/ld+json\" class=\"yoast-schema-graph\">{\"@context\":\"https:\/\/schema.org\",\"@graph\":[{\"@type\":\"Article\",\"@id\":\"https:\/\/crecerencarrera.com\/11eb180c-28c7-4142-9b21-da976e55990e\/#article\",\"isPartOf\":{\"@id\":\"https:\/\/crecerencarrera.com\/11eb180c-28c7-4142-9b21-da976e55990e\/\"},\"author\":{\"name\":\"Bruno Gianni\",\"@id\":\"https:\/\/crecerencarrera.com\/#\/schema\/person\/d52888235fd6563bd07d97185d6a61e4\"},\"headline\":\"Encargado de Cafeter\u00eda Hospitalaria: Jornada Intensiva y Desarrollo Profesional\",\"datePublished\":\"2026-02-13T12:06:00+00:00\",\"dateModified\":\"2026-02-13T12:06:15+00:00\",\"mainEntityOfPage\":{\"@id\":\"https:\/\/crecerencarrera.com\/11eb180c-28c7-4142-9b21-da976e55990e\/\"},\"wordCount\":473,\"commentCount\":0,\"publisher\":{\"@id\":\"https:\/\/crecerencarrera.com\/#organization\"},\"articleSection\":[\"Hidden\"],\"inLanguage\":\"fr-FR\",\"potentialAction\":[{\"@type\":\"CommentAction\",\"name\":\"Comment\",\"target\":[\"https:\/\/crecerencarrera.com\/11eb180c-28c7-4142-9b21-da976e55990e\/#respond\"]}]},{\"@type\":\"WebPage\",\"@id\":\"https:\/\/crecerencarrera.com\/11eb180c-28c7-4142-9b21-da976e55990e\/\",\"url\":\"https:\/\/crecerencarrera.com\/11eb180c-28c7-4142-9b21-da976e55990e\/\",\"name\":\"Encargado de Cafeter\u00eda Hospitalaria: Jornada Intensiva y Desarrollo Profesional - Crecer en Carrera\",\"isPartOf\":{\"@id\":\"https:\/\/crecerencarrera.com\/#website\"},\"datePublished\":\"2026-02-13T12:06:00+00:00\",\"dateModified\":\"2026-02-13T12:06:15+00:00\",\"breadcrumb\":{\"@id\":\"https:\/\/crecerencarrera.com\/11eb180c-28c7-4142-9b21-da976e55990e\/#breadcrumb\"},\"inLanguage\":\"fr-FR\",\"potentialAction\":[{\"@type\":\"ReadAction\",\"target\":[\"https:\/\/crecerencarrera.com\/11eb180c-28c7-4142-9b21-da976e55990e\/\"]}]},{\"@type\":\"BreadcrumbList\",\"@id\":\"https:\/\/crecerencarrera.com\/11eb180c-28c7-4142-9b21-da976e55990e\/#breadcrumb\",\"itemListElement\":[{\"@type\":\"ListItem\",\"position\":1,\"name\":\"Home\",\"item\":\"https:\/\/crecerencarrera.com\/\"},{\"@type\":\"ListItem\",\"position\":2,\"name\":\"Encargado de Cafeter\u00eda Hospitalaria: Jornada Intensiva y Desarrollo Profesional\"}]},{\"@type\":\"WebSite\",\"@id\":\"https:\/\/crecerencarrera.com\/#website\",\"url\":\"https:\/\/crecerencarrera.com\/\",\"name\":\"Crecer en Carrera\",\"description\":\"\",\"publisher\":{\"@id\":\"https:\/\/crecerencarrera.com\/#organization\"},\"potentialAction\":[{\"@type\":\"SearchAction\",\"target\":{\"@type\":\"EntryPoint\",\"urlTemplate\":\"https:\/\/crecerencarrera.com\/?s={search_term_string}\"},\"query-input\":\"required name=search_term_string\"}],\"inLanguage\":\"fr-FR\"},{\"@type\":\"Organization\",\"@id\":\"https:\/\/crecerencarrera.com\/#organization\",\"name\":\"Crecer en Carrera\",\"url\":\"https:\/\/crecerencarrera.com\/\",\"logo\":{\"@type\":\"ImageObject\",\"inLanguage\":\"fr-FR\",\"@id\":\"https:\/\/crecerencarrera.com\/#\/schema\/logo\/image\/\",\"url\":\"https:\/\/crecerencarrera.com\/wp-content\/uploads\/sites\/604\/2025\/10\/logo-Crecer-en-carrera.svg\",\"contentUrl\":\"https:\/\/crecerencarrera.com\/wp-content\/uploads\/sites\/604\/2025\/10\/logo-Crecer-en-carrera.svg\",\"caption\":\"Crecer en Carrera\"},\"image\":{\"@id\":\"https:\/\/crecerencarrera.com\/#\/schema\/logo\/image\/\"}},{\"@type\":\"Person\",\"@id\":\"https:\/\/crecerencarrera.com\/#\/schema\/person\/d52888235fd6563bd07d97185d6a61e4\",\"name\":\"Bruno Gianni\",\"image\":{\"@type\":\"ImageObject\",\"inLanguage\":\"fr-FR\",\"@id\":\"https:\/\/crecerencarrera.com\/#\/schema\/person\/image\/\",\"url\":\"https:\/\/secure.gravatar.com\/avatar\/0f5d42d7bf77874643c1478932860e3f?s=96&d=mm&r=g\",\"contentUrl\":\"https:\/\/secure.gravatar.com\/avatar\/0f5d42d7bf77874643c1478932860e3f?s=96&d=mm&r=g\",\"caption\":\"Bruno Gianni\"},\"description\":\"Bruno writes the way he lives, with curiosity, care, and respect for people. He likes to observe, listen, and try to understand what is happening on the other side before putting any words on the page.For him, writing is not about impressing, but about getting closer. It is about turning thoughts into something simple, clear, and real. Every text is an ongoing conversation, created with care and honesty, with the sincere intention of touching someone, somewhere along the way.\",\"url\":\"https:\/\/crecerencarrera.com\/fr\/author\/bcgianni\/\"}]}<\/script>\n<!-- \/ Yoast SEO plugin. -->","yoast_head_json":{"title":"Encargado de Cafeter\u00eda Hospitalaria: Jornada Intensiva y Desarrollo Profesional - Crecer en Carrera","robots":{"index":"index","follow":"follow","max-snippet":"max-snippet:-1","max-image-preview":"max-image-preview:large","max-video-preview":"max-video-preview:-1"},"canonical":"https:\/\/crecerencarrera.com\/fr\/11eb180c-28c7-4142-9b21-da976e55990e\/","og_locale":"fr_FR","og_type":"article","og_title":"Encargado de Cafeter\u00eda Hospitalaria: Jornada Intensiva y Desarrollo Profesional - Crecer en Carrera","og_description":"\u00bfBuscas estabilidad y crecimiento en hosteler\u00eda? Descubre la oferta de Encargado\/a de Cafeter\u00eda con horario intensivo, formaci\u00f3n y ambiente profesional. \u00a1Te contamos pros y contras!","og_url":"https:\/\/crecerencarrera.com\/fr\/11eb180c-28c7-4142-9b21-da976e55990e\/","og_site_name":"Crecer en Carrera","article_published_time":"2026-02-13T12:06:00+00:00","article_modified_time":"2026-02-13T12:06:15+00:00","author":"Bruno Gianni","twitter_card":"summary_large_image","twitter_misc":{"Written by":"Bruno Gianni","Est. reading time":"2 minutes"},"schema":{"@context":"https:\/\/schema.org","@graph":[{"@type":"Article","@id":"https:\/\/crecerencarrera.com\/11eb180c-28c7-4142-9b21-da976e55990e\/#article","isPartOf":{"@id":"https:\/\/crecerencarrera.com\/11eb180c-28c7-4142-9b21-da976e55990e\/"},"author":{"name":"Bruno Gianni","@id":"https:\/\/crecerencarrera.com\/#\/schema\/person\/d52888235fd6563bd07d97185d6a61e4"},"headline":"Encargado de Cafeter\u00eda Hospitalaria: Jornada Intensiva y Desarrollo Profesional","datePublished":"2026-02-13T12:06:00+00:00","dateModified":"2026-02-13T12:06:15+00:00","mainEntityOfPage":{"@id":"https:\/\/crecerencarrera.com\/11eb180c-28c7-4142-9b21-da976e55990e\/"},"wordCount":473,"commentCount":0,"publisher":{"@id":"https:\/\/crecerencarrera.com\/#organization"},"articleSection":["Hidden"],"inLanguage":"fr-FR","potentialAction":[{"@type":"CommentAction","name":"Comment","target":["https:\/\/crecerencarrera.com\/11eb180c-28c7-4142-9b21-da976e55990e\/#respond"]}]},{"@type":"WebPage","@id":"https:\/\/crecerencarrera.com\/11eb180c-28c7-4142-9b21-da976e55990e\/","url":"https:\/\/crecerencarrera.com\/11eb180c-28c7-4142-9b21-da976e55990e\/","name":"Encargado de Cafeter\u00eda Hospitalaria: Jornada Intensiva y Desarrollo Profesional - Crecer en Carrera","isPartOf":{"@id":"https:\/\/crecerencarrera.com\/#website"},"datePublished":"2026-02-13T12:06:00+00:00","dateModified":"2026-02-13T12:06:15+00:00","breadcrumb":{"@id":"https:\/\/crecerencarrera.com\/11eb180c-28c7-4142-9b21-da976e55990e\/#breadcrumb"},"inLanguage":"fr-FR","potentialAction":[{"@type":"ReadAction","target":["https:\/\/crecerencarrera.com\/11eb180c-28c7-4142-9b21-da976e55990e\/"]}]},{"@type":"BreadcrumbList","@id":"https:\/\/crecerencarrera.com\/11eb180c-28c7-4142-9b21-da976e55990e\/#breadcrumb","itemListElement":[{"@type":"ListItem","position":1,"name":"Home","item":"https:\/\/crecerencarrera.com\/"},{"@type":"ListItem","position":2,"name":"Encargado de Cafeter\u00eda Hospitalaria: Jornada Intensiva y Desarrollo Profesional"}]},{"@type":"WebSite","@id":"https:\/\/crecerencarrera.com\/#website","url":"https:\/\/crecerencarrera.com\/","name":"Crecer en Carrera","description":"","publisher":{"@id":"https:\/\/crecerencarrera.com\/#organization"},"potentialAction":[{"@type":"SearchAction","target":{"@type":"EntryPoint","urlTemplate":"https:\/\/crecerencarrera.com\/?s={search_term_string}"},"query-input":"required name=search_term_string"}],"inLanguage":"fr-FR"},{"@type":"Organization","@id":"https:\/\/crecerencarrera.com\/#organization","name":"Crecer en Carrera","url":"https:\/\/crecerencarrera.com\/","logo":{"@type":"ImageObject","inLanguage":"fr-FR","@id":"https:\/\/crecerencarrera.com\/#\/schema\/logo\/image\/","url":"https:\/\/crecerencarrera.com\/wp-content\/uploads\/sites\/604\/2025\/10\/logo-Crecer-en-carrera.svg","contentUrl":"https:\/\/crecerencarrera.com\/wp-content\/uploads\/sites\/604\/2025\/10\/logo-Crecer-en-carrera.svg","caption":"Crecer en Carrera"},"image":{"@id":"https:\/\/crecerencarrera.com\/#\/schema\/logo\/image\/"}},{"@type":"Person","@id":"https:\/\/crecerencarrera.com\/#\/schema\/person\/d52888235fd6563bd07d97185d6a61e4","name":"Bruno Gianni","image":{"@type":"ImageObject","inLanguage":"fr-FR","@id":"https:\/\/crecerencarrera.com\/#\/schema\/person\/image\/","url":"https:\/\/secure.gravatar.com\/avatar\/0f5d42d7bf77874643c1478932860e3f?s=96&d=mm&r=g","contentUrl":"https:\/\/secure.gravatar.com\/avatar\/0f5d42d7bf77874643c1478932860e3f?s=96&d=mm&r=g","caption":"Bruno Gianni"},"description":"Bruno writes the way he lives, with curiosity, care, and respect for people. He likes to observe, listen, and try to understand what is happening on the other side before putting any words on the page.For him, writing is not about impressing, but about getting closer. It is about turning thoughts into something simple, clear, and real. Every text is an ongoing conversation, created with care and honesty, with the sincere intention of touching someone, somewhere along the way.","url":"https:\/\/crecerencarrera.com\/fr\/author\/bcgianni\/"}]}},"uagb_featured_image_src":{"full":false,"thumbnail":false,"medium":false,"medium_large":false,"large":false,"1536x1536":false,"2048x2048":false,"trp-custom-language-flag":false},"uagb_author_info":{"display_name":"Bruno Gianni","author_link":"https:\/\/crecerencarrera.com\/fr\/author\/bcgianni\/"},"uagb_comment_info":0,"uagb_excerpt":"\u00bfBuscas estabilidad y crecimiento en hosteler\u00eda? Descubre la oferta de Encargado\/a de Cafeter\u00eda con horario intensivo, formaci\u00f3n y ambiente profesional. \u00a1Te contamos pros y contras!","_links":{"self":[{"href":"https:\/\/crecerencarrera.com\/fr\/wp-json\/wp\/v2\/posts\/3529"}],"collection":[{"href":"https:\/\/crecerencarrera.com\/fr\/wp-json\/wp\/v2\/posts"}],"about":[{"href":"https:\/\/crecerencarrera.com\/fr\/wp-json\/wp\/v2\/types\/post"}],"author":[{"embeddable":true,"href":"https:\/\/crecerencarrera.com\/fr\/wp-json\/wp\/v2\/users\/3"}],"replies":[{"embeddable":true,"href":"https:\/\/crecerencarrera.com\/fr\/wp-json\/wp\/v2\/comments?post=3529"}],"version-history":[{"count":1,"href":"https:\/\/crecerencarrera.com\/fr\/wp-json\/wp\/v2\/posts\/3529\/revisions"}],"predecessor-version":[{"id":3540,"href":"https:\/\/crecerencarrera.com\/fr\/wp-json\/wp\/v2\/posts\/3529\/revisions\/3540"}],"wp:attachment":[{"href":"https:\/\/crecerencarrera.com\/fr\/wp-json\/wp\/v2\/media?parent=3529"}],"wp:term":[{"taxonomy":"category","embeddable":true,"href":"https:\/\/crecerencarrera.com\/fr\/wp-json\/wp\/v2\/categories?post=3529"},{"taxonomy":"post_tag","embeddable":true,"href":"https:\/\/crecerencarrera.com\/fr\/wp-json\/wp\/v2\/tags?post=3529"}],"curies":[{"name":"wp","href":"https:\/\/api.w.org\/{rel}","templated":true}]}}