{"id":3554,"date":"2026-02-13T13:20:00","date_gmt":"2026-02-13T13:20:00","guid":{"rendered":"https:\/\/crecerencarrera.com\/13e9e504-58b3-4156-b7b4-910f0db2fa88\/"},"modified":"2026-02-13T13:20:47","modified_gmt":"2026-02-13T13:20:47","slug":"13e9e504-58b3-4156-b7b4-910f0db2fa88","status":"publish","type":"post","link":"https:\/\/crecerencarrera.com\/fr\/13e9e504-58b3-4156-b7b4-910f0db2fa88\/","title":{"rendered":"L\u00edder Crecimiento Profesional: Salaire, Conditions et \u00c9quilibre R\u00e9aliste"},"content":{"rendered":"<\/p>\n<\/p>\n<div style=\"background: #ffffff; border-radius: 12px; box-shadow: 0 10px 30px rgba(0, 0, 0, 0.1); width: 100%; max-width: 340px; padding: 25px; transition: transform 0.3s ease-in-out; overflow: visible; display: flex; flex-direction: column; position: relative; border: 1px solid #28a745; margin-top: 70px; margin-bottom: 50px; margin-left: auto; margin-right: auto;\">\n<div style=\"position: absolute; top: -35px; right: 15px; color: #28a745; padding: 5px 10px; border-radius: 6px; font-size: 14px; font-weight: bold; display: flex; align-items: center; z-index: 10;\">Recommand\u00e9 pour toi<\/div>\n<div data-namespace-header=\"\" style=\"\">\n<h3 data-namespace-title=\"\" style=\"color: #333; font-size: 20px; font-weight: bold; text-align: left; margin-right: 50px; min-height: 50px; margin-top: 0px;\">L\u00edder Crecimiento Profesional<\/h3>\n<\/p><\/div>\n<p data-namespace-prompt=\"\" style=\"font-size: 16px; color: #666; margin-bottom: 20px; line-height: 1.5; flex-grow: 1; text-align: left; margin-top: 0px;\">Opportunit\u00e9 pour diriger des \u00e9quipes et d\u00e9velopper des professionnels en mati\u00e8re d&#039;innovation avec une flexibilit\u00e9 horaire et des avantages, id\u00e9ale pour ceux qui veulent cr\u00e9er et exp\u00e9rimenter des projets d&#039;impact.<\/p>\n<p>    <a data-namespace-url=\"\" href=\"https:\/\/crecerencarrera.com\/fr\/redirect\/?https:\/\/es.whatjobs.com\/l\u00edder-crecimiento-profesional-jobs?id=297799209&#038;utm_campaign=google_jobs_apply&#038;utm_source=google_jobs_apply&#038;utm_medium=organic\" style=\"width: 100%; display: inline-block; color: white; text-decoration: none; border-radius: 6px; font-size: 16px; font-weight: bold; text-align: center; transition: transform 0.3s ease, background 0.3s ease; margin-top: auto;\" data-namespace-id=\"5c0d2565-3ba9-4280-a382-ad2a691e2285\"><br \/>\n        <button style=\"width: 100%; height: 55px; background: #e9e9ed; border: 1px solid black; color: black;\">Inscrivez-vous \u00e0 une offre<\/button><br \/>\n    <\/a><br \/>\n    <small style=\"margin-top: 10px; color: #777; font-size: 12px; text-align: center; display: block;\">Ser\u00e1s redirigido a otra web<\/small>\n<\/div>\n<h2>R\u00e9sum\u00e9 de l&#039;offre\u00a0: conditions et salaire<\/h2>\n<p>Cette entreprise offre un poste stable en tant que directeur de d\u00e9veloppement professionnel, dans un environnement innovateur et dynamique. Le salaire comp\u00e9titif varie selon l&#039;exp\u00e9rience, accompagn\u00e9 d&#039;un plan de bien-\u00eatre et de r\u00e9tribution flexible.<\/p>\n<p>La journ\u00e9e peut \u00eatre compl\u00e8te, avec diff\u00e9rentes options de flexibilit\u00e9 horaire selon le lieu et la politique du groupe. De plus, cela facilite l&#039;acc\u00e8s \u00e0 la formation, aux expressions et aux certifications sp\u00e9cialis\u00e9es pour renforcer le d\u00e9veloppement professionnel.<\/p>\n<p>Le contrat est toujours ind\u00e9fini ou temporel avec option de stabilisation, direction des profils r\u00e9silients qui envisagent de nouveaux retours. Il offre des avantages suppl\u00e9mentaires en mati\u00e8re de s\u00e9curit\u00e9 m\u00e9dicale et d&#039;\u00e9quilibre de la vie professionnelle.<\/p>\n<p>L&#039;entreprise de travail est collaborative et diversifi\u00e9e. L\u2019incorporation de personnes ayant des capacit\u00e9s diff\u00e9rentes est particuli\u00e8rement valoris\u00e9e et favorise l\u2019inclusion dans l\u2019\u00e9quipe.<\/p>\n<p>Il existe une clart\u00e9 apuesta pour la croissance interne et l\u2019accompagnement professionnel. Il cherche du talent avec une capacit\u00e9 de leadership, d&#039;autonomie et de possibilit\u00e9s d&#039;\u00e9volution \u00e0 un niveau professionnel et personnel.<\/p>\n<h2>Responsabilit\u00e9s journali\u00e8res et fonctions cl\u00e9s<\/h2>\n<p>Entre les t\u00e2ches, vous pourrez planifier des itin\u00e9raires professionnels, participer activement \u00e0 des projets d&#039;experts et diriger des \u00e9quipes multidisciplinaires.<\/p>\n<p>Le r\u00f4le implique d&#039;identifier des opportunit\u00e9s d&#039;am\u00e9lioration dans les processus, de proposer des solutions et de transformer des concepts en r\u00e9sultats th\u00e9rapeutiques. Nous esp\u00e9rons que la communication sera efficace dans diff\u00e9rents domaines du groupe.<\/p>\n<p>La gestion des ressources humaines commence par la s\u00e9lection, l&#039;accompagnement et la formation continue du personnel, en favorisant la motivation et le bon climat de travail.<\/p>\n<p>Le chef doit organiser des tours, des permis et des vacances, assurer le respect des normes et activer activement les avions de course.<\/p>\n<p>Il est n\u00e9cessaire d&#039;avoir la capacit\u00e9 d&#039;analyser les donn\u00e9es, d&#039;\u00e9laborer des informations et de collaborer au d\u00e9veloppement de programmes de bien-\u00eatre et de reconnaissance pour les \u00e9quipes.<\/p>\n<h2>Ventes principales du lieu<\/h2>\n<p>Obtenez la flexibilit\u00e9 horaire et la possibilit\u00e9 d&#039;adapter la journ\u00e9e en fonction des besoins personnels, id\u00e9al pour une meilleure conciliation de votre vie de travail.<\/p>\n<p>L&#039;acc\u00e8s \u00e0 la formation continue, aux certifications et aux langues est l&#039;un des domaines cl\u00e9s. Vous pouvez cr\u00e9er un accompagnement professionnel accompagn\u00e9 d&#039;experts hautement qualifi\u00e9s.<\/p>\n<p>L&#039;environnement inclusif et l&#039;apoyo au d\u00e9veloppement interne g\u00e9n\u00e8rent un environnement favorable pour l&#039;apprentissage et l&#039;avancement professionnel.<\/p>\n<p>Il existe des avantages ajust\u00e9s en termes de produits et de services, de s\u00e9curit\u00e9 m\u00e9dicale et d&#039;options de r\u00e9tribution flexibles.<\/p>\n<p>La stabilit\u00e9 contractuelle, associ\u00e9e \u00e0 de r\u00e9elles opportunit\u00e9s de promotion et de croissance, r\u00e9sulte tr\u00e8s attractive pour les profils ambitieux.<\/p>\n<h2>Inconv\u00e9nients possibles du lieu<\/h2>\n<p>L&#039;entreprise peut parfois \u00eatre exigeante, avec plusieurs projets simultan\u00e9s et une n\u00e9cessit\u00e9 d&#039;adaptabilit\u00e9 constante pour r\u00e9pondre aux changements de r\u00e9sultats.<\/p>\n<p>La responsabilit\u00e9 concernant le d\u00e9veloppement et le bien-\u00eatre d&#039;autres personnes peut g\u00e9n\u00e9rer une pression, sur tout le temps pendant une grande charge de travail ou des places ajust\u00e9es.<\/p>\n<p>Le crecimiento professionnel peut n\u00e9cessiter une inversion suppl\u00e9mentaire du temps hors du temps de travail, en particulier dans les processus de formation et de certification.<\/p>\n<p>Certains changements de strat\u00e9gie interne et de projets peuvent exiger de la flexibilit\u00e9 et un apprentissage rapide pour atteindre de nouveaux objectifs.<\/p>\n<p>Ce n\u2019est pas le point id\u00e9al pour tous ceux qui travaillent en routine ou pour une structure de travail solide, car ils regorgent d\u2019innovation et de transformation constante.<\/p>\n<h2>Veredicto : Est-ce une opportunit\u00e9 pour toi ?<\/h2>\n<p>Il s&#039;agit d&#039;un centre d&#039;apprentissage pour des personnes orient\u00e9es vers des r\u00e9sultats, avec une mentalit\u00e9 d&#039;apprentissage continu et la capacit\u00e9 de diriger et d&#039;inspirer des \u00e9quipes.<\/p>\n<p>L&#039;offre est particuli\u00e8rement comp\u00e9titive pour ceux qui cherchent des professionnels avanc\u00e9s, des avantages concrets et un environnement innovant.<\/p>\n<p>Recommander des profils ambitieux et avec des marques de diff\u00e9rence qui se inscrivent. L&#039;entreprise vous permet de d\u00e9velopper pleinement et d&#039;exp\u00e9rimenter des projets pertinents pour votre carri\u00e8re.<\/p>\n<p>Valora si vous pouvez vous adapter aux changements fr\u00e9quents et assurer votre leadership en mati\u00e8re de d\u00e9veloppement et de gestion des talents. Si votre r\u00e9ponse est oui, vous n&#039;aurez qu&#039;\u00e0 payer le retour.<\/p>\n<p>L&#039;offre r\u00e9pond aux besoins de cr\u00e9ation, de stabilit\u00e9 et d&#039;apprentissage des professionnels modernes. C&#039;est une excellente opportunit\u00e9 pour avancer et consolider votre exp\u00e9rience dans le secteur.<\/p>\n<div style=\"background: #ffffff; border-radius: 12px; box-shadow: 0 10px 30px rgba(0, 0, 0, 0.1); width: 100%; max-width: 340px; padding: 25px; transition: transform 0.3s ease-in-out; overflow: visible; display: flex; flex-direction: column; position: relative; border: 1px solid #28a745; margin-top: 70px; margin-bottom: 50px; margin-left: auto; margin-right: auto;\">\n<div style=\"position: absolute; top: -35px; right: 15px; color: #28a745; padding: 5px 10px; border-radius: 6px; font-size: 14px; font-weight: bold; display: flex; align-items: center; z-index: 10;\">Recommand\u00e9 pour toi<\/div>\n<div data-namespace-header=\"\" style=\"\">\n<h3 data-namespace-title=\"\" style=\"color: #333; font-size: 20px; font-weight: bold; text-align: left; margin-right: 50px; min-height: 50px; margin-top: 0px;\">L\u00edder Crecimiento Profesional<\/h3>\n<\/p><\/div>\n<p data-namespace-prompt=\"\" style=\"font-size: 16px; color: #666; margin-bottom: 20px; line-height: 1.5; flex-grow: 1; text-align: left; margin-top: 0px;\">Opportunit\u00e9 pour diriger des \u00e9quipes et d\u00e9velopper des professionnels en mati\u00e8re d&#039;innovation avec une flexibilit\u00e9 horaire et des avantages, id\u00e9ale pour ceux qui veulent cr\u00e9er et exp\u00e9rimenter des projets d&#039;impact.<\/p>\n<p>    <a data-namespace-url=\"\" href=\"https:\/\/crecerencarrera.com\/fr\/redirect\/?https:\/\/es.whatjobs.com\/l\u00edder-crecimiento-profesional-jobs?id=297799209&#038;utm_campaign=google_jobs_apply&#038;utm_source=google_jobs_apply&#038;utm_medium=organic\" style=\"width: 100%; display: inline-block; color: white; text-decoration: none; border-radius: 6px; font-size: 16px; font-weight: bold; text-align: center; transition: transform 0.3s ease, background 0.3s ease; margin-top: auto;\" data-namespace-id=\"5c0d2565-3ba9-4280-a382-ad2a691e2285\"><br \/>\n        <button style=\"width: 100%; height: 55px; background: #e9e9ed; border: 1px solid black; color: black;\">Inscrivez-vous \u00e0 une offre<\/button><br \/>\n    <\/a><br \/>\n    <small style=\"margin-top: 10px; color: #777; font-size: 12px; text-align: center; display: block;\">Ser\u00e1s redirigido a otra web<\/small>\n<\/div>","protected":false},"excerpt":{"rendered":"<p>Analizamos el puesto de L\u00edder Crecimiento Profesional: condiciones, ventajas reales, posibles desaf\u00edos y nuestro veredicto honesto. \u00bfTe conviene este reto? Desc\u00fabrelo en nuestra completa revisi\u00f3n.<\/p>","protected":false},"author":3,"featured_media":0,"comment_status":"open","ping_status":"open","sticky":false,"template":"","format":"standard","meta":{"_uag_custom_page_level_css":"","site-sidebar-layout":"default","site-content-layout":"","ast-site-content-layout":"","site-content-style":"default","site-sidebar-style":"default","ast-global-header-display":"","ast-banner-title-visibility":"","ast-main-header-display":"","ast-hfb-above-header-display":"","ast-hfb-below-header-display":"","ast-hfb-mobile-header-display":"","site-post-title":"","ast-breadcrumbs-content":"","ast-featured-img":"","footer-sml-layout":"","theme-transparent-header-meta":"","adv-header-id-meta":"","stick-header-meta":"","header-above-stick-meta":"","header-main-stick-meta":"","header-below-stick-meta":"","astra-migrate-meta-layouts":"default","ast-page-background-enabled":"default","ast-page-background-meta":{"desktop":{"background-color":"var(--ast-global-color-4)","background-image":"","background-repeat":"repeat","background-position":"center center","background-size":"auto","background-attachment":"scroll","background-type":"","background-media":"","overlay-type":"","overlay-color":"","overlay-opacity":"","overlay-gradient":""},"tablet":{"background-color":"","background-image":"","background-repeat":"repeat","background-position":"center center","background-size":"auto","background-attachment":"scroll","background-type":"","background-media":"","overlay-type":"","overlay-color":"","overlay-opacity":"","overlay-gradient":""},"mobile":{"background-color":"","background-image":"","background-repeat":"repeat","background-position":"center center","background-size":"auto","background-attachment":"scroll","background-type":"","background-media":"","overlay-type":"","overlay-color":"","overlay-opacity":"","overlay-gradient":""}},"ast-content-background-meta":{"desktop":{"background-color":"var(--ast-global-color-5)","background-image":"","background-repeat":"repeat","background-position":"center center","background-size":"auto","background-attachment":"scroll","background-type":"","background-media":"","overlay-type":"","overlay-color":"","overlay-opacity":"","overlay-gradient":""},"tablet":{"background-color":"var(--ast-global-color-5)","background-image":"","background-repeat":"repeat","background-position":"center center","background-size":"auto","background-attachment":"scroll","background-type":"","background-media":"","overlay-type":"","overlay-color":"","overlay-opacity":"","overlay-gradient":""},"mobile":{"background-color":"var(--ast-global-color-5)","background-image":"","background-repeat":"repeat","background-position":"center center","background-size":"auto","background-attachment":"scroll","background-type":"","background-media":"","overlay-type":"","overlay-color":"","overlay-opacity":"","overlay-gradient":""}},"footnotes":""},"categories":[10],"tags":[],"yoast_head":"<!-- This site is optimized with the Yoast SEO plugin v23.3 - https:\/\/yoast.com\/wordpress\/plugins\/seo\/ -->\n<title>L\u00edder Crecimiento Profesional: Salario, Condiciones y Balance Realista - Crecer en Carrera<\/title>\n<meta name=\"robots\" content=\"index, follow, max-snippet:-1, max-image-preview:large, max-video-preview:-1\" \/>\n<link rel=\"canonical\" href=\"https:\/\/crecerencarrera.com\/fr\/13e9e504-58b3-4156-b7b4-910f0db2fa88\/\" \/>\n<meta property=\"og:locale\" content=\"fr_FR\" \/>\n<meta property=\"og:type\" content=\"article\" \/>\n<meta property=\"og:title\" content=\"L\u00edder Crecimiento Profesional: Salario, Condiciones y Balance Realista - Crecer en Carrera\" \/>\n<meta property=\"og:description\" content=\"Analizamos el puesto de L\u00edder Crecimiento Profesional: condiciones, ventajas reales, posibles desaf\u00edos y nuestro veredicto honesto. \u00bfTe conviene este reto? Desc\u00fabrelo en nuestra completa revisi\u00f3n.\" \/>\n<meta property=\"og:url\" content=\"https:\/\/crecerencarrera.com\/fr\/13e9e504-58b3-4156-b7b4-910f0db2fa88\/\" \/>\n<meta property=\"og:site_name\" content=\"Crecer en Carrera\" \/>\n<meta property=\"article:published_time\" content=\"2026-02-13T13:20:00+00:00\" \/>\n<meta property=\"article:modified_time\" content=\"2026-02-13T13:20:47+00:00\" \/>\n<meta name=\"author\" content=\"Bruno Gianni\" \/>\n<meta name=\"twitter:card\" content=\"summary_large_image\" \/>\n<meta name=\"twitter:label1\" content=\"Written by\" \/>\n\t<meta name=\"twitter:data1\" content=\"Bruno Gianni\" \/>\n\t<meta name=\"twitter:label2\" content=\"Est. reading time\" \/>\n\t<meta name=\"twitter:data2\" content=\"4 minutes\" \/>\n<script type=\"application\/ld+json\" class=\"yoast-schema-graph\">{\"@context\":\"https:\/\/schema.org\",\"@graph\":[{\"@type\":\"Article\",\"@id\":\"https:\/\/crecerencarrera.com\/13e9e504-58b3-4156-b7b4-910f0db2fa88\/#article\",\"isPartOf\":{\"@id\":\"https:\/\/crecerencarrera.com\/13e9e504-58b3-4156-b7b4-910f0db2fa88\/\"},\"author\":{\"name\":\"Bruno Gianni\",\"@id\":\"https:\/\/crecerencarrera.com\/#\/schema\/person\/d52888235fd6563bd07d97185d6a61e4\"},\"headline\":\"L\u00edder Crecimiento Profesional: Salario, Condiciones y Balance Realista\",\"datePublished\":\"2026-02-13T13:20:00+00:00\",\"dateModified\":\"2026-02-13T13:20:47+00:00\",\"mainEntityOfPage\":{\"@id\":\"https:\/\/crecerencarrera.com\/13e9e504-58b3-4156-b7b4-910f0db2fa88\/\"},\"wordCount\":739,\"commentCount\":0,\"publisher\":{\"@id\":\"https:\/\/crecerencarrera.com\/#organization\"},\"articleSection\":[\"Hidden\"],\"inLanguage\":\"fr-FR\",\"potentialAction\":[{\"@type\":\"CommentAction\",\"name\":\"Comment\",\"target\":[\"https:\/\/crecerencarrera.com\/13e9e504-58b3-4156-b7b4-910f0db2fa88\/#respond\"]}]},{\"@type\":\"WebPage\",\"@id\":\"https:\/\/crecerencarrera.com\/13e9e504-58b3-4156-b7b4-910f0db2fa88\/\",\"url\":\"https:\/\/crecerencarrera.com\/13e9e504-58b3-4156-b7b4-910f0db2fa88\/\",\"name\":\"L\u00edder Crecimiento Profesional: Salario, Condiciones y Balance Realista - Crecer en Carrera\",\"isPartOf\":{\"@id\":\"https:\/\/crecerencarrera.com\/#website\"},\"datePublished\":\"2026-02-13T13:20:00+00:00\",\"dateModified\":\"2026-02-13T13:20:47+00:00\",\"breadcrumb\":{\"@id\":\"https:\/\/crecerencarrera.com\/13e9e504-58b3-4156-b7b4-910f0db2fa88\/#breadcrumb\"},\"inLanguage\":\"fr-FR\",\"potentialAction\":[{\"@type\":\"ReadAction\",\"target\":[\"https:\/\/crecerencarrera.com\/13e9e504-58b3-4156-b7b4-910f0db2fa88\/\"]}]},{\"@type\":\"BreadcrumbList\",\"@id\":\"https:\/\/crecerencarrera.com\/13e9e504-58b3-4156-b7b4-910f0db2fa88\/#breadcrumb\",\"itemListElement\":[{\"@type\":\"ListItem\",\"position\":1,\"name\":\"Home\",\"item\":\"https:\/\/crecerencarrera.com\/\"},{\"@type\":\"ListItem\",\"position\":2,\"name\":\"L\u00edder Crecimiento Profesional: Salario, Condiciones y Balance Realista\"}]},{\"@type\":\"WebSite\",\"@id\":\"https:\/\/crecerencarrera.com\/#website\",\"url\":\"https:\/\/crecerencarrera.com\/\",\"name\":\"Crecer en Carrera\",\"description\":\"\",\"publisher\":{\"@id\":\"https:\/\/crecerencarrera.com\/#organization\"},\"potentialAction\":[{\"@type\":\"SearchAction\",\"target\":{\"@type\":\"EntryPoint\",\"urlTemplate\":\"https:\/\/crecerencarrera.com\/?s={search_term_string}\"},\"query-input\":\"required name=search_term_string\"}],\"inLanguage\":\"fr-FR\"},{\"@type\":\"Organization\",\"@id\":\"https:\/\/crecerencarrera.com\/#organization\",\"name\":\"Crecer en Carrera\",\"url\":\"https:\/\/crecerencarrera.com\/\",\"logo\":{\"@type\":\"ImageObject\",\"inLanguage\":\"fr-FR\",\"@id\":\"https:\/\/crecerencarrera.com\/#\/schema\/logo\/image\/\",\"url\":\"https:\/\/crecerencarrera.com\/wp-content\/uploads\/sites\/604\/2025\/10\/logo-Crecer-en-carrera.svg\",\"contentUrl\":\"https:\/\/crecerencarrera.com\/wp-content\/uploads\/sites\/604\/2025\/10\/logo-Crecer-en-carrera.svg\",\"caption\":\"Crecer en Carrera\"},\"image\":{\"@id\":\"https:\/\/crecerencarrera.com\/#\/schema\/logo\/image\/\"}},{\"@type\":\"Person\",\"@id\":\"https:\/\/crecerencarrera.com\/#\/schema\/person\/d52888235fd6563bd07d97185d6a61e4\",\"name\":\"Bruno Gianni\",\"image\":{\"@type\":\"ImageObject\",\"inLanguage\":\"fr-FR\",\"@id\":\"https:\/\/crecerencarrera.com\/#\/schema\/person\/image\/\",\"url\":\"https:\/\/secure.gravatar.com\/avatar\/0f5d42d7bf77874643c1478932860e3f?s=96&d=mm&r=g\",\"contentUrl\":\"https:\/\/secure.gravatar.com\/avatar\/0f5d42d7bf77874643c1478932860e3f?s=96&d=mm&r=g\",\"caption\":\"Bruno Gianni\"},\"description\":\"Bruno writes the way he lives, with curiosity, care, and respect for people. He likes to observe, listen, and try to understand what is happening on the other side before putting any words on the page.For him, writing is not about impressing, but about getting closer. It is about turning thoughts into something simple, clear, and real. Every text is an ongoing conversation, created with care and honesty, with the sincere intention of touching someone, somewhere along the way.\",\"url\":\"https:\/\/crecerencarrera.com\/fr\/author\/bcgianni\/\"}]}<\/script>\n<!-- \/ Yoast SEO plugin. -->","yoast_head_json":{"title":"L\u00edder Crecimiento Profesional: Salario, Condiciones y Balance Realista - Crecer en Carrera","robots":{"index":"index","follow":"follow","max-snippet":"max-snippet:-1","max-image-preview":"max-image-preview:large","max-video-preview":"max-video-preview:-1"},"canonical":"https:\/\/crecerencarrera.com\/fr\/13e9e504-58b3-4156-b7b4-910f0db2fa88\/","og_locale":"fr_FR","og_type":"article","og_title":"L\u00edder Crecimiento Profesional: Salario, Condiciones y Balance Realista - Crecer en Carrera","og_description":"Analizamos el puesto de L\u00edder Crecimiento Profesional: condiciones, ventajas reales, posibles desaf\u00edos y nuestro veredicto honesto. \u00bfTe conviene este reto? Desc\u00fabrelo en nuestra completa revisi\u00f3n.","og_url":"https:\/\/crecerencarrera.com\/fr\/13e9e504-58b3-4156-b7b4-910f0db2fa88\/","og_site_name":"Crecer en Carrera","article_published_time":"2026-02-13T13:20:00+00:00","article_modified_time":"2026-02-13T13:20:47+00:00","author":"Bruno Gianni","twitter_card":"summary_large_image","twitter_misc":{"Written by":"Bruno Gianni","Est. reading time":"4 minutes"},"schema":{"@context":"https:\/\/schema.org","@graph":[{"@type":"Article","@id":"https:\/\/crecerencarrera.com\/13e9e504-58b3-4156-b7b4-910f0db2fa88\/#article","isPartOf":{"@id":"https:\/\/crecerencarrera.com\/13e9e504-58b3-4156-b7b4-910f0db2fa88\/"},"author":{"name":"Bruno Gianni","@id":"https:\/\/crecerencarrera.com\/#\/schema\/person\/d52888235fd6563bd07d97185d6a61e4"},"headline":"L\u00edder Crecimiento Profesional: Salario, Condiciones y Balance Realista","datePublished":"2026-02-13T13:20:00+00:00","dateModified":"2026-02-13T13:20:47+00:00","mainEntityOfPage":{"@id":"https:\/\/crecerencarrera.com\/13e9e504-58b3-4156-b7b4-910f0db2fa88\/"},"wordCount":739,"commentCount":0,"publisher":{"@id":"https:\/\/crecerencarrera.com\/#organization"},"articleSection":["Hidden"],"inLanguage":"fr-FR","potentialAction":[{"@type":"CommentAction","name":"Comment","target":["https:\/\/crecerencarrera.com\/13e9e504-58b3-4156-b7b4-910f0db2fa88\/#respond"]}]},{"@type":"WebPage","@id":"https:\/\/crecerencarrera.com\/13e9e504-58b3-4156-b7b4-910f0db2fa88\/","url":"https:\/\/crecerencarrera.com\/13e9e504-58b3-4156-b7b4-910f0db2fa88\/","name":"L\u00edder Crecimiento Profesional: Salario, Condiciones y Balance Realista - Crecer en Carrera","isPartOf":{"@id":"https:\/\/crecerencarrera.com\/#website"},"datePublished":"2026-02-13T13:20:00+00:00","dateModified":"2026-02-13T13:20:47+00:00","breadcrumb":{"@id":"https:\/\/crecerencarrera.com\/13e9e504-58b3-4156-b7b4-910f0db2fa88\/#breadcrumb"},"inLanguage":"fr-FR","potentialAction":[{"@type":"ReadAction","target":["https:\/\/crecerencarrera.com\/13e9e504-58b3-4156-b7b4-910f0db2fa88\/"]}]},{"@type":"BreadcrumbList","@id":"https:\/\/crecerencarrera.com\/13e9e504-58b3-4156-b7b4-910f0db2fa88\/#breadcrumb","itemListElement":[{"@type":"ListItem","position":1,"name":"Home","item":"https:\/\/crecerencarrera.com\/"},{"@type":"ListItem","position":2,"name":"L\u00edder Crecimiento Profesional: Salario, Condiciones y Balance Realista"}]},{"@type":"WebSite","@id":"https:\/\/crecerencarrera.com\/#website","url":"https:\/\/crecerencarrera.com\/","name":"Crecer en Carrera","description":"","publisher":{"@id":"https:\/\/crecerencarrera.com\/#organization"},"potentialAction":[{"@type":"SearchAction","target":{"@type":"EntryPoint","urlTemplate":"https:\/\/crecerencarrera.com\/?s={search_term_string}"},"query-input":"required name=search_term_string"}],"inLanguage":"fr-FR"},{"@type":"Organization","@id":"https:\/\/crecerencarrera.com\/#organization","name":"Crecer en Carrera","url":"https:\/\/crecerencarrera.com\/","logo":{"@type":"ImageObject","inLanguage":"fr-FR","@id":"https:\/\/crecerencarrera.com\/#\/schema\/logo\/image\/","url":"https:\/\/crecerencarrera.com\/wp-content\/uploads\/sites\/604\/2025\/10\/logo-Crecer-en-carrera.svg","contentUrl":"https:\/\/crecerencarrera.com\/wp-content\/uploads\/sites\/604\/2025\/10\/logo-Crecer-en-carrera.svg","caption":"Crecer en Carrera"},"image":{"@id":"https:\/\/crecerencarrera.com\/#\/schema\/logo\/image\/"}},{"@type":"Person","@id":"https:\/\/crecerencarrera.com\/#\/schema\/person\/d52888235fd6563bd07d97185d6a61e4","name":"Bruno Gianni","image":{"@type":"ImageObject","inLanguage":"fr-FR","@id":"https:\/\/crecerencarrera.com\/#\/schema\/person\/image\/","url":"https:\/\/secure.gravatar.com\/avatar\/0f5d42d7bf77874643c1478932860e3f?s=96&d=mm&r=g","contentUrl":"https:\/\/secure.gravatar.com\/avatar\/0f5d42d7bf77874643c1478932860e3f?s=96&d=mm&r=g","caption":"Bruno Gianni"},"description":"Bruno writes the way he lives, with curiosity, care, and respect for people. He likes to observe, listen, and try to understand what is happening on the other side before putting any words on the page.For him, writing is not about impressing, but about getting closer. It is about turning thoughts into something simple, clear, and real. Every text is an ongoing conversation, created with care and honesty, with the sincere intention of touching someone, somewhere along the way.","url":"https:\/\/crecerencarrera.com\/fr\/author\/bcgianni\/"}]}},"uagb_featured_image_src":{"full":false,"thumbnail":false,"medium":false,"medium_large":false,"large":false,"1536x1536":false,"2048x2048":false,"trp-custom-language-flag":false},"uagb_author_info":{"display_name":"Bruno Gianni","author_link":"https:\/\/crecerencarrera.com\/fr\/author\/bcgianni\/"},"uagb_comment_info":0,"uagb_excerpt":"Analizamos el puesto de L\u00edder Crecimiento Profesional: condiciones, ventajas reales, posibles desaf\u00edos y nuestro veredicto honesto. \u00bfTe conviene este reto? Desc\u00fabrelo en nuestra completa revisi\u00f3n.","_links":{"self":[{"href":"https:\/\/crecerencarrera.com\/fr\/wp-json\/wp\/v2\/posts\/3554"}],"collection":[{"href":"https:\/\/crecerencarrera.com\/fr\/wp-json\/wp\/v2\/posts"}],"about":[{"href":"https:\/\/crecerencarrera.com\/fr\/wp-json\/wp\/v2\/types\/post"}],"author":[{"embeddable":true,"href":"https:\/\/crecerencarrera.com\/fr\/wp-json\/wp\/v2\/users\/3"}],"replies":[{"embeddable":true,"href":"https:\/\/crecerencarrera.com\/fr\/wp-json\/wp\/v2\/comments?post=3554"}],"version-history":[{"count":1,"href":"https:\/\/crecerencarrera.com\/fr\/wp-json\/wp\/v2\/posts\/3554\/revisions"}],"predecessor-version":[{"id":3563,"href":"https:\/\/crecerencarrera.com\/fr\/wp-json\/wp\/v2\/posts\/3554\/revisions\/3563"}],"wp:attachment":[{"href":"https:\/\/crecerencarrera.com\/fr\/wp-json\/wp\/v2\/media?parent=3554"}],"wp:term":[{"taxonomy":"category","embeddable":true,"href":"https:\/\/crecerencarrera.com\/fr\/wp-json\/wp\/v2\/categories?post=3554"},{"taxonomy":"post_tag","embeddable":true,"href":"https:\/\/crecerencarrera.com\/fr\/wp-json\/wp\/v2\/tags?post=3554"}],"curies":[{"name":"wp","href":"https:\/\/api.w.org\/{rel}","templated":true}]}}