{"id":3625,"date":"2026-02-13T17:06:00","date_gmt":"2026-02-13T17:06:00","guid":{"rendered":"https:\/\/crecerencarrera.com\/803fc4da-47b9-4689-b36c-da5a53e471a8\/"},"modified":"2026-02-13T17:06:06","modified_gmt":"2026-02-13T17:06:06","slug":"803fc4da-47b9-4689-b36c-da5a53e471a8","status":"publish","type":"post","link":"https:\/\/crecerencarrera.com\/fr\/803fc4da-47b9-4689-b36c-da5a53e471a8\/","title":{"rendered":"Nous avons besoin d&#039;un travail autonome vertical\u00a0: acc\u00e8s aux projets et stabilit\u00e9"},"content":{"rendered":"<\/p>\n<\/p>\n<div style=\"background: #ffffff; border-radius: 12px; box-shadow: 0 10px 30px rgba(0, 0, 0, 0.1); width: 100%; max-width: 340px; padding: 25px; transition: transform 0.3s ease-in-out; overflow: visible; display: flex; flex-direction: column; position: relative; border: 1px solid #28a745; margin-top: 70px; margin-bottom: 50px; margin-left: auto; margin-right: auto;\">\n<div style=\"position: absolute; top: -35px; right: 15px; color: #28a745; padding: 5px 10px; border-radius: 6px; font-size: 14px; font-weight: bold; display: flex; align-items: center; z-index: 10;\">Recommand\u00e9 pour toi<\/div>\n<div data-namespace-header=\"\" style=\"\">\n<h3 data-namespace-title=\"\" style=\"color: #333; font-size: 20px; font-weight: bold; text-align: left; margin-right: 50px; min-height: 50px; margin-top: 0px;\">Travail vertical autonome<\/h3>\n<\/p><\/div>\n<p data-namespace-prompt=\"\" style=\"font-size: 16px; color: #666; margin-bottom: 20px; line-height: 1.5; flex-grow: 1; text-align: left; margin-top: 0px;\">Nous faisons appel \u00e0 des professionnels autonomes pour les travaux verticaux avec formation et documents r\u00e9glementaires. En toute s\u00e9curit\u00e9, la continuit\u00e9 et les projets sont assur\u00e9s.<\/p>\n<p>    <a data-namespace-url=\"\" href=\"https:\/\/crecerencarrera.com\/fr\/redirect\/?https:\/\/www.milanuncios.com\/otras-empleo\/necesitamos-autonomos-trabajo-vertical-581106333.htm?utm_campaign=google_jobs_apply&#038;utm_source=google_jobs_apply&#038;utm_medium=organic\" style=\"width: 100%; display: inline-block; color: white; text-decoration: none; border-radius: 6px; font-size: 16px; font-weight: bold; text-align: center; transition: transform 0.3s ease, background 0.3s ease; margin-top: auto;\" data-namespace-id=\"5c0d2565-3ba9-4280-a382-ad2a691e2285\"><br \/>\n        <button style=\"width: 100%; height: 55px; background: #e9e9ed; border: 1px solid black; color: black;\">Apuntarse a empleo<\/button><br \/>\n    <\/a><br \/>\n    <small style=\"margin-top: 10px; color: #777; font-size: 12px; text-align: center; display: block;\">Ser\u00e1s redirigido a otro site web<\/small>\n<\/div>\n<h2>Resumen de la oferta<\/h2>\n<p>Ce travail est dirig\u00e9 par des professionnels autonomes sp\u00e9cialis\u00e9s dans les travaux verticaux et les syst\u00e8mes de s\u00e9curit\u00e9 en hauteur.<\/p>\n<p>Il n&#039;y a pas d&#039;indication de salaire fid\u00e8le, mais la s\u00e9rie et la ponctualit\u00e9 des paiements autonomes sont un point cl\u00e9 d\u00e9tach\u00e9 dans l&#039;offre.<\/p>\n<p>L&#039;entreprise exige de se documenter sur la journ\u00e9e, comme la certification IRATA ou ANETVA et de former au moins 60 heures de travail en hauteur.<\/p>\n<p>Le type de contrat est une collaboration pour les autonomes. Conditions suppl\u00e9mentaires\u00a0: haute autonomie, s\u00e9curit\u00e9 RC, paiement mutuel, SPA et r\u00e9vision m\u00e9dicale.<\/p>\n<p>Nous garantissons une collaboration continue pour tous ceux qui planifient les exigences strictes et font un compromis avec la s\u00e9curit\u00e9.<\/p>\n<h2>Responsabilit\u00e9s journali\u00e8res et fonctionnelles<\/h2>\n<p>Le jour de la journ\u00e9e, cette position est centrale dans les t\u00e2ches de travail vertical, d&#039;entretien et de syst\u00e8mes de s\u00e9curit\u00e9 en hauteur.<\/p>\n<p>Le professionnel tendra \u00e0 respecter les normes strictes de s\u00e9curit\u00e9 et \u00e0 suivre les protocoles pour chaque intervention.<\/p>\n<p>La r\u00e9vision des \u00e9quipements et la communication avec le responsable de la zone seront constantes pour assurer l&#039;efficacit\u00e9.<\/p>\n<p>Faites des activit\u00e9s en altitude avec diff\u00e9rents degr\u00e9s de difficult\u00e9, car l&#039;exp\u00e9rience acquise est fondamentale.<\/p>\n<p>Cette offre est optimale pour que vous puissiez travailler de mani\u00e8re autonome et travailler avec les entreprises solvables du secteur.<\/p>\n<h2>Points forts de l&#039;offre<\/h2>\n<p>Un des attractifs d\u00e9tach\u00e9s est la possibilit\u00e9 d&#039;acc\u00e9der \u00e0 des projets de grande entit\u00e9 et de clients reconnus.<\/p>\n<p>La ponctualit\u00e9 du paiement et la s\u00e9rie de l&#039;entreprise g\u00e9n\u00e8rent confiance et stabilit\u00e9 pour les professionnels autonomes.<\/p>\n<h2>Desventajas a considerar<\/h2>\n<p>Le processus de s\u00e9lection est exigeant, compte tenu des exigences l\u00e9gales et de formation tr\u00e8s sp\u00e9cifiques, ce qui peut limiter l&#039;acc\u00e8s.<\/p>\n<p>M\u00eame si la stabilit\u00e9 et le volume de travail peuvent \u00eatre limit\u00e9s \u00e0 des p\u00e9riodes plus ou moins demand\u00e9es temporairement.<\/p>\n<h2>Veredicto final<\/h2>\n<p>Cette opportunit\u00e9 est id\u00e9ale pour les personnes autonomes qui ont de l&#039;exp\u00e9rience, de la formation et toutes les exigences en mati\u00e8re de r\u00e9glementation.<\/p>\n<p>Si vous cherchez \u00e0 vous projeter et \u00e0 vous stabiliser dans le secteur des travaux verticaux, cette offre peut \u00eatre votre prochaine \u00e9tape professionnelle.<\/p>\n<div style=\"background: #ffffff; border-radius: 12px; box-shadow: 0 10px 30px rgba(0, 0, 0, 0.1); width: 100%; max-width: 340px; padding: 25px; transition: transform 0.3s ease-in-out; overflow: visible; display: flex; flex-direction: column; position: relative; border: 1px solid #28a745; margin-top: 70px; margin-bottom: 50px; margin-left: auto; margin-right: auto;\">\n<div style=\"position: absolute; top: -35px; right: 15px; color: #28a745; padding: 5px 10px; border-radius: 6px; font-size: 14px; font-weight: bold; display: flex; align-items: center; z-index: 10;\">Recommand\u00e9 pour toi<\/div>\n<div data-namespace-header=\"\" style=\"\">\n<h3 data-namespace-title=\"\" style=\"color: #333; font-size: 20px; font-weight: bold; text-align: left; margin-right: 50px; min-height: 50px; margin-top: 0px;\">Travail vertical autonome<\/h3>\n<\/p><\/div>\n<p data-namespace-prompt=\"\" style=\"font-size: 16px; color: #666; margin-bottom: 20px; line-height: 1.5; flex-grow: 1; text-align: left; margin-top: 0px;\">Nous faisons appel \u00e0 des professionnels autonomes pour les travaux verticaux avec formation et documents r\u00e9glementaires. En toute s\u00e9curit\u00e9, la continuit\u00e9 et les projets sont assur\u00e9s.<\/p>\n<p>    <a data-namespace-url=\"\" href=\"https:\/\/crecerencarrera.com\/fr\/redirect\/?https:\/\/www.milanuncios.com\/otras-empleo\/necesitamos-autonomos-trabajo-vertical-581106333.htm?utm_campaign=google_jobs_apply&#038;utm_source=google_jobs_apply&#038;utm_medium=organic\" style=\"width: 100%; display: inline-block; color: white; text-decoration: none; border-radius: 6px; font-size: 16px; font-weight: bold; text-align: center; transition: transform 0.3s ease, background 0.3s ease; margin-top: auto;\" data-namespace-id=\"5c0d2565-3ba9-4280-a382-ad2a691e2285\"><br \/>\n        <button style=\"width: 100%; height: 55px; background: #e9e9ed; border: 1px solid black; color: black;\">Apuntarse a empleo<\/button><br \/>\n    <\/a><br \/>\n    <small style=\"margin-top: 10px; color: #777; font-size: 12px; text-align: center; display: block;\">Ser\u00e1s redirigido a otro site web<\/small>\n<\/div>","protected":false},"excerpt":{"rendered":"<p>Empresa busca aut\u00f3nomos con experiencia en trabajos verticales y seguridad en altura. Requiere formaci\u00f3n certificada y documentos al d\u00eda. Estabilidad y proyectos continuos.<\/p>","protected":false},"author":3,"featured_media":0,"comment_status":"open","ping_status":"open","sticky":false,"template":"","format":"standard","meta":{"_uag_custom_page_level_css":"","site-sidebar-layout":"default","site-content-layout":"","ast-site-content-layout":"","site-content-style":"default","site-sidebar-style":"default","ast-global-header-display":"","ast-banner-title-visibility":"","ast-main-header-display":"","ast-hfb-above-header-display":"","ast-hfb-below-header-display":"","ast-hfb-mobile-header-display":"","site-post-title":"","ast-breadcrumbs-content":"","ast-featured-img":"","footer-sml-layout":"","theme-transparent-header-meta":"","adv-header-id-meta":"","stick-header-meta":"","header-above-stick-meta":"","header-main-stick-meta":"","header-below-stick-meta":"","astra-migrate-meta-layouts":"default","ast-page-background-enabled":"default","ast-page-background-meta":{"desktop":{"background-color":"var(--ast-global-color-4)","background-image":"","background-repeat":"repeat","background-position":"center center","background-size":"auto","background-attachment":"scroll","background-type":"","background-media":"","overlay-type":"","overlay-color":"","overlay-opacity":"","overlay-gradient":""},"tablet":{"background-color":"","background-image":"","background-repeat":"repeat","background-position":"center center","background-size":"auto","background-attachment":"scroll","background-type":"","background-media":"","overlay-type":"","overlay-color":"","overlay-opacity":"","overlay-gradient":""},"mobile":{"background-color":"","background-image":"","background-repeat":"repeat","background-position":"center center","background-size":"auto","background-attachment":"scroll","background-type":"","background-media":"","overlay-type":"","overlay-color":"","overlay-opacity":"","overlay-gradient":""}},"ast-content-background-meta":{"desktop":{"background-color":"var(--ast-global-color-5)","background-image":"","background-repeat":"repeat","background-position":"center center","background-size":"auto","background-attachment":"scroll","background-type":"","background-media":"","overlay-type":"","overlay-color":"","overlay-opacity":"","overlay-gradient":""},"tablet":{"background-color":"var(--ast-global-color-5)","background-image":"","background-repeat":"repeat","background-position":"center center","background-size":"auto","background-attachment":"scroll","background-type":"","background-media":"","overlay-type":"","overlay-color":"","overlay-opacity":"","overlay-gradient":""},"mobile":{"background-color":"var(--ast-global-color-5)","background-image":"","background-repeat":"repeat","background-position":"center center","background-size":"auto","background-attachment":"scroll","background-type":"","background-media":"","overlay-type":"","overlay-color":"","overlay-opacity":"","overlay-gradient":""}},"footnotes":""},"categories":[10],"tags":[],"yoast_head":"<!-- This site is optimized with the Yoast SEO plugin v23.3 - https:\/\/yoast.com\/wordpress\/plugins\/seo\/ -->\n<title>Necesitamos aut\u00f3nomos trabajo vertical: acceso a proyectos y estabilidad - Crecer en Carrera<\/title>\n<meta name=\"robots\" content=\"index, follow, max-snippet:-1, max-image-preview:large, max-video-preview:-1\" \/>\n<link rel=\"canonical\" href=\"https:\/\/crecerencarrera.com\/fr\/803fc4da-47b9-4689-b36c-da5a53e471a8\/\" \/>\n<meta property=\"og:locale\" content=\"fr_FR\" \/>\n<meta property=\"og:type\" content=\"article\" \/>\n<meta property=\"og:title\" content=\"Necesitamos aut\u00f3nomos trabajo vertical: acceso a proyectos y estabilidad - Crecer en Carrera\" \/>\n<meta property=\"og:description\" content=\"Empresa busca aut\u00f3nomos con experiencia en trabajos verticales y seguridad en altura. Requiere formaci\u00f3n certificada y documentos al d\u00eda. Estabilidad y proyectos continuos.\" \/>\n<meta property=\"og:url\" content=\"https:\/\/crecerencarrera.com\/fr\/803fc4da-47b9-4689-b36c-da5a53e471a8\/\" \/>\n<meta property=\"og:site_name\" content=\"Crecer en Carrera\" \/>\n<meta property=\"article:published_time\" content=\"2026-02-13T17:06:00+00:00\" \/>\n<meta property=\"article:modified_time\" content=\"2026-02-13T17:06:06+00:00\" \/>\n<meta name=\"author\" content=\"Bruno Gianni\" \/>\n<meta name=\"twitter:card\" content=\"summary_large_image\" \/>\n<meta name=\"twitter:label1\" content=\"Written by\" \/>\n\t<meta name=\"twitter:data1\" content=\"Bruno Gianni\" \/>\n\t<meta name=\"twitter:label2\" content=\"Est. reading time\" \/>\n\t<meta name=\"twitter:data2\" content=\"2 minutes\" \/>\n<script type=\"application\/ld+json\" class=\"yoast-schema-graph\">{\"@context\":\"https:\/\/schema.org\",\"@graph\":[{\"@type\":\"Article\",\"@id\":\"https:\/\/crecerencarrera.com\/803fc4da-47b9-4689-b36c-da5a53e471a8\/#article\",\"isPartOf\":{\"@id\":\"https:\/\/crecerencarrera.com\/803fc4da-47b9-4689-b36c-da5a53e471a8\/\"},\"author\":{\"name\":\"Bruno Gianni\",\"@id\":\"https:\/\/crecerencarrera.com\/#\/schema\/person\/d52888235fd6563bd07d97185d6a61e4\"},\"headline\":\"Necesitamos aut\u00f3nomos trabajo vertical: acceso a proyectos y estabilidad\",\"datePublished\":\"2026-02-13T17:06:00+00:00\",\"dateModified\":\"2026-02-13T17:06:06+00:00\",\"mainEntityOfPage\":{\"@id\":\"https:\/\/crecerencarrera.com\/803fc4da-47b9-4689-b36c-da5a53e471a8\/\"},\"wordCount\":426,\"commentCount\":0,\"publisher\":{\"@id\":\"https:\/\/crecerencarrera.com\/#organization\"},\"articleSection\":[\"Hidden\"],\"inLanguage\":\"fr-FR\",\"potentialAction\":[{\"@type\":\"CommentAction\",\"name\":\"Comment\",\"target\":[\"https:\/\/crecerencarrera.com\/803fc4da-47b9-4689-b36c-da5a53e471a8\/#respond\"]}]},{\"@type\":\"WebPage\",\"@id\":\"https:\/\/crecerencarrera.com\/803fc4da-47b9-4689-b36c-da5a53e471a8\/\",\"url\":\"https:\/\/crecerencarrera.com\/803fc4da-47b9-4689-b36c-da5a53e471a8\/\",\"name\":\"Necesitamos aut\u00f3nomos trabajo vertical: acceso a proyectos y estabilidad - Crecer en Carrera\",\"isPartOf\":{\"@id\":\"https:\/\/crecerencarrera.com\/#website\"},\"datePublished\":\"2026-02-13T17:06:00+00:00\",\"dateModified\":\"2026-02-13T17:06:06+00:00\",\"breadcrumb\":{\"@id\":\"https:\/\/crecerencarrera.com\/803fc4da-47b9-4689-b36c-da5a53e471a8\/#breadcrumb\"},\"inLanguage\":\"fr-FR\",\"potentialAction\":[{\"@type\":\"ReadAction\",\"target\":[\"https:\/\/crecerencarrera.com\/803fc4da-47b9-4689-b36c-da5a53e471a8\/\"]}]},{\"@type\":\"BreadcrumbList\",\"@id\":\"https:\/\/crecerencarrera.com\/803fc4da-47b9-4689-b36c-da5a53e471a8\/#breadcrumb\",\"itemListElement\":[{\"@type\":\"ListItem\",\"position\":1,\"name\":\"Home\",\"item\":\"https:\/\/crecerencarrera.com\/\"},{\"@type\":\"ListItem\",\"position\":2,\"name\":\"Necesitamos aut\u00f3nomos trabajo vertical: acceso a proyectos y estabilidad\"}]},{\"@type\":\"WebSite\",\"@id\":\"https:\/\/crecerencarrera.com\/#website\",\"url\":\"https:\/\/crecerencarrera.com\/\",\"name\":\"Crecer en Carrera\",\"description\":\"\",\"publisher\":{\"@id\":\"https:\/\/crecerencarrera.com\/#organization\"},\"potentialAction\":[{\"@type\":\"SearchAction\",\"target\":{\"@type\":\"EntryPoint\",\"urlTemplate\":\"https:\/\/crecerencarrera.com\/?s={search_term_string}\"},\"query-input\":\"required name=search_term_string\"}],\"inLanguage\":\"fr-FR\"},{\"@type\":\"Organization\",\"@id\":\"https:\/\/crecerencarrera.com\/#organization\",\"name\":\"Crecer en Carrera\",\"url\":\"https:\/\/crecerencarrera.com\/\",\"logo\":{\"@type\":\"ImageObject\",\"inLanguage\":\"fr-FR\",\"@id\":\"https:\/\/crecerencarrera.com\/#\/schema\/logo\/image\/\",\"url\":\"https:\/\/crecerencarrera.com\/wp-content\/uploads\/sites\/604\/2025\/10\/logo-Crecer-en-carrera.svg\",\"contentUrl\":\"https:\/\/crecerencarrera.com\/wp-content\/uploads\/sites\/604\/2025\/10\/logo-Crecer-en-carrera.svg\",\"caption\":\"Crecer en Carrera\"},\"image\":{\"@id\":\"https:\/\/crecerencarrera.com\/#\/schema\/logo\/image\/\"}},{\"@type\":\"Person\",\"@id\":\"https:\/\/crecerencarrera.com\/#\/schema\/person\/d52888235fd6563bd07d97185d6a61e4\",\"name\":\"Bruno Gianni\",\"image\":{\"@type\":\"ImageObject\",\"inLanguage\":\"fr-FR\",\"@id\":\"https:\/\/crecerencarrera.com\/#\/schema\/person\/image\/\",\"url\":\"https:\/\/secure.gravatar.com\/avatar\/0f5d42d7bf77874643c1478932860e3f?s=96&d=mm&r=g\",\"contentUrl\":\"https:\/\/secure.gravatar.com\/avatar\/0f5d42d7bf77874643c1478932860e3f?s=96&d=mm&r=g\",\"caption\":\"Bruno Gianni\"},\"description\":\"Bruno writes the way he lives, with curiosity, care, and respect for people. He likes to observe, listen, and try to understand what is happening on the other side before putting any words on the page.For him, writing is not about impressing, but about getting closer. It is about turning thoughts into something simple, clear, and real. Every text is an ongoing conversation, created with care and honesty, with the sincere intention of touching someone, somewhere along the way.\",\"url\":\"https:\/\/crecerencarrera.com\/fr\/author\/bcgianni\/\"}]}<\/script>\n<!-- \/ Yoast SEO plugin. -->","yoast_head_json":{"title":"Necesitamos aut\u00f3nomos trabajo vertical: acceso a proyectos y estabilidad - Crecer en Carrera","robots":{"index":"index","follow":"follow","max-snippet":"max-snippet:-1","max-image-preview":"max-image-preview:large","max-video-preview":"max-video-preview:-1"},"canonical":"https:\/\/crecerencarrera.com\/fr\/803fc4da-47b9-4689-b36c-da5a53e471a8\/","og_locale":"fr_FR","og_type":"article","og_title":"Necesitamos aut\u00f3nomos trabajo vertical: acceso a proyectos y estabilidad - Crecer en Carrera","og_description":"Empresa busca aut\u00f3nomos con experiencia en trabajos verticales y seguridad en altura. Requiere formaci\u00f3n certificada y documentos al d\u00eda. Estabilidad y proyectos continuos.","og_url":"https:\/\/crecerencarrera.com\/fr\/803fc4da-47b9-4689-b36c-da5a53e471a8\/","og_site_name":"Crecer en Carrera","article_published_time":"2026-02-13T17:06:00+00:00","article_modified_time":"2026-02-13T17:06:06+00:00","author":"Bruno Gianni","twitter_card":"summary_large_image","twitter_misc":{"Written by":"Bruno Gianni","Est. reading time":"2 minutes"},"schema":{"@context":"https:\/\/schema.org","@graph":[{"@type":"Article","@id":"https:\/\/crecerencarrera.com\/803fc4da-47b9-4689-b36c-da5a53e471a8\/#article","isPartOf":{"@id":"https:\/\/crecerencarrera.com\/803fc4da-47b9-4689-b36c-da5a53e471a8\/"},"author":{"name":"Bruno Gianni","@id":"https:\/\/crecerencarrera.com\/#\/schema\/person\/d52888235fd6563bd07d97185d6a61e4"},"headline":"Necesitamos aut\u00f3nomos trabajo vertical: acceso a proyectos y estabilidad","datePublished":"2026-02-13T17:06:00+00:00","dateModified":"2026-02-13T17:06:06+00:00","mainEntityOfPage":{"@id":"https:\/\/crecerencarrera.com\/803fc4da-47b9-4689-b36c-da5a53e471a8\/"},"wordCount":426,"commentCount":0,"publisher":{"@id":"https:\/\/crecerencarrera.com\/#organization"},"articleSection":["Hidden"],"inLanguage":"fr-FR","potentialAction":[{"@type":"CommentAction","name":"Comment","target":["https:\/\/crecerencarrera.com\/803fc4da-47b9-4689-b36c-da5a53e471a8\/#respond"]}]},{"@type":"WebPage","@id":"https:\/\/crecerencarrera.com\/803fc4da-47b9-4689-b36c-da5a53e471a8\/","url":"https:\/\/crecerencarrera.com\/803fc4da-47b9-4689-b36c-da5a53e471a8\/","name":"Necesitamos aut\u00f3nomos trabajo vertical: acceso a proyectos y estabilidad - Crecer en Carrera","isPartOf":{"@id":"https:\/\/crecerencarrera.com\/#website"},"datePublished":"2026-02-13T17:06:00+00:00","dateModified":"2026-02-13T17:06:06+00:00","breadcrumb":{"@id":"https:\/\/crecerencarrera.com\/803fc4da-47b9-4689-b36c-da5a53e471a8\/#breadcrumb"},"inLanguage":"fr-FR","potentialAction":[{"@type":"ReadAction","target":["https:\/\/crecerencarrera.com\/803fc4da-47b9-4689-b36c-da5a53e471a8\/"]}]},{"@type":"BreadcrumbList","@id":"https:\/\/crecerencarrera.com\/803fc4da-47b9-4689-b36c-da5a53e471a8\/#breadcrumb","itemListElement":[{"@type":"ListItem","position":1,"name":"Home","item":"https:\/\/crecerencarrera.com\/"},{"@type":"ListItem","position":2,"name":"Necesitamos aut\u00f3nomos trabajo vertical: acceso a proyectos y estabilidad"}]},{"@type":"WebSite","@id":"https:\/\/crecerencarrera.com\/#website","url":"https:\/\/crecerencarrera.com\/","name":"Crecer en Carrera","description":"","publisher":{"@id":"https:\/\/crecerencarrera.com\/#organization"},"potentialAction":[{"@type":"SearchAction","target":{"@type":"EntryPoint","urlTemplate":"https:\/\/crecerencarrera.com\/?s={search_term_string}"},"query-input":"required name=search_term_string"}],"inLanguage":"fr-FR"},{"@type":"Organization","@id":"https:\/\/crecerencarrera.com\/#organization","name":"Crecer en Carrera","url":"https:\/\/crecerencarrera.com\/","logo":{"@type":"ImageObject","inLanguage":"fr-FR","@id":"https:\/\/crecerencarrera.com\/#\/schema\/logo\/image\/","url":"https:\/\/crecerencarrera.com\/wp-content\/uploads\/sites\/604\/2025\/10\/logo-Crecer-en-carrera.svg","contentUrl":"https:\/\/crecerencarrera.com\/wp-content\/uploads\/sites\/604\/2025\/10\/logo-Crecer-en-carrera.svg","caption":"Crecer en Carrera"},"image":{"@id":"https:\/\/crecerencarrera.com\/#\/schema\/logo\/image\/"}},{"@type":"Person","@id":"https:\/\/crecerencarrera.com\/#\/schema\/person\/d52888235fd6563bd07d97185d6a61e4","name":"Bruno Gianni","image":{"@type":"ImageObject","inLanguage":"fr-FR","@id":"https:\/\/crecerencarrera.com\/#\/schema\/person\/image\/","url":"https:\/\/secure.gravatar.com\/avatar\/0f5d42d7bf77874643c1478932860e3f?s=96&d=mm&r=g","contentUrl":"https:\/\/secure.gravatar.com\/avatar\/0f5d42d7bf77874643c1478932860e3f?s=96&d=mm&r=g","caption":"Bruno Gianni"},"description":"Bruno writes the way he lives, with curiosity, care, and respect for people. He likes to observe, listen, and try to understand what is happening on the other side before putting any words on the page.For him, writing is not about impressing, but about getting closer. It is about turning thoughts into something simple, clear, and real. Every text is an ongoing conversation, created with care and honesty, with the sincere intention of touching someone, somewhere along the way.","url":"https:\/\/crecerencarrera.com\/fr\/author\/bcgianni\/"}]}},"uagb_featured_image_src":{"full":false,"thumbnail":false,"medium":false,"medium_large":false,"large":false,"1536x1536":false,"2048x2048":false,"trp-custom-language-flag":false},"uagb_author_info":{"display_name":"Bruno Gianni","author_link":"https:\/\/crecerencarrera.com\/fr\/author\/bcgianni\/"},"uagb_comment_info":0,"uagb_excerpt":"Empresa busca aut\u00f3nomos con experiencia en trabajos verticales y seguridad en altura. Requiere formaci\u00f3n certificada y documentos al d\u00eda. Estabilidad y proyectos continuos.","_links":{"self":[{"href":"https:\/\/crecerencarrera.com\/fr\/wp-json\/wp\/v2\/posts\/3625"}],"collection":[{"href":"https:\/\/crecerencarrera.com\/fr\/wp-json\/wp\/v2\/posts"}],"about":[{"href":"https:\/\/crecerencarrera.com\/fr\/wp-json\/wp\/v2\/types\/post"}],"author":[{"embeddable":true,"href":"https:\/\/crecerencarrera.com\/fr\/wp-json\/wp\/v2\/users\/3"}],"replies":[{"embeddable":true,"href":"https:\/\/crecerencarrera.com\/fr\/wp-json\/wp\/v2\/comments?post=3625"}],"version-history":[{"count":1,"href":"https:\/\/crecerencarrera.com\/fr\/wp-json\/wp\/v2\/posts\/3625\/revisions"}],"predecessor-version":[{"id":3632,"href":"https:\/\/crecerencarrera.com\/fr\/wp-json\/wp\/v2\/posts\/3625\/revisions\/3632"}],"wp:attachment":[{"href":"https:\/\/crecerencarrera.com\/fr\/wp-json\/wp\/v2\/media?parent=3625"}],"wp:term":[{"taxonomy":"category","embeddable":true,"href":"https:\/\/crecerencarrera.com\/fr\/wp-json\/wp\/v2\/categories?post=3625"},{"taxonomy":"post_tag","embeddable":true,"href":"https:\/\/crecerencarrera.com\/fr\/wp-json\/wp\/v2\/tags?post=3625"}],"curies":[{"name":"wp","href":"https:\/\/api.w.org\/{rel}","templated":true}]}}