{"id":3638,"date":"2026-02-13T17:15:00","date_gmt":"2026-02-13T17:15:00","guid":{"rendered":"https:\/\/crecerencarrera.com\/2e8e7593-ef38-4ce2-a7c2-3939b57536d1\/"},"modified":"2026-02-13T17:15:04","modified_gmt":"2026-02-13T17:15:04","slug":"2e8e7593-ef38-4ce2-a7c2-3939b57536d1","status":"publish","type":"post","link":"https:\/\/crecerencarrera.com\/fr\/2e8e7593-ef38-4ce2-a7c2-3939b57536d1\/","title":{"rendered":"Nous avons besoin d&#039;un travail autonome vertical\u00a0: exigences et ventes de l&#039;offre"},"content":{"rendered":"<\/p>\n<\/p>\n<div style=\"background: #ffffff; border-radius: 12px; box-shadow: 0 10px 30px rgba(0, 0, 0, 0.1); width: 100%; max-width: 340px; padding: 25px; transition: transform 0.3s ease-in-out; overflow: visible; display: flex; flex-direction: column; position: relative; border: 1px solid #28a745; margin-top: 70px; margin-bottom: 50px; margin-left: auto; margin-right: auto;\">\n<div style=\"position: absolute; top: -35px; right: 15px; color: #28a745; padding: 5px 10px; border-radius: 6px; font-size: 14px; font-weight: bold; display: flex; align-items: center; z-index: 10;\">Recommand\u00e9 pour toi<\/div>\n<div data-namespace-header=\"\" style=\"\">\n<h3 data-namespace-title=\"\" style=\"color: #333; font-size: 20px; font-weight: bold; text-align: left; margin-right: 50px; min-height: 50px; margin-top: 0px;\">Nous avons besoin d&#039;un travail autonome vertical<\/h3>\n<\/p><\/div>\n<p data-namespace-prompt=\"\" style=\"font-size: 16px; color: #666; margin-bottom: 20px; line-height: 1.5; flex-grow: 1; text-align: left; margin-top: 0px;\">Nous sommes autonomes avec les certifications IRATA ou ANETVA, haute, s\u00e9curit\u00e9 RC et formation en hauteur 60h. Contrato serio, opportunit\u00e9 de travail stable et conditions claires.<\/p>\n<p>    <a data-namespace-url=\"\" href=\"https:\/\/crecerencarrera.com\/fr\/redirect\/?https:\/\/www.milanuncios.com\/otras-empleo\/necesitamos-autonomos-trabajo-vertical-581106333.htm?utm_campaign=google_jobs_apply&#038;utm_source=google_jobs_apply&#038;utm_medium=organic\" style=\"width: 100%; display: inline-block; color: white; text-decoration: none; border-radius: 6px; font-size: 16px; font-weight: bold; text-align: center; transition: transform 0.3s ease, background 0.3s ease; margin-top: auto;\" data-namespace-id=\"5c0d2565-3ba9-4280-a382-ad2a691e2285\"><br \/>\n        <button style=\"width: 100%; height: 55px; background: #e9e9ed; border: 1px solid black; color: black;\">Apuntarse al empleo<\/button><br \/>\n    <\/a><br \/>\n    <small style=\"margin-top: 10px; color: #777; font-size: 12px; text-align: center; display: block;\">Ser\u00e1s redirigido a otra web<\/small>\n<\/div>\n<p><!-- Introducci\u00f3n de la oferta --><br \/>\nL&#039;offre \u00ab Nous avons besoin d&#039;un travail autonome vertical \u00bb est dirig\u00e9e vers des professionnels autonomes en charge du travail en hauteur et des syst\u00e8mes de s\u00e9curit\u00e9. Si vous avez besoin de l&#039;accr\u00e9ditation IRATA ou ANETVA, en plus des donn\u00e9es de haute qualit\u00e9 en tant qu&#039;autonomes, vous devrez vous assurer de la s\u00e9curit\u00e9 de la responsabilit\u00e9 civile et de la formation obligatoire pendant 60 heures. Il n&#039;est pas pr\u00e9cis\u00e9 le salaire dans l&#039;annonce, mais la formalit\u00e9 des paiements et la s\u00e9curit\u00e9 du travail sont mentionn\u00e9es.<\/p>\n<p><!-- Responsabilidades principales --><\/p>\n<h2>\u00bfEn quoi consiste le travail?<\/h2>\n<p>Les zones principales sont tourn\u00e9es vers l&#039;entretien et les travaux verticaux, comme les installations ou les r\u00e9visions en hauteur. Les professionnels s\u00e9lectionn\u00e9s doivent remplir les normes de s\u00e9curit\u00e9 et collaborer avec des \u00e9quipes sp\u00e9cialis\u00e9es pour des interventions distinctes. <\/p>\n<p>Il est n\u00e9cessaire que les candidats garantissent l&#039;utilisation et la maintenance correcte des syst\u00e8mes de s\u00e9curit\u00e9. Asimismo, doit pr\u00e9senter des r\u00e9visions m\u00e9dicales actualis\u00e9es, contr\u00f4ler votre aptitude \u00e0 travailler en haute altitude. Un autre aspect essentiel est de maintenir une communication efficace avec l&#039;entreprise pour les programmes, les d\u00e9ploiements et les travaux ponctuels.<\/p>\n<p>Si la formation est continue, c&#039;est parce que c&#039;est la mise \u00e0 jour des protocoles et des normes qui est cl\u00e9. Le jour du jour peut impliquer une diversit\u00e9 de t\u00e2ches, s&#039;adaptant \u00e0 certaines n\u00e9cessit\u00e9s techniques et sc\u00e9narios de hauteur.<\/p>\n<p><!-- Pros --><\/p>\n<h2>Puntos une faveur<\/h2>\n<p>L&#039;autonomie de ce secteur permet une flexibilit\u00e9 horaire et la possibilit\u00e9 de collaborer avec une entreprise de reconnaissance nationale. De plus, les paiements r\u00e9guliers garantissent \u00e0 un maire la stabilit\u00e9 financi\u00e8re.<\/p>\n<p>Une autre vente est la transparence dans les conditions de travail et la gestion des s\u00e9curit\u00e9s, qui transmet la confiance \u00e0 ceux qui recherchent la fiabilit\u00e9 dans les collaborations et la continuit\u00e9 des projets.<\/p>\n<p><!-- Contras --><\/p>\n<h2>Aspectos menos favorables<\/h2>\n<p>Il est possible que ce soit l&#039;origine de r\u00e9f\u00e9rences concr\u00e8tes concernant la r\u00e9tribution, ce qui pourrait rendre difficile la comparaison avec d&#039;autres offres. De plus, le travail en altitude exige des r\u00e9visions et une formation constantes.<\/p>\n<p>La rigueur documentaire est grande, car l&#039;entreprise exige des certifications critiques, ce qui peut limiter ce qui ne r\u00e9pond pas actuellement aux exigences.<\/p>\n<p><!-- Veredicto --><\/p>\n<h2>Veredicto final<\/h2>\n<p>C&#039;est une option recommand\u00e9e pour les automobilistes qualifi\u00e9s qui valorisent la stabilit\u00e9, les conditions l\u00e9gales claires et un entorno professionnel s\u00e9rieux qui donne priorit\u00e9 \u00e0 la s\u00e9curit\u00e9.<\/p>\n<div style=\"background: #ffffff; border-radius: 12px; box-shadow: 0 10px 30px rgba(0, 0, 0, 0.1); width: 100%; max-width: 340px; padding: 25px; transition: transform 0.3s ease-in-out; overflow: visible; display: flex; flex-direction: column; position: relative; border: 1px solid #28a745; margin-top: 70px; margin-bottom: 50px; margin-left: auto; margin-right: auto;\">\n<div style=\"position: absolute; top: -35px; right: 15px; color: #28a745; padding: 5px 10px; border-radius: 6px; font-size: 14px; font-weight: bold; display: flex; align-items: center; z-index: 10;\">Recommand\u00e9 pour toi<\/div>\n<div data-namespace-header=\"\" style=\"\">\n<h3 data-namespace-title=\"\" style=\"color: #333; font-size: 20px; font-weight: bold; text-align: left; margin-right: 50px; min-height: 50px; margin-top: 0px;\">Nous avons besoin d&#039;un travail autonome vertical<\/h3>\n<\/p><\/div>\n<p data-namespace-prompt=\"\" style=\"font-size: 16px; color: #666; margin-bottom: 20px; line-height: 1.5; flex-grow: 1; text-align: left; margin-top: 0px;\">Nous sommes autonomes avec les certifications IRATA ou ANETVA, haute, s\u00e9curit\u00e9 RC et formation en hauteur 60h. Contrato serio, opportunit\u00e9 de travail stable et conditions claires.<\/p>\n<p>    <a data-namespace-url=\"\" href=\"https:\/\/crecerencarrera.com\/fr\/redirect\/?https:\/\/www.milanuncios.com\/otras-empleo\/necesitamos-autonomos-trabajo-vertical-581106333.htm?utm_campaign=google_jobs_apply&#038;utm_source=google_jobs_apply&#038;utm_medium=organic\" style=\"width: 100%; display: inline-block; color: white; text-decoration: none; border-radius: 6px; font-size: 16px; font-weight: bold; text-align: center; transition: transform 0.3s ease, background 0.3s ease; margin-top: auto;\" data-namespace-id=\"5c0d2565-3ba9-4280-a382-ad2a691e2285\"><br \/>\n        <button style=\"width: 100%; height: 55px; background: #e9e9ed; border: 1px solid black; color: black;\">Apuntarse al empleo<\/button><br \/>\n    <\/a><br \/>\n    <small style=\"margin-top: 10px; color: #777; font-size: 12px; text-align: center; display: block;\">Ser\u00e1s redirigido a otra web<\/small>\n<\/div>","protected":false},"excerpt":{"rendered":"<p>Oferta de empleo para profesionales aut\u00f3nomos en trabajos verticales. Se requiere IRATA o ANETVA, seguro y alta de aut\u00f3nomo. Buenas condiciones y pago regular.<\/p>","protected":false},"author":3,"featured_media":0,"comment_status":"open","ping_status":"open","sticky":false,"template":"","format":"standard","meta":{"_uag_custom_page_level_css":"","site-sidebar-layout":"default","site-content-layout":"","ast-site-content-layout":"","site-content-style":"default","site-sidebar-style":"default","ast-global-header-display":"","ast-banner-title-visibility":"","ast-main-header-display":"","ast-hfb-above-header-display":"","ast-hfb-below-header-display":"","ast-hfb-mobile-header-display":"","site-post-title":"","ast-breadcrumbs-content":"","ast-featured-img":"","footer-sml-layout":"","theme-transparent-header-meta":"","adv-header-id-meta":"","stick-header-meta":"","header-above-stick-meta":"","header-main-stick-meta":"","header-below-stick-meta":"","astra-migrate-meta-layouts":"default","ast-page-background-enabled":"default","ast-page-background-meta":{"desktop":{"background-color":"var(--ast-global-color-4)","background-image":"","background-repeat":"repeat","background-position":"center center","background-size":"auto","background-attachment":"scroll","background-type":"","background-media":"","overlay-type":"","overlay-color":"","overlay-opacity":"","overlay-gradient":""},"tablet":{"background-color":"","background-image":"","background-repeat":"repeat","background-position":"center center","background-size":"auto","background-attachment":"scroll","background-type":"","background-media":"","overlay-type":"","overlay-color":"","overlay-opacity":"","overlay-gradient":""},"mobile":{"background-color":"","background-image":"","background-repeat":"repeat","background-position":"center center","background-size":"auto","background-attachment":"scroll","background-type":"","background-media":"","overlay-type":"","overlay-color":"","overlay-opacity":"","overlay-gradient":""}},"ast-content-background-meta":{"desktop":{"background-color":"var(--ast-global-color-5)","background-image":"","background-repeat":"repeat","background-position":"center center","background-size":"auto","background-attachment":"scroll","background-type":"","background-media":"","overlay-type":"","overlay-color":"","overlay-opacity":"","overlay-gradient":""},"tablet":{"background-color":"var(--ast-global-color-5)","background-image":"","background-repeat":"repeat","background-position":"center center","background-size":"auto","background-attachment":"scroll","background-type":"","background-media":"","overlay-type":"","overlay-color":"","overlay-opacity":"","overlay-gradient":""},"mobile":{"background-color":"var(--ast-global-color-5)","background-image":"","background-repeat":"repeat","background-position":"center center","background-size":"auto","background-attachment":"scroll","background-type":"","background-media":"","overlay-type":"","overlay-color":"","overlay-opacity":"","overlay-gradient":""}},"footnotes":""},"categories":[10],"tags":[],"yoast_head":"<!-- This site is optimized with the Yoast SEO plugin v23.3 - https:\/\/yoast.com\/wordpress\/plugins\/seo\/ -->\n<title>Necesitamos aut\u00f3nomos trabajo vertical: requisitos y ventajas de la oferta - Crecer en Carrera<\/title>\n<meta name=\"robots\" content=\"index, follow, max-snippet:-1, max-image-preview:large, max-video-preview:-1\" \/>\n<link rel=\"canonical\" href=\"https:\/\/crecerencarrera.com\/fr\/2e8e7593-ef38-4ce2-a7c2-3939b57536d1\/\" \/>\n<meta property=\"og:locale\" content=\"fr_FR\" \/>\n<meta property=\"og:type\" content=\"article\" \/>\n<meta property=\"og:title\" content=\"Necesitamos aut\u00f3nomos trabajo vertical: requisitos y ventajas de la oferta - Crecer en Carrera\" \/>\n<meta property=\"og:description\" content=\"Oferta de empleo para profesionales aut\u00f3nomos en trabajos verticales. Se requiere IRATA o ANETVA, seguro y alta de aut\u00f3nomo. Buenas condiciones y pago regular.\" \/>\n<meta property=\"og:url\" content=\"https:\/\/crecerencarrera.com\/fr\/2e8e7593-ef38-4ce2-a7c2-3939b57536d1\/\" \/>\n<meta property=\"og:site_name\" content=\"Crecer en Carrera\" \/>\n<meta property=\"article:published_time\" content=\"2026-02-13T17:15:00+00:00\" \/>\n<meta property=\"article:modified_time\" content=\"2026-02-13T17:15:04+00:00\" \/>\n<meta name=\"author\" content=\"Bruno Gianni\" \/>\n<meta name=\"twitter:card\" content=\"summary_large_image\" \/>\n<meta name=\"twitter:label1\" content=\"Written by\" \/>\n\t<meta name=\"twitter:data1\" content=\"Bruno Gianni\" \/>\n\t<meta name=\"twitter:label2\" content=\"Est. reading time\" \/>\n\t<meta name=\"twitter:data2\" content=\"2 minutes\" \/>\n<script type=\"application\/ld+json\" class=\"yoast-schema-graph\">{\"@context\":\"https:\/\/schema.org\",\"@graph\":[{\"@type\":\"Article\",\"@id\":\"https:\/\/crecerencarrera.com\/2e8e7593-ef38-4ce2-a7c2-3939b57536d1\/#article\",\"isPartOf\":{\"@id\":\"https:\/\/crecerencarrera.com\/2e8e7593-ef38-4ce2-a7c2-3939b57536d1\/\"},\"author\":{\"name\":\"Bruno Gianni\",\"@id\":\"https:\/\/crecerencarrera.com\/#\/schema\/person\/d52888235fd6563bd07d97185d6a61e4\"},\"headline\":\"Necesitamos aut\u00f3nomos trabajo vertical: requisitos y ventajas de la oferta\",\"datePublished\":\"2026-02-13T17:15:00+00:00\",\"dateModified\":\"2026-02-13T17:15:04+00:00\",\"mainEntityOfPage\":{\"@id\":\"https:\/\/crecerencarrera.com\/2e8e7593-ef38-4ce2-a7c2-3939b57536d1\/\"},\"wordCount\":455,\"commentCount\":0,\"publisher\":{\"@id\":\"https:\/\/crecerencarrera.com\/#organization\"},\"articleSection\":[\"Hidden\"],\"inLanguage\":\"fr-FR\",\"potentialAction\":[{\"@type\":\"CommentAction\",\"name\":\"Comment\",\"target\":[\"https:\/\/crecerencarrera.com\/2e8e7593-ef38-4ce2-a7c2-3939b57536d1\/#respond\"]}]},{\"@type\":\"WebPage\",\"@id\":\"https:\/\/crecerencarrera.com\/2e8e7593-ef38-4ce2-a7c2-3939b57536d1\/\",\"url\":\"https:\/\/crecerencarrera.com\/2e8e7593-ef38-4ce2-a7c2-3939b57536d1\/\",\"name\":\"Necesitamos aut\u00f3nomos trabajo vertical: requisitos y ventajas de la oferta - Crecer en Carrera\",\"isPartOf\":{\"@id\":\"https:\/\/crecerencarrera.com\/#website\"},\"datePublished\":\"2026-02-13T17:15:00+00:00\",\"dateModified\":\"2026-02-13T17:15:04+00:00\",\"breadcrumb\":{\"@id\":\"https:\/\/crecerencarrera.com\/2e8e7593-ef38-4ce2-a7c2-3939b57536d1\/#breadcrumb\"},\"inLanguage\":\"fr-FR\",\"potentialAction\":[{\"@type\":\"ReadAction\",\"target\":[\"https:\/\/crecerencarrera.com\/2e8e7593-ef38-4ce2-a7c2-3939b57536d1\/\"]}]},{\"@type\":\"BreadcrumbList\",\"@id\":\"https:\/\/crecerencarrera.com\/2e8e7593-ef38-4ce2-a7c2-3939b57536d1\/#breadcrumb\",\"itemListElement\":[{\"@type\":\"ListItem\",\"position\":1,\"name\":\"Home\",\"item\":\"https:\/\/crecerencarrera.com\/\"},{\"@type\":\"ListItem\",\"position\":2,\"name\":\"Necesitamos aut\u00f3nomos trabajo vertical: requisitos y ventajas de la oferta\"}]},{\"@type\":\"WebSite\",\"@id\":\"https:\/\/crecerencarrera.com\/#website\",\"url\":\"https:\/\/crecerencarrera.com\/\",\"name\":\"Crecer en Carrera\",\"description\":\"\",\"publisher\":{\"@id\":\"https:\/\/crecerencarrera.com\/#organization\"},\"potentialAction\":[{\"@type\":\"SearchAction\",\"target\":{\"@type\":\"EntryPoint\",\"urlTemplate\":\"https:\/\/crecerencarrera.com\/?s={search_term_string}\"},\"query-input\":\"required name=search_term_string\"}],\"inLanguage\":\"fr-FR\"},{\"@type\":\"Organization\",\"@id\":\"https:\/\/crecerencarrera.com\/#organization\",\"name\":\"Crecer en Carrera\",\"url\":\"https:\/\/crecerencarrera.com\/\",\"logo\":{\"@type\":\"ImageObject\",\"inLanguage\":\"fr-FR\",\"@id\":\"https:\/\/crecerencarrera.com\/#\/schema\/logo\/image\/\",\"url\":\"https:\/\/crecerencarrera.com\/wp-content\/uploads\/sites\/604\/2025\/10\/logo-Crecer-en-carrera.svg\",\"contentUrl\":\"https:\/\/crecerencarrera.com\/wp-content\/uploads\/sites\/604\/2025\/10\/logo-Crecer-en-carrera.svg\",\"caption\":\"Crecer en Carrera\"},\"image\":{\"@id\":\"https:\/\/crecerencarrera.com\/#\/schema\/logo\/image\/\"}},{\"@type\":\"Person\",\"@id\":\"https:\/\/crecerencarrera.com\/#\/schema\/person\/d52888235fd6563bd07d97185d6a61e4\",\"name\":\"Bruno Gianni\",\"image\":{\"@type\":\"ImageObject\",\"inLanguage\":\"fr-FR\",\"@id\":\"https:\/\/crecerencarrera.com\/#\/schema\/person\/image\/\",\"url\":\"https:\/\/secure.gravatar.com\/avatar\/0f5d42d7bf77874643c1478932860e3f?s=96&d=mm&r=g\",\"contentUrl\":\"https:\/\/secure.gravatar.com\/avatar\/0f5d42d7bf77874643c1478932860e3f?s=96&d=mm&r=g\",\"caption\":\"Bruno Gianni\"},\"description\":\"Bruno writes the way he lives, with curiosity, care, and respect for people. He likes to observe, listen, and try to understand what is happening on the other side before putting any words on the page.For him, writing is not about impressing, but about getting closer. It is about turning thoughts into something simple, clear, and real. Every text is an ongoing conversation, created with care and honesty, with the sincere intention of touching someone, somewhere along the way.\",\"url\":\"https:\/\/crecerencarrera.com\/fr\/author\/bcgianni\/\"}]}<\/script>\n<!-- \/ Yoast SEO plugin. -->","yoast_head_json":{"title":"Necesitamos aut\u00f3nomos trabajo vertical: requisitos y ventajas de la oferta - Crecer en Carrera","robots":{"index":"index","follow":"follow","max-snippet":"max-snippet:-1","max-image-preview":"max-image-preview:large","max-video-preview":"max-video-preview:-1"},"canonical":"https:\/\/crecerencarrera.com\/fr\/2e8e7593-ef38-4ce2-a7c2-3939b57536d1\/","og_locale":"fr_FR","og_type":"article","og_title":"Necesitamos aut\u00f3nomos trabajo vertical: requisitos y ventajas de la oferta - Crecer en Carrera","og_description":"Oferta de empleo para profesionales aut\u00f3nomos en trabajos verticales. Se requiere IRATA o ANETVA, seguro y alta de aut\u00f3nomo. Buenas condiciones y pago regular.","og_url":"https:\/\/crecerencarrera.com\/fr\/2e8e7593-ef38-4ce2-a7c2-3939b57536d1\/","og_site_name":"Crecer en Carrera","article_published_time":"2026-02-13T17:15:00+00:00","article_modified_time":"2026-02-13T17:15:04+00:00","author":"Bruno Gianni","twitter_card":"summary_large_image","twitter_misc":{"Written by":"Bruno Gianni","Est. reading time":"2 minutes"},"schema":{"@context":"https:\/\/schema.org","@graph":[{"@type":"Article","@id":"https:\/\/crecerencarrera.com\/2e8e7593-ef38-4ce2-a7c2-3939b57536d1\/#article","isPartOf":{"@id":"https:\/\/crecerencarrera.com\/2e8e7593-ef38-4ce2-a7c2-3939b57536d1\/"},"author":{"name":"Bruno Gianni","@id":"https:\/\/crecerencarrera.com\/#\/schema\/person\/d52888235fd6563bd07d97185d6a61e4"},"headline":"Necesitamos aut\u00f3nomos trabajo vertical: requisitos y ventajas de la oferta","datePublished":"2026-02-13T17:15:00+00:00","dateModified":"2026-02-13T17:15:04+00:00","mainEntityOfPage":{"@id":"https:\/\/crecerencarrera.com\/2e8e7593-ef38-4ce2-a7c2-3939b57536d1\/"},"wordCount":455,"commentCount":0,"publisher":{"@id":"https:\/\/crecerencarrera.com\/#organization"},"articleSection":["Hidden"],"inLanguage":"fr-FR","potentialAction":[{"@type":"CommentAction","name":"Comment","target":["https:\/\/crecerencarrera.com\/2e8e7593-ef38-4ce2-a7c2-3939b57536d1\/#respond"]}]},{"@type":"WebPage","@id":"https:\/\/crecerencarrera.com\/2e8e7593-ef38-4ce2-a7c2-3939b57536d1\/","url":"https:\/\/crecerencarrera.com\/2e8e7593-ef38-4ce2-a7c2-3939b57536d1\/","name":"Necesitamos aut\u00f3nomos trabajo vertical: requisitos y ventajas de la oferta - Crecer en Carrera","isPartOf":{"@id":"https:\/\/crecerencarrera.com\/#website"},"datePublished":"2026-02-13T17:15:00+00:00","dateModified":"2026-02-13T17:15:04+00:00","breadcrumb":{"@id":"https:\/\/crecerencarrera.com\/2e8e7593-ef38-4ce2-a7c2-3939b57536d1\/#breadcrumb"},"inLanguage":"fr-FR","potentialAction":[{"@type":"ReadAction","target":["https:\/\/crecerencarrera.com\/2e8e7593-ef38-4ce2-a7c2-3939b57536d1\/"]}]},{"@type":"BreadcrumbList","@id":"https:\/\/crecerencarrera.com\/2e8e7593-ef38-4ce2-a7c2-3939b57536d1\/#breadcrumb","itemListElement":[{"@type":"ListItem","position":1,"name":"Home","item":"https:\/\/crecerencarrera.com\/"},{"@type":"ListItem","position":2,"name":"Necesitamos aut\u00f3nomos trabajo vertical: requisitos y ventajas de la oferta"}]},{"@type":"WebSite","@id":"https:\/\/crecerencarrera.com\/#website","url":"https:\/\/crecerencarrera.com\/","name":"Crecer en Carrera","description":"","publisher":{"@id":"https:\/\/crecerencarrera.com\/#organization"},"potentialAction":[{"@type":"SearchAction","target":{"@type":"EntryPoint","urlTemplate":"https:\/\/crecerencarrera.com\/?s={search_term_string}"},"query-input":"required name=search_term_string"}],"inLanguage":"fr-FR"},{"@type":"Organization","@id":"https:\/\/crecerencarrera.com\/#organization","name":"Crecer en Carrera","url":"https:\/\/crecerencarrera.com\/","logo":{"@type":"ImageObject","inLanguage":"fr-FR","@id":"https:\/\/crecerencarrera.com\/#\/schema\/logo\/image\/","url":"https:\/\/crecerencarrera.com\/wp-content\/uploads\/sites\/604\/2025\/10\/logo-Crecer-en-carrera.svg","contentUrl":"https:\/\/crecerencarrera.com\/wp-content\/uploads\/sites\/604\/2025\/10\/logo-Crecer-en-carrera.svg","caption":"Crecer en Carrera"},"image":{"@id":"https:\/\/crecerencarrera.com\/#\/schema\/logo\/image\/"}},{"@type":"Person","@id":"https:\/\/crecerencarrera.com\/#\/schema\/person\/d52888235fd6563bd07d97185d6a61e4","name":"Bruno Gianni","image":{"@type":"ImageObject","inLanguage":"fr-FR","@id":"https:\/\/crecerencarrera.com\/#\/schema\/person\/image\/","url":"https:\/\/secure.gravatar.com\/avatar\/0f5d42d7bf77874643c1478932860e3f?s=96&d=mm&r=g","contentUrl":"https:\/\/secure.gravatar.com\/avatar\/0f5d42d7bf77874643c1478932860e3f?s=96&d=mm&r=g","caption":"Bruno Gianni"},"description":"Bruno writes the way he lives, with curiosity, care, and respect for people. He likes to observe, listen, and try to understand what is happening on the other side before putting any words on the page.For him, writing is not about impressing, but about getting closer. It is about turning thoughts into something simple, clear, and real. Every text is an ongoing conversation, created with care and honesty, with the sincere intention of touching someone, somewhere along the way.","url":"https:\/\/crecerencarrera.com\/fr\/author\/bcgianni\/"}]}},"uagb_featured_image_src":{"full":false,"thumbnail":false,"medium":false,"medium_large":false,"large":false,"1536x1536":false,"2048x2048":false,"trp-custom-language-flag":false},"uagb_author_info":{"display_name":"Bruno Gianni","author_link":"https:\/\/crecerencarrera.com\/fr\/author\/bcgianni\/"},"uagb_comment_info":0,"uagb_excerpt":"Oferta de empleo para profesionales aut\u00f3nomos en trabajos verticales. Se requiere IRATA o ANETVA, seguro y alta de aut\u00f3nomo. Buenas condiciones y pago regular.","_links":{"self":[{"href":"https:\/\/crecerencarrera.com\/fr\/wp-json\/wp\/v2\/posts\/3638"}],"collection":[{"href":"https:\/\/crecerencarrera.com\/fr\/wp-json\/wp\/v2\/posts"}],"about":[{"href":"https:\/\/crecerencarrera.com\/fr\/wp-json\/wp\/v2\/types\/post"}],"author":[{"embeddable":true,"href":"https:\/\/crecerencarrera.com\/fr\/wp-json\/wp\/v2\/users\/3"}],"replies":[{"embeddable":true,"href":"https:\/\/crecerencarrera.com\/fr\/wp-json\/wp\/v2\/comments?post=3638"}],"version-history":[{"count":1,"href":"https:\/\/crecerencarrera.com\/fr\/wp-json\/wp\/v2\/posts\/3638\/revisions"}],"predecessor-version":[{"id":3642,"href":"https:\/\/crecerencarrera.com\/fr\/wp-json\/wp\/v2\/posts\/3638\/revisions\/3642"}],"wp:attachment":[{"href":"https:\/\/crecerencarrera.com\/fr\/wp-json\/wp\/v2\/media?parent=3638"}],"wp:term":[{"taxonomy":"category","embeddable":true,"href":"https:\/\/crecerencarrera.com\/fr\/wp-json\/wp\/v2\/categories?post=3638"},{"taxonomy":"post_tag","embeddable":true,"href":"https:\/\/crecerencarrera.com\/fr\/wp-json\/wp\/v2\/tags?post=3638"}],"curies":[{"name":"wp","href":"https:\/\/api.w.org\/{rel}","templated":true}]}}