{"id":3821,"date":"2026-02-14T16:04:00","date_gmt":"2026-02-14T16:04:00","guid":{"rendered":"https:\/\/crecerencarrera.com\/91e4b93c-57b6-4f44-ab9e-0b2696ff351b\/"},"modified":"2026-02-14T16:04:48","modified_gmt":"2026-02-14T16:04:48","slug":"91e4b93c-57b6-4f44-ab9e-0b2696ff351b","status":"publish","type":"post","link":"https:\/\/crecerencarrera.com\/fr\/91e4b93c-57b6-4f44-ab9e-0b2696ff351b\/","title":{"rendered":"Gestionnaire commercial et marketing ONLINE SAP\u00a0: Esp\u00edritu entrepreneur y entorno din\u00e1mico"},"content":{"rendered":"<\/p>\n<\/p>\n<div style=\"background: #ffffff; border-radius: 12px; box-shadow: 0 10px 30px rgba(0, 0, 0, 0.1); width: 100%; max-width: 340px; padding: 25px; transition: transform 0.3s ease-in-out; overflow: visible; display: flex; flex-direction: column; position: relative; border: 1px solid #28a745; margin-top: 70px; margin-bottom: 50px; margin-left: auto; margin-right: auto;\">\n<div style=\"position: absolute; top: -35px; right: 15px; color: #28a745; padding: 5px 10px; border-radius: 6px; font-size: 14px; font-weight: bold; display: flex; align-items: center; z-index: 10;\">Recommand\u00e9 pour toi<\/div>\n<div data-namespace-header=\"\" style=\"\">\n<h3 data-namespace-title=\"\" style=\"color: #333; font-size: 20px; font-weight: bold; text-align: left; margin-right: 50px; min-height: 50px; margin-top: 0px;\">Gestionnaire commercial et marketing ONLINE SAP<\/h3>\n<\/p><\/div>\n<p data-namespace-prompt=\"\" style=\"font-size: 16px; color: #666; margin-bottom: 20px; line-height: 1.5; flex-grow: 1; text-align: left; margin-top: 0px;\">Ce poste vacant recherche des personnes proactives et des entrepreneurs pour la gestion des campagnes de marketing et le d\u00e9veloppement commercial en formation SAP, dans un environnement dynamique. N\u00e9cessite une exp\u00e9rience en mati\u00e8re de ventes et de r\u00e9seaux sociaux.<\/p>\n<p>    <a data-namespace-url=\"\" href=\"https:\/\/crecerencarrera.com\/fr\/redirect\/?https:\/\/www.adzuna.es\/details\/5282113250?utm_campaign=google_jobs_apply&#038;utm_source=google_jobs_apply&#038;utm_medium=organic\" style=\"width: 100%; display: inline-block; color: white; text-decoration: none; border-radius: 6px; font-size: 16px; font-weight: bold; text-align: center; transition: transform 0.3s ease, background 0.3s ease; margin-top: auto;\" data-namespace-id=\"5c0d2565-3ba9-4280-a382-ad2a691e2285\"><br \/>\n        <button style=\"width: 100%; height: 55px; background: #e9e9ed; border: 1px solid black; color: black;\">Inscribirse en oferta<\/button><br \/>\n    <\/a><br \/>\n    <small style=\"margin-top: 10px; color: #777; font-size: 12px; text-align: center; display: block;\">Ser\u00e1s redirigido a otra web<\/small>\n<\/div>\n<p>Le poste de gestionnaire commercial et marketing EN LIGNE pour la consultation et la formation SAP est \u00e0 la t\u00eate de tous ceux qui recherchent un entreprise active et cr\u00e9ative. Ceci peut repr\u00e9senter une opportunit\u00e9 pour acqu\u00e9rir une exp\u00e9rience dans la gestion de campagnes num\u00e9riques, la promotion de cours et le d\u00e9veloppement de n\u00e9gociations associ\u00e9es au secteur SAP.<\/p>\n<p>Il n&#039;est pas sp\u00e9cifi\u00e9 de salaire, mais le r\u00f4le est celui d&#039;offrir des conditions int\u00e9ressantes selon le rendu et l&#039;exp\u00e9rience acquise. Le type de journ\u00e9e et les d\u00e9tails suppl\u00e9mentaires peuvent varier selon l&#039;employeur, mais se concentrent particuli\u00e8rement sur les profils dynamiques, avec la capacit\u00e9 de diriger des projets et de trouver de nouvelles opportunit\u00e9s commerciales.<\/p>\n<h2>Responsabilit\u00e9s et t\u00e2ches quotidiennes<\/h2>\n<p>Participez \u00e0 la capture de clients et \u00e0 la gestion de campagnes num\u00e9riques sur les r\u00e9seaux sociaux comme Facebook et Instagram. Nous esp\u00e9rons \u00eatre proactifs dans la g\u00e9n\u00e9ration de leads et dans la poursuite d&#039;opportunit\u00e9s.<\/p>\n<p>Les outils de marketing seront essentiels. Nous proposons des strat\u00e9gies num\u00e9riques et analysons les r\u00e9sultats des campagnes pour optimiser l&#039;opportunit\u00e9 et la conversion.<\/p>\n<p>Collaborez avec des \u00e9quipes distinctes pour concevoir des propositions formatives et ajuster l&#039;offre aux besoins du client. La communication efficace aboutit \u00e0 une cl\u00e9.<\/p>\n<p>En outre, vous devrez suivre les int\u00e9ress\u00e9s, r\u00e9pondre aux consultations et fournir des informations pertinentes sur les services SAP propos\u00e9s.<\/p>\n<p>L&#039;autonomie est un \u00e9l\u00e9ment diff\u00e9renciateur de ce point, car elle exige une initiative pour explorer les objectifs commerciaux d\u00e8s le premier jour.<\/p>\n<h2>Ventes principales du lieu<\/h2>\n<p>Le desarrollo professionnel destaca entre los beneficios: travaillera dans un environnement en constante \u00e9volution et acquerra des comp\u00e9tences num\u00e9riques de haute valeur.<\/p>\n<p>La possibilit\u00e9 de collaborer avec des \u00e9quipes diverses et de participer \u00e0 des campagnes innovantes peut vous apporter une exp\u00e9rience significative pour votre cr\u00e9ation.<\/p>\n<h2>Inconv\u00e9nients \u00e0 consid\u00e9rer<\/h2>\n<p>Le rythme intense et la n\u00e9cessit\u00e9 des r\u00e9sultats peuvent supporter la pression, en particulier dans les premi\u00e8res phases du travail.<\/p>\n<p>L&#039;autonomie exig\u00e9e peut \u00eatre un retour si aucune exp\u00e9rience pr\u00e9alable n&#039;est pos\u00e9e dans la gestion des campagnes commerciales.<\/p>\n<h2>Veredicto<\/h2>\n<p>C&#039;est une option recommand\u00e9e aux personnes initiatrices et aux profils d&#039;entrepreneur qui souhaitent d\u00e9velopper leur carri\u00e8re num\u00e9rique et commerciale dans le domaine \u00e9ducatif et technologique.<\/p>\n<div style=\"background: #ffffff; border-radius: 12px; box-shadow: 0 10px 30px rgba(0, 0, 0, 0.1); width: 100%; max-width: 340px; padding: 25px; transition: transform 0.3s ease-in-out; overflow: visible; display: flex; flex-direction: column; position: relative; border: 1px solid #28a745; margin-top: 70px; margin-bottom: 50px; margin-left: auto; margin-right: auto;\">\n<div style=\"position: absolute; top: -35px; right: 15px; color: #28a745; padding: 5px 10px; border-radius: 6px; font-size: 14px; font-weight: bold; display: flex; align-items: center; z-index: 10;\">Recommand\u00e9 pour toi<\/div>\n<div data-namespace-header=\"\" style=\"\">\n<h3 data-namespace-title=\"\" style=\"color: #333; font-size: 20px; font-weight: bold; text-align: left; margin-right: 50px; min-height: 50px; margin-top: 0px;\">Gestionnaire commercial et marketing ONLINE SAP<\/h3>\n<\/p><\/div>\n<p data-namespace-prompt=\"\" style=\"font-size: 16px; color: #666; margin-bottom: 20px; line-height: 1.5; flex-grow: 1; text-align: left; margin-top: 0px;\">Ce poste vacant recherche des personnes proactives et des entrepreneurs pour la gestion des campagnes de marketing et le d\u00e9veloppement commercial en formation SAP, dans un environnement dynamique. N\u00e9cessite une exp\u00e9rience en mati\u00e8re de ventes et de r\u00e9seaux sociaux.<\/p>\n<p>    <a data-namespace-url=\"\" href=\"https:\/\/crecerencarrera.com\/fr\/redirect\/?https:\/\/www.adzuna.es\/details\/5282113250?utm_campaign=google_jobs_apply&#038;utm_source=google_jobs_apply&#038;utm_medium=organic\" style=\"width: 100%; display: inline-block; color: white; text-decoration: none; border-radius: 6px; font-size: 16px; font-weight: bold; text-align: center; transition: transform 0.3s ease, background 0.3s ease; margin-top: auto;\" data-namespace-id=\"5c0d2565-3ba9-4280-a382-ad2a691e2285\"><br \/>\n        <button style=\"width: 100%; height: 55px; background: #e9e9ed; border: 1px solid black; color: black;\">Inscribirse en oferta<\/button><br \/>\n    <\/a><br \/>\n    <small style=\"margin-top: 10px; color: #777; font-size: 12px; text-align: center; display: block;\">Ser\u00e1s redirigido a otra web<\/small>\n<\/div>","protected":false},"excerpt":{"rendered":"<p>Descubre esta oferta para gestor comercial y marketing ONLINE SAP si eres proactivo, creativo y din\u00e1mico. Grandes oportunidades para crecer en el sector de la consultor\u00eda y formaci\u00f3n.<\/p>","protected":false},"author":3,"featured_media":0,"comment_status":"open","ping_status":"open","sticky":false,"template":"","format":"standard","meta":{"_uag_custom_page_level_css":"","site-sidebar-layout":"default","site-content-layout":"","ast-site-content-layout":"","site-content-style":"default","site-sidebar-style":"default","ast-global-header-display":"","ast-banner-title-visibility":"","ast-main-header-display":"","ast-hfb-above-header-display":"","ast-hfb-below-header-display":"","ast-hfb-mobile-header-display":"","site-post-title":"","ast-breadcrumbs-content":"","ast-featured-img":"","footer-sml-layout":"","theme-transparent-header-meta":"","adv-header-id-meta":"","stick-header-meta":"","header-above-stick-meta":"","header-main-stick-meta":"","header-below-stick-meta":"","astra-migrate-meta-layouts":"default","ast-page-background-enabled":"default","ast-page-background-meta":{"desktop":{"background-color":"var(--ast-global-color-4)","background-image":"","background-repeat":"repeat","background-position":"center center","background-size":"auto","background-attachment":"scroll","background-type":"","background-media":"","overlay-type":"","overlay-color":"","overlay-opacity":"","overlay-gradient":""},"tablet":{"background-color":"","background-image":"","background-repeat":"repeat","background-position":"center center","background-size":"auto","background-attachment":"scroll","background-type":"","background-media":"","overlay-type":"","overlay-color":"","overlay-opacity":"","overlay-gradient":""},"mobile":{"background-color":"","background-image":"","background-repeat":"repeat","background-position":"center center","background-size":"auto","background-attachment":"scroll","background-type":"","background-media":"","overlay-type":"","overlay-color":"","overlay-opacity":"","overlay-gradient":""}},"ast-content-background-meta":{"desktop":{"background-color":"var(--ast-global-color-5)","background-image":"","background-repeat":"repeat","background-position":"center center","background-size":"auto","background-attachment":"scroll","background-type":"","background-media":"","overlay-type":"","overlay-color":"","overlay-opacity":"","overlay-gradient":""},"tablet":{"background-color":"var(--ast-global-color-5)","background-image":"","background-repeat":"repeat","background-position":"center center","background-size":"auto","background-attachment":"scroll","background-type":"","background-media":"","overlay-type":"","overlay-color":"","overlay-opacity":"","overlay-gradient":""},"mobile":{"background-color":"var(--ast-global-color-5)","background-image":"","background-repeat":"repeat","background-position":"center center","background-size":"auto","background-attachment":"scroll","background-type":"","background-media":"","overlay-type":"","overlay-color":"","overlay-opacity":"","overlay-gradient":""}},"footnotes":""},"categories":[10],"tags":[],"yoast_head":"<!-- This site is optimized with the Yoast SEO plugin v23.3 - https:\/\/yoast.com\/wordpress\/plugins\/seo\/ -->\n<title>Gestor comercial y marketing ONLINE SAP: Esp\u00edritu emprendedor y entorno din\u00e1mico - Crecer en Carrera<\/title>\n<meta name=\"robots\" content=\"index, follow, max-snippet:-1, max-image-preview:large, max-video-preview:-1\" \/>\n<link rel=\"canonical\" href=\"https:\/\/crecerencarrera.com\/fr\/91e4b93c-57b6-4f44-ab9e-0b2696ff351b\/\" \/>\n<meta property=\"og:locale\" content=\"fr_FR\" \/>\n<meta property=\"og:type\" content=\"article\" \/>\n<meta property=\"og:title\" content=\"Gestor comercial y marketing ONLINE SAP: Esp\u00edritu emprendedor y entorno din\u00e1mico - Crecer en Carrera\" \/>\n<meta property=\"og:description\" content=\"Descubre esta oferta para gestor comercial y marketing ONLINE SAP si eres proactivo, creativo y din\u00e1mico. Grandes oportunidades para crecer en el sector de la consultor\u00eda y formaci\u00f3n.\" \/>\n<meta property=\"og:url\" content=\"https:\/\/crecerencarrera.com\/fr\/91e4b93c-57b6-4f44-ab9e-0b2696ff351b\/\" \/>\n<meta property=\"og:site_name\" content=\"Crecer en Carrera\" \/>\n<meta property=\"article:published_time\" content=\"2026-02-14T16:04:00+00:00\" \/>\n<meta property=\"article:modified_time\" content=\"2026-02-14T16:04:48+00:00\" \/>\n<meta name=\"author\" content=\"Bruno Gianni\" \/>\n<meta name=\"twitter:card\" content=\"summary_large_image\" \/>\n<meta name=\"twitter:label1\" content=\"Written by\" \/>\n\t<meta name=\"twitter:data1\" content=\"Bruno Gianni\" \/>\n\t<meta name=\"twitter:label2\" content=\"Est. reading time\" \/>\n\t<meta name=\"twitter:data2\" content=\"2 minutes\" \/>\n<script type=\"application\/ld+json\" class=\"yoast-schema-graph\">{\"@context\":\"https:\/\/schema.org\",\"@graph\":[{\"@type\":\"Article\",\"@id\":\"https:\/\/crecerencarrera.com\/91e4b93c-57b6-4f44-ab9e-0b2696ff351b\/#article\",\"isPartOf\":{\"@id\":\"https:\/\/crecerencarrera.com\/91e4b93c-57b6-4f44-ab9e-0b2696ff351b\/\"},\"author\":{\"name\":\"Bruno Gianni\",\"@id\":\"https:\/\/crecerencarrera.com\/#\/schema\/person\/d52888235fd6563bd07d97185d6a61e4\"},\"headline\":\"Gestor comercial y marketing ONLINE SAP: Esp\u00edritu emprendedor y entorno din\u00e1mico\",\"datePublished\":\"2026-02-14T16:04:00+00:00\",\"dateModified\":\"2026-02-14T16:04:48+00:00\",\"mainEntityOfPage\":{\"@id\":\"https:\/\/crecerencarrera.com\/91e4b93c-57b6-4f44-ab9e-0b2696ff351b\/\"},\"wordCount\":479,\"commentCount\":0,\"publisher\":{\"@id\":\"https:\/\/crecerencarrera.com\/#organization\"},\"articleSection\":[\"Hidden\"],\"inLanguage\":\"fr-FR\",\"potentialAction\":[{\"@type\":\"CommentAction\",\"name\":\"Comment\",\"target\":[\"https:\/\/crecerencarrera.com\/91e4b93c-57b6-4f44-ab9e-0b2696ff351b\/#respond\"]}]},{\"@type\":\"WebPage\",\"@id\":\"https:\/\/crecerencarrera.com\/91e4b93c-57b6-4f44-ab9e-0b2696ff351b\/\",\"url\":\"https:\/\/crecerencarrera.com\/91e4b93c-57b6-4f44-ab9e-0b2696ff351b\/\",\"name\":\"Gestor comercial y marketing ONLINE SAP: Esp\u00edritu emprendedor y entorno din\u00e1mico - Crecer en Carrera\",\"isPartOf\":{\"@id\":\"https:\/\/crecerencarrera.com\/#website\"},\"datePublished\":\"2026-02-14T16:04:00+00:00\",\"dateModified\":\"2026-02-14T16:04:48+00:00\",\"breadcrumb\":{\"@id\":\"https:\/\/crecerencarrera.com\/91e4b93c-57b6-4f44-ab9e-0b2696ff351b\/#breadcrumb\"},\"inLanguage\":\"fr-FR\",\"potentialAction\":[{\"@type\":\"ReadAction\",\"target\":[\"https:\/\/crecerencarrera.com\/91e4b93c-57b6-4f44-ab9e-0b2696ff351b\/\"]}]},{\"@type\":\"BreadcrumbList\",\"@id\":\"https:\/\/crecerencarrera.com\/91e4b93c-57b6-4f44-ab9e-0b2696ff351b\/#breadcrumb\",\"itemListElement\":[{\"@type\":\"ListItem\",\"position\":1,\"name\":\"Home\",\"item\":\"https:\/\/crecerencarrera.com\/\"},{\"@type\":\"ListItem\",\"position\":2,\"name\":\"Gestor comercial y marketing ONLINE SAP: Esp\u00edritu emprendedor y entorno din\u00e1mico\"}]},{\"@type\":\"WebSite\",\"@id\":\"https:\/\/crecerencarrera.com\/#website\",\"url\":\"https:\/\/crecerencarrera.com\/\",\"name\":\"Crecer en Carrera\",\"description\":\"\",\"publisher\":{\"@id\":\"https:\/\/crecerencarrera.com\/#organization\"},\"potentialAction\":[{\"@type\":\"SearchAction\",\"target\":{\"@type\":\"EntryPoint\",\"urlTemplate\":\"https:\/\/crecerencarrera.com\/?s={search_term_string}\"},\"query-input\":\"required name=search_term_string\"}],\"inLanguage\":\"fr-FR\"},{\"@type\":\"Organization\",\"@id\":\"https:\/\/crecerencarrera.com\/#organization\",\"name\":\"Crecer en Carrera\",\"url\":\"https:\/\/crecerencarrera.com\/\",\"logo\":{\"@type\":\"ImageObject\",\"inLanguage\":\"fr-FR\",\"@id\":\"https:\/\/crecerencarrera.com\/#\/schema\/logo\/image\/\",\"url\":\"https:\/\/crecerencarrera.com\/wp-content\/uploads\/sites\/604\/2025\/10\/logo-Crecer-en-carrera.svg\",\"contentUrl\":\"https:\/\/crecerencarrera.com\/wp-content\/uploads\/sites\/604\/2025\/10\/logo-Crecer-en-carrera.svg\",\"caption\":\"Crecer en Carrera\"},\"image\":{\"@id\":\"https:\/\/crecerencarrera.com\/#\/schema\/logo\/image\/\"}},{\"@type\":\"Person\",\"@id\":\"https:\/\/crecerencarrera.com\/#\/schema\/person\/d52888235fd6563bd07d97185d6a61e4\",\"name\":\"Bruno Gianni\",\"image\":{\"@type\":\"ImageObject\",\"inLanguage\":\"fr-FR\",\"@id\":\"https:\/\/crecerencarrera.com\/#\/schema\/person\/image\/\",\"url\":\"https:\/\/secure.gravatar.com\/avatar\/0f5d42d7bf77874643c1478932860e3f?s=96&d=mm&r=g\",\"contentUrl\":\"https:\/\/secure.gravatar.com\/avatar\/0f5d42d7bf77874643c1478932860e3f?s=96&d=mm&r=g\",\"caption\":\"Bruno Gianni\"},\"description\":\"Bruno writes the way he lives, with curiosity, care, and respect for people. He likes to observe, listen, and try to understand what is happening on the other side before putting any words on the page.For him, writing is not about impressing, but about getting closer. It is about turning thoughts into something simple, clear, and real. Every text is an ongoing conversation, created with care and honesty, with the sincere intention of touching someone, somewhere along the way.\",\"url\":\"https:\/\/crecerencarrera.com\/fr\/author\/bcgianni\/\"}]}<\/script>\n<!-- \/ Yoast SEO plugin. -->","yoast_head_json":{"title":"Gestor comercial y marketing ONLINE SAP: Esp\u00edritu emprendedor y entorno din\u00e1mico - Crecer en Carrera","robots":{"index":"index","follow":"follow","max-snippet":"max-snippet:-1","max-image-preview":"max-image-preview:large","max-video-preview":"max-video-preview:-1"},"canonical":"https:\/\/crecerencarrera.com\/fr\/91e4b93c-57b6-4f44-ab9e-0b2696ff351b\/","og_locale":"fr_FR","og_type":"article","og_title":"Gestor comercial y marketing ONLINE SAP: Esp\u00edritu emprendedor y entorno din\u00e1mico - Crecer en Carrera","og_description":"Descubre esta oferta para gestor comercial y marketing ONLINE SAP si eres proactivo, creativo y din\u00e1mico. Grandes oportunidades para crecer en el sector de la consultor\u00eda y formaci\u00f3n.","og_url":"https:\/\/crecerencarrera.com\/fr\/91e4b93c-57b6-4f44-ab9e-0b2696ff351b\/","og_site_name":"Crecer en Carrera","article_published_time":"2026-02-14T16:04:00+00:00","article_modified_time":"2026-02-14T16:04:48+00:00","author":"Bruno Gianni","twitter_card":"summary_large_image","twitter_misc":{"Written by":"Bruno Gianni","Est. reading time":"2 minutes"},"schema":{"@context":"https:\/\/schema.org","@graph":[{"@type":"Article","@id":"https:\/\/crecerencarrera.com\/91e4b93c-57b6-4f44-ab9e-0b2696ff351b\/#article","isPartOf":{"@id":"https:\/\/crecerencarrera.com\/91e4b93c-57b6-4f44-ab9e-0b2696ff351b\/"},"author":{"name":"Bruno Gianni","@id":"https:\/\/crecerencarrera.com\/#\/schema\/person\/d52888235fd6563bd07d97185d6a61e4"},"headline":"Gestor comercial y marketing ONLINE SAP: Esp\u00edritu emprendedor y entorno din\u00e1mico","datePublished":"2026-02-14T16:04:00+00:00","dateModified":"2026-02-14T16:04:48+00:00","mainEntityOfPage":{"@id":"https:\/\/crecerencarrera.com\/91e4b93c-57b6-4f44-ab9e-0b2696ff351b\/"},"wordCount":479,"commentCount":0,"publisher":{"@id":"https:\/\/crecerencarrera.com\/#organization"},"articleSection":["Hidden"],"inLanguage":"fr-FR","potentialAction":[{"@type":"CommentAction","name":"Comment","target":["https:\/\/crecerencarrera.com\/91e4b93c-57b6-4f44-ab9e-0b2696ff351b\/#respond"]}]},{"@type":"WebPage","@id":"https:\/\/crecerencarrera.com\/91e4b93c-57b6-4f44-ab9e-0b2696ff351b\/","url":"https:\/\/crecerencarrera.com\/91e4b93c-57b6-4f44-ab9e-0b2696ff351b\/","name":"Gestor comercial y marketing ONLINE SAP: Esp\u00edritu emprendedor y entorno din\u00e1mico - Crecer en Carrera","isPartOf":{"@id":"https:\/\/crecerencarrera.com\/#website"},"datePublished":"2026-02-14T16:04:00+00:00","dateModified":"2026-02-14T16:04:48+00:00","breadcrumb":{"@id":"https:\/\/crecerencarrera.com\/91e4b93c-57b6-4f44-ab9e-0b2696ff351b\/#breadcrumb"},"inLanguage":"fr-FR","potentialAction":[{"@type":"ReadAction","target":["https:\/\/crecerencarrera.com\/91e4b93c-57b6-4f44-ab9e-0b2696ff351b\/"]}]},{"@type":"BreadcrumbList","@id":"https:\/\/crecerencarrera.com\/91e4b93c-57b6-4f44-ab9e-0b2696ff351b\/#breadcrumb","itemListElement":[{"@type":"ListItem","position":1,"name":"Home","item":"https:\/\/crecerencarrera.com\/"},{"@type":"ListItem","position":2,"name":"Gestor comercial y marketing ONLINE SAP: Esp\u00edritu emprendedor y entorno din\u00e1mico"}]},{"@type":"WebSite","@id":"https:\/\/crecerencarrera.com\/#website","url":"https:\/\/crecerencarrera.com\/","name":"Crecer en Carrera","description":"","publisher":{"@id":"https:\/\/crecerencarrera.com\/#organization"},"potentialAction":[{"@type":"SearchAction","target":{"@type":"EntryPoint","urlTemplate":"https:\/\/crecerencarrera.com\/?s={search_term_string}"},"query-input":"required name=search_term_string"}],"inLanguage":"fr-FR"},{"@type":"Organization","@id":"https:\/\/crecerencarrera.com\/#organization","name":"Crecer en Carrera","url":"https:\/\/crecerencarrera.com\/","logo":{"@type":"ImageObject","inLanguage":"fr-FR","@id":"https:\/\/crecerencarrera.com\/#\/schema\/logo\/image\/","url":"https:\/\/crecerencarrera.com\/wp-content\/uploads\/sites\/604\/2025\/10\/logo-Crecer-en-carrera.svg","contentUrl":"https:\/\/crecerencarrera.com\/wp-content\/uploads\/sites\/604\/2025\/10\/logo-Crecer-en-carrera.svg","caption":"Crecer en Carrera"},"image":{"@id":"https:\/\/crecerencarrera.com\/#\/schema\/logo\/image\/"}},{"@type":"Person","@id":"https:\/\/crecerencarrera.com\/#\/schema\/person\/d52888235fd6563bd07d97185d6a61e4","name":"Bruno Gianni","image":{"@type":"ImageObject","inLanguage":"fr-FR","@id":"https:\/\/crecerencarrera.com\/#\/schema\/person\/image\/","url":"https:\/\/secure.gravatar.com\/avatar\/0f5d42d7bf77874643c1478932860e3f?s=96&d=mm&r=g","contentUrl":"https:\/\/secure.gravatar.com\/avatar\/0f5d42d7bf77874643c1478932860e3f?s=96&d=mm&r=g","caption":"Bruno Gianni"},"description":"Bruno writes the way he lives, with curiosity, care, and respect for people. He likes to observe, listen, and try to understand what is happening on the other side before putting any words on the page.For him, writing is not about impressing, but about getting closer. It is about turning thoughts into something simple, clear, and real. Every text is an ongoing conversation, created with care and honesty, with the sincere intention of touching someone, somewhere along the way.","url":"https:\/\/crecerencarrera.com\/fr\/author\/bcgianni\/"}]}},"uagb_featured_image_src":{"full":false,"thumbnail":false,"medium":false,"medium_large":false,"large":false,"1536x1536":false,"2048x2048":false,"trp-custom-language-flag":false},"uagb_author_info":{"display_name":"Bruno Gianni","author_link":"https:\/\/crecerencarrera.com\/fr\/author\/bcgianni\/"},"uagb_comment_info":0,"uagb_excerpt":"Descubre esta oferta para gestor comercial y marketing ONLINE SAP si eres proactivo, creativo y din\u00e1mico. Grandes oportunidades para crecer en el sector de la consultor\u00eda y formaci\u00f3n.","_links":{"self":[{"href":"https:\/\/crecerencarrera.com\/fr\/wp-json\/wp\/v2\/posts\/3821"}],"collection":[{"href":"https:\/\/crecerencarrera.com\/fr\/wp-json\/wp\/v2\/posts"}],"about":[{"href":"https:\/\/crecerencarrera.com\/fr\/wp-json\/wp\/v2\/types\/post"}],"author":[{"embeddable":true,"href":"https:\/\/crecerencarrera.com\/fr\/wp-json\/wp\/v2\/users\/3"}],"replies":[{"embeddable":true,"href":"https:\/\/crecerencarrera.com\/fr\/wp-json\/wp\/v2\/comments?post=3821"}],"version-history":[{"count":1,"href":"https:\/\/crecerencarrera.com\/fr\/wp-json\/wp\/v2\/posts\/3821\/revisions"}],"predecessor-version":[{"id":3849,"href":"https:\/\/crecerencarrera.com\/fr\/wp-json\/wp\/v2\/posts\/3821\/revisions\/3849"}],"wp:attachment":[{"href":"https:\/\/crecerencarrera.com\/fr\/wp-json\/wp\/v2\/media?parent=3821"}],"wp:term":[{"taxonomy":"category","embeddable":true,"href":"https:\/\/crecerencarrera.com\/fr\/wp-json\/wp\/v2\/categories?post=3821"},{"taxonomy":"post_tag","embeddable":true,"href":"https:\/\/crecerencarrera.com\/fr\/wp-json\/wp\/v2\/tags?post=3821"}],"curies":[{"name":"wp","href":"https:\/\/api.w.org\/{rel}","templated":true}]}}