{"id":4051,"date":"2026-02-15T09:35:00","date_gmt":"2026-02-15T09:35:00","guid":{"rendered":"https:\/\/crecerencarrera.com\/6361d142-83ac-4190-9a43-44ad95814b2b\/"},"modified":"2026-02-15T09:35:01","modified_gmt":"2026-02-15T09:35:01","slug":"6361d142-83ac-4190-9a43-44ad95814b2b","status":"publish","type":"post","link":"https:\/\/crecerencarrera.com\/fr\/6361d142-83ac-4190-9a43-44ad95814b2b\/","title":{"rendered":"Generalista de Recursos Humanos: Flexibilit\u00e9 et croissance dans le secteur"},"content":{"rendered":"<\/p>\n<\/p>\n<div style=\"background: #ffffff; border-radius: 12px; box-shadow: 0 10px 30px rgba(0, 0, 0, 0.1); width: 100%; max-width: 340px; padding: 25px; transition: transform 0.3s ease-in-out; overflow: visible; display: flex; flex-direction: column; position: relative; border: 1px solid #28a745; margin-top: 70px; margin-bottom: 50px; margin-left: auto; margin-right: auto;\">\n<div style=\"position: absolute; top: -35px; right: 15px; color: #28a745; padding: 5px 10px; border-radius: 6px; font-size: 14px; font-weight: bold; display: flex; align-items: center; z-index: 10;\">Recommand\u00e9 pour toi<\/div>\n<div data-namespace-header=\"\" style=\"\">\n<h3 data-namespace-title=\"\" style=\"color: #333; font-size: 20px; font-weight: bold; text-align: left; margin-right: 50px; min-height: 50px; margin-top: 0px;\">G\u00e9n\u00e9raliste des ressources humaines<\/h3>\n<\/p><\/div>\n<p data-namespace-prompt=\"\" style=\"font-size: 16px; color: #666; margin-bottom: 20px; line-height: 1.5; flex-grow: 1; text-align: left; margin-top: 0px;\">Gestion des processus pour un groupe d&#039;employ\u00e9s, b\u00e9n\u00e9ficiant d&#039;une flexibilit\u00e9 \u00e0 distance et d&#039;un environnement orient\u00e9 vers la croissance professionnelle. Il n\u00e9cessite une exp\u00e9rience et des capacit\u00e9s analytiques.<\/p>\n<p>    <a data-namespace-url=\"\" href=\"https:\/\/crecerencarrera.com\/fr\/redirect\/?https:\/\/es.whatjobs.com\/crecimiento-profesional-jobs?id=297548041&#038;utm_campaign=google_jobs_apply&#038;utm_source=google_jobs_apply&#038;utm_medium=organic\" style=\"width: 100%; display: inline-block; color: white; text-decoration: none; border-radius: 6px; font-size: 16px; font-weight: bold; text-align: center; transition: transform 0.3s ease, background 0.3s ease; margin-top: auto;\" data-namespace-id=\"5c0d2565-3ba9-4280-a382-ad2a691e2285\"><br \/>\n        <button style=\"width: 100%; height: 55px; background: #e9e9ed; border: 1px solid black; color: black;\">Apuntarse a empleo<\/button><br \/>\n    <\/a><br \/>\n    <small style=\"margin-top: 10px; color: #777; font-size: 12px; text-align: center; display: block;\">Ser\u00e1s redirigido a otra web<\/small>\n<\/div>\n<p><!-- Introducci\u00f3n de la oferta --><\/p>\n<p>Cette offre de g\u00e9n\u00e9raliste en ressources humaines surgit dans une entreprise en expansion. Vous offrez un salaire comp\u00e9titif, une modalit\u00e9 \u00e0 temps plein et la possibilit\u00e9 de travailler avec une grande flexibilit\u00e9 \u00e0 distance.<\/p>\n<p>Le poste est particuli\u00e8rement orient\u00e9 vers les professionnels ayant entre 3 et 5 ans d&#039;exp\u00e9rience dans le secteur, connaissant solidement la l\u00e9gislation du travail et la ma\u00eetrise des outils SIRH et ofim\u00e1tica.<\/p>\n<p>L&#039;opportunit\u00e9 est id\u00e9ale pour ceux qui peuvent avoir un impact sur le d\u00e9veloppement des talents humains et participer activement \u00e0 la gestion strat\u00e9gique des personnes.<\/p>\n<h3>Fonctions et jours \u00e0 la journ\u00e9e sur le lieu<\/h3>\n<p>Les t\u00e2ches principales incluent la gestion du cycle complet de l&#039;employ\u00e9, \u00e0 partir du recrutement jusqu&#039;\u00e0 la sortie, en assurant l&#039;int\u00e9gration comme le d\u00e9veloppement professionnel du personnel.<\/p>\n<p>Il g\u00e8re \u00e9galement les programmes de compensation, les b\u00e9n\u00e9fices et l&#039;administration politique interne en ligne avec la strat\u00e9gie de l&#039;entreprise.<\/p>\n<p>Il peut impliquer de coordonner les \u00e9valuations des employ\u00e9s, d&#039;organiser les formations et de servir d&#039;agent aux managers en mati\u00e8re de questions de personnes.<\/p>\n<p>D&#039;autres fonctions incluent la gestion actualis\u00e9e de la base des employ\u00e9s, la r\u00e9solution des conflits et la contribution \u00e0 la culture organisationnelle.<\/p>\n<p>La flexibilit\u00e9 \u00e0 distance vous permet d&#039;\u00e9quilibrer la vie de travail avec la vie personnelle, en gardant au m\u00eame moment une communication efficace avec tout l&#039;\u00e9quipement.<\/p>\n<h3>Ventajas del puesto<\/h3>\n<p>Le principal avantage est la flexibilit\u00e9 \u00e0 distance, qui facilite la conciliation entre la vie professionnelle et personnelle et favorise l&#039;autonomie.<\/p>\n<p>L&#039;entreprise a impuls\u00e9 le d\u00e9veloppement professionnel \u00e0 travers des capacit\u00e9s et des retours continus, permettant un accroissement r\u00e9el dans le domaine des ressources humaines.<\/p>\n<h3>Aspectos a considerar<\/h3>\n<p>Parmi les \u00e9ventuels inconv\u00e9nients se trouvent les exigences d\u2019autogestion et d\u2019organisation, il faut des contrats avec une grande flexibilit\u00e9.<\/p>\n<p>Le pouvoir peut \u00eatre difficile en raison de la diversit\u00e9 des fonctions et de la dynamique naturelle de l&#039;\u00e9quipement, ce qui n\u00e9cessite une adaptation constante aux changements.<\/p>\n<h3>Veredicto final<\/h3>\n<p>Cet emploi est destin\u00e9 \u00e0 votre potentiel de d\u00e9veloppement et d\u2019autonomie. C&#039;est une option particuli\u00e8rement recommandable pour les professionnels ayant une vision et une passion pour le capital humain.<\/p>\n<p>Si vous cherchez de nouveaux revenus et une ambiance flexible, ce poste vacant peut \u00eatre le pas id\u00e9al pour votre progression professionnelle dans le domaine.<\/p>\n<div style=\"background: #ffffff; border-radius: 12px; box-shadow: 0 10px 30px rgba(0, 0, 0, 0.1); width: 100%; max-width: 340px; padding: 25px; transition: transform 0.3s ease-in-out; overflow: visible; display: flex; flex-direction: column; position: relative; border: 1px solid #28a745; margin-top: 70px; margin-bottom: 50px; margin-left: auto; margin-right: auto;\">\n<div style=\"position: absolute; top: -35px; right: 15px; color: #28a745; padding: 5px 10px; border-radius: 6px; font-size: 14px; font-weight: bold; display: flex; align-items: center; z-index: 10;\">Recommand\u00e9 pour toi<\/div>\n<div data-namespace-header=\"\" style=\"\">\n<h3 data-namespace-title=\"\" style=\"color: #333; font-size: 20px; font-weight: bold; text-align: left; margin-right: 50px; min-height: 50px; margin-top: 0px;\">G\u00e9n\u00e9raliste des ressources humaines<\/h3>\n<\/p><\/div>\n<p data-namespace-prompt=\"\" style=\"font-size: 16px; color: #666; margin-bottom: 20px; line-height: 1.5; flex-grow: 1; text-align: left; margin-top: 0px;\">Gestion des processus pour un groupe d&#039;employ\u00e9s, b\u00e9n\u00e9ficiant d&#039;une flexibilit\u00e9 \u00e0 distance et d&#039;un environnement orient\u00e9 vers la croissance professionnelle. Il n\u00e9cessite une exp\u00e9rience et des capacit\u00e9s analytiques.<\/p>\n<p>    <a data-namespace-url=\"\" href=\"https:\/\/crecerencarrera.com\/fr\/redirect\/?https:\/\/es.whatjobs.com\/crecimiento-profesional-jobs?id=297548041&#038;utm_campaign=google_jobs_apply&#038;utm_source=google_jobs_apply&#038;utm_medium=organic\" style=\"width: 100%; display: inline-block; color: white; text-decoration: none; border-radius: 6px; font-size: 16px; font-weight: bold; text-align: center; transition: transform 0.3s ease, background 0.3s ease; margin-top: auto;\" data-namespace-id=\"5c0d2565-3ba9-4280-a382-ad2a691e2285\"><br \/>\n        <button style=\"width: 100%; height: 55px; background: #e9e9ed; border: 1px solid black; color: black;\">Apuntarse a empleo<\/button><br \/>\n    <\/a><br \/>\n    <small style=\"margin-top: 10px; color: #777; font-size: 12px; text-align: center; display: block;\">Ser\u00e1s redirigido a otra web<\/small>\n<\/div>","protected":false},"excerpt":{"rendered":"<p>Oferta para Generalista de Recursos Humanos con salario competitivo, jornada completa y flexibilidad remota. Oportunidad ideal para crecer y trabajar en un equipo din\u00e1mico.<\/p>","protected":false},"author":3,"featured_media":0,"comment_status":"open","ping_status":"open","sticky":false,"template":"","format":"standard","meta":{"_uag_custom_page_level_css":"","site-sidebar-layout":"default","site-content-layout":"","ast-site-content-layout":"","site-content-style":"default","site-sidebar-style":"default","ast-global-header-display":"","ast-banner-title-visibility":"","ast-main-header-display":"","ast-hfb-above-header-display":"","ast-hfb-below-header-display":"","ast-hfb-mobile-header-display":"","site-post-title":"","ast-breadcrumbs-content":"","ast-featured-img":"","footer-sml-layout":"","theme-transparent-header-meta":"","adv-header-id-meta":"","stick-header-meta":"","header-above-stick-meta":"","header-main-stick-meta":"","header-below-stick-meta":"","astra-migrate-meta-layouts":"default","ast-page-background-enabled":"default","ast-page-background-meta":{"desktop":{"background-color":"var(--ast-global-color-4)","background-image":"","background-repeat":"repeat","background-position":"center center","background-size":"auto","background-attachment":"scroll","background-type":"","background-media":"","overlay-type":"","overlay-color":"","overlay-opacity":"","overlay-gradient":""},"tablet":{"background-color":"","background-image":"","background-repeat":"repeat","background-position":"center center","background-size":"auto","background-attachment":"scroll","background-type":"","background-media":"","overlay-type":"","overlay-color":"","overlay-opacity":"","overlay-gradient":""},"mobile":{"background-color":"","background-image":"","background-repeat":"repeat","background-position":"center center","background-size":"auto","background-attachment":"scroll","background-type":"","background-media":"","overlay-type":"","overlay-color":"","overlay-opacity":"","overlay-gradient":""}},"ast-content-background-meta":{"desktop":{"background-color":"var(--ast-global-color-5)","background-image":"","background-repeat":"repeat","background-position":"center center","background-size":"auto","background-attachment":"scroll","background-type":"","background-media":"","overlay-type":"","overlay-color":"","overlay-opacity":"","overlay-gradient":""},"tablet":{"background-color":"var(--ast-global-color-5)","background-image":"","background-repeat":"repeat","background-position":"center center","background-size":"auto","background-attachment":"scroll","background-type":"","background-media":"","overlay-type":"","overlay-color":"","overlay-opacity":"","overlay-gradient":""},"mobile":{"background-color":"var(--ast-global-color-5)","background-image":"","background-repeat":"repeat","background-position":"center center","background-size":"auto","background-attachment":"scroll","background-type":"","background-media":"","overlay-type":"","overlay-color":"","overlay-opacity":"","overlay-gradient":""}},"footnotes":""},"categories":[10],"tags":[],"yoast_head":"<!-- This site is optimized with the Yoast SEO plugin v23.3 - https:\/\/yoast.com\/wordpress\/plugins\/seo\/ -->\n<title>Generalista de Recursos Humanos: Flexibilidad y crecimiento en el sector - Crecer en Carrera<\/title>\n<meta name=\"robots\" content=\"index, follow, max-snippet:-1, max-image-preview:large, max-video-preview:-1\" \/>\n<link rel=\"canonical\" href=\"https:\/\/crecerencarrera.com\/fr\/6361d142-83ac-4190-9a43-44ad95814b2b\/\" \/>\n<meta property=\"og:locale\" content=\"fr_FR\" \/>\n<meta property=\"og:type\" content=\"article\" \/>\n<meta property=\"og:title\" content=\"Generalista de Recursos Humanos: Flexibilidad y crecimiento en el sector - Crecer en Carrera\" \/>\n<meta property=\"og:description\" content=\"Oferta para Generalista de Recursos Humanos con salario competitivo, jornada completa y flexibilidad remota. Oportunidad ideal para crecer y trabajar en un equipo din\u00e1mico.\" \/>\n<meta property=\"og:url\" content=\"https:\/\/crecerencarrera.com\/fr\/6361d142-83ac-4190-9a43-44ad95814b2b\/\" \/>\n<meta property=\"og:site_name\" content=\"Crecer en Carrera\" \/>\n<meta property=\"article:published_time\" content=\"2026-02-15T09:35:00+00:00\" \/>\n<meta property=\"article:modified_time\" content=\"2026-02-15T09:35:01+00:00\" \/>\n<meta name=\"author\" content=\"Bruno Gianni\" \/>\n<meta name=\"twitter:card\" content=\"summary_large_image\" \/>\n<meta name=\"twitter:label1\" content=\"Written by\" \/>\n\t<meta name=\"twitter:data1\" content=\"Bruno Gianni\" \/>\n\t<meta name=\"twitter:label2\" content=\"Est. reading time\" \/>\n\t<meta name=\"twitter:data2\" content=\"2 minutes\" \/>\n<script type=\"application\/ld+json\" class=\"yoast-schema-graph\">{\"@context\":\"https:\/\/schema.org\",\"@graph\":[{\"@type\":\"Article\",\"@id\":\"https:\/\/crecerencarrera.com\/6361d142-83ac-4190-9a43-44ad95814b2b\/#article\",\"isPartOf\":{\"@id\":\"https:\/\/crecerencarrera.com\/6361d142-83ac-4190-9a43-44ad95814b2b\/\"},\"author\":{\"name\":\"Bruno Gianni\",\"@id\":\"https:\/\/crecerencarrera.com\/#\/schema\/person\/d52888235fd6563bd07d97185d6a61e4\"},\"headline\":\"Generalista de Recursos Humanos: Flexibilidad y crecimiento en el sector\",\"datePublished\":\"2026-02-15T09:35:00+00:00\",\"dateModified\":\"2026-02-15T09:35:01+00:00\",\"mainEntityOfPage\":{\"@id\":\"https:\/\/crecerencarrera.com\/6361d142-83ac-4190-9a43-44ad95814b2b\/\"},\"wordCount\":458,\"commentCount\":0,\"publisher\":{\"@id\":\"https:\/\/crecerencarrera.com\/#organization\"},\"articleSection\":[\"Hidden\"],\"inLanguage\":\"fr-FR\",\"potentialAction\":[{\"@type\":\"CommentAction\",\"name\":\"Comment\",\"target\":[\"https:\/\/crecerencarrera.com\/6361d142-83ac-4190-9a43-44ad95814b2b\/#respond\"]}]},{\"@type\":\"WebPage\",\"@id\":\"https:\/\/crecerencarrera.com\/6361d142-83ac-4190-9a43-44ad95814b2b\/\",\"url\":\"https:\/\/crecerencarrera.com\/6361d142-83ac-4190-9a43-44ad95814b2b\/\",\"name\":\"Generalista de Recursos Humanos: Flexibilidad y crecimiento en el sector - Crecer en Carrera\",\"isPartOf\":{\"@id\":\"https:\/\/crecerencarrera.com\/#website\"},\"datePublished\":\"2026-02-15T09:35:00+00:00\",\"dateModified\":\"2026-02-15T09:35:01+00:00\",\"breadcrumb\":{\"@id\":\"https:\/\/crecerencarrera.com\/6361d142-83ac-4190-9a43-44ad95814b2b\/#breadcrumb\"},\"inLanguage\":\"fr-FR\",\"potentialAction\":[{\"@type\":\"ReadAction\",\"target\":[\"https:\/\/crecerencarrera.com\/6361d142-83ac-4190-9a43-44ad95814b2b\/\"]}]},{\"@type\":\"BreadcrumbList\",\"@id\":\"https:\/\/crecerencarrera.com\/6361d142-83ac-4190-9a43-44ad95814b2b\/#breadcrumb\",\"itemListElement\":[{\"@type\":\"ListItem\",\"position\":1,\"name\":\"Home\",\"item\":\"https:\/\/crecerencarrera.com\/\"},{\"@type\":\"ListItem\",\"position\":2,\"name\":\"Generalista de Recursos Humanos: Flexibilidad y crecimiento en el sector\"}]},{\"@type\":\"WebSite\",\"@id\":\"https:\/\/crecerencarrera.com\/#website\",\"url\":\"https:\/\/crecerencarrera.com\/\",\"name\":\"Crecer en Carrera\",\"description\":\"\",\"publisher\":{\"@id\":\"https:\/\/crecerencarrera.com\/#organization\"},\"potentialAction\":[{\"@type\":\"SearchAction\",\"target\":{\"@type\":\"EntryPoint\",\"urlTemplate\":\"https:\/\/crecerencarrera.com\/?s={search_term_string}\"},\"query-input\":\"required name=search_term_string\"}],\"inLanguage\":\"fr-FR\"},{\"@type\":\"Organization\",\"@id\":\"https:\/\/crecerencarrera.com\/#organization\",\"name\":\"Crecer en Carrera\",\"url\":\"https:\/\/crecerencarrera.com\/\",\"logo\":{\"@type\":\"ImageObject\",\"inLanguage\":\"fr-FR\",\"@id\":\"https:\/\/crecerencarrera.com\/#\/schema\/logo\/image\/\",\"url\":\"https:\/\/crecerencarrera.com\/wp-content\/uploads\/sites\/604\/2025\/10\/logo-Crecer-en-carrera.svg\",\"contentUrl\":\"https:\/\/crecerencarrera.com\/wp-content\/uploads\/sites\/604\/2025\/10\/logo-Crecer-en-carrera.svg\",\"caption\":\"Crecer en Carrera\"},\"image\":{\"@id\":\"https:\/\/crecerencarrera.com\/#\/schema\/logo\/image\/\"}},{\"@type\":\"Person\",\"@id\":\"https:\/\/crecerencarrera.com\/#\/schema\/person\/d52888235fd6563bd07d97185d6a61e4\",\"name\":\"Bruno Gianni\",\"image\":{\"@type\":\"ImageObject\",\"inLanguage\":\"fr-FR\",\"@id\":\"https:\/\/crecerencarrera.com\/#\/schema\/person\/image\/\",\"url\":\"https:\/\/secure.gravatar.com\/avatar\/0f5d42d7bf77874643c1478932860e3f?s=96&d=mm&r=g\",\"contentUrl\":\"https:\/\/secure.gravatar.com\/avatar\/0f5d42d7bf77874643c1478932860e3f?s=96&d=mm&r=g\",\"caption\":\"Bruno Gianni\"},\"description\":\"Bruno writes the way he lives, with curiosity, care, and respect for people. He likes to observe, listen, and try to understand what is happening on the other side before putting any words on the page.For him, writing is not about impressing, but about getting closer. It is about turning thoughts into something simple, clear, and real. Every text is an ongoing conversation, created with care and honesty, with the sincere intention of touching someone, somewhere along the way.\",\"url\":\"https:\/\/crecerencarrera.com\/fr\/author\/bcgianni\/\"}]}<\/script>\n<!-- \/ Yoast SEO plugin. -->","yoast_head_json":{"title":"Generalista de Recursos Humanos: Flexibilidad y crecimiento en el sector - Crecer en Carrera","robots":{"index":"index","follow":"follow","max-snippet":"max-snippet:-1","max-image-preview":"max-image-preview:large","max-video-preview":"max-video-preview:-1"},"canonical":"https:\/\/crecerencarrera.com\/fr\/6361d142-83ac-4190-9a43-44ad95814b2b\/","og_locale":"fr_FR","og_type":"article","og_title":"Generalista de Recursos Humanos: Flexibilidad y crecimiento en el sector - Crecer en Carrera","og_description":"Oferta para Generalista de Recursos Humanos con salario competitivo, jornada completa y flexibilidad remota. Oportunidad ideal para crecer y trabajar en un equipo din\u00e1mico.","og_url":"https:\/\/crecerencarrera.com\/fr\/6361d142-83ac-4190-9a43-44ad95814b2b\/","og_site_name":"Crecer en Carrera","article_published_time":"2026-02-15T09:35:00+00:00","article_modified_time":"2026-02-15T09:35:01+00:00","author":"Bruno Gianni","twitter_card":"summary_large_image","twitter_misc":{"Written by":"Bruno Gianni","Est. reading time":"2 minutes"},"schema":{"@context":"https:\/\/schema.org","@graph":[{"@type":"Article","@id":"https:\/\/crecerencarrera.com\/6361d142-83ac-4190-9a43-44ad95814b2b\/#article","isPartOf":{"@id":"https:\/\/crecerencarrera.com\/6361d142-83ac-4190-9a43-44ad95814b2b\/"},"author":{"name":"Bruno Gianni","@id":"https:\/\/crecerencarrera.com\/#\/schema\/person\/d52888235fd6563bd07d97185d6a61e4"},"headline":"Generalista de Recursos Humanos: Flexibilidad y crecimiento en el sector","datePublished":"2026-02-15T09:35:00+00:00","dateModified":"2026-02-15T09:35:01+00:00","mainEntityOfPage":{"@id":"https:\/\/crecerencarrera.com\/6361d142-83ac-4190-9a43-44ad95814b2b\/"},"wordCount":458,"commentCount":0,"publisher":{"@id":"https:\/\/crecerencarrera.com\/#organization"},"articleSection":["Hidden"],"inLanguage":"fr-FR","potentialAction":[{"@type":"CommentAction","name":"Comment","target":["https:\/\/crecerencarrera.com\/6361d142-83ac-4190-9a43-44ad95814b2b\/#respond"]}]},{"@type":"WebPage","@id":"https:\/\/crecerencarrera.com\/6361d142-83ac-4190-9a43-44ad95814b2b\/","url":"https:\/\/crecerencarrera.com\/6361d142-83ac-4190-9a43-44ad95814b2b\/","name":"Generalista de Recursos Humanos: Flexibilidad y crecimiento en el sector - Crecer en Carrera","isPartOf":{"@id":"https:\/\/crecerencarrera.com\/#website"},"datePublished":"2026-02-15T09:35:00+00:00","dateModified":"2026-02-15T09:35:01+00:00","breadcrumb":{"@id":"https:\/\/crecerencarrera.com\/6361d142-83ac-4190-9a43-44ad95814b2b\/#breadcrumb"},"inLanguage":"fr-FR","potentialAction":[{"@type":"ReadAction","target":["https:\/\/crecerencarrera.com\/6361d142-83ac-4190-9a43-44ad95814b2b\/"]}]},{"@type":"BreadcrumbList","@id":"https:\/\/crecerencarrera.com\/6361d142-83ac-4190-9a43-44ad95814b2b\/#breadcrumb","itemListElement":[{"@type":"ListItem","position":1,"name":"Home","item":"https:\/\/crecerencarrera.com\/"},{"@type":"ListItem","position":2,"name":"Generalista de Recursos Humanos: Flexibilidad y crecimiento en el sector"}]},{"@type":"WebSite","@id":"https:\/\/crecerencarrera.com\/#website","url":"https:\/\/crecerencarrera.com\/","name":"Crecer en Carrera","description":"","publisher":{"@id":"https:\/\/crecerencarrera.com\/#organization"},"potentialAction":[{"@type":"SearchAction","target":{"@type":"EntryPoint","urlTemplate":"https:\/\/crecerencarrera.com\/?s={search_term_string}"},"query-input":"required name=search_term_string"}],"inLanguage":"fr-FR"},{"@type":"Organization","@id":"https:\/\/crecerencarrera.com\/#organization","name":"Crecer en Carrera","url":"https:\/\/crecerencarrera.com\/","logo":{"@type":"ImageObject","inLanguage":"fr-FR","@id":"https:\/\/crecerencarrera.com\/#\/schema\/logo\/image\/","url":"https:\/\/crecerencarrera.com\/wp-content\/uploads\/sites\/604\/2025\/10\/logo-Crecer-en-carrera.svg","contentUrl":"https:\/\/crecerencarrera.com\/wp-content\/uploads\/sites\/604\/2025\/10\/logo-Crecer-en-carrera.svg","caption":"Crecer en Carrera"},"image":{"@id":"https:\/\/crecerencarrera.com\/#\/schema\/logo\/image\/"}},{"@type":"Person","@id":"https:\/\/crecerencarrera.com\/#\/schema\/person\/d52888235fd6563bd07d97185d6a61e4","name":"Bruno Gianni","image":{"@type":"ImageObject","inLanguage":"fr-FR","@id":"https:\/\/crecerencarrera.com\/#\/schema\/person\/image\/","url":"https:\/\/secure.gravatar.com\/avatar\/0f5d42d7bf77874643c1478932860e3f?s=96&d=mm&r=g","contentUrl":"https:\/\/secure.gravatar.com\/avatar\/0f5d42d7bf77874643c1478932860e3f?s=96&d=mm&r=g","caption":"Bruno Gianni"},"description":"Bruno writes the way he lives, with curiosity, care, and respect for people. He likes to observe, listen, and try to understand what is happening on the other side before putting any words on the page.For him, writing is not about impressing, but about getting closer. It is about turning thoughts into something simple, clear, and real. Every text is an ongoing conversation, created with care and honesty, with the sincere intention of touching someone, somewhere along the way.","url":"https:\/\/crecerencarrera.com\/fr\/author\/bcgianni\/"}]}},"uagb_featured_image_src":{"full":false,"thumbnail":false,"medium":false,"medium_large":false,"large":false,"1536x1536":false,"2048x2048":false,"trp-custom-language-flag":false},"uagb_author_info":{"display_name":"Bruno Gianni","author_link":"https:\/\/crecerencarrera.com\/fr\/author\/bcgianni\/"},"uagb_comment_info":0,"uagb_excerpt":"Oferta para Generalista de Recursos Humanos con salario competitivo, jornada completa y flexibilidad remota. Oportunidad ideal para crecer y trabajar en un equipo din\u00e1mico.","_links":{"self":[{"href":"https:\/\/crecerencarrera.com\/fr\/wp-json\/wp\/v2\/posts\/4051"}],"collection":[{"href":"https:\/\/crecerencarrera.com\/fr\/wp-json\/wp\/v2\/posts"}],"about":[{"href":"https:\/\/crecerencarrera.com\/fr\/wp-json\/wp\/v2\/types\/post"}],"author":[{"embeddable":true,"href":"https:\/\/crecerencarrera.com\/fr\/wp-json\/wp\/v2\/users\/3"}],"replies":[{"embeddable":true,"href":"https:\/\/crecerencarrera.com\/fr\/wp-json\/wp\/v2\/comments?post=4051"}],"version-history":[{"count":1,"href":"https:\/\/crecerencarrera.com\/fr\/wp-json\/wp\/v2\/posts\/4051\/revisions"}],"predecessor-version":[{"id":4061,"href":"https:\/\/crecerencarrera.com\/fr\/wp-json\/wp\/v2\/posts\/4051\/revisions\/4061"}],"wp:attachment":[{"href":"https:\/\/crecerencarrera.com\/fr\/wp-json\/wp\/v2\/media?parent=4051"}],"wp:term":[{"taxonomy":"category","embeddable":true,"href":"https:\/\/crecerencarrera.com\/fr\/wp-json\/wp\/v2\/categories?post=4051"},{"taxonomy":"post_tag","embeddable":true,"href":"https:\/\/crecerencarrera.com\/fr\/wp-json\/wp\/v2\/tags?post=4051"}],"curies":[{"name":"wp","href":"https:\/\/api.w.org\/{rel}","templated":true}]}}