{"id":6603,"date":"2026-03-04T19:01:00","date_gmt":"2026-03-04T19:01:00","guid":{"rendered":"https:\/\/crecerencarrera.com\/0bde8059-22ab-4e88-8911-7d5960ec33d9\/"},"modified":"2026-03-04T19:01:58","modified_gmt":"2026-03-04T19:01:58","slug":"0bde8059-22ab-4e88-8911-7d5960ec33d9","status":"publish","type":"post","link":"https:\/\/crecerencarrera.com\/fr\/0bde8059-22ab-4e88-8911-7d5960ec33d9\/","title":{"rendered":"Beca de Dise\u00f1o de Lencer\u00eda en aurorajobs: Creatividad y Colaboraci\u00f3n para Impulsar tu Carrera"},"content":{"rendered":"<\/p>\n<\/p>\n<div style=\"background: #ffffff; border-radius: 12px; box-shadow: 0 10px 30px rgba(0, 0, 0, 0.1); width: 100%; max-width: 340px; padding: 25px; transition: transform 0.3s ease-in-out; overflow: visible; display: flex; flex-direction: column; position: relative; border: 1px solid #28a745; margin-top: 70px; margin-bottom: 50px; margin-left: auto; margin-right: auto;\">\n<div style=\"position: absolute; top: -35px; right: 15px; color: #28a745; padding: 5px 10px; border-radius: 6px; font-size: 14px; font-weight: bold; display: flex; align-items: center; z-index: 10;\">Recommand\u00e9 pour toi<\/div>\n<div data-namespace-header=\"\" style=\"\">\n<h3 data-namespace-title=\"\" style=\"color: #333; font-size: 20px; font-weight: bold; text-align: left; margin-right: 50px; min-height: 50px; margin-top: 0px;\">Beca de Dise\u00f1o de Lencer\u00eda<\/h3>\n<\/p><\/div>\n<p data-namespace-prompt=\"\" style=\"font-size: 16px; color: #666; margin-bottom: 20px; line-height: 1.5; flex-grow: 1; text-align: left; margin-top: 0px;\">Toma parte en proyectos reales del equipo de moda, con alta exposici\u00f3n al sector, ideal si tienes grado en Dise\u00f1o de Moda y un nivel de ingl\u00e9s alto.<\/p>\n<p>    <a data-namespace-url=\"\" href=\"https:\/\/crecerencarrera.com\/fr\/redirect\/?https:\/\/es.bebee.com\/job\/1a0b3e920e22cd57fa450951d53e652f?utm_campaign=google_jobs_apply&#038;utm_source=google_jobs_apply&#038;utm_medium=organic\" style=\"width: 100%; display: inline-block; color: white; text-decoration: none; border-radius: 6px; font-size: 16px; font-weight: bold; text-align: center; transition: transform 0.3s ease, background 0.3s ease; margin-top: auto;\" data-namespace-id=\"5c0d2565-3ba9-4280-a382-ad2a691e2285\"><br \/>\n        <button style=\"width: 100%; height: 55px; background: #e9e9ed; border: 1px solid black; color: black;\">Solicitar empleo<\/button><br \/>\n    <\/a><br \/>\n    <small style=\"margin-top: 10px; color: #777; font-size: 12px; text-align: center; display: block;\">Ser\u00e1s redirigido a otra web<\/small>\n<\/div>\n<h2>\u00bfDe qu\u00e9 trata esta Beca de Dise\u00f1o de Lencer\u00eda?<\/h2>\n<p>La posici\u00f3n busca personas reci\u00e9n graduadas en Dise\u00f1o de Moda con un muy buen nivel de ingl\u00e9s, que quieran iniciarse en dise\u00f1o de lencer\u00eda y moda \u00edntima.<\/p>\n<p>El empleo ofrece una experiencia estructurada colaborando directamente con el equipo creativo y aportando ideas frescas a las colecciones.<\/p>\n<p>Se trata de una beca en empresa con la posibilidad de aprender de dise\u00f1adores experimentados, obteniendo as\u00ed una visi\u00f3n pr\u00e1ctica de la industria.<\/p>\n<p>A lo largo del d\u00eda, ayudar\u00e1s en las tareas del equipo de dise\u00f1o, apoyando en tendencias, materiales y t\u00e9cnicas innovadoras del sector.<\/p>\n<p>No se especifica salario, pero normalmente estas becas ofrecen compensaci\u00f3n acorde a la formaci\u00f3n inicial y el tipo de colaboraci\u00f3n.<\/p>\n<h2>Responsabilit\u00e9s et jour du jour<\/h2>\n<p>Colaborar\u00e1s estrechamente con el equipo creativo, aportando apoyo en cada fase del proceso de dise\u00f1o de lencer\u00eda.<\/p>\n<p>Tus funciones incluir\u00e1n la investigaci\u00f3n de tendencias, apoyo en la creaci\u00f3n de bocetos y selecci\u00f3n de materiales.<\/p>\n<p>Ser\u00e1s responsable de colaborar en la elaboraci\u00f3n de prototipos y participar en reuniones creativas para aportar soluciones originales.<\/p>\n<p>Tambi\u00e9n te encargar\u00e1s de documentar los procesos y mantener una comunicaci\u00f3n fluida con el resto del equipo.<\/p>\n<p>Se espera iniciativa y actitud proactiva en la b\u00fasqueda de nuevas fuentes de inspiraci\u00f3n dentro del sector de la moda \u00edntima.<\/p>\n<h2>Ventajas Principales<\/h2>\n<p>La empresa apuesta por la formaci\u00f3n pr\u00e1ctica y la proyecci\u00f3n profesional, d\u00e1ndote la oportunidad de crecer desde el primer d\u00eda.<\/p>\n<p>Podr\u00e1s aprender de profesionales con gran experiencia, obteniendo feedback constante e integrando conocimientos aplicados al trabajo real.<\/p>\n<h2>Desventajas a Considerar<\/h2>\n<p>Es una beca, por lo que la compensaci\u00f3n econ\u00f3mica puede no ser tan alta como en posiciones fijas m\u00e1s avanzadas.<\/p>\n<p>La exigencia en cuanto al nivel de ingl\u00e9s y adaptaci\u00f3n r\u00e1pida puede suponer un reto si no tienes experiencia previa internacional.<\/p>\n<h2>Veredicto Final<\/h2>\n<p>Esta beca es ideal si buscas tu primer contacto profesional en moda y tienes ganas de aprender r\u00e1pido en un entorno de dise\u00f1o din\u00e1mico.<\/p>\n<p>Destaca por el networking, ambiente de equipo y oportunidades para aprender y mostrar tu talento en un sector innovador.<\/p>\n<div style=\"background: #ffffff; border-radius: 12px; box-shadow: 0 10px 30px rgba(0, 0, 0, 0.1); width: 100%; max-width: 340px; padding: 25px; transition: transform 0.3s ease-in-out; overflow: visible; display: flex; flex-direction: column; position: relative; border: 1px solid #28a745; margin-top: 70px; margin-bottom: 50px; margin-left: auto; margin-right: auto;\">\n<div style=\"position: absolute; top: -35px; right: 15px; color: #28a745; padding: 5px 10px; border-radius: 6px; font-size: 14px; font-weight: bold; display: flex; align-items: center; z-index: 10;\">Recommand\u00e9 pour toi<\/div>\n<div data-namespace-header=\"\" style=\"\">\n<h3 data-namespace-title=\"\" style=\"color: #333; font-size: 20px; font-weight: bold; text-align: left; margin-right: 50px; min-height: 50px; margin-top: 0px;\">Beca de Dise\u00f1o de Lencer\u00eda<\/h3>\n<\/p><\/div>\n<p data-namespace-prompt=\"\" style=\"font-size: 16px; color: #666; margin-bottom: 20px; line-height: 1.5; flex-grow: 1; text-align: left; margin-top: 0px;\">Toma parte en proyectos reales del equipo de moda, con alta exposici\u00f3n al sector, ideal si tienes grado en Dise\u00f1o de Moda y un nivel de ingl\u00e9s alto.<\/p>\n<p>    <a data-namespace-url=\"\" href=\"https:\/\/crecerencarrera.com\/fr\/redirect\/?https:\/\/es.bebee.com\/job\/1a0b3e920e22cd57fa450951d53e652f?utm_campaign=google_jobs_apply&#038;utm_source=google_jobs_apply&#038;utm_medium=organic\" style=\"width: 100%; display: inline-block; color: white; text-decoration: none; border-radius: 6px; font-size: 16px; font-weight: bold; text-align: center; transition: transform 0.3s ease, background 0.3s ease; margin-top: auto;\" data-namespace-id=\"5c0d2565-3ba9-4280-a382-ad2a691e2285\"><br \/>\n        <button style=\"width: 100%; height: 55px; background: #e9e9ed; border: 1px solid black; color: black;\">Solicitar empleo<\/button><br \/>\n    <\/a><br \/>\n    <small style=\"margin-top: 10px; color: #777; font-size: 12px; text-align: center; display: block;\">Ser\u00e1s redirigido a otra web<\/small>\n<\/div>","protected":false},"excerpt":{"rendered":"<p>Beca de Dise\u00f1o de Lencer\u00eda para nuevos talentos. Colabora en equipo, aprende de expertos del sector y impulsa tu perfil con esta oportunidad \u00fanica para creativos del dise\u00f1o de moda.<\/p>","protected":false},"author":3,"featured_media":0,"comment_status":"open","ping_status":"open","sticky":false,"template":"","format":"standard","meta":{"_uag_custom_page_level_css":"","site-sidebar-layout":"default","site-content-layout":"","ast-site-content-layout":"","site-content-style":"default","site-sidebar-style":"default","ast-global-header-display":"","ast-banner-title-visibility":"","ast-main-header-display":"","ast-hfb-above-header-display":"","ast-hfb-below-header-display":"","ast-hfb-mobile-header-display":"","site-post-title":"","ast-breadcrumbs-content":"","ast-featured-img":"","footer-sml-layout":"","theme-transparent-header-meta":"","adv-header-id-meta":"","stick-header-meta":"","header-above-stick-meta":"","header-main-stick-meta":"","header-below-stick-meta":"","astra-migrate-meta-layouts":"default","ast-page-background-enabled":"default","ast-page-background-meta":{"desktop":{"background-color":"var(--ast-global-color-4)","background-image":"","background-repeat":"repeat","background-position":"center center","background-size":"auto","background-attachment":"scroll","background-type":"","background-media":"","overlay-type":"","overlay-color":"","overlay-opacity":"","overlay-gradient":""},"tablet":{"background-color":"","background-image":"","background-repeat":"repeat","background-position":"center center","background-size":"auto","background-attachment":"scroll","background-type":"","background-media":"","overlay-type":"","overlay-color":"","overlay-opacity":"","overlay-gradient":""},"mobile":{"background-color":"","background-image":"","background-repeat":"repeat","background-position":"center center","background-size":"auto","background-attachment":"scroll","background-type":"","background-media":"","overlay-type":"","overlay-color":"","overlay-opacity":"","overlay-gradient":""}},"ast-content-background-meta":{"desktop":{"background-color":"var(--ast-global-color-5)","background-image":"","background-repeat":"repeat","background-position":"center center","background-size":"auto","background-attachment":"scroll","background-type":"","background-media":"","overlay-type":"","overlay-color":"","overlay-opacity":"","overlay-gradient":""},"tablet":{"background-color":"var(--ast-global-color-5)","background-image":"","background-repeat":"repeat","background-position":"center center","background-size":"auto","background-attachment":"scroll","background-type":"","background-media":"","overlay-type":"","overlay-color":"","overlay-opacity":"","overlay-gradient":""},"mobile":{"background-color":"var(--ast-global-color-5)","background-image":"","background-repeat":"repeat","background-position":"center center","background-size":"auto","background-attachment":"scroll","background-type":"","background-media":"","overlay-type":"","overlay-color":"","overlay-opacity":"","overlay-gradient":""}},"footnotes":""},"categories":[10],"tags":[],"yoast_head":"<!-- This site is optimized with the Yoast SEO plugin v23.3 - https:\/\/yoast.com\/wordpress\/plugins\/seo\/ -->\n<title>Beca de Dise\u00f1o de Lencer\u00eda en aurorajobs: Creatividad y Colaboraci\u00f3n para Impulsar tu Carrera - Crecer en Carrera<\/title>\n<meta name=\"robots\" content=\"index, follow, max-snippet:-1, max-image-preview:large, max-video-preview:-1\" \/>\n<link rel=\"canonical\" href=\"https:\/\/crecerencarrera.com\/fr\/0bde8059-22ab-4e88-8911-7d5960ec33d9\/\" \/>\n<meta property=\"og:locale\" content=\"fr_FR\" \/>\n<meta property=\"og:type\" content=\"article\" \/>\n<meta property=\"og:title\" content=\"Beca de Dise\u00f1o de Lencer\u00eda en aurorajobs: Creatividad y Colaboraci\u00f3n para Impulsar tu Carrera - Crecer en Carrera\" \/>\n<meta property=\"og:description\" content=\"Beca de Dise\u00f1o de Lencer\u00eda para nuevos talentos. Colabora en equipo, aprende de expertos del sector y impulsa tu perfil con esta oportunidad \u00fanica para creativos del dise\u00f1o de moda.\" \/>\n<meta property=\"og:url\" content=\"https:\/\/crecerencarrera.com\/fr\/0bde8059-22ab-4e88-8911-7d5960ec33d9\/\" \/>\n<meta property=\"og:site_name\" content=\"Crecer en Carrera\" \/>\n<meta property=\"article:published_time\" content=\"2026-03-04T19:01:00+00:00\" \/>\n<meta property=\"article:modified_time\" content=\"2026-03-04T19:01:58+00:00\" \/>\n<meta name=\"author\" content=\"Bruno Gianni\" \/>\n<meta name=\"twitter:card\" content=\"summary_large_image\" \/>\n<meta name=\"twitter:label1\" content=\"Written by\" \/>\n\t<meta name=\"twitter:data1\" content=\"Bruno Gianni\" \/>\n\t<meta name=\"twitter:label2\" content=\"Est. reading time\" \/>\n\t<meta name=\"twitter:data2\" content=\"2 minutes\" \/>\n<script type=\"application\/ld+json\" class=\"yoast-schema-graph\">{\"@context\":\"https:\/\/schema.org\",\"@graph\":[{\"@type\":\"Article\",\"@id\":\"https:\/\/crecerencarrera.com\/0bde8059-22ab-4e88-8911-7d5960ec33d9\/#article\",\"isPartOf\":{\"@id\":\"https:\/\/crecerencarrera.com\/0bde8059-22ab-4e88-8911-7d5960ec33d9\/\"},\"author\":{\"name\":\"Bruno Gianni\",\"@id\":\"https:\/\/crecerencarrera.com\/#\/schema\/person\/d52888235fd6563bd07d97185d6a61e4\"},\"headline\":\"Beca de Dise\u00f1o de Lencer\u00eda en aurorajobs: Creatividad y Colaboraci\u00f3n para Impulsar tu Carrera\",\"datePublished\":\"2026-03-04T19:01:00+00:00\",\"dateModified\":\"2026-03-04T19:01:58+00:00\",\"mainEntityOfPage\":{\"@id\":\"https:\/\/crecerencarrera.com\/0bde8059-22ab-4e88-8911-7d5960ec33d9\/\"},\"wordCount\":507,\"commentCount\":0,\"publisher\":{\"@id\":\"https:\/\/crecerencarrera.com\/#organization\"},\"articleSection\":[\"Hidden\"],\"inLanguage\":\"fr-FR\",\"potentialAction\":[{\"@type\":\"CommentAction\",\"name\":\"Comment\",\"target\":[\"https:\/\/crecerencarrera.com\/0bde8059-22ab-4e88-8911-7d5960ec33d9\/#respond\"]}]},{\"@type\":\"WebPage\",\"@id\":\"https:\/\/crecerencarrera.com\/0bde8059-22ab-4e88-8911-7d5960ec33d9\/\",\"url\":\"https:\/\/crecerencarrera.com\/0bde8059-22ab-4e88-8911-7d5960ec33d9\/\",\"name\":\"Beca de Dise\u00f1o de Lencer\u00eda en aurorajobs: Creatividad y Colaboraci\u00f3n para Impulsar tu Carrera - Crecer en Carrera\",\"isPartOf\":{\"@id\":\"https:\/\/crecerencarrera.com\/#website\"},\"datePublished\":\"2026-03-04T19:01:00+00:00\",\"dateModified\":\"2026-03-04T19:01:58+00:00\",\"breadcrumb\":{\"@id\":\"https:\/\/crecerencarrera.com\/0bde8059-22ab-4e88-8911-7d5960ec33d9\/#breadcrumb\"},\"inLanguage\":\"fr-FR\",\"potentialAction\":[{\"@type\":\"ReadAction\",\"target\":[\"https:\/\/crecerencarrera.com\/0bde8059-22ab-4e88-8911-7d5960ec33d9\/\"]}]},{\"@type\":\"BreadcrumbList\",\"@id\":\"https:\/\/crecerencarrera.com\/0bde8059-22ab-4e88-8911-7d5960ec33d9\/#breadcrumb\",\"itemListElement\":[{\"@type\":\"ListItem\",\"position\":1,\"name\":\"Home\",\"item\":\"https:\/\/crecerencarrera.com\/\"},{\"@type\":\"ListItem\",\"position\":2,\"name\":\"Beca de Dise\u00f1o de Lencer\u00eda en aurorajobs: Creatividad y Colaboraci\u00f3n para Impulsar tu Carrera\"}]},{\"@type\":\"WebSite\",\"@id\":\"https:\/\/crecerencarrera.com\/#website\",\"url\":\"https:\/\/crecerencarrera.com\/\",\"name\":\"Crecer en Carrera\",\"description\":\"\",\"publisher\":{\"@id\":\"https:\/\/crecerencarrera.com\/#organization\"},\"potentialAction\":[{\"@type\":\"SearchAction\",\"target\":{\"@type\":\"EntryPoint\",\"urlTemplate\":\"https:\/\/crecerencarrera.com\/?s={search_term_string}\"},\"query-input\":\"required name=search_term_string\"}],\"inLanguage\":\"fr-FR\"},{\"@type\":\"Organization\",\"@id\":\"https:\/\/crecerencarrera.com\/#organization\",\"name\":\"Crecer en Carrera\",\"url\":\"https:\/\/crecerencarrera.com\/\",\"logo\":{\"@type\":\"ImageObject\",\"inLanguage\":\"fr-FR\",\"@id\":\"https:\/\/crecerencarrera.com\/#\/schema\/logo\/image\/\",\"url\":\"https:\/\/crecerencarrera.com\/wp-content\/uploads\/sites\/604\/2025\/10\/logo-Crecer-en-carrera.svg\",\"contentUrl\":\"https:\/\/crecerencarrera.com\/wp-content\/uploads\/sites\/604\/2025\/10\/logo-Crecer-en-carrera.svg\",\"caption\":\"Crecer en Carrera\"},\"image\":{\"@id\":\"https:\/\/crecerencarrera.com\/#\/schema\/logo\/image\/\"}},{\"@type\":\"Person\",\"@id\":\"https:\/\/crecerencarrera.com\/#\/schema\/person\/d52888235fd6563bd07d97185d6a61e4\",\"name\":\"Bruno Gianni\",\"image\":{\"@type\":\"ImageObject\",\"inLanguage\":\"fr-FR\",\"@id\":\"https:\/\/crecerencarrera.com\/#\/schema\/person\/image\/\",\"url\":\"https:\/\/secure.gravatar.com\/avatar\/0f5d42d7bf77874643c1478932860e3f?s=96&d=mm&r=g\",\"contentUrl\":\"https:\/\/secure.gravatar.com\/avatar\/0f5d42d7bf77874643c1478932860e3f?s=96&d=mm&r=g\",\"caption\":\"Bruno Gianni\"},\"description\":\"Bruno writes the way he lives, with curiosity, care, and respect for people. He likes to observe, listen, and try to understand what is happening on the other side before putting any words on the page.For him, writing is not about impressing, but about getting closer. It is about turning thoughts into something simple, clear, and real. Every text is an ongoing conversation, created with care and honesty, with the sincere intention of touching someone, somewhere along the way.\",\"url\":\"https:\/\/crecerencarrera.com\/fr\/author\/bcgianni\/\"}]}<\/script>\n<!-- \/ Yoast SEO plugin. -->","yoast_head_json":{"title":"Beca de Dise\u00f1o de Lencer\u00eda en aurorajobs: Creatividad y Colaboraci\u00f3n para Impulsar tu Carrera - Crecer en Carrera","robots":{"index":"index","follow":"follow","max-snippet":"max-snippet:-1","max-image-preview":"max-image-preview:large","max-video-preview":"max-video-preview:-1"},"canonical":"https:\/\/crecerencarrera.com\/fr\/0bde8059-22ab-4e88-8911-7d5960ec33d9\/","og_locale":"fr_FR","og_type":"article","og_title":"Beca de Dise\u00f1o de Lencer\u00eda en aurorajobs: Creatividad y Colaboraci\u00f3n para Impulsar tu Carrera - Crecer en Carrera","og_description":"Beca de Dise\u00f1o de Lencer\u00eda para nuevos talentos. Colabora en equipo, aprende de expertos del sector y impulsa tu perfil con esta oportunidad \u00fanica para creativos del dise\u00f1o de moda.","og_url":"https:\/\/crecerencarrera.com\/fr\/0bde8059-22ab-4e88-8911-7d5960ec33d9\/","og_site_name":"Crecer en Carrera","article_published_time":"2026-03-04T19:01:00+00:00","article_modified_time":"2026-03-04T19:01:58+00:00","author":"Bruno Gianni","twitter_card":"summary_large_image","twitter_misc":{"Written by":"Bruno Gianni","Est. reading time":"2 minutes"},"schema":{"@context":"https:\/\/schema.org","@graph":[{"@type":"Article","@id":"https:\/\/crecerencarrera.com\/0bde8059-22ab-4e88-8911-7d5960ec33d9\/#article","isPartOf":{"@id":"https:\/\/crecerencarrera.com\/0bde8059-22ab-4e88-8911-7d5960ec33d9\/"},"author":{"name":"Bruno Gianni","@id":"https:\/\/crecerencarrera.com\/#\/schema\/person\/d52888235fd6563bd07d97185d6a61e4"},"headline":"Beca de Dise\u00f1o de Lencer\u00eda en aurorajobs: Creatividad y Colaboraci\u00f3n para Impulsar tu Carrera","datePublished":"2026-03-04T19:01:00+00:00","dateModified":"2026-03-04T19:01:58+00:00","mainEntityOfPage":{"@id":"https:\/\/crecerencarrera.com\/0bde8059-22ab-4e88-8911-7d5960ec33d9\/"},"wordCount":507,"commentCount":0,"publisher":{"@id":"https:\/\/crecerencarrera.com\/#organization"},"articleSection":["Hidden"],"inLanguage":"fr-FR","potentialAction":[{"@type":"CommentAction","name":"Comment","target":["https:\/\/crecerencarrera.com\/0bde8059-22ab-4e88-8911-7d5960ec33d9\/#respond"]}]},{"@type":"WebPage","@id":"https:\/\/crecerencarrera.com\/0bde8059-22ab-4e88-8911-7d5960ec33d9\/","url":"https:\/\/crecerencarrera.com\/0bde8059-22ab-4e88-8911-7d5960ec33d9\/","name":"Beca de Dise\u00f1o de Lencer\u00eda en aurorajobs: Creatividad y Colaboraci\u00f3n para Impulsar tu Carrera - Crecer en Carrera","isPartOf":{"@id":"https:\/\/crecerencarrera.com\/#website"},"datePublished":"2026-03-04T19:01:00+00:00","dateModified":"2026-03-04T19:01:58+00:00","breadcrumb":{"@id":"https:\/\/crecerencarrera.com\/0bde8059-22ab-4e88-8911-7d5960ec33d9\/#breadcrumb"},"inLanguage":"fr-FR","potentialAction":[{"@type":"ReadAction","target":["https:\/\/crecerencarrera.com\/0bde8059-22ab-4e88-8911-7d5960ec33d9\/"]}]},{"@type":"BreadcrumbList","@id":"https:\/\/crecerencarrera.com\/0bde8059-22ab-4e88-8911-7d5960ec33d9\/#breadcrumb","itemListElement":[{"@type":"ListItem","position":1,"name":"Home","item":"https:\/\/crecerencarrera.com\/"},{"@type":"ListItem","position":2,"name":"Beca de Dise\u00f1o de Lencer\u00eda en aurorajobs: Creatividad y Colaboraci\u00f3n para Impulsar tu Carrera"}]},{"@type":"WebSite","@id":"https:\/\/crecerencarrera.com\/#website","url":"https:\/\/crecerencarrera.com\/","name":"Crecer en Carrera","description":"","publisher":{"@id":"https:\/\/crecerencarrera.com\/#organization"},"potentialAction":[{"@type":"SearchAction","target":{"@type":"EntryPoint","urlTemplate":"https:\/\/crecerencarrera.com\/?s={search_term_string}"},"query-input":"required name=search_term_string"}],"inLanguage":"fr-FR"},{"@type":"Organization","@id":"https:\/\/crecerencarrera.com\/#organization","name":"Crecer en Carrera","url":"https:\/\/crecerencarrera.com\/","logo":{"@type":"ImageObject","inLanguage":"fr-FR","@id":"https:\/\/crecerencarrera.com\/#\/schema\/logo\/image\/","url":"https:\/\/crecerencarrera.com\/wp-content\/uploads\/sites\/604\/2025\/10\/logo-Crecer-en-carrera.svg","contentUrl":"https:\/\/crecerencarrera.com\/wp-content\/uploads\/sites\/604\/2025\/10\/logo-Crecer-en-carrera.svg","caption":"Crecer en Carrera"},"image":{"@id":"https:\/\/crecerencarrera.com\/#\/schema\/logo\/image\/"}},{"@type":"Person","@id":"https:\/\/crecerencarrera.com\/#\/schema\/person\/d52888235fd6563bd07d97185d6a61e4","name":"Bruno Gianni","image":{"@type":"ImageObject","inLanguage":"fr-FR","@id":"https:\/\/crecerencarrera.com\/#\/schema\/person\/image\/","url":"https:\/\/secure.gravatar.com\/avatar\/0f5d42d7bf77874643c1478932860e3f?s=96&d=mm&r=g","contentUrl":"https:\/\/secure.gravatar.com\/avatar\/0f5d42d7bf77874643c1478932860e3f?s=96&d=mm&r=g","caption":"Bruno Gianni"},"description":"Bruno writes the way he lives, with curiosity, care, and respect for people. He likes to observe, listen, and try to understand what is happening on the other side before putting any words on the page.For him, writing is not about impressing, but about getting closer. It is about turning thoughts into something simple, clear, and real. Every text is an ongoing conversation, created with care and honesty, with the sincere intention of touching someone, somewhere along the way.","url":"https:\/\/crecerencarrera.com\/fr\/author\/bcgianni\/"}]}},"uagb_featured_image_src":{"full":false,"thumbnail":false,"medium":false,"medium_large":false,"large":false,"1536x1536":false,"2048x2048":false,"trp-custom-language-flag":false},"uagb_author_info":{"display_name":"Bruno Gianni","author_link":"https:\/\/crecerencarrera.com\/fr\/author\/bcgianni\/"},"uagb_comment_info":0,"uagb_excerpt":"Beca de Dise\u00f1o de Lencer\u00eda para nuevos talentos. Colabora en equipo, aprende de expertos del sector y impulsa tu perfil con esta oportunidad \u00fanica para creativos del dise\u00f1o de moda.","_links":{"self":[{"href":"https:\/\/crecerencarrera.com\/fr\/wp-json\/wp\/v2\/posts\/6603"}],"collection":[{"href":"https:\/\/crecerencarrera.com\/fr\/wp-json\/wp\/v2\/posts"}],"about":[{"href":"https:\/\/crecerencarrera.com\/fr\/wp-json\/wp\/v2\/types\/post"}],"author":[{"embeddable":true,"href":"https:\/\/crecerencarrera.com\/fr\/wp-json\/wp\/v2\/users\/3"}],"replies":[{"embeddable":true,"href":"https:\/\/crecerencarrera.com\/fr\/wp-json\/wp\/v2\/comments?post=6603"}],"version-history":[{"count":1,"href":"https:\/\/crecerencarrera.com\/fr\/wp-json\/wp\/v2\/posts\/6603\/revisions"}],"predecessor-version":[{"id":6615,"href":"https:\/\/crecerencarrera.com\/fr\/wp-json\/wp\/v2\/posts\/6603\/revisions\/6615"}],"wp:attachment":[{"href":"https:\/\/crecerencarrera.com\/fr\/wp-json\/wp\/v2\/media?parent=6603"}],"wp:term":[{"taxonomy":"category","embeddable":true,"href":"https:\/\/crecerencarrera.com\/fr\/wp-json\/wp\/v2\/categories?post=6603"},{"taxonomy":"post_tag","embeddable":true,"href":"https:\/\/crecerencarrera.com\/fr\/wp-json\/wp\/v2\/tags?post=6603"}],"curies":[{"name":"wp","href":"https:\/\/api.w.org\/{rel}","templated":true}]}}