{"id":6632,"date":"2026-03-04T20:31:00","date_gmt":"2026-03-04T20:31:00","guid":{"rendered":"https:\/\/crecerencarrera.com\/52ea515c-555e-432f-8aff-7b1772dd276f\/"},"modified":"2026-03-04T20:31:45","modified_gmt":"2026-03-04T20:31:45","slug":"52ea515c-555e-432f-8aff-7b1772dd276f","status":"publish","type":"post","link":"https:\/\/crecerencarrera.com\/fr\/52ea515c-555e-432f-8aff-7b1772dd276f\/","title":{"rendered":"Vacante de Gerente de Compras: Salario competitivo, desarrollo profesional y ambiente diverso"},"content":{"rendered":"<\/p>\n<\/p>\n<div style=\"background: #ffffff; border-radius: 12px; box-shadow: 0 10px 30px rgba(0, 0, 0, 0.1); width: 100%; max-width: 340px; padding: 25px; transition: transform 0.3s ease-in-out; overflow: visible; display: flex; flex-direction: column; position: relative; border: 1px solid #28a745; margin-top: 70px; margin-bottom: 50px; margin-left: auto; margin-right: auto;\">\n<div style=\"position: absolute; top: -35px; right: 15px; color: #28a745; padding: 5px 10px; border-radius: 6px; font-size: 14px; font-weight: bold; display: flex; align-items: center; z-index: 10;\">Recommand\u00e9 pour toi<\/div>\n<div data-namespace-header=\"\" style=\"\">\n<h3 data-namespace-title=\"\" style=\"color: #333; font-size: 20px; font-weight: bold; text-align: left; margin-right: 50px; min-height: 50px; margin-top: 0px;\">Gerente de Compras<\/h3>\n<\/p><\/div>\n<p data-namespace-prompt=\"\" style=\"font-size: 16px; color: #666; margin-bottom: 20px; line-height: 1.5; flex-grow: 1; text-align: left; margin-top: 0px;\">Responsable de estrategias y negociaci\u00f3n. Salario competitivo y formaci\u00f3n continua. Ambiente diverso, desarrollo profesional y equilibro personal-laboral.<\/p>\n<p>    <a data-namespace-url=\"\" href=\"https:\/\/crecerencarrera.com\/fr\/redirect\/?https:\/\/layboard.es\/vacante\/383005\/vacante-de-gerente-de-compras-en-empresa-de-moda-tendencias-unicas-torrevieja-espana?utm_campaign=google_jobs_apply&#038;utm_source=google_jobs_apply&#038;utm_medium=organic\" style=\"width: 100%; display: inline-block; color: white; text-decoration: none; border-radius: 6px; font-size: 16px; font-weight: bold; text-align: center; transition: transform 0.3s ease, background 0.3s ease; margin-top: auto;\" data-namespace-id=\"5c0d2565-3ba9-4280-a382-ad2a691e2285\"><br \/>\n        <button style=\"width: 100%; height: 55px; background: #e9e9ed; border: 1px solid black; color: black;\">Solicitar empleo<\/button><br \/>\n    <\/a><br \/>\n    <small style=\"margin-top: 10px; color: #777; font-size: 12px; text-align: center; display: block;\">Ser\u00e1s redirigido a otra web<\/small>\n<\/div>\n<div>\n<h2>Resumen de la oferta<\/h2>\n<p>La vacante de Gerente de Compras en el sector de moda incluye un salario de 1700$, un puesto permanente y la posibilidad de crecimiento profesional dentro de la empresa.<\/p>\n<p>Se valoran habilidades en negociaci\u00f3n, an\u00e1lisis del mercado y planificaci\u00f3n eficiente para liderar el departamento de compras y garantizar la rentabilidad.<\/p>\n<p>La empresa destaca su diversidad y el apoyo al desarrollo profesional de sus empleados, ofreciendo flexibilidad horaria y un entorno colaborativo.<\/p>\n<p>El paquete incluye seguro de salud, incentivos adicionales y oportunidades de avanzar dentro de la organizaci\u00f3n.<\/p>\n<p>Se requiere titulaci\u00f3n universitaria y experiencia previa, adem\u00e1s de un fuerte compromiso con el trabajo en equipo y la mejora continua.<\/p>\n<\/div>\n<div>\n<h2>Responsabilit\u00e9s et responsabilit\u00e9s principales<\/h2>\n<p>El Gerente de Compras desarrolla estrategias, negocia contratos con proveedores y es responsable del presupuesto de compras de la empresa.<\/p>\n<p>Coordina varios departamentos, busca nuevas oportunidades y realiza an\u00e1lisis constantes de tendencias del mercado.<\/p>\n<p>Eval\u00faa el desempe\u00f1o de proveedores y asegura siempre las mejores condiciones y precios.<\/p>\n<p>Un trabajo diario incluye mucho contacto con otros equipos y atenci\u00f3n a detalles financieros y log\u00edsticos.<\/p>\n<p>La gesti\u00f3n multitarea y una reacci\u00f3n r\u00e1pida ante los cambios en el mercado son partes clave del d\u00eda a d\u00eda.<\/p>\n<\/div>\n<div>\n<h2>Points positifs du poste<\/h2>\n<p>Crecimiento profesional real con acceso a programas de formaci\u00f3n y desarrollo para avanzar en tu carrera.<\/p>\n<p>Ambiente diverso e inclusivo que fomenta la creatividad y el trabajo colaborativo para el bienestar del equipo.<\/p>\n<\/div>\n<div>\n<h2>Quelques inconv\u00e9nients possibles<\/h2>\n<p>La alta responsabilidad puede exigir manejo de presi\u00f3n especialmente durante picos de actividad o cambios imprevistos.<\/p>\n<p>La multitarea y la coordinaci\u00f3n entre equipos requieren una actitud proactiva y habilidades de organizaci\u00f3n avanzadas.<\/p>\n<\/div>\n<div>\n<h2>Veredicto final<\/h2>\n<p>Esta oportunidad es ideal para quienes buscan desarrollarse en compras y log\u00edstica con beneficios competitivos y un entorno favorable.<\/p>\n<p>El equilibrio entre salario, ambiente de trabajo, formaci\u00f3n y posibilidades de crecimiento hacen del puesto una opci\u00f3n atractiva.<\/p>\n<\/div>\n<div style=\"background: #ffffff; border-radius: 12px; box-shadow: 0 10px 30px rgba(0, 0, 0, 0.1); width: 100%; max-width: 340px; padding: 25px; transition: transform 0.3s ease-in-out; overflow: visible; display: flex; flex-direction: column; position: relative; border: 1px solid #28a745; margin-top: 70px; margin-bottom: 50px; margin-left: auto; margin-right: auto;\">\n<div style=\"position: absolute; top: -35px; right: 15px; color: #28a745; padding: 5px 10px; border-radius: 6px; font-size: 14px; font-weight: bold; display: flex; align-items: center; z-index: 10;\">Recommand\u00e9 pour toi<\/div>\n<div data-namespace-header=\"\" style=\"\">\n<h3 data-namespace-title=\"\" style=\"color: #333; font-size: 20px; font-weight: bold; text-align: left; margin-right: 50px; min-height: 50px; margin-top: 0px;\">Gerente de Compras<\/h3>\n<\/p><\/div>\n<p data-namespace-prompt=\"\" style=\"font-size: 16px; color: #666; margin-bottom: 20px; line-height: 1.5; flex-grow: 1; text-align: left; margin-top: 0px;\">Responsable de estrategias y negociaci\u00f3n. Salario competitivo y formaci\u00f3n continua. Ambiente diverso, desarrollo profesional y equilibro personal-laboral.<\/p>\n<p>    <a data-namespace-url=\"\" href=\"https:\/\/crecerencarrera.com\/fr\/redirect\/?https:\/\/layboard.es\/vacante\/383005\/vacante-de-gerente-de-compras-en-empresa-de-moda-tendencias-unicas-torrevieja-espana?utm_campaign=google_jobs_apply&#038;utm_source=google_jobs_apply&#038;utm_medium=organic\" style=\"width: 100%; display: inline-block; color: white; text-decoration: none; border-radius: 6px; font-size: 16px; font-weight: bold; text-align: center; transition: transform 0.3s ease, background 0.3s ease; margin-top: auto;\" data-namespace-id=\"5c0d2565-3ba9-4280-a382-ad2a691e2285\"><br \/>\n        <button style=\"width: 100%; height: 55px; background: #e9e9ed; border: 1px solid black; color: black;\">Solicitar empleo<\/button><br \/>\n    <\/a><br \/>\n    <small style=\"margin-top: 10px; color: #777; font-size: 12px; text-align: center; display: block;\">Ser\u00e1s redirigido a otra web<\/small>\n<\/div>","protected":false},"excerpt":{"rendered":"<p>Convi\u00e9rtete en Gerente de Compras y disfruta de salario competitivo, beneficios, programas de formaci\u00f3n y un ambiente lleno de oportunidades para crecer profesionalmente<\/p>","protected":false},"author":3,"featured_media":0,"comment_status":"open","ping_status":"open","sticky":false,"template":"","format":"standard","meta":{"_uag_custom_page_level_css":"","site-sidebar-layout":"default","site-content-layout":"","ast-site-content-layout":"","site-content-style":"default","site-sidebar-style":"default","ast-global-header-display":"","ast-banner-title-visibility":"","ast-main-header-display":"","ast-hfb-above-header-display":"","ast-hfb-below-header-display":"","ast-hfb-mobile-header-display":"","site-post-title":"","ast-breadcrumbs-content":"","ast-featured-img":"","footer-sml-layout":"","theme-transparent-header-meta":"","adv-header-id-meta":"","stick-header-meta":"","header-above-stick-meta":"","header-main-stick-meta":"","header-below-stick-meta":"","astra-migrate-meta-layouts":"default","ast-page-background-enabled":"default","ast-page-background-meta":{"desktop":{"background-color":"var(--ast-global-color-4)","background-image":"","background-repeat":"repeat","background-position":"center center","background-size":"auto","background-attachment":"scroll","background-type":"","background-media":"","overlay-type":"","overlay-color":"","overlay-opacity":"","overlay-gradient":""},"tablet":{"background-color":"","background-image":"","background-repeat":"repeat","background-position":"center center","background-size":"auto","background-attachment":"scroll","background-type":"","background-media":"","overlay-type":"","overlay-color":"","overlay-opacity":"","overlay-gradient":""},"mobile":{"background-color":"","background-image":"","background-repeat":"repeat","background-position":"center center","background-size":"auto","background-attachment":"scroll","background-type":"","background-media":"","overlay-type":"","overlay-color":"","overlay-opacity":"","overlay-gradient":""}},"ast-content-background-meta":{"desktop":{"background-color":"var(--ast-global-color-5)","background-image":"","background-repeat":"repeat","background-position":"center center","background-size":"auto","background-attachment":"scroll","background-type":"","background-media":"","overlay-type":"","overlay-color":"","overlay-opacity":"","overlay-gradient":""},"tablet":{"background-color":"var(--ast-global-color-5)","background-image":"","background-repeat":"repeat","background-position":"center center","background-size":"auto","background-attachment":"scroll","background-type":"","background-media":"","overlay-type":"","overlay-color":"","overlay-opacity":"","overlay-gradient":""},"mobile":{"background-color":"var(--ast-global-color-5)","background-image":"","background-repeat":"repeat","background-position":"center center","background-size":"auto","background-attachment":"scroll","background-type":"","background-media":"","overlay-type":"","overlay-color":"","overlay-opacity":"","overlay-gradient":""}},"footnotes":""},"categories":[10],"tags":[],"yoast_head":"<!-- This site is optimized with the Yoast SEO plugin v23.3 - https:\/\/yoast.com\/wordpress\/plugins\/seo\/ -->\n<title>Vacante de Gerente de Compras: Salario competitivo, desarrollo profesional y ambiente diverso - Crecer en Carrera<\/title>\n<meta name=\"robots\" content=\"index, follow, max-snippet:-1, max-image-preview:large, max-video-preview:-1\" \/>\n<link rel=\"canonical\" href=\"https:\/\/crecerencarrera.com\/fr\/52ea515c-555e-432f-8aff-7b1772dd276f\/\" \/>\n<meta property=\"og:locale\" content=\"fr_FR\" \/>\n<meta property=\"og:type\" content=\"article\" \/>\n<meta property=\"og:title\" content=\"Vacante de Gerente de Compras: Salario competitivo, desarrollo profesional y ambiente diverso - Crecer en Carrera\" \/>\n<meta property=\"og:description\" content=\"Convi\u00e9rtete en Gerente de Compras y disfruta de salario competitivo, beneficios, programas de formaci\u00f3n y un ambiente lleno de oportunidades para crecer profesionalmente\" \/>\n<meta property=\"og:url\" content=\"https:\/\/crecerencarrera.com\/fr\/52ea515c-555e-432f-8aff-7b1772dd276f\/\" \/>\n<meta property=\"og:site_name\" content=\"Crecer en Carrera\" \/>\n<meta property=\"article:published_time\" content=\"2026-03-04T20:31:00+00:00\" \/>\n<meta property=\"article:modified_time\" content=\"2026-03-04T20:31:45+00:00\" \/>\n<meta name=\"author\" content=\"Bruno Gianni\" \/>\n<meta name=\"twitter:card\" content=\"summary_large_image\" \/>\n<meta name=\"twitter:label1\" content=\"Written by\" \/>\n\t<meta name=\"twitter:data1\" content=\"Bruno Gianni\" \/>\n\t<meta name=\"twitter:label2\" content=\"Est. reading time\" \/>\n\t<meta name=\"twitter:data2\" content=\"2 minutes\" \/>\n<script type=\"application\/ld+json\" class=\"yoast-schema-graph\">{\"@context\":\"https:\/\/schema.org\",\"@graph\":[{\"@type\":\"Article\",\"@id\":\"https:\/\/crecerencarrera.com\/52ea515c-555e-432f-8aff-7b1772dd276f\/#article\",\"isPartOf\":{\"@id\":\"https:\/\/crecerencarrera.com\/52ea515c-555e-432f-8aff-7b1772dd276f\/\"},\"author\":{\"name\":\"Bruno Gianni\",\"@id\":\"https:\/\/crecerencarrera.com\/#\/schema\/person\/d52888235fd6563bd07d97185d6a61e4\"},\"headline\":\"Vacante de Gerente de Compras: Salario competitivo, desarrollo profesional y ambiente diverso\",\"datePublished\":\"2026-03-04T20:31:00+00:00\",\"dateModified\":\"2026-03-04T20:31:45+00:00\",\"mainEntityOfPage\":{\"@id\":\"https:\/\/crecerencarrera.com\/52ea515c-555e-432f-8aff-7b1772dd276f\/\"},\"wordCount\":410,\"commentCount\":0,\"publisher\":{\"@id\":\"https:\/\/crecerencarrera.com\/#organization\"},\"articleSection\":[\"Hidden\"],\"inLanguage\":\"fr-FR\",\"potentialAction\":[{\"@type\":\"CommentAction\",\"name\":\"Comment\",\"target\":[\"https:\/\/crecerencarrera.com\/52ea515c-555e-432f-8aff-7b1772dd276f\/#respond\"]}]},{\"@type\":\"WebPage\",\"@id\":\"https:\/\/crecerencarrera.com\/52ea515c-555e-432f-8aff-7b1772dd276f\/\",\"url\":\"https:\/\/crecerencarrera.com\/52ea515c-555e-432f-8aff-7b1772dd276f\/\",\"name\":\"Vacante de Gerente de Compras: Salario competitivo, desarrollo profesional y ambiente diverso - Crecer en Carrera\",\"isPartOf\":{\"@id\":\"https:\/\/crecerencarrera.com\/#website\"},\"datePublished\":\"2026-03-04T20:31:00+00:00\",\"dateModified\":\"2026-03-04T20:31:45+00:00\",\"breadcrumb\":{\"@id\":\"https:\/\/crecerencarrera.com\/52ea515c-555e-432f-8aff-7b1772dd276f\/#breadcrumb\"},\"inLanguage\":\"fr-FR\",\"potentialAction\":[{\"@type\":\"ReadAction\",\"target\":[\"https:\/\/crecerencarrera.com\/52ea515c-555e-432f-8aff-7b1772dd276f\/\"]}]},{\"@type\":\"BreadcrumbList\",\"@id\":\"https:\/\/crecerencarrera.com\/52ea515c-555e-432f-8aff-7b1772dd276f\/#breadcrumb\",\"itemListElement\":[{\"@type\":\"ListItem\",\"position\":1,\"name\":\"Home\",\"item\":\"https:\/\/crecerencarrera.com\/\"},{\"@type\":\"ListItem\",\"position\":2,\"name\":\"Vacante de Gerente de Compras: Salario competitivo, desarrollo profesional y ambiente diverso\"}]},{\"@type\":\"WebSite\",\"@id\":\"https:\/\/crecerencarrera.com\/#website\",\"url\":\"https:\/\/crecerencarrera.com\/\",\"name\":\"Crecer en Carrera\",\"description\":\"\",\"publisher\":{\"@id\":\"https:\/\/crecerencarrera.com\/#organization\"},\"potentialAction\":[{\"@type\":\"SearchAction\",\"target\":{\"@type\":\"EntryPoint\",\"urlTemplate\":\"https:\/\/crecerencarrera.com\/?s={search_term_string}\"},\"query-input\":\"required name=search_term_string\"}],\"inLanguage\":\"fr-FR\"},{\"@type\":\"Organization\",\"@id\":\"https:\/\/crecerencarrera.com\/#organization\",\"name\":\"Crecer en Carrera\",\"url\":\"https:\/\/crecerencarrera.com\/\",\"logo\":{\"@type\":\"ImageObject\",\"inLanguage\":\"fr-FR\",\"@id\":\"https:\/\/crecerencarrera.com\/#\/schema\/logo\/image\/\",\"url\":\"https:\/\/crecerencarrera.com\/wp-content\/uploads\/sites\/604\/2025\/10\/logo-Crecer-en-carrera.svg\",\"contentUrl\":\"https:\/\/crecerencarrera.com\/wp-content\/uploads\/sites\/604\/2025\/10\/logo-Crecer-en-carrera.svg\",\"caption\":\"Crecer en Carrera\"},\"image\":{\"@id\":\"https:\/\/crecerencarrera.com\/#\/schema\/logo\/image\/\"}},{\"@type\":\"Person\",\"@id\":\"https:\/\/crecerencarrera.com\/#\/schema\/person\/d52888235fd6563bd07d97185d6a61e4\",\"name\":\"Bruno Gianni\",\"image\":{\"@type\":\"ImageObject\",\"inLanguage\":\"fr-FR\",\"@id\":\"https:\/\/crecerencarrera.com\/#\/schema\/person\/image\/\",\"url\":\"https:\/\/secure.gravatar.com\/avatar\/0f5d42d7bf77874643c1478932860e3f?s=96&d=mm&r=g\",\"contentUrl\":\"https:\/\/secure.gravatar.com\/avatar\/0f5d42d7bf77874643c1478932860e3f?s=96&d=mm&r=g\",\"caption\":\"Bruno Gianni\"},\"description\":\"Bruno writes the way he lives, with curiosity, care, and respect for people. He likes to observe, listen, and try to understand what is happening on the other side before putting any words on the page.For him, writing is not about impressing, but about getting closer. It is about turning thoughts into something simple, clear, and real. Every text is an ongoing conversation, created with care and honesty, with the sincere intention of touching someone, somewhere along the way.\",\"url\":\"https:\/\/crecerencarrera.com\/fr\/author\/bcgianni\/\"}]}<\/script>\n<!-- \/ Yoast SEO plugin. -->","yoast_head_json":{"title":"Vacante de Gerente de Compras: Salario competitivo, desarrollo profesional y ambiente diverso - Crecer en Carrera","robots":{"index":"index","follow":"follow","max-snippet":"max-snippet:-1","max-image-preview":"max-image-preview:large","max-video-preview":"max-video-preview:-1"},"canonical":"https:\/\/crecerencarrera.com\/fr\/52ea515c-555e-432f-8aff-7b1772dd276f\/","og_locale":"fr_FR","og_type":"article","og_title":"Vacante de Gerente de Compras: Salario competitivo, desarrollo profesional y ambiente diverso - Crecer en Carrera","og_description":"Convi\u00e9rtete en Gerente de Compras y disfruta de salario competitivo, beneficios, programas de formaci\u00f3n y un ambiente lleno de oportunidades para crecer profesionalmente","og_url":"https:\/\/crecerencarrera.com\/fr\/52ea515c-555e-432f-8aff-7b1772dd276f\/","og_site_name":"Crecer en Carrera","article_published_time":"2026-03-04T20:31:00+00:00","article_modified_time":"2026-03-04T20:31:45+00:00","author":"Bruno Gianni","twitter_card":"summary_large_image","twitter_misc":{"Written by":"Bruno Gianni","Est. reading time":"2 minutes"},"schema":{"@context":"https:\/\/schema.org","@graph":[{"@type":"Article","@id":"https:\/\/crecerencarrera.com\/52ea515c-555e-432f-8aff-7b1772dd276f\/#article","isPartOf":{"@id":"https:\/\/crecerencarrera.com\/52ea515c-555e-432f-8aff-7b1772dd276f\/"},"author":{"name":"Bruno Gianni","@id":"https:\/\/crecerencarrera.com\/#\/schema\/person\/d52888235fd6563bd07d97185d6a61e4"},"headline":"Vacante de Gerente de Compras: Salario competitivo, desarrollo profesional y ambiente diverso","datePublished":"2026-03-04T20:31:00+00:00","dateModified":"2026-03-04T20:31:45+00:00","mainEntityOfPage":{"@id":"https:\/\/crecerencarrera.com\/52ea515c-555e-432f-8aff-7b1772dd276f\/"},"wordCount":410,"commentCount":0,"publisher":{"@id":"https:\/\/crecerencarrera.com\/#organization"},"articleSection":["Hidden"],"inLanguage":"fr-FR","potentialAction":[{"@type":"CommentAction","name":"Comment","target":["https:\/\/crecerencarrera.com\/52ea515c-555e-432f-8aff-7b1772dd276f\/#respond"]}]},{"@type":"WebPage","@id":"https:\/\/crecerencarrera.com\/52ea515c-555e-432f-8aff-7b1772dd276f\/","url":"https:\/\/crecerencarrera.com\/52ea515c-555e-432f-8aff-7b1772dd276f\/","name":"Vacante de Gerente de Compras: Salario competitivo, desarrollo profesional y ambiente diverso - Crecer en Carrera","isPartOf":{"@id":"https:\/\/crecerencarrera.com\/#website"},"datePublished":"2026-03-04T20:31:00+00:00","dateModified":"2026-03-04T20:31:45+00:00","breadcrumb":{"@id":"https:\/\/crecerencarrera.com\/52ea515c-555e-432f-8aff-7b1772dd276f\/#breadcrumb"},"inLanguage":"fr-FR","potentialAction":[{"@type":"ReadAction","target":["https:\/\/crecerencarrera.com\/52ea515c-555e-432f-8aff-7b1772dd276f\/"]}]},{"@type":"BreadcrumbList","@id":"https:\/\/crecerencarrera.com\/52ea515c-555e-432f-8aff-7b1772dd276f\/#breadcrumb","itemListElement":[{"@type":"ListItem","position":1,"name":"Home","item":"https:\/\/crecerencarrera.com\/"},{"@type":"ListItem","position":2,"name":"Vacante de Gerente de Compras: Salario competitivo, desarrollo profesional y ambiente diverso"}]},{"@type":"WebSite","@id":"https:\/\/crecerencarrera.com\/#website","url":"https:\/\/crecerencarrera.com\/","name":"Crecer en Carrera","description":"","publisher":{"@id":"https:\/\/crecerencarrera.com\/#organization"},"potentialAction":[{"@type":"SearchAction","target":{"@type":"EntryPoint","urlTemplate":"https:\/\/crecerencarrera.com\/?s={search_term_string}"},"query-input":"required name=search_term_string"}],"inLanguage":"fr-FR"},{"@type":"Organization","@id":"https:\/\/crecerencarrera.com\/#organization","name":"Crecer en Carrera","url":"https:\/\/crecerencarrera.com\/","logo":{"@type":"ImageObject","inLanguage":"fr-FR","@id":"https:\/\/crecerencarrera.com\/#\/schema\/logo\/image\/","url":"https:\/\/crecerencarrera.com\/wp-content\/uploads\/sites\/604\/2025\/10\/logo-Crecer-en-carrera.svg","contentUrl":"https:\/\/crecerencarrera.com\/wp-content\/uploads\/sites\/604\/2025\/10\/logo-Crecer-en-carrera.svg","caption":"Crecer en Carrera"},"image":{"@id":"https:\/\/crecerencarrera.com\/#\/schema\/logo\/image\/"}},{"@type":"Person","@id":"https:\/\/crecerencarrera.com\/#\/schema\/person\/d52888235fd6563bd07d97185d6a61e4","name":"Bruno Gianni","image":{"@type":"ImageObject","inLanguage":"fr-FR","@id":"https:\/\/crecerencarrera.com\/#\/schema\/person\/image\/","url":"https:\/\/secure.gravatar.com\/avatar\/0f5d42d7bf77874643c1478932860e3f?s=96&d=mm&r=g","contentUrl":"https:\/\/secure.gravatar.com\/avatar\/0f5d42d7bf77874643c1478932860e3f?s=96&d=mm&r=g","caption":"Bruno Gianni"},"description":"Bruno writes the way he lives, with curiosity, care, and respect for people. He likes to observe, listen, and try to understand what is happening on the other side before putting any words on the page.For him, writing is not about impressing, but about getting closer. It is about turning thoughts into something simple, clear, and real. Every text is an ongoing conversation, created with care and honesty, with the sincere intention of touching someone, somewhere along the way.","url":"https:\/\/crecerencarrera.com\/fr\/author\/bcgianni\/"}]}},"uagb_featured_image_src":{"full":false,"thumbnail":false,"medium":false,"medium_large":false,"large":false,"1536x1536":false,"2048x2048":false,"trp-custom-language-flag":false},"uagb_author_info":{"display_name":"Bruno Gianni","author_link":"https:\/\/crecerencarrera.com\/fr\/author\/bcgianni\/"},"uagb_comment_info":0,"uagb_excerpt":"Convi\u00e9rtete en Gerente de Compras y disfruta de salario competitivo, beneficios, programas de formaci\u00f3n y un ambiente lleno de oportunidades para crecer profesionalmente","_links":{"self":[{"href":"https:\/\/crecerencarrera.com\/fr\/wp-json\/wp\/v2\/posts\/6632"}],"collection":[{"href":"https:\/\/crecerencarrera.com\/fr\/wp-json\/wp\/v2\/posts"}],"about":[{"href":"https:\/\/crecerencarrera.com\/fr\/wp-json\/wp\/v2\/types\/post"}],"author":[{"embeddable":true,"href":"https:\/\/crecerencarrera.com\/fr\/wp-json\/wp\/v2\/users\/3"}],"replies":[{"embeddable":true,"href":"https:\/\/crecerencarrera.com\/fr\/wp-json\/wp\/v2\/comments?post=6632"}],"version-history":[{"count":1,"href":"https:\/\/crecerencarrera.com\/fr\/wp-json\/wp\/v2\/posts\/6632\/revisions"}],"predecessor-version":[{"id":6643,"href":"https:\/\/crecerencarrera.com\/fr\/wp-json\/wp\/v2\/posts\/6632\/revisions\/6643"}],"wp:attachment":[{"href":"https:\/\/crecerencarrera.com\/fr\/wp-json\/wp\/v2\/media?parent=6632"}],"wp:term":[{"taxonomy":"category","embeddable":true,"href":"https:\/\/crecerencarrera.com\/fr\/wp-json\/wp\/v2\/categories?post=6632"},{"taxonomy":"post_tag","embeddable":true,"href":"https:\/\/crecerencarrera.com\/fr\/wp-json\/wp\/v2\/tags?post=6632"}],"curies":[{"name":"wp","href":"https:\/\/api.w.org\/{rel}","templated":true}]}}