{"id":6701,"date":"2026-03-05T09:53:00","date_gmt":"2026-03-05T09:53:00","guid":{"rendered":"https:\/\/crecerencarrera.com\/4bb51718-ed69-4365-95c8-7cefccdc85b4\/"},"modified":"2026-03-05T09:53:12","modified_gmt":"2026-03-05T09:53:12","slug":"4bb51718-ed69-4365-95c8-7cefccdc85b4","status":"publish","type":"post","link":"https:\/\/crecerencarrera.com\/fr\/4bb51718-ed69-4365-95c8-7cefccdc85b4\/","title":{"rendered":"Dependienta Pasteler\u00eda Media Jornada: Flexibilidad y Desarrollo en Atenci\u00f3n al Cliente"},"content":{"rendered":"<\/p>\n<\/p>\n<div style=\"background: #ffffff; border-radius: 12px; box-shadow: 0 10px 30px rgba(0, 0, 0, 0.1); width: 100%; max-width: 340px; padding: 25px; transition: transform 0.3s ease-in-out; overflow: visible; display: flex; flex-direction: column; position: relative; border: 1px solid #28a745; margin-top: 70px; margin-bottom: 50px; margin-left: auto; margin-right: auto;\">\n<div style=\"position: absolute; top: -35px; right: 15px; color: #28a745; padding: 5px 10px; border-radius: 6px; font-size: 14px; font-weight: bold; display: flex; align-items: center; z-index: 10;\">Recommand\u00e9 pour toi<\/div>\n<div data-namespace-header=\"\" style=\"\">\n<h3 data-namespace-title=\"\" style=\"color: #333; font-size: 20px; font-weight: bold; text-align: left; margin-right: 50px; min-height: 50px; margin-top: 0px;\">Dependienta Pasteler\u00eda<\/h3>\n<\/p><\/div>\n<p data-namespace-prompt=\"\" style=\"font-size: 16px; color: #666; margin-bottom: 20px; line-height: 1.5; flex-grow: 1; text-align: left; margin-top: 0px;\">Puesto con media jornada, ideal para compaginar con otros proyectos, enfocado a personas responsables con experiencia en atenci\u00f3n, reposici\u00f3n y horneado.<\/p>\n<p>    <a data-namespace-url=\"\" href=\"https:\/\/crecerencarrera.com\/fr\/redirect\/?https:\/\/www.milanuncios.com\/cocineros-y-camareros\/buscamos-personal-con-o-sin-papeles-584281724.htm?utm_campaign=google_jobs_apply&#038;utm_source=google_jobs_apply&#038;utm_medium=organic\" style=\"width: 100%; display: inline-block; color: white; text-decoration: none; border-radius: 6px; font-size: 16px; font-weight: bold; text-align: center; transition: transform 0.3s ease, background 0.3s ease; margin-top: auto;\" data-namespace-id=\"5c0d2565-3ba9-4280-a382-ad2a691e2285\"><br \/>\n        <button style=\"width: 100%; height: 55px; background: #e9e9ed; border: 1px solid black; color: black;\">Apuntarse a oferta<\/button><br \/>\n    <\/a><br \/>\n    <small style=\"margin-top: 10px; color: #777; font-size: 12px; text-align: center; display: block;\">Ser\u00e1s redirigido a otro site web<\/small>\n<\/div>\n<p>Esta oferta como dependienta de pasteler\u00eda a media jornada destaca por su flexibilidad laboral, permiti\u00e9ndote compatibilizar tu vida personal o estudios con el empleo. Aunque no se indica el salario, es habitual que este tipo de empleos ofrezcan remuneraciones competitivas para el sector y buenas condiciones laborales, valorando experiencia previa en panader\u00edas o pasteler\u00edas.<\/p>\n<h2>Labores diarias y responsabilidades<\/h2>\n<p>El puesto implica atenci\u00f3n a clientes, cobro en caja, reposici\u00f3n de productos, as\u00ed como tareas de horneado y preparaci\u00f3n en obrador.<\/p>\n<p>La gesti\u00f3n del escaparate y el adecuado manejo de los productos son puntos clave dentro del rol diario, pensando siempre en la presentaci\u00f3n al p\u00fablico.<\/p>\n<p>La interacci\u00f3n constante con los clientes requiere amabilidad y capacidad de respuesta ante distintas situaciones, sumando as\u00ed habilidades interpersonales.<\/p>\n<p>El mantenimiento del orden y limpieza del espacio de venta contribuye a un entorno agradable y seguro para todos.<\/p>\n<p>Colaborar con el equipo, tanto en la venta como en la producci\u00f3n, es esencial para la fluidez de la jornada laboral.<\/p>\n<h2>Principales caract\u00e9ristiques<\/h2>\n<p>Uno de los puntos fuertes del puesto es la media jornada, permitiendo una conciliaci\u00f3n real entre trabajo y vida personal, lo que es muy valorado actualmente.<\/p>\n<p>Adem\u00e1s, estar\u00e1s en un entorno de trabajo din\u00e1mico y de cara al p\u00fablico, ideal si buscas desarrollar habilidades en atenci\u00f3n y venta.<\/p>\n<h2>Inconv\u00e9nients possibles<\/h2>\n<p>La exigencia de experiencia previa en panader\u00eda o pasteler\u00eda puede limitar el acceso a personas sin recorrido en el sector.<\/p>\n<p>Asimismo, los per\u00edodos de alta demanda, como fines de semana o festivos, pueden requerir un esfuerzo extra y flexibilidad adicional.<\/p>\n<h2>Veredicto<\/h2>\n<p>La oferta de dependienta de pasteler\u00eda media jornada es especialmente atractiva para quienes buscan equilibrio y la posibilidad de desarrollarse en atenci\u00f3n al cliente. Implica responsabilidad, contacto directo con los productos y con la clientela, y supone una opci\u00f3n adecuada si valoras el trato humano y la estabilidad.<\/p>\n<div style=\"background: #ffffff; border-radius: 12px; box-shadow: 0 10px 30px rgba(0, 0, 0, 0.1); width: 100%; max-width: 340px; padding: 25px; transition: transform 0.3s ease-in-out; overflow: visible; display: flex; flex-direction: column; position: relative; border: 1px solid #28a745; margin-top: 70px; margin-bottom: 50px; margin-left: auto; margin-right: auto;\">\n<div style=\"position: absolute; top: -35px; right: 15px; color: #28a745; padding: 5px 10px; border-radius: 6px; font-size: 14px; font-weight: bold; display: flex; align-items: center; z-index: 10;\">Recommand\u00e9 pour toi<\/div>\n<div data-namespace-header=\"\" style=\"\">\n<h3 data-namespace-title=\"\" style=\"color: #333; font-size: 20px; font-weight: bold; text-align: left; margin-right: 50px; min-height: 50px; margin-top: 0px;\">Dependienta Pasteler\u00eda<\/h3>\n<\/p><\/div>\n<p data-namespace-prompt=\"\" style=\"font-size: 16px; color: #666; margin-bottom: 20px; line-height: 1.5; flex-grow: 1; text-align: left; margin-top: 0px;\">Puesto con media jornada, ideal para compaginar con otros proyectos, enfocado a personas responsables con experiencia en atenci\u00f3n, reposici\u00f3n y horneado.<\/p>\n<p>    <a data-namespace-url=\"\" href=\"https:\/\/crecerencarrera.com\/fr\/redirect\/?https:\/\/www.milanuncios.com\/cocineros-y-camareros\/buscamos-personal-con-o-sin-papeles-584281724.htm?utm_campaign=google_jobs_apply&#038;utm_source=google_jobs_apply&#038;utm_medium=organic\" style=\"width: 100%; display: inline-block; color: white; text-decoration: none; border-radius: 6px; font-size: 16px; font-weight: bold; text-align: center; transition: transform 0.3s ease, background 0.3s ease; margin-top: auto;\" data-namespace-id=\"5c0d2565-3ba9-4280-a382-ad2a691e2285\"><br \/>\n        <button style=\"width: 100%; height: 55px; background: #e9e9ed; border: 1px solid black; color: black;\">Apuntarse a oferta<\/button><br \/>\n    <\/a><br \/>\n    <small style=\"margin-top: 10px; color: #777; font-size: 12px; text-align: center; display: block;\">Ser\u00e1s redirigido a otro site web<\/small>\n<\/div>","protected":false},"excerpt":{"rendered":"<p>Oferta para dependienta de pasteler\u00eda media jornada. Flexibilidad y conciliaci\u00f3n, ideal para personas responsables y con experiencia en atenci\u00f3n al cliente. \u00a1Post\u00falate aqu\u00ed!<\/p>","protected":false},"author":3,"featured_media":0,"comment_status":"open","ping_status":"open","sticky":false,"template":"","format":"standard","meta":{"_uag_custom_page_level_css":"","site-sidebar-layout":"default","site-content-layout":"","ast-site-content-layout":"","site-content-style":"default","site-sidebar-style":"default","ast-global-header-display":"","ast-banner-title-visibility":"","ast-main-header-display":"","ast-hfb-above-header-display":"","ast-hfb-below-header-display":"","ast-hfb-mobile-header-display":"","site-post-title":"","ast-breadcrumbs-content":"","ast-featured-img":"","footer-sml-layout":"","theme-transparent-header-meta":"","adv-header-id-meta":"","stick-header-meta":"","header-above-stick-meta":"","header-main-stick-meta":"","header-below-stick-meta":"","astra-migrate-meta-layouts":"default","ast-page-background-enabled":"default","ast-page-background-meta":{"desktop":{"background-color":"var(--ast-global-color-4)","background-image":"","background-repeat":"repeat","background-position":"center center","background-size":"auto","background-attachment":"scroll","background-type":"","background-media":"","overlay-type":"","overlay-color":"","overlay-opacity":"","overlay-gradient":""},"tablet":{"background-color":"","background-image":"","background-repeat":"repeat","background-position":"center center","background-size":"auto","background-attachment":"scroll","background-type":"","background-media":"","overlay-type":"","overlay-color":"","overlay-opacity":"","overlay-gradient":""},"mobile":{"background-color":"","background-image":"","background-repeat":"repeat","background-position":"center center","background-size":"auto","background-attachment":"scroll","background-type":"","background-media":"","overlay-type":"","overlay-color":"","overlay-opacity":"","overlay-gradient":""}},"ast-content-background-meta":{"desktop":{"background-color":"var(--ast-global-color-5)","background-image":"","background-repeat":"repeat","background-position":"center center","background-size":"auto","background-attachment":"scroll","background-type":"","background-media":"","overlay-type":"","overlay-color":"","overlay-opacity":"","overlay-gradient":""},"tablet":{"background-color":"var(--ast-global-color-5)","background-image":"","background-repeat":"repeat","background-position":"center center","background-size":"auto","background-attachment":"scroll","background-type":"","background-media":"","overlay-type":"","overlay-color":"","overlay-opacity":"","overlay-gradient":""},"mobile":{"background-color":"var(--ast-global-color-5)","background-image":"","background-repeat":"repeat","background-position":"center center","background-size":"auto","background-attachment":"scroll","background-type":"","background-media":"","overlay-type":"","overlay-color":"","overlay-opacity":"","overlay-gradient":""}},"footnotes":""},"categories":[10],"tags":[],"yoast_head":"<!-- This site is optimized with the Yoast SEO plugin v23.3 - https:\/\/yoast.com\/wordpress\/plugins\/seo\/ -->\n<title>Dependienta Pasteler\u00eda Media Jornada: Flexibilidad y Desarrollo en Atenci\u00f3n al Cliente - Crecer en Carrera<\/title>\n<meta name=\"robots\" content=\"index, follow, max-snippet:-1, max-image-preview:large, max-video-preview:-1\" \/>\n<link rel=\"canonical\" href=\"https:\/\/crecerencarrera.com\/fr\/4bb51718-ed69-4365-95c8-7cefccdc85b4\/\" \/>\n<meta property=\"og:locale\" content=\"fr_FR\" \/>\n<meta property=\"og:type\" content=\"article\" \/>\n<meta property=\"og:title\" content=\"Dependienta Pasteler\u00eda Media Jornada: Flexibilidad y Desarrollo en Atenci\u00f3n al Cliente - Crecer en Carrera\" \/>\n<meta property=\"og:description\" content=\"Oferta para dependienta de pasteler\u00eda media jornada. Flexibilidad y conciliaci\u00f3n, ideal para personas responsables y con experiencia en atenci\u00f3n al cliente. \u00a1Post\u00falate aqu\u00ed!\" \/>\n<meta property=\"og:url\" content=\"https:\/\/crecerencarrera.com\/fr\/4bb51718-ed69-4365-95c8-7cefccdc85b4\/\" \/>\n<meta property=\"og:site_name\" content=\"Crecer en Carrera\" \/>\n<meta property=\"article:published_time\" content=\"2026-03-05T09:53:00+00:00\" \/>\n<meta property=\"article:modified_time\" content=\"2026-03-05T09:53:12+00:00\" \/>\n<meta name=\"author\" content=\"Bruno Gianni\" \/>\n<meta name=\"twitter:card\" content=\"summary_large_image\" \/>\n<meta name=\"twitter:label1\" content=\"Written by\" \/>\n\t<meta name=\"twitter:data1\" content=\"Bruno Gianni\" \/>\n\t<meta name=\"twitter:label2\" content=\"Est. reading time\" \/>\n\t<meta name=\"twitter:data2\" content=\"2 minutes\" \/>\n<script type=\"application\/ld+json\" class=\"yoast-schema-graph\">{\"@context\":\"https:\/\/schema.org\",\"@graph\":[{\"@type\":\"Article\",\"@id\":\"https:\/\/crecerencarrera.com\/4bb51718-ed69-4365-95c8-7cefccdc85b4\/#article\",\"isPartOf\":{\"@id\":\"https:\/\/crecerencarrera.com\/4bb51718-ed69-4365-95c8-7cefccdc85b4\/\"},\"author\":{\"name\":\"Bruno Gianni\",\"@id\":\"https:\/\/crecerencarrera.com\/#\/schema\/person\/d52888235fd6563bd07d97185d6a61e4\"},\"headline\":\"Dependienta Pasteler\u00eda Media Jornada: Flexibilidad y Desarrollo en Atenci\u00f3n al Cliente\",\"datePublished\":\"2026-03-05T09:53:00+00:00\",\"dateModified\":\"2026-03-05T09:53:12+00:00\",\"mainEntityOfPage\":{\"@id\":\"https:\/\/crecerencarrera.com\/4bb51718-ed69-4365-95c8-7cefccdc85b4\/\"},\"wordCount\":419,\"commentCount\":0,\"publisher\":{\"@id\":\"https:\/\/crecerencarrera.com\/#organization\"},\"articleSection\":[\"Hidden\"],\"inLanguage\":\"fr-FR\",\"potentialAction\":[{\"@type\":\"CommentAction\",\"name\":\"Comment\",\"target\":[\"https:\/\/crecerencarrera.com\/4bb51718-ed69-4365-95c8-7cefccdc85b4\/#respond\"]}]},{\"@type\":\"WebPage\",\"@id\":\"https:\/\/crecerencarrera.com\/4bb51718-ed69-4365-95c8-7cefccdc85b4\/\",\"url\":\"https:\/\/crecerencarrera.com\/4bb51718-ed69-4365-95c8-7cefccdc85b4\/\",\"name\":\"Dependienta Pasteler\u00eda Media Jornada: Flexibilidad y Desarrollo en Atenci\u00f3n al Cliente - Crecer en Carrera\",\"isPartOf\":{\"@id\":\"https:\/\/crecerencarrera.com\/#website\"},\"datePublished\":\"2026-03-05T09:53:00+00:00\",\"dateModified\":\"2026-03-05T09:53:12+00:00\",\"breadcrumb\":{\"@id\":\"https:\/\/crecerencarrera.com\/4bb51718-ed69-4365-95c8-7cefccdc85b4\/#breadcrumb\"},\"inLanguage\":\"fr-FR\",\"potentialAction\":[{\"@type\":\"ReadAction\",\"target\":[\"https:\/\/crecerencarrera.com\/4bb51718-ed69-4365-95c8-7cefccdc85b4\/\"]}]},{\"@type\":\"BreadcrumbList\",\"@id\":\"https:\/\/crecerencarrera.com\/4bb51718-ed69-4365-95c8-7cefccdc85b4\/#breadcrumb\",\"itemListElement\":[{\"@type\":\"ListItem\",\"position\":1,\"name\":\"Home\",\"item\":\"https:\/\/crecerencarrera.com\/\"},{\"@type\":\"ListItem\",\"position\":2,\"name\":\"Dependienta Pasteler\u00eda Media Jornada: Flexibilidad y Desarrollo en Atenci\u00f3n al Cliente\"}]},{\"@type\":\"WebSite\",\"@id\":\"https:\/\/crecerencarrera.com\/#website\",\"url\":\"https:\/\/crecerencarrera.com\/\",\"name\":\"Crecer en Carrera\",\"description\":\"\",\"publisher\":{\"@id\":\"https:\/\/crecerencarrera.com\/#organization\"},\"potentialAction\":[{\"@type\":\"SearchAction\",\"target\":{\"@type\":\"EntryPoint\",\"urlTemplate\":\"https:\/\/crecerencarrera.com\/?s={search_term_string}\"},\"query-input\":\"required name=search_term_string\"}],\"inLanguage\":\"fr-FR\"},{\"@type\":\"Organization\",\"@id\":\"https:\/\/crecerencarrera.com\/#organization\",\"name\":\"Crecer en Carrera\",\"url\":\"https:\/\/crecerencarrera.com\/\",\"logo\":{\"@type\":\"ImageObject\",\"inLanguage\":\"fr-FR\",\"@id\":\"https:\/\/crecerencarrera.com\/#\/schema\/logo\/image\/\",\"url\":\"https:\/\/crecerencarrera.com\/wp-content\/uploads\/sites\/604\/2025\/10\/logo-Crecer-en-carrera.svg\",\"contentUrl\":\"https:\/\/crecerencarrera.com\/wp-content\/uploads\/sites\/604\/2025\/10\/logo-Crecer-en-carrera.svg\",\"caption\":\"Crecer en Carrera\"},\"image\":{\"@id\":\"https:\/\/crecerencarrera.com\/#\/schema\/logo\/image\/\"}},{\"@type\":\"Person\",\"@id\":\"https:\/\/crecerencarrera.com\/#\/schema\/person\/d52888235fd6563bd07d97185d6a61e4\",\"name\":\"Bruno Gianni\",\"image\":{\"@type\":\"ImageObject\",\"inLanguage\":\"fr-FR\",\"@id\":\"https:\/\/crecerencarrera.com\/#\/schema\/person\/image\/\",\"url\":\"https:\/\/secure.gravatar.com\/avatar\/0f5d42d7bf77874643c1478932860e3f?s=96&d=mm&r=g\",\"contentUrl\":\"https:\/\/secure.gravatar.com\/avatar\/0f5d42d7bf77874643c1478932860e3f?s=96&d=mm&r=g\",\"caption\":\"Bruno Gianni\"},\"description\":\"Bruno writes the way he lives, with curiosity, care, and respect for people. He likes to observe, listen, and try to understand what is happening on the other side before putting any words on the page.For him, writing is not about impressing, but about getting closer. It is about turning thoughts into something simple, clear, and real. Every text is an ongoing conversation, created with care and honesty, with the sincere intention of touching someone, somewhere along the way.\",\"url\":\"https:\/\/crecerencarrera.com\/fr\/author\/bcgianni\/\"}]}<\/script>\n<!-- \/ Yoast SEO plugin. -->","yoast_head_json":{"title":"Dependienta Pasteler\u00eda Media Jornada: Flexibilidad y Desarrollo en Atenci\u00f3n al Cliente - Crecer en Carrera","robots":{"index":"index","follow":"follow","max-snippet":"max-snippet:-1","max-image-preview":"max-image-preview:large","max-video-preview":"max-video-preview:-1"},"canonical":"https:\/\/crecerencarrera.com\/fr\/4bb51718-ed69-4365-95c8-7cefccdc85b4\/","og_locale":"fr_FR","og_type":"article","og_title":"Dependienta Pasteler\u00eda Media Jornada: Flexibilidad y Desarrollo en Atenci\u00f3n al Cliente - Crecer en Carrera","og_description":"Oferta para dependienta de pasteler\u00eda media jornada. Flexibilidad y conciliaci\u00f3n, ideal para personas responsables y con experiencia en atenci\u00f3n al cliente. \u00a1Post\u00falate aqu\u00ed!","og_url":"https:\/\/crecerencarrera.com\/fr\/4bb51718-ed69-4365-95c8-7cefccdc85b4\/","og_site_name":"Crecer en Carrera","article_published_time":"2026-03-05T09:53:00+00:00","article_modified_time":"2026-03-05T09:53:12+00:00","author":"Bruno Gianni","twitter_card":"summary_large_image","twitter_misc":{"Written by":"Bruno Gianni","Est. reading time":"2 minutes"},"schema":{"@context":"https:\/\/schema.org","@graph":[{"@type":"Article","@id":"https:\/\/crecerencarrera.com\/4bb51718-ed69-4365-95c8-7cefccdc85b4\/#article","isPartOf":{"@id":"https:\/\/crecerencarrera.com\/4bb51718-ed69-4365-95c8-7cefccdc85b4\/"},"author":{"name":"Bruno Gianni","@id":"https:\/\/crecerencarrera.com\/#\/schema\/person\/d52888235fd6563bd07d97185d6a61e4"},"headline":"Dependienta Pasteler\u00eda Media Jornada: Flexibilidad y Desarrollo en Atenci\u00f3n al Cliente","datePublished":"2026-03-05T09:53:00+00:00","dateModified":"2026-03-05T09:53:12+00:00","mainEntityOfPage":{"@id":"https:\/\/crecerencarrera.com\/4bb51718-ed69-4365-95c8-7cefccdc85b4\/"},"wordCount":419,"commentCount":0,"publisher":{"@id":"https:\/\/crecerencarrera.com\/#organization"},"articleSection":["Hidden"],"inLanguage":"fr-FR","potentialAction":[{"@type":"CommentAction","name":"Comment","target":["https:\/\/crecerencarrera.com\/4bb51718-ed69-4365-95c8-7cefccdc85b4\/#respond"]}]},{"@type":"WebPage","@id":"https:\/\/crecerencarrera.com\/4bb51718-ed69-4365-95c8-7cefccdc85b4\/","url":"https:\/\/crecerencarrera.com\/4bb51718-ed69-4365-95c8-7cefccdc85b4\/","name":"Dependienta Pasteler\u00eda Media Jornada: Flexibilidad y Desarrollo en Atenci\u00f3n al Cliente - Crecer en Carrera","isPartOf":{"@id":"https:\/\/crecerencarrera.com\/#website"},"datePublished":"2026-03-05T09:53:00+00:00","dateModified":"2026-03-05T09:53:12+00:00","breadcrumb":{"@id":"https:\/\/crecerencarrera.com\/4bb51718-ed69-4365-95c8-7cefccdc85b4\/#breadcrumb"},"inLanguage":"fr-FR","potentialAction":[{"@type":"ReadAction","target":["https:\/\/crecerencarrera.com\/4bb51718-ed69-4365-95c8-7cefccdc85b4\/"]}]},{"@type":"BreadcrumbList","@id":"https:\/\/crecerencarrera.com\/4bb51718-ed69-4365-95c8-7cefccdc85b4\/#breadcrumb","itemListElement":[{"@type":"ListItem","position":1,"name":"Home","item":"https:\/\/crecerencarrera.com\/"},{"@type":"ListItem","position":2,"name":"Dependienta Pasteler\u00eda Media Jornada: Flexibilidad y Desarrollo en Atenci\u00f3n al Cliente"}]},{"@type":"WebSite","@id":"https:\/\/crecerencarrera.com\/#website","url":"https:\/\/crecerencarrera.com\/","name":"Crecer en Carrera","description":"","publisher":{"@id":"https:\/\/crecerencarrera.com\/#organization"},"potentialAction":[{"@type":"SearchAction","target":{"@type":"EntryPoint","urlTemplate":"https:\/\/crecerencarrera.com\/?s={search_term_string}"},"query-input":"required name=search_term_string"}],"inLanguage":"fr-FR"},{"@type":"Organization","@id":"https:\/\/crecerencarrera.com\/#organization","name":"Crecer en Carrera","url":"https:\/\/crecerencarrera.com\/","logo":{"@type":"ImageObject","inLanguage":"fr-FR","@id":"https:\/\/crecerencarrera.com\/#\/schema\/logo\/image\/","url":"https:\/\/crecerencarrera.com\/wp-content\/uploads\/sites\/604\/2025\/10\/logo-Crecer-en-carrera.svg","contentUrl":"https:\/\/crecerencarrera.com\/wp-content\/uploads\/sites\/604\/2025\/10\/logo-Crecer-en-carrera.svg","caption":"Crecer en Carrera"},"image":{"@id":"https:\/\/crecerencarrera.com\/#\/schema\/logo\/image\/"}},{"@type":"Person","@id":"https:\/\/crecerencarrera.com\/#\/schema\/person\/d52888235fd6563bd07d97185d6a61e4","name":"Bruno Gianni","image":{"@type":"ImageObject","inLanguage":"fr-FR","@id":"https:\/\/crecerencarrera.com\/#\/schema\/person\/image\/","url":"https:\/\/secure.gravatar.com\/avatar\/0f5d42d7bf77874643c1478932860e3f?s=96&d=mm&r=g","contentUrl":"https:\/\/secure.gravatar.com\/avatar\/0f5d42d7bf77874643c1478932860e3f?s=96&d=mm&r=g","caption":"Bruno Gianni"},"description":"Bruno writes the way he lives, with curiosity, care, and respect for people. He likes to observe, listen, and try to understand what is happening on the other side before putting any words on the page.For him, writing is not about impressing, but about getting closer. It is about turning thoughts into something simple, clear, and real. Every text is an ongoing conversation, created with care and honesty, with the sincere intention of touching someone, somewhere along the way.","url":"https:\/\/crecerencarrera.com\/fr\/author\/bcgianni\/"}]}},"uagb_featured_image_src":{"full":false,"thumbnail":false,"medium":false,"medium_large":false,"large":false,"1536x1536":false,"2048x2048":false,"trp-custom-language-flag":false},"uagb_author_info":{"display_name":"Bruno Gianni","author_link":"https:\/\/crecerencarrera.com\/fr\/author\/bcgianni\/"},"uagb_comment_info":0,"uagb_excerpt":"Oferta para dependienta de pasteler\u00eda media jornada. Flexibilidad y conciliaci\u00f3n, ideal para personas responsables y con experiencia en atenci\u00f3n al cliente. \u00a1Post\u00falate aqu\u00ed!","_links":{"self":[{"href":"https:\/\/crecerencarrera.com\/fr\/wp-json\/wp\/v2\/posts\/6701"}],"collection":[{"href":"https:\/\/crecerencarrera.com\/fr\/wp-json\/wp\/v2\/posts"}],"about":[{"href":"https:\/\/crecerencarrera.com\/fr\/wp-json\/wp\/v2\/types\/post"}],"author":[{"embeddable":true,"href":"https:\/\/crecerencarrera.com\/fr\/wp-json\/wp\/v2\/users\/3"}],"replies":[{"embeddable":true,"href":"https:\/\/crecerencarrera.com\/fr\/wp-json\/wp\/v2\/comments?post=6701"}],"version-history":[{"count":1,"href":"https:\/\/crecerencarrera.com\/fr\/wp-json\/wp\/v2\/posts\/6701\/revisions"}],"predecessor-version":[{"id":6706,"href":"https:\/\/crecerencarrera.com\/fr\/wp-json\/wp\/v2\/posts\/6701\/revisions\/6706"}],"wp:attachment":[{"href":"https:\/\/crecerencarrera.com\/fr\/wp-json\/wp\/v2\/media?parent=6701"}],"wp:term":[{"taxonomy":"category","embeddable":true,"href":"https:\/\/crecerencarrera.com\/fr\/wp-json\/wp\/v2\/categories?post=6701"},{"taxonomy":"post_tag","embeddable":true,"href":"https:\/\/crecerencarrera.com\/fr\/wp-json\/wp\/v2\/tags?post=6701"}],"curies":[{"name":"wp","href":"https:\/\/api.w.org\/{rel}","templated":true}]}}