{"id":6840,"date":"2026-03-06T09:44:00","date_gmt":"2026-03-06T09:44:00","guid":{"rendered":"https:\/\/crecerencarrera.com\/92c9b2b3-468f-4c0e-be3b-3b59d7aeae38\/"},"modified":"2026-03-06T09:44:00","modified_gmt":"2026-03-06T09:44:00","slug":"92c9b2b3-468f-4c0e-be3b-3b59d7aeae38","status":"publish","type":"post","link":"https:\/\/crecerencarrera.com\/fr\/92c9b2b3-468f-4c0e-be3b-3b59d7aeae38\/","title":{"rendered":"Jefe\/a de Calidad y Medioambiente \u2013 Proyecto estable, desarrollo y condiciones competitivas"},"content":{"rendered":"<\/p>\n<\/p>\n<div style=\"background: #ffffff; border-radius: 12px; box-shadow: 0 10px 30px rgba(0, 0, 0, 0.1); width: 100%; max-width: 340px; padding: 25px; transition: transform 0.3s ease-in-out; overflow: visible; display: flex; flex-direction: column; position: relative; border: 1px solid #28a745; margin-top: 70px; margin-bottom: 50px; margin-left: auto; margin-right: auto;\">\n<div style=\"position: absolute; top: -35px; right: 15px; color: #28a745; padding: 5px 10px; border-radius: 6px; font-size: 14px; font-weight: bold; display: flex; align-items: center; z-index: 10;\">Recommand\u00e9 pour toi<\/div>\n<div data-namespace-header=\"\" style=\"\">\n<h3 data-namespace-title=\"\" style=\"color: #333; font-size: 20px; font-weight: bold; text-align: left; margin-right: 50px; min-height: 50px; margin-top: 0px;\">Jefe\/a de Calidad y Medioambiente<\/h3>\n<\/p><\/div>\n<p data-namespace-prompt=\"\" style=\"font-size: 16px; color: #666; margin-bottom: 20px; line-height: 1.5; flex-grow: 1; text-align: left; margin-top: 0px;\">Responsable de implementar y supervisar planes de calidad y medioambiente. Proyecto estable, desarrollo profesional, salario negociable y equipo altamente cualificado.<\/p>\n<p>    <a data-namespace-url=\"\" href=\"https:\/\/crecerencarrera.com\/fr\/redirect\/?https:\/\/es.whatjobs.com\/control-calidad-jobs?id=298649720&#038;utm_campaign=google_jobs_apply&#038;utm_source=google_jobs_apply&#038;utm_medium=organic\" style=\"width: 100%; display: inline-block; color: white; text-decoration: none; border-radius: 6px; font-size: 16px; font-weight: bold; text-align: center; transition: transform 0.3s ease, background 0.3s ease; margin-top: auto;\" data-namespace-id=\"5c0d2565-3ba9-4280-a382-ad2a691e2285\"><br \/>\n        <button style=\"width: 100%; height: 55px; background: #e9e9ed; border: 1px solid black; color: black;\">Apuntarse al trabajo<\/button><br \/>\n    <\/a><br \/>\n    <small style=\"margin-top: 10px; color: #777; font-size: 12px; text-align: center; display: block;\">Ser\u00e1s redirigido a otra web<\/small>\n<\/div>\n<h2>Resumen de responsabilidades y d\u00eda a d\u00eda<\/h2>\n<p>El Jefe\/a de Calidad y Medioambiente se ocupa de implantar y controlar los sistemas de calidad y medioambiente en varias obras, asegurando el cumplimiento de normativas y objetivos corporativos.<\/p>\n<p>Es responsable de crear y supervisar planes de calidad, as\u00ed como coordinar viajes y realizar visitas a obras para revisar la ejecuci\u00f3n de los procedimientos establecidos.<\/p>\n<p>Entre sus tareas, gestiona la documentaci\u00f3n, reporta avances y coordina acciones correctivas cuando detecta desviaciones o mejoras necesarias en los procesos.<\/p>\n<p>Su gesti\u00f3n implica interacci\u00f3n continua con varios equipos, garantizando la cooperaci\u00f3n y el cumplimiento de est\u00e1ndares por parte de todos los implicados en la ejecuci\u00f3n de los proyectos.<\/p>\n<p>El desempe\u00f1o eficiente de este puesto es clave para mantener la reputaci\u00f3n y excelencia operativa de la empresa.<\/p>\n<h2>Principales caract\u00e9ristiques<\/h2>\n<p>Se ofrece un entorno de estabilidad laboral a largo plazo y la oportunidad de formar parte de un equipo profesional y consolidado con una s\u00f3lida trayectoria en el sector.<\/p>\n<p>El cargo contempla posibilidades reales de crecimiento, formaci\u00f3n continua y un salario competitivo en funci\u00f3n de la experiencia y el valor aportado.<\/p>\n<p>Destaca tambi\u00e9n la posibilidad de integrarse en un grupo l\u00edder, donde la calidad del trabajo y el desarrollo de los empleados son prioridades fundamentales.<\/p>\n<p>Las condiciones laborales permiten potenciar las competencias y habilidades del candidato, fomentando una carrera profesional satisfactoria.<\/p>\n<h2>Quelques inconv\u00e9nients \u00e0 consid\u00e9rer<\/h2>\n<p>El puesto exige disponibilidad frecuente para viajar, lo que puede dificultar conciliar la vida personal y profesional en determinadas etapas del a\u00f1o.<\/p>\n<p>La responsabilidad de supervisar m\u00faltiples proyectos puede generar situaciones de presi\u00f3n y necesidad de gestionar simult\u00e1neamente varios frentes, por lo que es imprescindible ser organizado y proactivo.<\/p>\n<p>La necesidad de actualizaci\u00f3n constante con respecto a normativas y procedimientos puede ser un reto para quienes buscan estabilidad en tareas repetitivas.<\/p>\n<h2>Veredicto final<\/h2>\n<p>En conclusi\u00f3n, la posici\u00f3n de Jefe\/a de Calidad y Medioambiente destaca por el entorno profesional, la estabilidad y las oportunidades de desarrollo.<\/p>\n<p>Es ideal para perfiles con experiencia en calidad, capacidad de liderazgo y disposici\u00f3n para asumir retos y crecer dentro de una empresa consolidada.<\/p>\n<div style=\"background: #ffffff; border-radius: 12px; box-shadow: 0 10px 30px rgba(0, 0, 0, 0.1); width: 100%; max-width: 340px; padding: 25px; transition: transform 0.3s ease-in-out; overflow: visible; display: flex; flex-direction: column; position: relative; border: 1px solid #28a745; margin-top: 70px; margin-bottom: 50px; margin-left: auto; margin-right: auto;\">\n<div style=\"position: absolute; top: -35px; right: 15px; color: #28a745; padding: 5px 10px; border-radius: 6px; font-size: 14px; font-weight: bold; display: flex; align-items: center; z-index: 10;\">Recommand\u00e9 pour toi<\/div>\n<div data-namespace-header=\"\" style=\"\">\n<h3 data-namespace-title=\"\" style=\"color: #333; font-size: 20px; font-weight: bold; text-align: left; margin-right: 50px; min-height: 50px; margin-top: 0px;\">Jefe\/a de Calidad y Medioambiente<\/h3>\n<\/p><\/div>\n<p data-namespace-prompt=\"\" style=\"font-size: 16px; color: #666; margin-bottom: 20px; line-height: 1.5; flex-grow: 1; text-align: left; margin-top: 0px;\">Responsable de implementar y supervisar planes de calidad y medioambiente. Proyecto estable, desarrollo profesional, salario negociable y equipo altamente cualificado.<\/p>\n<p>    <a data-namespace-url=\"\" href=\"https:\/\/crecerencarrera.com\/fr\/redirect\/?https:\/\/es.whatjobs.com\/control-calidad-jobs?id=298649720&#038;utm_campaign=google_jobs_apply&#038;utm_source=google_jobs_apply&#038;utm_medium=organic\" style=\"width: 100%; display: inline-block; color: white; text-decoration: none; border-radius: 6px; font-size: 16px; font-weight: bold; text-align: center; transition: transform 0.3s ease, background 0.3s ease; margin-top: auto;\" data-namespace-id=\"5c0d2565-3ba9-4280-a382-ad2a691e2285\"><br \/>\n        <button style=\"width: 100%; height: 55px; background: #e9e9ed; border: 1px solid black; color: black;\">Apuntarse al trabajo<\/button><br \/>\n    <\/a><br \/>\n    <small style=\"margin-top: 10px; color: #777; font-size: 12px; text-align: center; display: block;\">Ser\u00e1s redirigido a otra web<\/small>\n<\/div>","protected":false},"excerpt":{"rendered":"<p>Descubre los beneficios de ser Jefe\/a de Calidad y Medioambiente en una empresa l\u00edder. Proyecto estable, crecimiento profesional y condiciones competitivas. \u00a1Impulsa tu carrera aqu\u00ed!<\/p>","protected":false},"author":3,"featured_media":0,"comment_status":"open","ping_status":"open","sticky":false,"template":"","format":"standard","meta":{"_uag_custom_page_level_css":"","site-sidebar-layout":"default","site-content-layout":"","ast-site-content-layout":"","site-content-style":"default","site-sidebar-style":"default","ast-global-header-display":"","ast-banner-title-visibility":"","ast-main-header-display":"","ast-hfb-above-header-display":"","ast-hfb-below-header-display":"","ast-hfb-mobile-header-display":"","site-post-title":"","ast-breadcrumbs-content":"","ast-featured-img":"","footer-sml-layout":"","theme-transparent-header-meta":"","adv-header-id-meta":"","stick-header-meta":"","header-above-stick-meta":"","header-main-stick-meta":"","header-below-stick-meta":"","astra-migrate-meta-layouts":"default","ast-page-background-enabled":"default","ast-page-background-meta":{"desktop":{"background-color":"var(--ast-global-color-4)","background-image":"","background-repeat":"repeat","background-position":"center center","background-size":"auto","background-attachment":"scroll","background-type":"","background-media":"","overlay-type":"","overlay-color":"","overlay-opacity":"","overlay-gradient":""},"tablet":{"background-color":"","background-image":"","background-repeat":"repeat","background-position":"center center","background-size":"auto","background-attachment":"scroll","background-type":"","background-media":"","overlay-type":"","overlay-color":"","overlay-opacity":"","overlay-gradient":""},"mobile":{"background-color":"","background-image":"","background-repeat":"repeat","background-position":"center center","background-size":"auto","background-attachment":"scroll","background-type":"","background-media":"","overlay-type":"","overlay-color":"","overlay-opacity":"","overlay-gradient":""}},"ast-content-background-meta":{"desktop":{"background-color":"var(--ast-global-color-5)","background-image":"","background-repeat":"repeat","background-position":"center center","background-size":"auto","background-attachment":"scroll","background-type":"","background-media":"","overlay-type":"","overlay-color":"","overlay-opacity":"","overlay-gradient":""},"tablet":{"background-color":"var(--ast-global-color-5)","background-image":"","background-repeat":"repeat","background-position":"center center","background-size":"auto","background-attachment":"scroll","background-type":"","background-media":"","overlay-type":"","overlay-color":"","overlay-opacity":"","overlay-gradient":""},"mobile":{"background-color":"var(--ast-global-color-5)","background-image":"","background-repeat":"repeat","background-position":"center center","background-size":"auto","background-attachment":"scroll","background-type":"","background-media":"","overlay-type":"","overlay-color":"","overlay-opacity":"","overlay-gradient":""}},"footnotes":""},"categories":[10],"tags":[],"yoast_head":"<!-- This site is optimized with the Yoast SEO plugin v23.3 - https:\/\/yoast.com\/wordpress\/plugins\/seo\/ -->\n<title>Jefe\/a de Calidad y Medioambiente \u2013 Proyecto estable, desarrollo y condiciones competitivas - Crecer en Carrera<\/title>\n<meta name=\"robots\" content=\"index, follow, max-snippet:-1, max-image-preview:large, max-video-preview:-1\" \/>\n<link rel=\"canonical\" href=\"https:\/\/crecerencarrera.com\/fr\/92c9b2b3-468f-4c0e-be3b-3b59d7aeae38\/\" \/>\n<meta property=\"og:locale\" content=\"fr_FR\" \/>\n<meta property=\"og:type\" content=\"article\" \/>\n<meta property=\"og:title\" content=\"Jefe\/a de Calidad y Medioambiente \u2013 Proyecto estable, desarrollo y condiciones competitivas - Crecer en Carrera\" \/>\n<meta property=\"og:description\" content=\"Descubre los beneficios de ser Jefe\/a de Calidad y Medioambiente en una empresa l\u00edder. Proyecto estable, crecimiento profesional y condiciones competitivas. \u00a1Impulsa tu carrera aqu\u00ed!\" \/>\n<meta property=\"og:url\" content=\"https:\/\/crecerencarrera.com\/fr\/92c9b2b3-468f-4c0e-be3b-3b59d7aeae38\/\" \/>\n<meta property=\"og:site_name\" content=\"Crecer en Carrera\" \/>\n<meta property=\"article:published_time\" content=\"2026-03-06T09:44:00+00:00\" \/>\n<meta name=\"author\" content=\"Bruno Gianni\" \/>\n<meta name=\"twitter:card\" content=\"summary_large_image\" \/>\n<meta name=\"twitter:label1\" content=\"Written by\" \/>\n\t<meta name=\"twitter:data1\" content=\"Bruno Gianni\" \/>\n\t<meta name=\"twitter:label2\" content=\"Est. reading time\" \/>\n\t<meta name=\"twitter:data2\" content=\"2 minutes\" \/>\n<script type=\"application\/ld+json\" class=\"yoast-schema-graph\">{\"@context\":\"https:\/\/schema.org\",\"@graph\":[{\"@type\":\"Article\",\"@id\":\"https:\/\/crecerencarrera.com\/92c9b2b3-468f-4c0e-be3b-3b59d7aeae38\/#article\",\"isPartOf\":{\"@id\":\"https:\/\/crecerencarrera.com\/92c9b2b3-468f-4c0e-be3b-3b59d7aeae38\/\"},\"author\":{\"name\":\"Bruno Gianni\",\"@id\":\"https:\/\/crecerencarrera.com\/#\/schema\/person\/d52888235fd6563bd07d97185d6a61e4\"},\"headline\":\"Jefe\/a de Calidad y Medioambiente \u2013 Proyecto estable, desarrollo y condiciones competitivas\",\"datePublished\":\"2026-03-06T09:44:00+00:00\",\"dateModified\":\"2026-03-06T09:44:00+00:00\",\"mainEntityOfPage\":{\"@id\":\"https:\/\/crecerencarrera.com\/92c9b2b3-468f-4c0e-be3b-3b59d7aeae38\/\"},\"wordCount\":458,\"commentCount\":0,\"publisher\":{\"@id\":\"https:\/\/crecerencarrera.com\/#organization\"},\"articleSection\":[\"Hidden\"],\"inLanguage\":\"fr-FR\",\"potentialAction\":[{\"@type\":\"CommentAction\",\"name\":\"Comment\",\"target\":[\"https:\/\/crecerencarrera.com\/92c9b2b3-468f-4c0e-be3b-3b59d7aeae38\/#respond\"]}]},{\"@type\":\"WebPage\",\"@id\":\"https:\/\/crecerencarrera.com\/92c9b2b3-468f-4c0e-be3b-3b59d7aeae38\/\",\"url\":\"https:\/\/crecerencarrera.com\/92c9b2b3-468f-4c0e-be3b-3b59d7aeae38\/\",\"name\":\"Jefe\/a de Calidad y Medioambiente \u2013 Proyecto estable, desarrollo y condiciones competitivas - Crecer en Carrera\",\"isPartOf\":{\"@id\":\"https:\/\/crecerencarrera.com\/#website\"},\"datePublished\":\"2026-03-06T09:44:00+00:00\",\"dateModified\":\"2026-03-06T09:44:00+00:00\",\"breadcrumb\":{\"@id\":\"https:\/\/crecerencarrera.com\/92c9b2b3-468f-4c0e-be3b-3b59d7aeae38\/#breadcrumb\"},\"inLanguage\":\"fr-FR\",\"potentialAction\":[{\"@type\":\"ReadAction\",\"target\":[\"https:\/\/crecerencarrera.com\/92c9b2b3-468f-4c0e-be3b-3b59d7aeae38\/\"]}]},{\"@type\":\"BreadcrumbList\",\"@id\":\"https:\/\/crecerencarrera.com\/92c9b2b3-468f-4c0e-be3b-3b59d7aeae38\/#breadcrumb\",\"itemListElement\":[{\"@type\":\"ListItem\",\"position\":1,\"name\":\"Home\",\"item\":\"https:\/\/crecerencarrera.com\/\"},{\"@type\":\"ListItem\",\"position\":2,\"name\":\"Jefe\/a de Calidad y Medioambiente \u2013 Proyecto estable, desarrollo y condiciones competitivas\"}]},{\"@type\":\"WebSite\",\"@id\":\"https:\/\/crecerencarrera.com\/#website\",\"url\":\"https:\/\/crecerencarrera.com\/\",\"name\":\"Crecer en Carrera\",\"description\":\"\",\"publisher\":{\"@id\":\"https:\/\/crecerencarrera.com\/#organization\"},\"potentialAction\":[{\"@type\":\"SearchAction\",\"target\":{\"@type\":\"EntryPoint\",\"urlTemplate\":\"https:\/\/crecerencarrera.com\/?s={search_term_string}\"},\"query-input\":\"required name=search_term_string\"}],\"inLanguage\":\"fr-FR\"},{\"@type\":\"Organization\",\"@id\":\"https:\/\/crecerencarrera.com\/#organization\",\"name\":\"Crecer en Carrera\",\"url\":\"https:\/\/crecerencarrera.com\/\",\"logo\":{\"@type\":\"ImageObject\",\"inLanguage\":\"fr-FR\",\"@id\":\"https:\/\/crecerencarrera.com\/#\/schema\/logo\/image\/\",\"url\":\"https:\/\/crecerencarrera.com\/wp-content\/uploads\/sites\/604\/2025\/10\/logo-Crecer-en-carrera.svg\",\"contentUrl\":\"https:\/\/crecerencarrera.com\/wp-content\/uploads\/sites\/604\/2025\/10\/logo-Crecer-en-carrera.svg\",\"caption\":\"Crecer en Carrera\"},\"image\":{\"@id\":\"https:\/\/crecerencarrera.com\/#\/schema\/logo\/image\/\"}},{\"@type\":\"Person\",\"@id\":\"https:\/\/crecerencarrera.com\/#\/schema\/person\/d52888235fd6563bd07d97185d6a61e4\",\"name\":\"Bruno Gianni\",\"image\":{\"@type\":\"ImageObject\",\"inLanguage\":\"fr-FR\",\"@id\":\"https:\/\/crecerencarrera.com\/#\/schema\/person\/image\/\",\"url\":\"https:\/\/secure.gravatar.com\/avatar\/0f5d42d7bf77874643c1478932860e3f?s=96&d=mm&r=g\",\"contentUrl\":\"https:\/\/secure.gravatar.com\/avatar\/0f5d42d7bf77874643c1478932860e3f?s=96&d=mm&r=g\",\"caption\":\"Bruno Gianni\"},\"description\":\"Bruno writes the way he lives, with curiosity, care, and respect for people. He likes to observe, listen, and try to understand what is happening on the other side before putting any words on the page.For him, writing is not about impressing, but about getting closer. It is about turning thoughts into something simple, clear, and real. Every text is an ongoing conversation, created with care and honesty, with the sincere intention of touching someone, somewhere along the way.\",\"url\":\"https:\/\/crecerencarrera.com\/fr\/author\/bcgianni\/\"}]}<\/script>\n<!-- \/ Yoast SEO plugin. -->","yoast_head_json":{"title":"Jefe\/a de Calidad y Medioambiente \u2013 Proyecto estable, desarrollo y condiciones competitivas - Crecer en Carrera","robots":{"index":"index","follow":"follow","max-snippet":"max-snippet:-1","max-image-preview":"max-image-preview:large","max-video-preview":"max-video-preview:-1"},"canonical":"https:\/\/crecerencarrera.com\/fr\/92c9b2b3-468f-4c0e-be3b-3b59d7aeae38\/","og_locale":"fr_FR","og_type":"article","og_title":"Jefe\/a de Calidad y Medioambiente \u2013 Proyecto estable, desarrollo y condiciones competitivas - Crecer en Carrera","og_description":"Descubre los beneficios de ser Jefe\/a de Calidad y Medioambiente en una empresa l\u00edder. Proyecto estable, crecimiento profesional y condiciones competitivas. \u00a1Impulsa tu carrera aqu\u00ed!","og_url":"https:\/\/crecerencarrera.com\/fr\/92c9b2b3-468f-4c0e-be3b-3b59d7aeae38\/","og_site_name":"Crecer en Carrera","article_published_time":"2026-03-06T09:44:00+00:00","author":"Bruno Gianni","twitter_card":"summary_large_image","twitter_misc":{"Written by":"Bruno Gianni","Est. reading time":"2 minutes"},"schema":{"@context":"https:\/\/schema.org","@graph":[{"@type":"Article","@id":"https:\/\/crecerencarrera.com\/92c9b2b3-468f-4c0e-be3b-3b59d7aeae38\/#article","isPartOf":{"@id":"https:\/\/crecerencarrera.com\/92c9b2b3-468f-4c0e-be3b-3b59d7aeae38\/"},"author":{"name":"Bruno Gianni","@id":"https:\/\/crecerencarrera.com\/#\/schema\/person\/d52888235fd6563bd07d97185d6a61e4"},"headline":"Jefe\/a de Calidad y Medioambiente \u2013 Proyecto estable, desarrollo y condiciones competitivas","datePublished":"2026-03-06T09:44:00+00:00","dateModified":"2026-03-06T09:44:00+00:00","mainEntityOfPage":{"@id":"https:\/\/crecerencarrera.com\/92c9b2b3-468f-4c0e-be3b-3b59d7aeae38\/"},"wordCount":458,"commentCount":0,"publisher":{"@id":"https:\/\/crecerencarrera.com\/#organization"},"articleSection":["Hidden"],"inLanguage":"fr-FR","potentialAction":[{"@type":"CommentAction","name":"Comment","target":["https:\/\/crecerencarrera.com\/92c9b2b3-468f-4c0e-be3b-3b59d7aeae38\/#respond"]}]},{"@type":"WebPage","@id":"https:\/\/crecerencarrera.com\/92c9b2b3-468f-4c0e-be3b-3b59d7aeae38\/","url":"https:\/\/crecerencarrera.com\/92c9b2b3-468f-4c0e-be3b-3b59d7aeae38\/","name":"Jefe\/a de Calidad y Medioambiente \u2013 Proyecto estable, desarrollo y condiciones competitivas - Crecer en Carrera","isPartOf":{"@id":"https:\/\/crecerencarrera.com\/#website"},"datePublished":"2026-03-06T09:44:00+00:00","dateModified":"2026-03-06T09:44:00+00:00","breadcrumb":{"@id":"https:\/\/crecerencarrera.com\/92c9b2b3-468f-4c0e-be3b-3b59d7aeae38\/#breadcrumb"},"inLanguage":"fr-FR","potentialAction":[{"@type":"ReadAction","target":["https:\/\/crecerencarrera.com\/92c9b2b3-468f-4c0e-be3b-3b59d7aeae38\/"]}]},{"@type":"BreadcrumbList","@id":"https:\/\/crecerencarrera.com\/92c9b2b3-468f-4c0e-be3b-3b59d7aeae38\/#breadcrumb","itemListElement":[{"@type":"ListItem","position":1,"name":"Home","item":"https:\/\/crecerencarrera.com\/"},{"@type":"ListItem","position":2,"name":"Jefe\/a de Calidad y Medioambiente \u2013 Proyecto estable, desarrollo y condiciones competitivas"}]},{"@type":"WebSite","@id":"https:\/\/crecerencarrera.com\/#website","url":"https:\/\/crecerencarrera.com\/","name":"Crecer en Carrera","description":"","publisher":{"@id":"https:\/\/crecerencarrera.com\/#organization"},"potentialAction":[{"@type":"SearchAction","target":{"@type":"EntryPoint","urlTemplate":"https:\/\/crecerencarrera.com\/?s={search_term_string}"},"query-input":"required name=search_term_string"}],"inLanguage":"fr-FR"},{"@type":"Organization","@id":"https:\/\/crecerencarrera.com\/#organization","name":"Crecer en Carrera","url":"https:\/\/crecerencarrera.com\/","logo":{"@type":"ImageObject","inLanguage":"fr-FR","@id":"https:\/\/crecerencarrera.com\/#\/schema\/logo\/image\/","url":"https:\/\/crecerencarrera.com\/wp-content\/uploads\/sites\/604\/2025\/10\/logo-Crecer-en-carrera.svg","contentUrl":"https:\/\/crecerencarrera.com\/wp-content\/uploads\/sites\/604\/2025\/10\/logo-Crecer-en-carrera.svg","caption":"Crecer en Carrera"},"image":{"@id":"https:\/\/crecerencarrera.com\/#\/schema\/logo\/image\/"}},{"@type":"Person","@id":"https:\/\/crecerencarrera.com\/#\/schema\/person\/d52888235fd6563bd07d97185d6a61e4","name":"Bruno Gianni","image":{"@type":"ImageObject","inLanguage":"fr-FR","@id":"https:\/\/crecerencarrera.com\/#\/schema\/person\/image\/","url":"https:\/\/secure.gravatar.com\/avatar\/0f5d42d7bf77874643c1478932860e3f?s=96&d=mm&r=g","contentUrl":"https:\/\/secure.gravatar.com\/avatar\/0f5d42d7bf77874643c1478932860e3f?s=96&d=mm&r=g","caption":"Bruno Gianni"},"description":"Bruno writes the way he lives, with curiosity, care, and respect for people. He likes to observe, listen, and try to understand what is happening on the other side before putting any words on the page.For him, writing is not about impressing, but about getting closer. It is about turning thoughts into something simple, clear, and real. Every text is an ongoing conversation, created with care and honesty, with the sincere intention of touching someone, somewhere along the way.","url":"https:\/\/crecerencarrera.com\/fr\/author\/bcgianni\/"}]}},"uagb_featured_image_src":{"full":false,"thumbnail":false,"medium":false,"medium_large":false,"large":false,"1536x1536":false,"2048x2048":false,"trp-custom-language-flag":false},"uagb_author_info":{"display_name":"Bruno Gianni","author_link":"https:\/\/crecerencarrera.com\/fr\/author\/bcgianni\/"},"uagb_comment_info":0,"uagb_excerpt":"Descubre los beneficios de ser Jefe\/a de Calidad y Medioambiente en una empresa l\u00edder. Proyecto estable, crecimiento profesional y condiciones competitivas. \u00a1Impulsa tu carrera aqu\u00ed!","_links":{"self":[{"href":"https:\/\/crecerencarrera.com\/fr\/wp-json\/wp\/v2\/posts\/6840"}],"collection":[{"href":"https:\/\/crecerencarrera.com\/fr\/wp-json\/wp\/v2\/posts"}],"about":[{"href":"https:\/\/crecerencarrera.com\/fr\/wp-json\/wp\/v2\/types\/post"}],"author":[{"embeddable":true,"href":"https:\/\/crecerencarrera.com\/fr\/wp-json\/wp\/v2\/users\/3"}],"replies":[{"embeddable":true,"href":"https:\/\/crecerencarrera.com\/fr\/wp-json\/wp\/v2\/comments?post=6840"}],"version-history":[{"count":1,"href":"https:\/\/crecerencarrera.com\/fr\/wp-json\/wp\/v2\/posts\/6840\/revisions"}],"predecessor-version":[{"id":6846,"href":"https:\/\/crecerencarrera.com\/fr\/wp-json\/wp\/v2\/posts\/6840\/revisions\/6846"}],"wp:attachment":[{"href":"https:\/\/crecerencarrera.com\/fr\/wp-json\/wp\/v2\/media?parent=6840"}],"wp:term":[{"taxonomy":"category","embeddable":true,"href":"https:\/\/crecerencarrera.com\/fr\/wp-json\/wp\/v2\/categories?post=6840"},{"taxonomy":"post_tag","embeddable":true,"href":"https:\/\/crecerencarrera.com\/fr\/wp-json\/wp\/v2\/tags?post=6840"}],"curies":[{"name":"wp","href":"https:\/\/api.w.org\/{rel}","templated":true}]}}