{"id":7020,"date":"2026-03-07T19:28:00","date_gmt":"2026-03-07T19:28:00","guid":{"rendered":"https:\/\/crecerencarrera.com\/f8792ded-1c27-4d3a-bd37-914bb8d532ce\/"},"modified":"2026-03-07T19:28:18","modified_gmt":"2026-03-07T19:28:18","slug":"f8792ded-1c27-4d3a-bd37-914bb8d532ce","status":"publish","type":"post","link":"https:\/\/crecerencarrera.com\/fr\/f8792ded-1c27-4d3a-bd37-914bb8d532ce\/","title":{"rendered":"Gerente: Liderazgo Estable y Paquete Competitivo en PYME Consolidada"},"content":{"rendered":"<\/p>\n<\/p>\n<div style=\"background: #ffffff; border-radius: 12px; box-shadow: 0 10px 30px rgba(0, 0, 0, 0.1); width: 100%; max-width: 340px; padding: 25px; transition: transform 0.3s ease-in-out; overflow: visible; display: flex; flex-direction: column; position: relative; border: 1px solid #28a745; margin-top: 70px; margin-bottom: 50px; margin-left: auto; margin-right: auto;\">\n<div style=\"position: absolute; top: -35px; right: 15px; color: #28a745; padding: 5px 10px; border-radius: 6px; font-size: 14px; font-weight: bold; display: flex; align-items: center; z-index: 10;\">Recommand\u00e9 pour toi<\/div>\n<div data-namespace-header=\"\" style=\"\">\n<h3 data-namespace-title=\"\" style=\"color: #333; font-size: 20px; font-weight: bold; text-align: left; margin-right: 50px; min-height: 50px; margin-top: 0px;\">Gerente<\/h3>\n<\/p><\/div>\n<p data-namespace-prompt=\"\" style=\"font-size: 16px; color: #666; margin-bottom: 20px; line-height: 1.5; flex-grow: 1; text-align: left; margin-top: 0px;\">Gestiona personas y procesos, lidera la mejora continua y disfruta de un contrato estable con salario competitivo. Se busca experiencia en gesti\u00f3n y liderazgo.<\/p>\n<p>    <a data-namespace-url=\"\" href=\"https:\/\/crecerencarrera.com\/fr\/redirect\/?https:\/\/jobs.betancourt.pro\/jobs\/7211926-gerente?utm_campaign=google_jobs_apply&#038;utm_source=google_jobs_apply&#038;utm_medium=organic\" style=\"width: 100%; display: inline-block; color: white; text-decoration: none; border-radius: 6px; font-size: 16px; font-weight: bold; text-align: center; transition: transform 0.3s ease, background 0.3s ease; margin-top: auto;\" data-namespace-id=\"5c0d2565-3ba9-4280-a382-ad2a691e2285\"><br \/>\n        <button style=\"width: 100%; height: 55px; background: #e9e9ed; border: 1px solid black; color: black;\">Postulaire \u00e0 l&#039;emploi<\/button><br \/>\n    <\/a><br \/>\n    <small style=\"margin-top: 10px; color: #777; font-size: 12px; text-align: center; display: block;\">Ser\u00e1s redirigido a otra web<\/small>\n<\/div>\n<h2>Responsabilit\u00e9s du jour \u00e0 jour<\/h2>\n<p>Como gerente, tus funciones incluyen coordinar \u00e1reas clave, liderar equipos y optimizar procesos internos para garantizar la eficiencia operativa.<\/p>\n<p>Deber\u00e1s establecer indicadores de desempe\u00f1o, priorizar tareas y asegurar una comunicaci\u00f3n fluida entre todos los departamentos de la empresa.<\/p>\n<p>Tambi\u00e9n gestionar\u00e1s presupuestos y coordinar\u00e1s informes de resultados para la direcci\u00f3n, basado en un enfoque pr\u00e1ctico y de mejora continua.<\/p>\n<p>La gesti\u00f3n transversal de la organizaci\u00f3n es fundamental, promoviendo la colaboraci\u00f3n y alineando los objetivos de todas las \u00e1reas hacia el crecimiento sostenible.<\/p>\n<p>Ser\u00e1s el v\u00ednculo directo con la propiedad, traduciendo las necesidades estrat\u00e9gicas en acciones diarias concretas y evaluando los avances del equipo.<\/p>\n<h2>Principales caract\u00e9ristiques<\/h2>\n<p>Lo m\u00e1s atractivo de este puesto es la estabilidad laboral, ya que se trata de una contrataci\u00f3n indefinida con paquete retributivo competitivo.<\/p>\n<p>Se valora tanto el salario fijo como la parte variable, otorgando reconocimiento al desempe\u00f1o y facilitando la motivaci\u00f3n continua en los retos diarios.<\/p>\n<p>El impacto real en la toma de decisiones y en la mejora de procesos hace de esta oportunidad una v\u00eda para dejar huella en la organizaci\u00f3n.<\/p>\n<p>Puedes desarrollar habilidades de liderazgo con visi\u00f3n 360\u00ba y obtener reconocimiento impulsando cambios duraderos dentro de la compa\u00f1\u00eda.<\/p>\n<h2>Desventajas o aspectos a considerar<\/h2>\n<p>La alta demanda de coordinaci\u00f3n puede generar cierta presi\u00f3n, especialmente por la necesidad de alinear varias \u00e1reas simult\u00e1neamente.<\/p>\n<p>El puesto requiere experiencia demostrable y capacidad probada para la toma de decisiones r\u00e1pidas y acertadas.<\/p>\n<p>La compa\u00f1\u00eda valora la constancia y continuidad en su gesti\u00f3n, por lo que se espera una implicaci\u00f3n total y estabilidad profesional.<\/p>\n<p>Pueden surgir retos en la interlocuci\u00f3n directa con la propiedad, exigiendo flexibilidad y adaptaci\u00f3n al cambio frecuentemente.<\/p>\n<h2>Veredicto<\/h2>\n<p>El puesto de Gerente en esta PYME est\u00e1 orientado a profesionales con experiencia en gesti\u00f3n transversal y liderazgo de equipos multidisciplinares.<\/p>\n<p>Ofrece estabilidad, crecimiento y reconocimiento, ideal para quienes buscan consolidar su carrera y aportar valor en una estructura s\u00f3lida.<\/p>\n<div style=\"background: #ffffff; border-radius: 12px; box-shadow: 0 10px 30px rgba(0, 0, 0, 0.1); width: 100%; max-width: 340px; padding: 25px; transition: transform 0.3s ease-in-out; overflow: visible; display: flex; flex-direction: column; position: relative; border: 1px solid #28a745; margin-top: 70px; margin-bottom: 50px; margin-left: auto; margin-right: auto;\">\n<div style=\"position: absolute; top: -35px; right: 15px; color: #28a745; padding: 5px 10px; border-radius: 6px; font-size: 14px; font-weight: bold; display: flex; align-items: center; z-index: 10;\">Recommand\u00e9 pour toi<\/div>\n<div data-namespace-header=\"\" style=\"\">\n<h3 data-namespace-title=\"\" style=\"color: #333; font-size: 20px; font-weight: bold; text-align: left; margin-right: 50px; min-height: 50px; margin-top: 0px;\">Gerente<\/h3>\n<\/p><\/div>\n<p data-namespace-prompt=\"\" style=\"font-size: 16px; color: #666; margin-bottom: 20px; line-height: 1.5; flex-grow: 1; text-align: left; margin-top: 0px;\">Gestiona personas y procesos, lidera la mejora continua y disfruta de un contrato estable con salario competitivo. Se busca experiencia en gesti\u00f3n y liderazgo.<\/p>\n<p>    <a data-namespace-url=\"\" href=\"https:\/\/crecerencarrera.com\/fr\/redirect\/?https:\/\/jobs.betancourt.pro\/jobs\/7211926-gerente?utm_campaign=google_jobs_apply&#038;utm_source=google_jobs_apply&#038;utm_medium=organic\" style=\"width: 100%; display: inline-block; color: white; text-decoration: none; border-radius: 6px; font-size: 16px; font-weight: bold; text-align: center; transition: transform 0.3s ease, background 0.3s ease; margin-top: auto;\" data-namespace-id=\"5c0d2565-3ba9-4280-a382-ad2a691e2285\"><br \/>\n        <button style=\"width: 100%; height: 55px; background: #e9e9ed; border: 1px solid black; color: black;\">Postulaire \u00e0 l&#039;emploi<\/button><br \/>\n    <\/a><br \/>\n    <small style=\"margin-top: 10px; color: #777; font-size: 12px; text-align: center; display: block;\">Ser\u00e1s redirigido a otra web<\/small>\n<\/div>","protected":false},"excerpt":{"rendered":"<p>Oferta de empleo para gerente con contrato indefinido y salario competitivo. Ideal para profesionales con experiencia en liderazgo y gesti\u00f3n. Lee el an\u00e1lisis completo y conoce todos los detalles aqu\u00ed.<\/p>","protected":false},"author":3,"featured_media":0,"comment_status":"open","ping_status":"open","sticky":false,"template":"","format":"standard","meta":{"_uag_custom_page_level_css":"","site-sidebar-layout":"default","site-content-layout":"","ast-site-content-layout":"","site-content-style":"default","site-sidebar-style":"default","ast-global-header-display":"","ast-banner-title-visibility":"","ast-main-header-display":"","ast-hfb-above-header-display":"","ast-hfb-below-header-display":"","ast-hfb-mobile-header-display":"","site-post-title":"","ast-breadcrumbs-content":"","ast-featured-img":"","footer-sml-layout":"","theme-transparent-header-meta":"","adv-header-id-meta":"","stick-header-meta":"","header-above-stick-meta":"","header-main-stick-meta":"","header-below-stick-meta":"","astra-migrate-meta-layouts":"default","ast-page-background-enabled":"default","ast-page-background-meta":{"desktop":{"background-color":"var(--ast-global-color-4)","background-image":"","background-repeat":"repeat","background-position":"center center","background-size":"auto","background-attachment":"scroll","background-type":"","background-media":"","overlay-type":"","overlay-color":"","overlay-opacity":"","overlay-gradient":""},"tablet":{"background-color":"","background-image":"","background-repeat":"repeat","background-position":"center center","background-size":"auto","background-attachment":"scroll","background-type":"","background-media":"","overlay-type":"","overlay-color":"","overlay-opacity":"","overlay-gradient":""},"mobile":{"background-color":"","background-image":"","background-repeat":"repeat","background-position":"center center","background-size":"auto","background-attachment":"scroll","background-type":"","background-media":"","overlay-type":"","overlay-color":"","overlay-opacity":"","overlay-gradient":""}},"ast-content-background-meta":{"desktop":{"background-color":"var(--ast-global-color-5)","background-image":"","background-repeat":"repeat","background-position":"center center","background-size":"auto","background-attachment":"scroll","background-type":"","background-media":"","overlay-type":"","overlay-color":"","overlay-opacity":"","overlay-gradient":""},"tablet":{"background-color":"var(--ast-global-color-5)","background-image":"","background-repeat":"repeat","background-position":"center center","background-size":"auto","background-attachment":"scroll","background-type":"","background-media":"","overlay-type":"","overlay-color":"","overlay-opacity":"","overlay-gradient":""},"mobile":{"background-color":"var(--ast-global-color-5)","background-image":"","background-repeat":"repeat","background-position":"center center","background-size":"auto","background-attachment":"scroll","background-type":"","background-media":"","overlay-type":"","overlay-color":"","overlay-opacity":"","overlay-gradient":""}},"footnotes":""},"categories":[10],"tags":[],"yoast_head":"<!-- This site is optimized with the Yoast SEO plugin v23.3 - https:\/\/yoast.com\/wordpress\/plugins\/seo\/ -->\n<title>Gerente: Liderazgo Estable y Paquete Competitivo en PYME Consolidada - Crecer en Carrera<\/title>\n<meta name=\"robots\" content=\"index, follow, max-snippet:-1, max-image-preview:large, max-video-preview:-1\" \/>\n<link rel=\"canonical\" href=\"https:\/\/crecerencarrera.com\/fr\/f8792ded-1c27-4d3a-bd37-914bb8d532ce\/\" \/>\n<meta property=\"og:locale\" content=\"fr_FR\" \/>\n<meta property=\"og:type\" content=\"article\" \/>\n<meta property=\"og:title\" content=\"Gerente: Liderazgo Estable y Paquete Competitivo en PYME Consolidada - Crecer en Carrera\" \/>\n<meta property=\"og:description\" content=\"Oferta de empleo para gerente con contrato indefinido y salario competitivo. Ideal para profesionales con experiencia en liderazgo y gesti\u00f3n. Lee el an\u00e1lisis completo y conoce todos los detalles aqu\u00ed.\" \/>\n<meta property=\"og:url\" content=\"https:\/\/crecerencarrera.com\/fr\/f8792ded-1c27-4d3a-bd37-914bb8d532ce\/\" \/>\n<meta property=\"og:site_name\" content=\"Crecer en Carrera\" \/>\n<meta property=\"article:published_time\" content=\"2026-03-07T19:28:00+00:00\" \/>\n<meta property=\"article:modified_time\" content=\"2026-03-07T19:28:18+00:00\" \/>\n<meta name=\"author\" content=\"Bruno Gianni\" \/>\n<meta name=\"twitter:card\" content=\"summary_large_image\" \/>\n<meta name=\"twitter:label1\" content=\"Written by\" \/>\n\t<meta name=\"twitter:data1\" content=\"Bruno Gianni\" \/>\n\t<meta name=\"twitter:label2\" content=\"Est. reading time\" \/>\n\t<meta name=\"twitter:data2\" content=\"2 minutes\" \/>\n<script type=\"application\/ld+json\" class=\"yoast-schema-graph\">{\"@context\":\"https:\/\/schema.org\",\"@graph\":[{\"@type\":\"Article\",\"@id\":\"https:\/\/crecerencarrera.com\/f8792ded-1c27-4d3a-bd37-914bb8d532ce\/#article\",\"isPartOf\":{\"@id\":\"https:\/\/crecerencarrera.com\/f8792ded-1c27-4d3a-bd37-914bb8d532ce\/\"},\"author\":{\"name\":\"Bruno Gianni\",\"@id\":\"https:\/\/crecerencarrera.com\/#\/schema\/person\/d52888235fd6563bd07d97185d6a61e4\"},\"headline\":\"Gerente: Liderazgo Estable y Paquete Competitivo en PYME Consolidada\",\"datePublished\":\"2026-03-07T19:28:00+00:00\",\"dateModified\":\"2026-03-07T19:28:18+00:00\",\"mainEntityOfPage\":{\"@id\":\"https:\/\/crecerencarrera.com\/f8792ded-1c27-4d3a-bd37-914bb8d532ce\/\"},\"wordCount\":435,\"commentCount\":0,\"publisher\":{\"@id\":\"https:\/\/crecerencarrera.com\/#organization\"},\"articleSection\":[\"Hidden\"],\"inLanguage\":\"fr-FR\",\"potentialAction\":[{\"@type\":\"CommentAction\",\"name\":\"Comment\",\"target\":[\"https:\/\/crecerencarrera.com\/f8792ded-1c27-4d3a-bd37-914bb8d532ce\/#respond\"]}]},{\"@type\":\"WebPage\",\"@id\":\"https:\/\/crecerencarrera.com\/f8792ded-1c27-4d3a-bd37-914bb8d532ce\/\",\"url\":\"https:\/\/crecerencarrera.com\/f8792ded-1c27-4d3a-bd37-914bb8d532ce\/\",\"name\":\"Gerente: Liderazgo Estable y Paquete Competitivo en PYME Consolidada - Crecer en Carrera\",\"isPartOf\":{\"@id\":\"https:\/\/crecerencarrera.com\/#website\"},\"datePublished\":\"2026-03-07T19:28:00+00:00\",\"dateModified\":\"2026-03-07T19:28:18+00:00\",\"breadcrumb\":{\"@id\":\"https:\/\/crecerencarrera.com\/f8792ded-1c27-4d3a-bd37-914bb8d532ce\/#breadcrumb\"},\"inLanguage\":\"fr-FR\",\"potentialAction\":[{\"@type\":\"ReadAction\",\"target\":[\"https:\/\/crecerencarrera.com\/f8792ded-1c27-4d3a-bd37-914bb8d532ce\/\"]}]},{\"@type\":\"BreadcrumbList\",\"@id\":\"https:\/\/crecerencarrera.com\/f8792ded-1c27-4d3a-bd37-914bb8d532ce\/#breadcrumb\",\"itemListElement\":[{\"@type\":\"ListItem\",\"position\":1,\"name\":\"Home\",\"item\":\"https:\/\/crecerencarrera.com\/\"},{\"@type\":\"ListItem\",\"position\":2,\"name\":\"Gerente: Liderazgo Estable y Paquete Competitivo en PYME Consolidada\"}]},{\"@type\":\"WebSite\",\"@id\":\"https:\/\/crecerencarrera.com\/#website\",\"url\":\"https:\/\/crecerencarrera.com\/\",\"name\":\"Crecer en Carrera\",\"description\":\"\",\"publisher\":{\"@id\":\"https:\/\/crecerencarrera.com\/#organization\"},\"potentialAction\":[{\"@type\":\"SearchAction\",\"target\":{\"@type\":\"EntryPoint\",\"urlTemplate\":\"https:\/\/crecerencarrera.com\/?s={search_term_string}\"},\"query-input\":\"required name=search_term_string\"}],\"inLanguage\":\"fr-FR\"},{\"@type\":\"Organization\",\"@id\":\"https:\/\/crecerencarrera.com\/#organization\",\"name\":\"Crecer en Carrera\",\"url\":\"https:\/\/crecerencarrera.com\/\",\"logo\":{\"@type\":\"ImageObject\",\"inLanguage\":\"fr-FR\",\"@id\":\"https:\/\/crecerencarrera.com\/#\/schema\/logo\/image\/\",\"url\":\"https:\/\/crecerencarrera.com\/wp-content\/uploads\/sites\/604\/2025\/10\/logo-Crecer-en-carrera.svg\",\"contentUrl\":\"https:\/\/crecerencarrera.com\/wp-content\/uploads\/sites\/604\/2025\/10\/logo-Crecer-en-carrera.svg\",\"caption\":\"Crecer en Carrera\"},\"image\":{\"@id\":\"https:\/\/crecerencarrera.com\/#\/schema\/logo\/image\/\"}},{\"@type\":\"Person\",\"@id\":\"https:\/\/crecerencarrera.com\/#\/schema\/person\/d52888235fd6563bd07d97185d6a61e4\",\"name\":\"Bruno Gianni\",\"image\":{\"@type\":\"ImageObject\",\"inLanguage\":\"fr-FR\",\"@id\":\"https:\/\/crecerencarrera.com\/#\/schema\/person\/image\/\",\"url\":\"https:\/\/secure.gravatar.com\/avatar\/0f5d42d7bf77874643c1478932860e3f?s=96&d=mm&r=g\",\"contentUrl\":\"https:\/\/secure.gravatar.com\/avatar\/0f5d42d7bf77874643c1478932860e3f?s=96&d=mm&r=g\",\"caption\":\"Bruno Gianni\"},\"description\":\"Bruno writes the way he lives, with curiosity, care, and respect for people. He likes to observe, listen, and try to understand what is happening on the other side before putting any words on the page.For him, writing is not about impressing, but about getting closer. It is about turning thoughts into something simple, clear, and real. Every text is an ongoing conversation, created with care and honesty, with the sincere intention of touching someone, somewhere along the way.\",\"url\":\"https:\/\/crecerencarrera.com\/fr\/author\/bcgianni\/\"}]}<\/script>\n<!-- \/ Yoast SEO plugin. -->","yoast_head_json":{"title":"Gerente: Liderazgo Estable y Paquete Competitivo en PYME Consolidada - Crecer en Carrera","robots":{"index":"index","follow":"follow","max-snippet":"max-snippet:-1","max-image-preview":"max-image-preview:large","max-video-preview":"max-video-preview:-1"},"canonical":"https:\/\/crecerencarrera.com\/fr\/f8792ded-1c27-4d3a-bd37-914bb8d532ce\/","og_locale":"fr_FR","og_type":"article","og_title":"Gerente: Liderazgo Estable y Paquete Competitivo en PYME Consolidada - Crecer en Carrera","og_description":"Oferta de empleo para gerente con contrato indefinido y salario competitivo. Ideal para profesionales con experiencia en liderazgo y gesti\u00f3n. Lee el an\u00e1lisis completo y conoce todos los detalles aqu\u00ed.","og_url":"https:\/\/crecerencarrera.com\/fr\/f8792ded-1c27-4d3a-bd37-914bb8d532ce\/","og_site_name":"Crecer en Carrera","article_published_time":"2026-03-07T19:28:00+00:00","article_modified_time":"2026-03-07T19:28:18+00:00","author":"Bruno Gianni","twitter_card":"summary_large_image","twitter_misc":{"Written by":"Bruno Gianni","Est. reading time":"2 minutes"},"schema":{"@context":"https:\/\/schema.org","@graph":[{"@type":"Article","@id":"https:\/\/crecerencarrera.com\/f8792ded-1c27-4d3a-bd37-914bb8d532ce\/#article","isPartOf":{"@id":"https:\/\/crecerencarrera.com\/f8792ded-1c27-4d3a-bd37-914bb8d532ce\/"},"author":{"name":"Bruno Gianni","@id":"https:\/\/crecerencarrera.com\/#\/schema\/person\/d52888235fd6563bd07d97185d6a61e4"},"headline":"Gerente: Liderazgo Estable y Paquete Competitivo en PYME Consolidada","datePublished":"2026-03-07T19:28:00+00:00","dateModified":"2026-03-07T19:28:18+00:00","mainEntityOfPage":{"@id":"https:\/\/crecerencarrera.com\/f8792ded-1c27-4d3a-bd37-914bb8d532ce\/"},"wordCount":435,"commentCount":0,"publisher":{"@id":"https:\/\/crecerencarrera.com\/#organization"},"articleSection":["Hidden"],"inLanguage":"fr-FR","potentialAction":[{"@type":"CommentAction","name":"Comment","target":["https:\/\/crecerencarrera.com\/f8792ded-1c27-4d3a-bd37-914bb8d532ce\/#respond"]}]},{"@type":"WebPage","@id":"https:\/\/crecerencarrera.com\/f8792ded-1c27-4d3a-bd37-914bb8d532ce\/","url":"https:\/\/crecerencarrera.com\/f8792ded-1c27-4d3a-bd37-914bb8d532ce\/","name":"Gerente: Liderazgo Estable y Paquete Competitivo en PYME Consolidada - Crecer en Carrera","isPartOf":{"@id":"https:\/\/crecerencarrera.com\/#website"},"datePublished":"2026-03-07T19:28:00+00:00","dateModified":"2026-03-07T19:28:18+00:00","breadcrumb":{"@id":"https:\/\/crecerencarrera.com\/f8792ded-1c27-4d3a-bd37-914bb8d532ce\/#breadcrumb"},"inLanguage":"fr-FR","potentialAction":[{"@type":"ReadAction","target":["https:\/\/crecerencarrera.com\/f8792ded-1c27-4d3a-bd37-914bb8d532ce\/"]}]},{"@type":"BreadcrumbList","@id":"https:\/\/crecerencarrera.com\/f8792ded-1c27-4d3a-bd37-914bb8d532ce\/#breadcrumb","itemListElement":[{"@type":"ListItem","position":1,"name":"Home","item":"https:\/\/crecerencarrera.com\/"},{"@type":"ListItem","position":2,"name":"Gerente: Liderazgo Estable y Paquete Competitivo en PYME Consolidada"}]},{"@type":"WebSite","@id":"https:\/\/crecerencarrera.com\/#website","url":"https:\/\/crecerencarrera.com\/","name":"Crecer en Carrera","description":"","publisher":{"@id":"https:\/\/crecerencarrera.com\/#organization"},"potentialAction":[{"@type":"SearchAction","target":{"@type":"EntryPoint","urlTemplate":"https:\/\/crecerencarrera.com\/?s={search_term_string}"},"query-input":"required name=search_term_string"}],"inLanguage":"fr-FR"},{"@type":"Organization","@id":"https:\/\/crecerencarrera.com\/#organization","name":"Crecer en Carrera","url":"https:\/\/crecerencarrera.com\/","logo":{"@type":"ImageObject","inLanguage":"fr-FR","@id":"https:\/\/crecerencarrera.com\/#\/schema\/logo\/image\/","url":"https:\/\/crecerencarrera.com\/wp-content\/uploads\/sites\/604\/2025\/10\/logo-Crecer-en-carrera.svg","contentUrl":"https:\/\/crecerencarrera.com\/wp-content\/uploads\/sites\/604\/2025\/10\/logo-Crecer-en-carrera.svg","caption":"Crecer en Carrera"},"image":{"@id":"https:\/\/crecerencarrera.com\/#\/schema\/logo\/image\/"}},{"@type":"Person","@id":"https:\/\/crecerencarrera.com\/#\/schema\/person\/d52888235fd6563bd07d97185d6a61e4","name":"Bruno Gianni","image":{"@type":"ImageObject","inLanguage":"fr-FR","@id":"https:\/\/crecerencarrera.com\/#\/schema\/person\/image\/","url":"https:\/\/secure.gravatar.com\/avatar\/0f5d42d7bf77874643c1478932860e3f?s=96&d=mm&r=g","contentUrl":"https:\/\/secure.gravatar.com\/avatar\/0f5d42d7bf77874643c1478932860e3f?s=96&d=mm&r=g","caption":"Bruno Gianni"},"description":"Bruno writes the way he lives, with curiosity, care, and respect for people. He likes to observe, listen, and try to understand what is happening on the other side before putting any words on the page.For him, writing is not about impressing, but about getting closer. It is about turning thoughts into something simple, clear, and real. Every text is an ongoing conversation, created with care and honesty, with the sincere intention of touching someone, somewhere along the way.","url":"https:\/\/crecerencarrera.com\/fr\/author\/bcgianni\/"}]}},"uagb_featured_image_src":{"full":false,"thumbnail":false,"medium":false,"medium_large":false,"large":false,"1536x1536":false,"2048x2048":false,"trp-custom-language-flag":false},"uagb_author_info":{"display_name":"Bruno Gianni","author_link":"https:\/\/crecerencarrera.com\/fr\/author\/bcgianni\/"},"uagb_comment_info":0,"uagb_excerpt":"Oferta de empleo para gerente con contrato indefinido y salario competitivo. Ideal para profesionales con experiencia en liderazgo y gesti\u00f3n. Lee el an\u00e1lisis completo y conoce todos los detalles aqu\u00ed.","_links":{"self":[{"href":"https:\/\/crecerencarrera.com\/fr\/wp-json\/wp\/v2\/posts\/7020"}],"collection":[{"href":"https:\/\/crecerencarrera.com\/fr\/wp-json\/wp\/v2\/posts"}],"about":[{"href":"https:\/\/crecerencarrera.com\/fr\/wp-json\/wp\/v2\/types\/post"}],"author":[{"embeddable":true,"href":"https:\/\/crecerencarrera.com\/fr\/wp-json\/wp\/v2\/users\/3"}],"replies":[{"embeddable":true,"href":"https:\/\/crecerencarrera.com\/fr\/wp-json\/wp\/v2\/comments?post=7020"}],"version-history":[{"count":1,"href":"https:\/\/crecerencarrera.com\/fr\/wp-json\/wp\/v2\/posts\/7020\/revisions"}],"predecessor-version":[{"id":7030,"href":"https:\/\/crecerencarrera.com\/fr\/wp-json\/wp\/v2\/posts\/7020\/revisions\/7030"}],"wp:attachment":[{"href":"https:\/\/crecerencarrera.com\/fr\/wp-json\/wp\/v2\/media?parent=7020"}],"wp:term":[{"taxonomy":"category","embeddable":true,"href":"https:\/\/crecerencarrera.com\/fr\/wp-json\/wp\/v2\/categories?post=7020"},{"taxonomy":"post_tag","embeddable":true,"href":"https:\/\/crecerencarrera.com\/fr\/wp-json\/wp\/v2\/tags?post=7020"}],"curies":[{"name":"wp","href":"https:\/\/api.w.org\/{rel}","templated":true}]}}