{"id":7029,"date":"2026-03-07T19:28:00","date_gmt":"2026-03-07T19:28:00","guid":{"rendered":"https:\/\/crecerencarrera.com\/46253d57-4b06-441b-9c63-6398ef50a2ff\/"},"modified":"2026-03-07T19:28:40","modified_gmt":"2026-03-07T19:28:40","slug":"46253d57-4b06-441b-9c63-6398ef50a2ff","status":"publish","type":"post","link":"https:\/\/crecerencarrera.com\/fr\/46253d57-4b06-441b-9c63-6398ef50a2ff\/","title":{"rendered":"Director de IT: Lidera la innovaci\u00f3n y transformaci\u00f3n digital en una empresa consolidada"},"content":{"rendered":"<\/p>\n<\/p>\n<div style=\"background: #ffffff; border-radius: 12px; box-shadow: 0 10px 30px rgba(0, 0, 0, 0.1); width: 100%; max-width: 340px; padding: 25px; transition: transform 0.3s ease-in-out; overflow: visible; display: flex; flex-direction: column; position: relative; border: 1px solid #28a745; margin-top: 70px; margin-bottom: 50px; margin-left: auto; margin-right: auto;\">\n<div style=\"position: absolute; top: -35px; right: 15px; color: #28a745; padding: 5px 10px; border-radius: 6px; font-size: 14px; font-weight: bold; display: flex; align-items: center; z-index: 10;\">Recommand\u00e9 pour toi<\/div>\n<div data-namespace-header=\"\" style=\"\">\n<h3 data-namespace-title=\"\" style=\"color: #333; font-size: 20px; font-weight: bold; text-align: left; margin-right: 50px; min-height: 50px; margin-top: 0px;\">Director de IT<\/h3>\n<\/p><\/div>\n<p data-namespace-prompt=\"\" style=\"font-size: 16px; color: #666; margin-bottom: 20px; line-height: 1.5; flex-grow: 1; text-align: left; margin-top: 0px;\">Lidera la estrategia tecnol\u00f3gica y la innovaci\u00f3n, gestiona equipos y coordina la transformaci\u00f3n digital con alto nivel de autonom\u00eda y crecimiento profesional.<\/p>\n<p>    <a data-namespace-url=\"\" href=\"https:\/\/crecerencarrera.com\/fr\/redirect\/?https:\/\/jobs.betancourt.pro\/jobs\/6676905-director-de-it-malaga?utm_campaign=google_jobs_apply&#038;utm_source=google_jobs_apply&#038;utm_medium=organic\" style=\"width: 100%; display: inline-block; color: white; text-decoration: none; border-radius: 6px; font-size: 16px; font-weight: bold; text-align: center; transition: transform 0.3s ease, background 0.3s ease; margin-top: auto;\" data-namespace-id=\"5c0d2565-3ba9-4280-a382-ad2a691e2285\"><br \/>\n        <button style=\"width: 100%; height: 55px; background: #e9e9ed; border: 1px solid black; color: black;\">Inscrivez-vous \u00e0 une offre<\/button><br \/>\n    <\/a><br \/>\n    <small style=\"margin-top: 10px; color: #777; font-size: 12px; text-align: center; display: block;\">Ser\u00e1s redirigido a otra web<\/small>\n<\/div>\n<p>Esta oportunidad como Director de IT est\u00e1 destinada a profesionales con experiencia en liderazgo tecnol\u00f3gico y pasi\u00f3n por la transformaci\u00f3n digital. Se ofrece un contrato indefinido a tiempo completo. El entorno destaca por su proyecci\u00f3n de carrera, cultura de innovaci\u00f3n, estabilidad y baja rotaci\u00f3n. El puesto garantiza una notable autonom\u00eda estrat\u00e9gica y un fuerte componente humano y colaborativo, permitiendo que el talento marque la diferencia.<\/p>\n<h3>Responsabilit\u00e9s journali\u00e8res et fonctions principales<\/h3>\n<p>El responsable de IT coordina todas las actividades tecnol\u00f3gicas de la empresa. Participa en el dise\u00f1o del plan estrat\u00e9gico, la gesti\u00f3n de equipos y la gobernanza del dato. Supervisa la transformaci\u00f3n digital, impulsa la cultura de innovaci\u00f3n interna y lidera la eficiencia de procesos.<\/p>\n<p>El puesto implica contacto directo con la direcci\u00f3n general y la gesti\u00f3n transversal de informaci\u00f3n clave. Adem\u00e1s, se encarga de promover nuevas soluciones tecnol\u00f3gicas y optimizar recursos t\u00e9cnicos, con impacto en toda la compa\u00f1\u00eda. Un punto central es la motivaci\u00f3n y desarrollo de los equipos hacia una organizaci\u00f3n m\u00e1s digital y eficiente.<\/p>\n<h3>Ventajas del puesto<\/h3>\n<p>Uno de los grandes atractivos de esta oferta es su relevancia estrat\u00e9gica y su impacto real sobre la empresa. El entorno profesional fomenta el crecimiento, la autonom\u00eda y la colaboraci\u00f3n transversal.<\/p>\n<p>Adem\u00e1s, el candidato tendr\u00e1 la oportunidad de liderar proyectos de transformaci\u00f3n digital, gestionar equipos y definir la hoja de ruta del \u00e1rea tecnol\u00f3gica desde una posici\u00f3n clave.<\/p>\n<h3>Desventajas a considerar<\/h3>\n<p>El grado de responsabilidad requiere experiencia s\u00f3lida y muchas competencias interpersonales. El reto de la transformaci\u00f3n digital supone adaptaci\u00f3n constante y alta exigencia en la gesti\u00f3n del cambio.<\/p>\n<p>Asimismo, el liderazgo implica coordinaci\u00f3n con muchas \u00e1reas, lo que puede generar presi\u00f3n y la necesidad de priorizar eficazmente para lograr resultados.<\/p>\n<h3>Veredicto final<\/h3>\n<p>Esta oferta es ideal para quienes buscan liderar proyectos tecnol\u00f3gicos y sumar valor tangible a una empresa estable. Destaca el entorno cercano y la posibilidad real de crecimiento profesional. Si tienes visi\u00f3n estrat\u00e9gica y buscas un verdadero reto digital, esta posici\u00f3n puede ser la clave para avanzar en tu carrera.<\/p>\n<div style=\"background: #ffffff; border-radius: 12px; box-shadow: 0 10px 30px rgba(0, 0, 0, 0.1); width: 100%; max-width: 340px; padding: 25px; transition: transform 0.3s ease-in-out; overflow: visible; display: flex; flex-direction: column; position: relative; border: 1px solid #28a745; margin-top: 70px; margin-bottom: 50px; margin-left: auto; margin-right: auto;\">\n<div style=\"position: absolute; top: -35px; right: 15px; color: #28a745; padding: 5px 10px; border-radius: 6px; font-size: 14px; font-weight: bold; display: flex; align-items: center; z-index: 10;\">Recommand\u00e9 pour toi<\/div>\n<div data-namespace-header=\"\" style=\"\">\n<h3 data-namespace-title=\"\" style=\"color: #333; font-size: 20px; font-weight: bold; text-align: left; margin-right: 50px; min-height: 50px; margin-top: 0px;\">Director de IT<\/h3>\n<\/p><\/div>\n<p data-namespace-prompt=\"\" style=\"font-size: 16px; color: #666; margin-bottom: 20px; line-height: 1.5; flex-grow: 1; text-align: left; margin-top: 0px;\">Lidera la estrategia tecnol\u00f3gica y la innovaci\u00f3n, gestiona equipos y coordina la transformaci\u00f3n digital con alto nivel de autonom\u00eda y crecimiento profesional.<\/p>\n<p>    <a data-namespace-url=\"\" href=\"https:\/\/crecerencarrera.com\/fr\/redirect\/?https:\/\/jobs.betancourt.pro\/jobs\/6676905-director-de-it-malaga?utm_campaign=google_jobs_apply&#038;utm_source=google_jobs_apply&#038;utm_medium=organic\" style=\"width: 100%; display: inline-block; color: white; text-decoration: none; border-radius: 6px; font-size: 16px; font-weight: bold; text-align: center; transition: transform 0.3s ease, background 0.3s ease; margin-top: auto;\" data-namespace-id=\"5c0d2565-3ba9-4280-a382-ad2a691e2285\"><br \/>\n        <button style=\"width: 100%; height: 55px; background: #e9e9ed; border: 1px solid black; color: black;\">Inscrivez-vous \u00e0 une offre<\/button><br \/>\n    <\/a><br \/>\n    <small style=\"margin-top: 10px; color: #777; font-size: 12px; text-align: center; display: block;\">Ser\u00e1s redirigido a otra web<\/small>\n<\/div>","protected":false},"excerpt":{"rendered":"<p>Oferta para Director de IT liderando estrategia tecnol\u00f3gica, innovaci\u00f3n y transformaci\u00f3n digital en compa\u00f1\u00eda consolidada. Con autonom\u00eda, impacto y crecimiento profesional en un entorno colaborativo<\/p>","protected":false},"author":3,"featured_media":0,"comment_status":"open","ping_status":"open","sticky":false,"template":"","format":"standard","meta":{"_uag_custom_page_level_css":"","site-sidebar-layout":"default","site-content-layout":"","ast-site-content-layout":"","site-content-style":"default","site-sidebar-style":"default","ast-global-header-display":"","ast-banner-title-visibility":"","ast-main-header-display":"","ast-hfb-above-header-display":"","ast-hfb-below-header-display":"","ast-hfb-mobile-header-display":"","site-post-title":"","ast-breadcrumbs-content":"","ast-featured-img":"","footer-sml-layout":"","theme-transparent-header-meta":"","adv-header-id-meta":"","stick-header-meta":"","header-above-stick-meta":"","header-main-stick-meta":"","header-below-stick-meta":"","astra-migrate-meta-layouts":"default","ast-page-background-enabled":"default","ast-page-background-meta":{"desktop":{"background-color":"var(--ast-global-color-4)","background-image":"","background-repeat":"repeat","background-position":"center center","background-size":"auto","background-attachment":"scroll","background-type":"","background-media":"","overlay-type":"","overlay-color":"","overlay-opacity":"","overlay-gradient":""},"tablet":{"background-color":"","background-image":"","background-repeat":"repeat","background-position":"center center","background-size":"auto","background-attachment":"scroll","background-type":"","background-media":"","overlay-type":"","overlay-color":"","overlay-opacity":"","overlay-gradient":""},"mobile":{"background-color":"","background-image":"","background-repeat":"repeat","background-position":"center center","background-size":"auto","background-attachment":"scroll","background-type":"","background-media":"","overlay-type":"","overlay-color":"","overlay-opacity":"","overlay-gradient":""}},"ast-content-background-meta":{"desktop":{"background-color":"var(--ast-global-color-5)","background-image":"","background-repeat":"repeat","background-position":"center center","background-size":"auto","background-attachment":"scroll","background-type":"","background-media":"","overlay-type":"","overlay-color":"","overlay-opacity":"","overlay-gradient":""},"tablet":{"background-color":"var(--ast-global-color-5)","background-image":"","background-repeat":"repeat","background-position":"center center","background-size":"auto","background-attachment":"scroll","background-type":"","background-media":"","overlay-type":"","overlay-color":"","overlay-opacity":"","overlay-gradient":""},"mobile":{"background-color":"var(--ast-global-color-5)","background-image":"","background-repeat":"repeat","background-position":"center center","background-size":"auto","background-attachment":"scroll","background-type":"","background-media":"","overlay-type":"","overlay-color":"","overlay-opacity":"","overlay-gradient":""}},"footnotes":""},"categories":[10],"tags":[],"yoast_head":"<!-- This site is optimized with the Yoast SEO plugin v23.3 - https:\/\/yoast.com\/wordpress\/plugins\/seo\/ -->\n<title>Director de IT: Lidera la innovaci\u00f3n y transformaci\u00f3n digital en una empresa consolidada - Crecer en Carrera<\/title>\n<meta name=\"robots\" content=\"index, follow, max-snippet:-1, max-image-preview:large, max-video-preview:-1\" \/>\n<link rel=\"canonical\" href=\"https:\/\/crecerencarrera.com\/fr\/46253d57-4b06-441b-9c63-6398ef50a2ff\/\" \/>\n<meta property=\"og:locale\" content=\"fr_FR\" \/>\n<meta property=\"og:type\" content=\"article\" \/>\n<meta property=\"og:title\" content=\"Director de IT: Lidera la innovaci\u00f3n y transformaci\u00f3n digital en una empresa consolidada - Crecer en Carrera\" \/>\n<meta property=\"og:description\" content=\"Oferta para Director de IT liderando estrategia tecnol\u00f3gica, innovaci\u00f3n y transformaci\u00f3n digital en compa\u00f1\u00eda consolidada. Con autonom\u00eda, impacto y crecimiento profesional en un entorno colaborativo\" \/>\n<meta property=\"og:url\" content=\"https:\/\/crecerencarrera.com\/fr\/46253d57-4b06-441b-9c63-6398ef50a2ff\/\" \/>\n<meta property=\"og:site_name\" content=\"Crecer en Carrera\" \/>\n<meta property=\"article:published_time\" content=\"2026-03-07T19:28:00+00:00\" \/>\n<meta property=\"article:modified_time\" content=\"2026-03-07T19:28:40+00:00\" \/>\n<meta name=\"author\" content=\"Bruno Gianni\" \/>\n<meta name=\"twitter:card\" content=\"summary_large_image\" \/>\n<meta name=\"twitter:label1\" content=\"Written by\" \/>\n\t<meta name=\"twitter:data1\" content=\"Bruno Gianni\" \/>\n\t<meta name=\"twitter:label2\" content=\"Est. reading time\" \/>\n\t<meta name=\"twitter:data2\" content=\"2 minutes\" \/>\n<script type=\"application\/ld+json\" class=\"yoast-schema-graph\">{\"@context\":\"https:\/\/schema.org\",\"@graph\":[{\"@type\":\"Article\",\"@id\":\"https:\/\/crecerencarrera.com\/46253d57-4b06-441b-9c63-6398ef50a2ff\/#article\",\"isPartOf\":{\"@id\":\"https:\/\/crecerencarrera.com\/46253d57-4b06-441b-9c63-6398ef50a2ff\/\"},\"author\":{\"name\":\"Bruno Gianni\",\"@id\":\"https:\/\/crecerencarrera.com\/#\/schema\/person\/d52888235fd6563bd07d97185d6a61e4\"},\"headline\":\"Director de IT: Lidera la innovaci\u00f3n y transformaci\u00f3n digital en una empresa consolidada\",\"datePublished\":\"2026-03-07T19:28:00+00:00\",\"dateModified\":\"2026-03-07T19:28:40+00:00\",\"mainEntityOfPage\":{\"@id\":\"https:\/\/crecerencarrera.com\/46253d57-4b06-441b-9c63-6398ef50a2ff\/\"},\"wordCount\":470,\"commentCount\":0,\"publisher\":{\"@id\":\"https:\/\/crecerencarrera.com\/#organization\"},\"articleSection\":[\"Hidden\"],\"inLanguage\":\"fr-FR\",\"potentialAction\":[{\"@type\":\"CommentAction\",\"name\":\"Comment\",\"target\":[\"https:\/\/crecerencarrera.com\/46253d57-4b06-441b-9c63-6398ef50a2ff\/#respond\"]}]},{\"@type\":\"WebPage\",\"@id\":\"https:\/\/crecerencarrera.com\/46253d57-4b06-441b-9c63-6398ef50a2ff\/\",\"url\":\"https:\/\/crecerencarrera.com\/46253d57-4b06-441b-9c63-6398ef50a2ff\/\",\"name\":\"Director de IT: Lidera la innovaci\u00f3n y transformaci\u00f3n digital en una empresa consolidada - Crecer en Carrera\",\"isPartOf\":{\"@id\":\"https:\/\/crecerencarrera.com\/#website\"},\"datePublished\":\"2026-03-07T19:28:00+00:00\",\"dateModified\":\"2026-03-07T19:28:40+00:00\",\"breadcrumb\":{\"@id\":\"https:\/\/crecerencarrera.com\/46253d57-4b06-441b-9c63-6398ef50a2ff\/#breadcrumb\"},\"inLanguage\":\"fr-FR\",\"potentialAction\":[{\"@type\":\"ReadAction\",\"target\":[\"https:\/\/crecerencarrera.com\/46253d57-4b06-441b-9c63-6398ef50a2ff\/\"]}]},{\"@type\":\"BreadcrumbList\",\"@id\":\"https:\/\/crecerencarrera.com\/46253d57-4b06-441b-9c63-6398ef50a2ff\/#breadcrumb\",\"itemListElement\":[{\"@type\":\"ListItem\",\"position\":1,\"name\":\"Home\",\"item\":\"https:\/\/crecerencarrera.com\/\"},{\"@type\":\"ListItem\",\"position\":2,\"name\":\"Director de IT: Lidera la innovaci\u00f3n y transformaci\u00f3n digital en una empresa consolidada\"}]},{\"@type\":\"WebSite\",\"@id\":\"https:\/\/crecerencarrera.com\/#website\",\"url\":\"https:\/\/crecerencarrera.com\/\",\"name\":\"Crecer en Carrera\",\"description\":\"\",\"publisher\":{\"@id\":\"https:\/\/crecerencarrera.com\/#organization\"},\"potentialAction\":[{\"@type\":\"SearchAction\",\"target\":{\"@type\":\"EntryPoint\",\"urlTemplate\":\"https:\/\/crecerencarrera.com\/?s={search_term_string}\"},\"query-input\":\"required name=search_term_string\"}],\"inLanguage\":\"fr-FR\"},{\"@type\":\"Organization\",\"@id\":\"https:\/\/crecerencarrera.com\/#organization\",\"name\":\"Crecer en Carrera\",\"url\":\"https:\/\/crecerencarrera.com\/\",\"logo\":{\"@type\":\"ImageObject\",\"inLanguage\":\"fr-FR\",\"@id\":\"https:\/\/crecerencarrera.com\/#\/schema\/logo\/image\/\",\"url\":\"https:\/\/crecerencarrera.com\/wp-content\/uploads\/sites\/604\/2025\/10\/logo-Crecer-en-carrera.svg\",\"contentUrl\":\"https:\/\/crecerencarrera.com\/wp-content\/uploads\/sites\/604\/2025\/10\/logo-Crecer-en-carrera.svg\",\"caption\":\"Crecer en Carrera\"},\"image\":{\"@id\":\"https:\/\/crecerencarrera.com\/#\/schema\/logo\/image\/\"}},{\"@type\":\"Person\",\"@id\":\"https:\/\/crecerencarrera.com\/#\/schema\/person\/d52888235fd6563bd07d97185d6a61e4\",\"name\":\"Bruno Gianni\",\"image\":{\"@type\":\"ImageObject\",\"inLanguage\":\"fr-FR\",\"@id\":\"https:\/\/crecerencarrera.com\/#\/schema\/person\/image\/\",\"url\":\"https:\/\/secure.gravatar.com\/avatar\/0f5d42d7bf77874643c1478932860e3f?s=96&d=mm&r=g\",\"contentUrl\":\"https:\/\/secure.gravatar.com\/avatar\/0f5d42d7bf77874643c1478932860e3f?s=96&d=mm&r=g\",\"caption\":\"Bruno Gianni\"},\"description\":\"Bruno writes the way he lives, with curiosity, care, and respect for people. He likes to observe, listen, and try to understand what is happening on the other side before putting any words on the page.For him, writing is not about impressing, but about getting closer. It is about turning thoughts into something simple, clear, and real. Every text is an ongoing conversation, created with care and honesty, with the sincere intention of touching someone, somewhere along the way.\",\"url\":\"https:\/\/crecerencarrera.com\/fr\/author\/bcgianni\/\"}]}<\/script>\n<!-- \/ Yoast SEO plugin. -->","yoast_head_json":{"title":"Director de IT: Lidera la innovaci\u00f3n y transformaci\u00f3n digital en una empresa consolidada - Crecer en Carrera","robots":{"index":"index","follow":"follow","max-snippet":"max-snippet:-1","max-image-preview":"max-image-preview:large","max-video-preview":"max-video-preview:-1"},"canonical":"https:\/\/crecerencarrera.com\/fr\/46253d57-4b06-441b-9c63-6398ef50a2ff\/","og_locale":"fr_FR","og_type":"article","og_title":"Director de IT: Lidera la innovaci\u00f3n y transformaci\u00f3n digital en una empresa consolidada - Crecer en Carrera","og_description":"Oferta para Director de IT liderando estrategia tecnol\u00f3gica, innovaci\u00f3n y transformaci\u00f3n digital en compa\u00f1\u00eda consolidada. Con autonom\u00eda, impacto y crecimiento profesional en un entorno colaborativo","og_url":"https:\/\/crecerencarrera.com\/fr\/46253d57-4b06-441b-9c63-6398ef50a2ff\/","og_site_name":"Crecer en Carrera","article_published_time":"2026-03-07T19:28:00+00:00","article_modified_time":"2026-03-07T19:28:40+00:00","author":"Bruno Gianni","twitter_card":"summary_large_image","twitter_misc":{"Written by":"Bruno Gianni","Est. reading time":"2 minutes"},"schema":{"@context":"https:\/\/schema.org","@graph":[{"@type":"Article","@id":"https:\/\/crecerencarrera.com\/46253d57-4b06-441b-9c63-6398ef50a2ff\/#article","isPartOf":{"@id":"https:\/\/crecerencarrera.com\/46253d57-4b06-441b-9c63-6398ef50a2ff\/"},"author":{"name":"Bruno Gianni","@id":"https:\/\/crecerencarrera.com\/#\/schema\/person\/d52888235fd6563bd07d97185d6a61e4"},"headline":"Director de IT: Lidera la innovaci\u00f3n y transformaci\u00f3n digital en una empresa consolidada","datePublished":"2026-03-07T19:28:00+00:00","dateModified":"2026-03-07T19:28:40+00:00","mainEntityOfPage":{"@id":"https:\/\/crecerencarrera.com\/46253d57-4b06-441b-9c63-6398ef50a2ff\/"},"wordCount":470,"commentCount":0,"publisher":{"@id":"https:\/\/crecerencarrera.com\/#organization"},"articleSection":["Hidden"],"inLanguage":"fr-FR","potentialAction":[{"@type":"CommentAction","name":"Comment","target":["https:\/\/crecerencarrera.com\/46253d57-4b06-441b-9c63-6398ef50a2ff\/#respond"]}]},{"@type":"WebPage","@id":"https:\/\/crecerencarrera.com\/46253d57-4b06-441b-9c63-6398ef50a2ff\/","url":"https:\/\/crecerencarrera.com\/46253d57-4b06-441b-9c63-6398ef50a2ff\/","name":"Director de IT: Lidera la innovaci\u00f3n y transformaci\u00f3n digital en una empresa consolidada - Crecer en Carrera","isPartOf":{"@id":"https:\/\/crecerencarrera.com\/#website"},"datePublished":"2026-03-07T19:28:00+00:00","dateModified":"2026-03-07T19:28:40+00:00","breadcrumb":{"@id":"https:\/\/crecerencarrera.com\/46253d57-4b06-441b-9c63-6398ef50a2ff\/#breadcrumb"},"inLanguage":"fr-FR","potentialAction":[{"@type":"ReadAction","target":["https:\/\/crecerencarrera.com\/46253d57-4b06-441b-9c63-6398ef50a2ff\/"]}]},{"@type":"BreadcrumbList","@id":"https:\/\/crecerencarrera.com\/46253d57-4b06-441b-9c63-6398ef50a2ff\/#breadcrumb","itemListElement":[{"@type":"ListItem","position":1,"name":"Home","item":"https:\/\/crecerencarrera.com\/"},{"@type":"ListItem","position":2,"name":"Director de IT: Lidera la innovaci\u00f3n y transformaci\u00f3n digital en una empresa consolidada"}]},{"@type":"WebSite","@id":"https:\/\/crecerencarrera.com\/#website","url":"https:\/\/crecerencarrera.com\/","name":"Crecer en Carrera","description":"","publisher":{"@id":"https:\/\/crecerencarrera.com\/#organization"},"potentialAction":[{"@type":"SearchAction","target":{"@type":"EntryPoint","urlTemplate":"https:\/\/crecerencarrera.com\/?s={search_term_string}"},"query-input":"required name=search_term_string"}],"inLanguage":"fr-FR"},{"@type":"Organization","@id":"https:\/\/crecerencarrera.com\/#organization","name":"Crecer en Carrera","url":"https:\/\/crecerencarrera.com\/","logo":{"@type":"ImageObject","inLanguage":"fr-FR","@id":"https:\/\/crecerencarrera.com\/#\/schema\/logo\/image\/","url":"https:\/\/crecerencarrera.com\/wp-content\/uploads\/sites\/604\/2025\/10\/logo-Crecer-en-carrera.svg","contentUrl":"https:\/\/crecerencarrera.com\/wp-content\/uploads\/sites\/604\/2025\/10\/logo-Crecer-en-carrera.svg","caption":"Crecer en Carrera"},"image":{"@id":"https:\/\/crecerencarrera.com\/#\/schema\/logo\/image\/"}},{"@type":"Person","@id":"https:\/\/crecerencarrera.com\/#\/schema\/person\/d52888235fd6563bd07d97185d6a61e4","name":"Bruno Gianni","image":{"@type":"ImageObject","inLanguage":"fr-FR","@id":"https:\/\/crecerencarrera.com\/#\/schema\/person\/image\/","url":"https:\/\/secure.gravatar.com\/avatar\/0f5d42d7bf77874643c1478932860e3f?s=96&d=mm&r=g","contentUrl":"https:\/\/secure.gravatar.com\/avatar\/0f5d42d7bf77874643c1478932860e3f?s=96&d=mm&r=g","caption":"Bruno Gianni"},"description":"Bruno writes the way he lives, with curiosity, care, and respect for people. He likes to observe, listen, and try to understand what is happening on the other side before putting any words on the page.For him, writing is not about impressing, but about getting closer. It is about turning thoughts into something simple, clear, and real. Every text is an ongoing conversation, created with care and honesty, with the sincere intention of touching someone, somewhere along the way.","url":"https:\/\/crecerencarrera.com\/fr\/author\/bcgianni\/"}]}},"uagb_featured_image_src":{"full":false,"thumbnail":false,"medium":false,"medium_large":false,"large":false,"1536x1536":false,"2048x2048":false,"trp-custom-language-flag":false},"uagb_author_info":{"display_name":"Bruno Gianni","author_link":"https:\/\/crecerencarrera.com\/fr\/author\/bcgianni\/"},"uagb_comment_info":0,"uagb_excerpt":"Oferta para Director de IT liderando estrategia tecnol\u00f3gica, innovaci\u00f3n y transformaci\u00f3n digital en compa\u00f1\u00eda consolidada. Con autonom\u00eda, impacto y crecimiento profesional en un entorno colaborativo","_links":{"self":[{"href":"https:\/\/crecerencarrera.com\/fr\/wp-json\/wp\/v2\/posts\/7029"}],"collection":[{"href":"https:\/\/crecerencarrera.com\/fr\/wp-json\/wp\/v2\/posts"}],"about":[{"href":"https:\/\/crecerencarrera.com\/fr\/wp-json\/wp\/v2\/types\/post"}],"author":[{"embeddable":true,"href":"https:\/\/crecerencarrera.com\/fr\/wp-json\/wp\/v2\/users\/3"}],"replies":[{"embeddable":true,"href":"https:\/\/crecerencarrera.com\/fr\/wp-json\/wp\/v2\/comments?post=7029"}],"version-history":[{"count":1,"href":"https:\/\/crecerencarrera.com\/fr\/wp-json\/wp\/v2\/posts\/7029\/revisions"}],"predecessor-version":[{"id":7038,"href":"https:\/\/crecerencarrera.com\/fr\/wp-json\/wp\/v2\/posts\/7029\/revisions\/7038"}],"wp:attachment":[{"href":"https:\/\/crecerencarrera.com\/fr\/wp-json\/wp\/v2\/media?parent=7029"}],"wp:term":[{"taxonomy":"category","embeddable":true,"href":"https:\/\/crecerencarrera.com\/fr\/wp-json\/wp\/v2\/categories?post=7029"},{"taxonomy":"post_tag","embeddable":true,"href":"https:\/\/crecerencarrera.com\/fr\/wp-json\/wp\/v2\/tags?post=7029"}],"curies":[{"name":"wp","href":"https:\/\/api.w.org\/{rel}","templated":true}]}}