{"id":7071,"date":"2026-03-08T08:38:00","date_gmt":"2026-03-08T08:38:00","guid":{"rendered":"https:\/\/crecerencarrera.com\/a3953317-11a4-4056-9596-b8578207e5a3\/"},"modified":"2026-03-08T08:38:09","modified_gmt":"2026-03-08T08:38:09","slug":"a3953317-11a4-4056-9596-b8578207e5a3","status":"publish","type":"post","link":"https:\/\/crecerencarrera.com\/fr\/a3953317-11a4-4056-9596-b8578207e5a3\/","title":{"rendered":"Camarero para cafeter\u00eda: jornada completa, experiencia necesaria e incorporaci\u00f3n r\u00e1pida"},"content":{"rendered":"<\/p>\n<\/p>\n<div style=\"background: #ffffff; border-radius: 12px; box-shadow: 0 10px 30px rgba(0, 0, 0, 0.1); width: 100%; max-width: 340px; padding: 25px; transition: transform 0.3s ease-in-out; overflow: visible; display: flex; flex-direction: column; position: relative; border: 1px solid #28a745; margin-top: 70px; margin-bottom: 50px; margin-left: auto; margin-right: auto;\">\n<div style=\"position: absolute; top: -35px; right: 15px; color: #28a745; padding: 5px 10px; border-radius: 6px; font-size: 14px; font-weight: bold; display: flex; align-items: center; z-index: 10;\">Recommand\u00e9 pour toi<\/div>\n<div data-namespace-header=\"\" style=\"\">\n<h3 data-namespace-title=\"\" style=\"color: #333; font-size: 20px; font-weight: bold; text-align: left; margin-right: 50px; min-height: 50px; margin-top: 0px;\">Camarero para cafeter\u00eda<\/h3>\n<\/p><\/div>\n<p data-namespace-prompt=\"\" style=\"font-size: 16px; color: #666; margin-bottom: 20px; line-height: 1.5; flex-grow: 1; text-align: left; margin-top: 0px;\">Oportunidad para quienes buscan estabilidad laboral en cafeter\u00eda, con jornada completa e incorporaci\u00f3n inmediata. Experiencia previa requerida para un entorno profesional.<\/p>\n<p>    <a data-namespace-url=\"\" href=\"https:\/\/crecerencarrera.com\/fr\/redirect\/?https:\/\/jobtoday.com\/es\/trabajo\/camarero-para-cafeteria-V4QdYg?utm_campaign=google_jobs_apply&#038;utm_source=google_jobs_apply&#038;utm_medium=organic\" style=\"width: 100%; display: inline-block; color: white; text-decoration: none; border-radius: 6px; font-size: 16px; font-weight: bold; text-align: center; transition: transform 0.3s ease, background 0.3s ease; margin-top: auto;\" data-namespace-id=\"5c0d2565-3ba9-4280-a382-ad2a691e2285\"><br \/>\n        <button style=\"width: 100%; height: 55px; background: #e9e9ed; border: 1px solid black; color: black;\">Apuntarse a la oferta<\/button><br \/>\n    <\/a><br \/>\n    <small style=\"margin-top: 10px; color: #777; font-size: 12px; text-align: center; display: block;\">Ser\u00e1s redirigido a otra web<\/small>\n<\/div>\n<h2>\u00bfEn qu\u00e9 consiste el trabajo de camarero en una cafeter\u00eda?<\/h2>\n<p>El d\u00eda a d\u00eda en este puesto implica atenci\u00f3n a los clientes de manera personalizada y amable. Se espera rapidez y eficiencia en el servicio.<\/p>\n<p>Otras responsabilidades incluyen tomar comandas, servir pedidos y preparar zonas de trabajo. Tambi\u00e9n es esencial mantener el entorno limpio y organizado.<\/p>\n<p>La gesti\u00f3n de cobros y la realizaci\u00f3n de peque\u00f1as tareas administrativas pueden formar parte de la jornada. Flexibilidad y buen trato son muy valorados.<\/p>\n<p>El trato con el p\u00fablico exige habilidades comunicativas, y la experiencia previa garantiza fluidez en el servicio. Trabajar en equipo es habitual para ofrecer el mejor resultado.<\/p>\n<p>Se facilita una integraci\u00f3n r\u00e1pida y eficiente con incorporaci\u00f3n inmediata. As\u00ed, el proceso de adaptaci\u00f3n suele ser \u00e1gil para los candidatos con experiencia.<\/p>\n<h2>Ventajas de esta oferta de camarero<\/h2>\n<p>Disponer de una jornada completa es uno de los grandes atractivos para quienes buscan estabilidad laboral en el sector.<\/p>\n<p>La incorporaci\u00f3n inmediata permite comenzar a trabajar sin demoras, facilitando as\u00ed la integraci\u00f3n y el acceso r\u00e1pido al empleo.<\/p>\n<p>El entorno profesional y el trato directo con clientes enriquecen la experiencia, impulsando el desarrollo de habilidades interpersonales.<\/p>\n<p>El aprendizaje constante y la posibilidad de perfeccionar t\u00e9cnicas en atenci\u00f3n al cliente son aspectos muy valorados por quienes apuestan por este trabajo.<\/p>\n<h2>Desventajas y desaf\u00edos del puesto<\/h2>\n<p>El ritmo de trabajo puede llegar a ser exigente en horas punta, lo cual requiere resistencia f\u00edsica y mental.<\/p>\n<p>El trato continuo con el cliente a veces implica gestionar situaciones de presi\u00f3n y resolver conflictos de forma inmediata.<\/p>\n<h2>Veredicto final: \u00bfMerece la pena postular a esta vacante?<\/h2>\n<p>Si cuentas con experiencia en cafeter\u00edas y buscas estabilidad, esta oferta destaca por su claridad y condiciones laborales.<\/p>\n<p>El puesto re\u00fane factores clave, como jornada completa, integraci\u00f3n r\u00e1pida y un entorno profesional orientado a la atenci\u00f3n de calidad.<\/p>\n<\/p>\n<\/p>\n<div style=\"background: #ffffff; border-radius: 12px; box-shadow: 0 10px 30px rgba(0, 0, 0, 0.1); width: 100%; max-width: 340px; padding: 25px; transition: transform 0.3s ease-in-out; overflow: visible; display: flex; flex-direction: column; position: relative; border: 1px solid #28a745; margin-top: 70px; margin-bottom: 50px; margin-left: auto; margin-right: auto;\">\n<div style=\"position: absolute; top: -35px; right: 15px; color: #28a745; padding: 5px 10px; border-radius: 6px; font-size: 14px; font-weight: bold; display: flex; align-items: center; z-index: 10;\">Recommand\u00e9 pour toi<\/div>\n<div data-namespace-header=\"\" style=\"\">\n<h3 data-namespace-title=\"\" style=\"color: #333; font-size: 20px; font-weight: bold; text-align: left; margin-right: 50px; min-height: 50px; margin-top: 0px;\">Camarero para cafeter\u00eda<\/h3>\n<\/p><\/div>\n<p data-namespace-prompt=\"\" style=\"font-size: 16px; color: #666; margin-bottom: 20px; line-height: 1.5; flex-grow: 1; text-align: left; margin-top: 0px;\">Oportunidad para quienes buscan estabilidad laboral en cafeter\u00eda, con jornada completa e incorporaci\u00f3n inmediata. Experiencia previa requerida para un entorno profesional.<\/p>\n<p>    <a data-namespace-url=\"\" href=\"https:\/\/crecerencarrera.com\/fr\/redirect\/?https:\/\/jobtoday.com\/es\/trabajo\/camarero-para-cafeteria-V4QdYg?utm_campaign=google_jobs_apply&#038;utm_source=google_jobs_apply&#038;utm_medium=organic\" style=\"width: 100%; display: inline-block; color: white; text-decoration: none; border-radius: 6px; font-size: 16px; font-weight: bold; text-align: center; transition: transform 0.3s ease, background 0.3s ease; margin-top: auto;\" data-namespace-id=\"5c0d2565-3ba9-4280-a382-ad2a691e2285\"><br \/>\n        <button style=\"width: 100%; height: 55px; background: #e9e9ed; border: 1px solid black; color: black;\">Apuntarse a la oferta<\/button><br \/>\n    <\/a><br \/>\n    <small style=\"margin-top: 10px; color: #777; font-size: 12px; text-align: center; display: block;\">Ser\u00e1s redirigido a otra web<\/small>\n<\/div>","protected":false},"excerpt":{"rendered":"<p>\u00bfBuscas empleo de camarero? Oferta con jornada completa y requisitos claros Experiencia previa y buen ambiente laboral con integraci\u00f3n inmediata Descubre aqu\u00ed si encajas<\/p>","protected":false},"author":3,"featured_media":0,"comment_status":"open","ping_status":"open","sticky":false,"template":"","format":"standard","meta":{"_uag_custom_page_level_css":"","site-sidebar-layout":"default","site-content-layout":"","ast-site-content-layout":"","site-content-style":"default","site-sidebar-style":"default","ast-global-header-display":"","ast-banner-title-visibility":"","ast-main-header-display":"","ast-hfb-above-header-display":"","ast-hfb-below-header-display":"","ast-hfb-mobile-header-display":"","site-post-title":"","ast-breadcrumbs-content":"","ast-featured-img":"","footer-sml-layout":"","theme-transparent-header-meta":"","adv-header-id-meta":"","stick-header-meta":"","header-above-stick-meta":"","header-main-stick-meta":"","header-below-stick-meta":"","astra-migrate-meta-layouts":"default","ast-page-background-enabled":"default","ast-page-background-meta":{"desktop":{"background-color":"var(--ast-global-color-4)","background-image":"","background-repeat":"repeat","background-position":"center center","background-size":"auto","background-attachment":"scroll","background-type":"","background-media":"","overlay-type":"","overlay-color":"","overlay-opacity":"","overlay-gradient":""},"tablet":{"background-color":"","background-image":"","background-repeat":"repeat","background-position":"center center","background-size":"auto","background-attachment":"scroll","background-type":"","background-media":"","overlay-type":"","overlay-color":"","overlay-opacity":"","overlay-gradient":""},"mobile":{"background-color":"","background-image":"","background-repeat":"repeat","background-position":"center center","background-size":"auto","background-attachment":"scroll","background-type":"","background-media":"","overlay-type":"","overlay-color":"","overlay-opacity":"","overlay-gradient":""}},"ast-content-background-meta":{"desktop":{"background-color":"var(--ast-global-color-5)","background-image":"","background-repeat":"repeat","background-position":"center center","background-size":"auto","background-attachment":"scroll","background-type":"","background-media":"","overlay-type":"","overlay-color":"","overlay-opacity":"","overlay-gradient":""},"tablet":{"background-color":"var(--ast-global-color-5)","background-image":"","background-repeat":"repeat","background-position":"center center","background-size":"auto","background-attachment":"scroll","background-type":"","background-media":"","overlay-type":"","overlay-color":"","overlay-opacity":"","overlay-gradient":""},"mobile":{"background-color":"var(--ast-global-color-5)","background-image":"","background-repeat":"repeat","background-position":"center center","background-size":"auto","background-attachment":"scroll","background-type":"","background-media":"","overlay-type":"","overlay-color":"","overlay-opacity":"","overlay-gradient":""}},"footnotes":""},"categories":[10],"tags":[],"yoast_head":"<!-- This site is optimized with the Yoast SEO plugin v23.3 - https:\/\/yoast.com\/wordpress\/plugins\/seo\/ -->\n<title>Camarero para cafeter\u00eda: jornada completa, experiencia necesaria e incorporaci\u00f3n r\u00e1pida - Crecer en Carrera<\/title>\n<meta name=\"robots\" content=\"index, follow, max-snippet:-1, max-image-preview:large, max-video-preview:-1\" \/>\n<link rel=\"canonical\" href=\"https:\/\/crecerencarrera.com\/fr\/a3953317-11a4-4056-9596-b8578207e5a3\/\" \/>\n<meta property=\"og:locale\" content=\"fr_FR\" \/>\n<meta property=\"og:type\" content=\"article\" \/>\n<meta property=\"og:title\" content=\"Camarero para cafeter\u00eda: jornada completa, experiencia necesaria e incorporaci\u00f3n r\u00e1pida - Crecer en Carrera\" \/>\n<meta property=\"og:description\" content=\"\u00bfBuscas empleo de camarero? Oferta con jornada completa y requisitos claros Experiencia previa y buen ambiente laboral con integraci\u00f3n inmediata Descubre aqu\u00ed si encajas\" \/>\n<meta property=\"og:url\" content=\"https:\/\/crecerencarrera.com\/fr\/a3953317-11a4-4056-9596-b8578207e5a3\/\" \/>\n<meta property=\"og:site_name\" content=\"Crecer en Carrera\" \/>\n<meta property=\"article:published_time\" content=\"2026-03-08T08:38:00+00:00\" \/>\n<meta property=\"article:modified_time\" content=\"2026-03-08T08:38:09+00:00\" \/>\n<meta name=\"author\" content=\"Bruno Gianni\" \/>\n<meta name=\"twitter:card\" content=\"summary_large_image\" \/>\n<meta name=\"twitter:label1\" content=\"Written by\" \/>\n\t<meta name=\"twitter:data1\" content=\"Bruno Gianni\" \/>\n\t<meta name=\"twitter:label2\" content=\"Est. reading time\" \/>\n\t<meta name=\"twitter:data2\" content=\"2 minutes\" \/>\n<script type=\"application\/ld+json\" class=\"yoast-schema-graph\">{\"@context\":\"https:\/\/schema.org\",\"@graph\":[{\"@type\":\"Article\",\"@id\":\"https:\/\/crecerencarrera.com\/a3953317-11a4-4056-9596-b8578207e5a3\/#article\",\"isPartOf\":{\"@id\":\"https:\/\/crecerencarrera.com\/a3953317-11a4-4056-9596-b8578207e5a3\/\"},\"author\":{\"name\":\"Bruno Gianni\",\"@id\":\"https:\/\/crecerencarrera.com\/#\/schema\/person\/d52888235fd6563bd07d97185d6a61e4\"},\"headline\":\"Camarero para cafeter\u00eda: jornada completa, experiencia necesaria e incorporaci\u00f3n r\u00e1pida\",\"datePublished\":\"2026-03-08T08:38:00+00:00\",\"dateModified\":\"2026-03-08T08:38:09+00:00\",\"mainEntityOfPage\":{\"@id\":\"https:\/\/crecerencarrera.com\/a3953317-11a4-4056-9596-b8578207e5a3\/\"},\"wordCount\":424,\"commentCount\":0,\"publisher\":{\"@id\":\"https:\/\/crecerencarrera.com\/#organization\"},\"articleSection\":[\"Hidden\"],\"inLanguage\":\"fr-FR\",\"potentialAction\":[{\"@type\":\"CommentAction\",\"name\":\"Comment\",\"target\":[\"https:\/\/crecerencarrera.com\/a3953317-11a4-4056-9596-b8578207e5a3\/#respond\"]}]},{\"@type\":\"WebPage\",\"@id\":\"https:\/\/crecerencarrera.com\/a3953317-11a4-4056-9596-b8578207e5a3\/\",\"url\":\"https:\/\/crecerencarrera.com\/a3953317-11a4-4056-9596-b8578207e5a3\/\",\"name\":\"Camarero para cafeter\u00eda: jornada completa, experiencia necesaria e incorporaci\u00f3n r\u00e1pida - Crecer en Carrera\",\"isPartOf\":{\"@id\":\"https:\/\/crecerencarrera.com\/#website\"},\"datePublished\":\"2026-03-08T08:38:00+00:00\",\"dateModified\":\"2026-03-08T08:38:09+00:00\",\"breadcrumb\":{\"@id\":\"https:\/\/crecerencarrera.com\/a3953317-11a4-4056-9596-b8578207e5a3\/#breadcrumb\"},\"inLanguage\":\"fr-FR\",\"potentialAction\":[{\"@type\":\"ReadAction\",\"target\":[\"https:\/\/crecerencarrera.com\/a3953317-11a4-4056-9596-b8578207e5a3\/\"]}]},{\"@type\":\"BreadcrumbList\",\"@id\":\"https:\/\/crecerencarrera.com\/a3953317-11a4-4056-9596-b8578207e5a3\/#breadcrumb\",\"itemListElement\":[{\"@type\":\"ListItem\",\"position\":1,\"name\":\"Home\",\"item\":\"https:\/\/crecerencarrera.com\/\"},{\"@type\":\"ListItem\",\"position\":2,\"name\":\"Camarero para cafeter\u00eda: jornada completa, experiencia necesaria e incorporaci\u00f3n r\u00e1pida\"}]},{\"@type\":\"WebSite\",\"@id\":\"https:\/\/crecerencarrera.com\/#website\",\"url\":\"https:\/\/crecerencarrera.com\/\",\"name\":\"Crecer en Carrera\",\"description\":\"\",\"publisher\":{\"@id\":\"https:\/\/crecerencarrera.com\/#organization\"},\"potentialAction\":[{\"@type\":\"SearchAction\",\"target\":{\"@type\":\"EntryPoint\",\"urlTemplate\":\"https:\/\/crecerencarrera.com\/?s={search_term_string}\"},\"query-input\":\"required name=search_term_string\"}],\"inLanguage\":\"fr-FR\"},{\"@type\":\"Organization\",\"@id\":\"https:\/\/crecerencarrera.com\/#organization\",\"name\":\"Crecer en Carrera\",\"url\":\"https:\/\/crecerencarrera.com\/\",\"logo\":{\"@type\":\"ImageObject\",\"inLanguage\":\"fr-FR\",\"@id\":\"https:\/\/crecerencarrera.com\/#\/schema\/logo\/image\/\",\"url\":\"https:\/\/crecerencarrera.com\/wp-content\/uploads\/sites\/604\/2025\/10\/logo-Crecer-en-carrera.svg\",\"contentUrl\":\"https:\/\/crecerencarrera.com\/wp-content\/uploads\/sites\/604\/2025\/10\/logo-Crecer-en-carrera.svg\",\"caption\":\"Crecer en Carrera\"},\"image\":{\"@id\":\"https:\/\/crecerencarrera.com\/#\/schema\/logo\/image\/\"}},{\"@type\":\"Person\",\"@id\":\"https:\/\/crecerencarrera.com\/#\/schema\/person\/d52888235fd6563bd07d97185d6a61e4\",\"name\":\"Bruno Gianni\",\"image\":{\"@type\":\"ImageObject\",\"inLanguage\":\"fr-FR\",\"@id\":\"https:\/\/crecerencarrera.com\/#\/schema\/person\/image\/\",\"url\":\"https:\/\/secure.gravatar.com\/avatar\/0f5d42d7bf77874643c1478932860e3f?s=96&d=mm&r=g\",\"contentUrl\":\"https:\/\/secure.gravatar.com\/avatar\/0f5d42d7bf77874643c1478932860e3f?s=96&d=mm&r=g\",\"caption\":\"Bruno Gianni\"},\"description\":\"Bruno writes the way he lives, with curiosity, care, and respect for people. He likes to observe, listen, and try to understand what is happening on the other side before putting any words on the page.For him, writing is not about impressing, but about getting closer. It is about turning thoughts into something simple, clear, and real. Every text is an ongoing conversation, created with care and honesty, with the sincere intention of touching someone, somewhere along the way.\",\"url\":\"https:\/\/crecerencarrera.com\/fr\/author\/bcgianni\/\"}]}<\/script>\n<!-- \/ Yoast SEO plugin. -->","yoast_head_json":{"title":"Camarero para cafeter\u00eda: jornada completa, experiencia necesaria e incorporaci\u00f3n r\u00e1pida - Crecer en Carrera","robots":{"index":"index","follow":"follow","max-snippet":"max-snippet:-1","max-image-preview":"max-image-preview:large","max-video-preview":"max-video-preview:-1"},"canonical":"https:\/\/crecerencarrera.com\/fr\/a3953317-11a4-4056-9596-b8578207e5a3\/","og_locale":"fr_FR","og_type":"article","og_title":"Camarero para cafeter\u00eda: jornada completa, experiencia necesaria e incorporaci\u00f3n r\u00e1pida - Crecer en Carrera","og_description":"\u00bfBuscas empleo de camarero? Oferta con jornada completa y requisitos claros Experiencia previa y buen ambiente laboral con integraci\u00f3n inmediata Descubre aqu\u00ed si encajas","og_url":"https:\/\/crecerencarrera.com\/fr\/a3953317-11a4-4056-9596-b8578207e5a3\/","og_site_name":"Crecer en Carrera","article_published_time":"2026-03-08T08:38:00+00:00","article_modified_time":"2026-03-08T08:38:09+00:00","author":"Bruno Gianni","twitter_card":"summary_large_image","twitter_misc":{"Written by":"Bruno Gianni","Est. reading time":"2 minutes"},"schema":{"@context":"https:\/\/schema.org","@graph":[{"@type":"Article","@id":"https:\/\/crecerencarrera.com\/a3953317-11a4-4056-9596-b8578207e5a3\/#article","isPartOf":{"@id":"https:\/\/crecerencarrera.com\/a3953317-11a4-4056-9596-b8578207e5a3\/"},"author":{"name":"Bruno Gianni","@id":"https:\/\/crecerencarrera.com\/#\/schema\/person\/d52888235fd6563bd07d97185d6a61e4"},"headline":"Camarero para cafeter\u00eda: jornada completa, experiencia necesaria e incorporaci\u00f3n r\u00e1pida","datePublished":"2026-03-08T08:38:00+00:00","dateModified":"2026-03-08T08:38:09+00:00","mainEntityOfPage":{"@id":"https:\/\/crecerencarrera.com\/a3953317-11a4-4056-9596-b8578207e5a3\/"},"wordCount":424,"commentCount":0,"publisher":{"@id":"https:\/\/crecerencarrera.com\/#organization"},"articleSection":["Hidden"],"inLanguage":"fr-FR","potentialAction":[{"@type":"CommentAction","name":"Comment","target":["https:\/\/crecerencarrera.com\/a3953317-11a4-4056-9596-b8578207e5a3\/#respond"]}]},{"@type":"WebPage","@id":"https:\/\/crecerencarrera.com\/a3953317-11a4-4056-9596-b8578207e5a3\/","url":"https:\/\/crecerencarrera.com\/a3953317-11a4-4056-9596-b8578207e5a3\/","name":"Camarero para cafeter\u00eda: jornada completa, experiencia necesaria e incorporaci\u00f3n r\u00e1pida - Crecer en Carrera","isPartOf":{"@id":"https:\/\/crecerencarrera.com\/#website"},"datePublished":"2026-03-08T08:38:00+00:00","dateModified":"2026-03-08T08:38:09+00:00","breadcrumb":{"@id":"https:\/\/crecerencarrera.com\/a3953317-11a4-4056-9596-b8578207e5a3\/#breadcrumb"},"inLanguage":"fr-FR","potentialAction":[{"@type":"ReadAction","target":["https:\/\/crecerencarrera.com\/a3953317-11a4-4056-9596-b8578207e5a3\/"]}]},{"@type":"BreadcrumbList","@id":"https:\/\/crecerencarrera.com\/a3953317-11a4-4056-9596-b8578207e5a3\/#breadcrumb","itemListElement":[{"@type":"ListItem","position":1,"name":"Home","item":"https:\/\/crecerencarrera.com\/"},{"@type":"ListItem","position":2,"name":"Camarero para cafeter\u00eda: jornada completa, experiencia necesaria e incorporaci\u00f3n r\u00e1pida"}]},{"@type":"WebSite","@id":"https:\/\/crecerencarrera.com\/#website","url":"https:\/\/crecerencarrera.com\/","name":"Crecer en Carrera","description":"","publisher":{"@id":"https:\/\/crecerencarrera.com\/#organization"},"potentialAction":[{"@type":"SearchAction","target":{"@type":"EntryPoint","urlTemplate":"https:\/\/crecerencarrera.com\/?s={search_term_string}"},"query-input":"required name=search_term_string"}],"inLanguage":"fr-FR"},{"@type":"Organization","@id":"https:\/\/crecerencarrera.com\/#organization","name":"Crecer en Carrera","url":"https:\/\/crecerencarrera.com\/","logo":{"@type":"ImageObject","inLanguage":"fr-FR","@id":"https:\/\/crecerencarrera.com\/#\/schema\/logo\/image\/","url":"https:\/\/crecerencarrera.com\/wp-content\/uploads\/sites\/604\/2025\/10\/logo-Crecer-en-carrera.svg","contentUrl":"https:\/\/crecerencarrera.com\/wp-content\/uploads\/sites\/604\/2025\/10\/logo-Crecer-en-carrera.svg","caption":"Crecer en Carrera"},"image":{"@id":"https:\/\/crecerencarrera.com\/#\/schema\/logo\/image\/"}},{"@type":"Person","@id":"https:\/\/crecerencarrera.com\/#\/schema\/person\/d52888235fd6563bd07d97185d6a61e4","name":"Bruno Gianni","image":{"@type":"ImageObject","inLanguage":"fr-FR","@id":"https:\/\/crecerencarrera.com\/#\/schema\/person\/image\/","url":"https:\/\/secure.gravatar.com\/avatar\/0f5d42d7bf77874643c1478932860e3f?s=96&d=mm&r=g","contentUrl":"https:\/\/secure.gravatar.com\/avatar\/0f5d42d7bf77874643c1478932860e3f?s=96&d=mm&r=g","caption":"Bruno Gianni"},"description":"Bruno writes the way he lives, with curiosity, care, and respect for people. He likes to observe, listen, and try to understand what is happening on the other side before putting any words on the page.For him, writing is not about impressing, but about getting closer. It is about turning thoughts into something simple, clear, and real. Every text is an ongoing conversation, created with care and honesty, with the sincere intention of touching someone, somewhere along the way.","url":"https:\/\/crecerencarrera.com\/fr\/author\/bcgianni\/"}]}},"uagb_featured_image_src":{"full":false,"thumbnail":false,"medium":false,"medium_large":false,"large":false,"1536x1536":false,"2048x2048":false,"trp-custom-language-flag":false},"uagb_author_info":{"display_name":"Bruno Gianni","author_link":"https:\/\/crecerencarrera.com\/fr\/author\/bcgianni\/"},"uagb_comment_info":0,"uagb_excerpt":"\u00bfBuscas empleo de camarero? Oferta con jornada completa y requisitos claros Experiencia previa y buen ambiente laboral con integraci\u00f3n inmediata Descubre aqu\u00ed si encajas","_links":{"self":[{"href":"https:\/\/crecerencarrera.com\/fr\/wp-json\/wp\/v2\/posts\/7071"}],"collection":[{"href":"https:\/\/crecerencarrera.com\/fr\/wp-json\/wp\/v2\/posts"}],"about":[{"href":"https:\/\/crecerencarrera.com\/fr\/wp-json\/wp\/v2\/types\/post"}],"author":[{"embeddable":true,"href":"https:\/\/crecerencarrera.com\/fr\/wp-json\/wp\/v2\/users\/3"}],"replies":[{"embeddable":true,"href":"https:\/\/crecerencarrera.com\/fr\/wp-json\/wp\/v2\/comments?post=7071"}],"version-history":[{"count":1,"href":"https:\/\/crecerencarrera.com\/fr\/wp-json\/wp\/v2\/posts\/7071\/revisions"}],"predecessor-version":[{"id":7073,"href":"https:\/\/crecerencarrera.com\/fr\/wp-json\/wp\/v2\/posts\/7071\/revisions\/7073"}],"wp:attachment":[{"href":"https:\/\/crecerencarrera.com\/fr\/wp-json\/wp\/v2\/media?parent=7071"}],"wp:term":[{"taxonomy":"category","embeddable":true,"href":"https:\/\/crecerencarrera.com\/fr\/wp-json\/wp\/v2\/categories?post=7071"},{"taxonomy":"post_tag","embeddable":true,"href":"https:\/\/crecerencarrera.com\/fr\/wp-json\/wp\/v2\/tags?post=7071"}],"curies":[{"name":"wp","href":"https:\/\/api.w.org\/{rel}","templated":true}]}}