{"id":7075,"date":"2026-03-08T10:32:00","date_gmt":"2026-03-08T10:32:00","guid":{"rendered":"https:\/\/crecerencarrera.com\/287f81e9-9736-47a9-a6aa-bbdabc372ea7\/"},"modified":"2026-03-08T10:32:31","modified_gmt":"2026-03-08T10:32:31","slug":"287f81e9-9736-47a9-a6aa-bbdabc372ea7","status":"publish","type":"post","link":"https:\/\/crecerencarrera.com\/fr\/287f81e9-9736-47a9-a6aa-bbdabc372ea7\/","title":{"rendered":"Administrativo Comercial: Contrato Indefinido, Media Jornada y Seguro M\u00e9dico"},"content":{"rendered":"<\/p>\n<\/p>\n<div style=\"background: #ffffff; border-radius: 12px; box-shadow: 0 10px 30px rgba(0, 0, 0, 0.1); width: 100%; max-width: 340px; padding: 25px; transition: transform 0.3s ease-in-out; overflow: visible; display: flex; flex-direction: column; position: relative; border: 1px solid #28a745; margin-top: 70px; margin-bottom: 50px; margin-left: auto; margin-right: auto;\">\n<div style=\"position: absolute; top: -35px; right: 15px; color: #28a745; padding: 5px 10px; border-radius: 6px; font-size: 14px; font-weight: bold; display: flex; align-items: center; z-index: 10;\">Recommand\u00e9 pour toi<\/div>\n<div data-namespace-header=\"\" style=\"\">\n<h3 data-namespace-title=\"\" style=\"color: #333; font-size: 20px; font-weight: bold; text-align: left; margin-right: 50px; min-height: 50px; margin-top: 0px;\">Administrativo Comercial<\/h3>\n<\/p><\/div>\n<p data-namespace-prompt=\"\" style=\"font-size: 16px; color: #666; margin-bottom: 20px; line-height: 1.5; flex-grow: 1; text-align: left; margin-top: 0px;\">Puesto de administrativo comercial con contrato indefinido, 20h semanales en horario de tarde y salario de 725\u20ac\/mes. Incluye seguro m\u00e9dico privado y ambiente din\u00e1mico de trabajo.<\/p>\n<p>    <a data-namespace-url=\"\" href=\"https:\/\/crecerencarrera.com\/fr\/redirect\/?https:\/\/es.trabajo.org\/oferta-3810-b1991b66febb929acedfbd215bad2693?utm_campaign=google_jobs_apply&#038;utm_source=google_jobs_apply&#038;utm_medium=organic\" style=\"width: 100%; display: inline-block; color: white; text-decoration: none; border-radius: 6px; font-size: 16px; font-weight: bold; text-align: center; transition: transform 0.3s ease, background 0.3s ease; margin-top: auto;\" data-namespace-id=\"5c0d2565-3ba9-4280-a382-ad2a691e2285\"><br \/>\n        <button style=\"width: 100%; height: 55px; background: #e9e9ed; border: 1px solid black; color: black;\">Apuntarse a la oferta<\/button><br \/>\n    <\/a><br \/>\n    <small style=\"margin-top: 10px; color: #777; font-size: 12px; text-align: center; display: block;\">Ser\u00e1s redirigido a otro site web<\/small>\n<\/div>\n<h2>Responsabilit\u00e9s et t\u00e2ches quotidiennes<\/h2>\n<p>El rol de administrativo comercial requiere atenci\u00f3n al cliente, preparaci\u00f3n de presupuestos y gesti\u00f3n de incidencias de manera eficaz.<\/p>\n<p>Adicionalmente, atender\u00e1s llamadas telef\u00f3nicas, gestionar\u00e1s el correo electr\u00f3nico y organizar\u00e1s reuniones usando herramientas calendar.<\/p>\n<p>Otra funci\u00f3n importante es el archivo y la organizaci\u00f3n de documentaci\u00f3n como facturas y contratos, siempre con precisi\u00f3n y agilidad.<\/p>\n<p>El trabajo implica un trato constante y cordial con los alumnos y clientes, fomentando el buen ambiente en la oficina.<\/p>\n<p>Tambi\u00e9n se espera versatilidad para adaptarse a cambios y colaborar proactivamente con el equipo de administraci\u00f3n y ventas.<\/p>\n<h2>Ventes principales du lieu<\/h2>\n<p>El contrato es indefinido, aportando estabilidad laboral que es muy valorada al buscar empleo.<\/p>\n<p>La media jornada facilita la conciliaci\u00f3n personal y profesional, con un horario fijo de tarde.<\/p>\n<p>El salario base es de 725\u20ac mensuales en 12 pagas, adecuado al tipo de jornada que se ofrece.<\/p>\n<p>Se ofrece seguro m\u00e9dico privado despu\u00e9s del primer a\u00f1o en la empresa, un beneficio atractivo en el sector.<\/p>\n<p>Ambiente de trabajo positivo, donde se valora el trato cercano y el aprendizaje continuo en un entorno din\u00e1mico.<\/p>\n<h2>Puntos a tener en cuenta<\/h2>\n<p>La jornada parcial puede limitar el salario total a percibir, lo que puede no ajustarse a todas las expectativas econ\u00f3micas.<\/p>\n<p>El puesto exige estar habituado\/a al uso avanzado de software de ofim\u00e1tica y transmitir trato profesional al cliente por tel\u00e9fono.<\/p>\n<h2>Veredicto final<\/h2>\n<p>Esta oferta de Administrativo Comercial destaca por su seguridad contractual, ambiente amable y extras como seguro m\u00e9dico.<\/p>\n<p>Sin embargo, es un trabajo ideal para quienes buscan estabilidad y flexibilidad horaria, m\u00e1s que ingresos elevados desde el inicio.<\/p>\n<div style=\"background: #ffffff; border-radius: 12px; box-shadow: 0 10px 30px rgba(0, 0, 0, 0.1); width: 100%; max-width: 340px; padding: 25px; transition: transform 0.3s ease-in-out; overflow: visible; display: flex; flex-direction: column; position: relative; border: 1px solid #28a745; margin-top: 70px; margin-bottom: 50px; margin-left: auto; margin-right: auto;\">\n<div style=\"position: absolute; top: -35px; right: 15px; color: #28a745; padding: 5px 10px; border-radius: 6px; font-size: 14px; font-weight: bold; display: flex; align-items: center; z-index: 10;\">Recommand\u00e9 pour toi<\/div>\n<div data-namespace-header=\"\" style=\"\">\n<h3 data-namespace-title=\"\" style=\"color: #333; font-size: 20px; font-weight: bold; text-align: left; margin-right: 50px; min-height: 50px; margin-top: 0px;\">Administrativo Comercial<\/h3>\n<\/p><\/div>\n<p data-namespace-prompt=\"\" style=\"font-size: 16px; color: #666; margin-bottom: 20px; line-height: 1.5; flex-grow: 1; text-align: left; margin-top: 0px;\">Puesto de administrativo comercial con contrato indefinido, 20h semanales en horario de tarde y salario de 725\u20ac\/mes. Incluye seguro m\u00e9dico privado y ambiente din\u00e1mico de trabajo.<\/p>\n<p>    <a data-namespace-url=\"\" href=\"https:\/\/crecerencarrera.com\/fr\/redirect\/?https:\/\/es.trabajo.org\/oferta-3810-b1991b66febb929acedfbd215bad2693?utm_campaign=google_jobs_apply&#038;utm_source=google_jobs_apply&#038;utm_medium=organic\" style=\"width: 100%; display: inline-block; color: white; text-decoration: none; border-radius: 6px; font-size: 16px; font-weight: bold; text-align: center; transition: transform 0.3s ease, background 0.3s ease; margin-top: auto;\" data-namespace-id=\"5c0d2565-3ba9-4280-a382-ad2a691e2285\"><br \/>\n        <button style=\"width: 100%; height: 55px; background: #e9e9ed; border: 1px solid black; color: black;\">Apuntarse a la oferta<\/button><br \/>\n    <\/a><br \/>\n    <small style=\"margin-top: 10px; color: #777; font-size: 12px; text-align: center; display: block;\">Ser\u00e1s redirigido a otro site web<\/small>\n<\/div>","protected":false},"excerpt":{"rendered":"<p>Valoramos la oferta de Administrativo Comercial con contrato fijo, seguro m\u00e9dico, ambiente profesional y jornada parcial. Lee nuestra opini\u00f3n objetiva antes de postularte.<\/p>","protected":false},"author":3,"featured_media":0,"comment_status":"open","ping_status":"open","sticky":false,"template":"","format":"standard","meta":{"_uag_custom_page_level_css":"","site-sidebar-layout":"default","site-content-layout":"","ast-site-content-layout":"","site-content-style":"default","site-sidebar-style":"default","ast-global-header-display":"","ast-banner-title-visibility":"","ast-main-header-display":"","ast-hfb-above-header-display":"","ast-hfb-below-header-display":"","ast-hfb-mobile-header-display":"","site-post-title":"","ast-breadcrumbs-content":"","ast-featured-img":"","footer-sml-layout":"","theme-transparent-header-meta":"","adv-header-id-meta":"","stick-header-meta":"","header-above-stick-meta":"","header-main-stick-meta":"","header-below-stick-meta":"","astra-migrate-meta-layouts":"default","ast-page-background-enabled":"default","ast-page-background-meta":{"desktop":{"background-color":"var(--ast-global-color-4)","background-image":"","background-repeat":"repeat","background-position":"center center","background-size":"auto","background-attachment":"scroll","background-type":"","background-media":"","overlay-type":"","overlay-color":"","overlay-opacity":"","overlay-gradient":""},"tablet":{"background-color":"","background-image":"","background-repeat":"repeat","background-position":"center center","background-size":"auto","background-attachment":"scroll","background-type":"","background-media":"","overlay-type":"","overlay-color":"","overlay-opacity":"","overlay-gradient":""},"mobile":{"background-color":"","background-image":"","background-repeat":"repeat","background-position":"center center","background-size":"auto","background-attachment":"scroll","background-type":"","background-media":"","overlay-type":"","overlay-color":"","overlay-opacity":"","overlay-gradient":""}},"ast-content-background-meta":{"desktop":{"background-color":"var(--ast-global-color-5)","background-image":"","background-repeat":"repeat","background-position":"center center","background-size":"auto","background-attachment":"scroll","background-type":"","background-media":"","overlay-type":"","overlay-color":"","overlay-opacity":"","overlay-gradient":""},"tablet":{"background-color":"var(--ast-global-color-5)","background-image":"","background-repeat":"repeat","background-position":"center center","background-size":"auto","background-attachment":"scroll","background-type":"","background-media":"","overlay-type":"","overlay-color":"","overlay-opacity":"","overlay-gradient":""},"mobile":{"background-color":"var(--ast-global-color-5)","background-image":"","background-repeat":"repeat","background-position":"center center","background-size":"auto","background-attachment":"scroll","background-type":"","background-media":"","overlay-type":"","overlay-color":"","overlay-opacity":"","overlay-gradient":""}},"footnotes":""},"categories":[10],"tags":[],"yoast_head":"<!-- This site is optimized with the Yoast SEO plugin v23.3 - https:\/\/yoast.com\/wordpress\/plugins\/seo\/ -->\n<title>Administrativo Comercial: Contrato Indefinido, Media Jornada y Seguro M\u00e9dico - Crecer en Carrera<\/title>\n<meta name=\"robots\" content=\"index, follow, max-snippet:-1, max-image-preview:large, max-video-preview:-1\" \/>\n<link rel=\"canonical\" href=\"https:\/\/crecerencarrera.com\/fr\/287f81e9-9736-47a9-a6aa-bbdabc372ea7\/\" \/>\n<meta property=\"og:locale\" content=\"fr_FR\" \/>\n<meta property=\"og:type\" content=\"article\" \/>\n<meta property=\"og:title\" content=\"Administrativo Comercial: Contrato Indefinido, Media Jornada y Seguro M\u00e9dico - Crecer en Carrera\" \/>\n<meta property=\"og:description\" content=\"Valoramos la oferta de Administrativo Comercial con contrato fijo, seguro m\u00e9dico, ambiente profesional y jornada parcial. Lee nuestra opini\u00f3n objetiva antes de postularte.\" \/>\n<meta property=\"og:url\" content=\"https:\/\/crecerencarrera.com\/fr\/287f81e9-9736-47a9-a6aa-bbdabc372ea7\/\" \/>\n<meta property=\"og:site_name\" content=\"Crecer en Carrera\" \/>\n<meta property=\"article:published_time\" content=\"2026-03-08T10:32:00+00:00\" \/>\n<meta property=\"article:modified_time\" content=\"2026-03-08T10:32:31+00:00\" \/>\n<meta name=\"author\" content=\"Bruno Gianni\" \/>\n<meta name=\"twitter:card\" content=\"summary_large_image\" \/>\n<meta name=\"twitter:label1\" content=\"Written by\" \/>\n\t<meta name=\"twitter:data1\" content=\"Bruno Gianni\" \/>\n\t<meta name=\"twitter:label2\" content=\"Est. reading time\" \/>\n\t<meta name=\"twitter:data2\" content=\"2 minutes\" \/>\n<script type=\"application\/ld+json\" class=\"yoast-schema-graph\">{\"@context\":\"https:\/\/schema.org\",\"@graph\":[{\"@type\":\"Article\",\"@id\":\"https:\/\/crecerencarrera.com\/287f81e9-9736-47a9-a6aa-bbdabc372ea7\/#article\",\"isPartOf\":{\"@id\":\"https:\/\/crecerencarrera.com\/287f81e9-9736-47a9-a6aa-bbdabc372ea7\/\"},\"author\":{\"name\":\"Bruno Gianni\",\"@id\":\"https:\/\/crecerencarrera.com\/#\/schema\/person\/d52888235fd6563bd07d97185d6a61e4\"},\"headline\":\"Administrativo Comercial: Contrato Indefinido, Media Jornada y Seguro M\u00e9dico\",\"datePublished\":\"2026-03-08T10:32:00+00:00\",\"dateModified\":\"2026-03-08T10:32:31+00:00\",\"mainEntityOfPage\":{\"@id\":\"https:\/\/crecerencarrera.com\/287f81e9-9736-47a9-a6aa-bbdabc372ea7\/\"},\"wordCount\":387,\"commentCount\":0,\"publisher\":{\"@id\":\"https:\/\/crecerencarrera.com\/#organization\"},\"articleSection\":[\"Hidden\"],\"inLanguage\":\"fr-FR\",\"potentialAction\":[{\"@type\":\"CommentAction\",\"name\":\"Comment\",\"target\":[\"https:\/\/crecerencarrera.com\/287f81e9-9736-47a9-a6aa-bbdabc372ea7\/#respond\"]}]},{\"@type\":\"WebPage\",\"@id\":\"https:\/\/crecerencarrera.com\/287f81e9-9736-47a9-a6aa-bbdabc372ea7\/\",\"url\":\"https:\/\/crecerencarrera.com\/287f81e9-9736-47a9-a6aa-bbdabc372ea7\/\",\"name\":\"Administrativo Comercial: Contrato Indefinido, Media Jornada y Seguro M\u00e9dico - Crecer en Carrera\",\"isPartOf\":{\"@id\":\"https:\/\/crecerencarrera.com\/#website\"},\"datePublished\":\"2026-03-08T10:32:00+00:00\",\"dateModified\":\"2026-03-08T10:32:31+00:00\",\"breadcrumb\":{\"@id\":\"https:\/\/crecerencarrera.com\/287f81e9-9736-47a9-a6aa-bbdabc372ea7\/#breadcrumb\"},\"inLanguage\":\"fr-FR\",\"potentialAction\":[{\"@type\":\"ReadAction\",\"target\":[\"https:\/\/crecerencarrera.com\/287f81e9-9736-47a9-a6aa-bbdabc372ea7\/\"]}]},{\"@type\":\"BreadcrumbList\",\"@id\":\"https:\/\/crecerencarrera.com\/287f81e9-9736-47a9-a6aa-bbdabc372ea7\/#breadcrumb\",\"itemListElement\":[{\"@type\":\"ListItem\",\"position\":1,\"name\":\"Home\",\"item\":\"https:\/\/crecerencarrera.com\/\"},{\"@type\":\"ListItem\",\"position\":2,\"name\":\"Administrativo Comercial: Contrato Indefinido, Media Jornada y Seguro M\u00e9dico\"}]},{\"@type\":\"WebSite\",\"@id\":\"https:\/\/crecerencarrera.com\/#website\",\"url\":\"https:\/\/crecerencarrera.com\/\",\"name\":\"Crecer en Carrera\",\"description\":\"\",\"publisher\":{\"@id\":\"https:\/\/crecerencarrera.com\/#organization\"},\"potentialAction\":[{\"@type\":\"SearchAction\",\"target\":{\"@type\":\"EntryPoint\",\"urlTemplate\":\"https:\/\/crecerencarrera.com\/?s={search_term_string}\"},\"query-input\":\"required name=search_term_string\"}],\"inLanguage\":\"fr-FR\"},{\"@type\":\"Organization\",\"@id\":\"https:\/\/crecerencarrera.com\/#organization\",\"name\":\"Crecer en Carrera\",\"url\":\"https:\/\/crecerencarrera.com\/\",\"logo\":{\"@type\":\"ImageObject\",\"inLanguage\":\"fr-FR\",\"@id\":\"https:\/\/crecerencarrera.com\/#\/schema\/logo\/image\/\",\"url\":\"https:\/\/crecerencarrera.com\/wp-content\/uploads\/sites\/604\/2025\/10\/logo-Crecer-en-carrera.svg\",\"contentUrl\":\"https:\/\/crecerencarrera.com\/wp-content\/uploads\/sites\/604\/2025\/10\/logo-Crecer-en-carrera.svg\",\"caption\":\"Crecer en Carrera\"},\"image\":{\"@id\":\"https:\/\/crecerencarrera.com\/#\/schema\/logo\/image\/\"}},{\"@type\":\"Person\",\"@id\":\"https:\/\/crecerencarrera.com\/#\/schema\/person\/d52888235fd6563bd07d97185d6a61e4\",\"name\":\"Bruno Gianni\",\"image\":{\"@type\":\"ImageObject\",\"inLanguage\":\"fr-FR\",\"@id\":\"https:\/\/crecerencarrera.com\/#\/schema\/person\/image\/\",\"url\":\"https:\/\/secure.gravatar.com\/avatar\/0f5d42d7bf77874643c1478932860e3f?s=96&d=mm&r=g\",\"contentUrl\":\"https:\/\/secure.gravatar.com\/avatar\/0f5d42d7bf77874643c1478932860e3f?s=96&d=mm&r=g\",\"caption\":\"Bruno Gianni\"},\"description\":\"Bruno writes the way he lives, with curiosity, care, and respect for people. He likes to observe, listen, and try to understand what is happening on the other side before putting any words on the page.For him, writing is not about impressing, but about getting closer. It is about turning thoughts into something simple, clear, and real. Every text is an ongoing conversation, created with care and honesty, with the sincere intention of touching someone, somewhere along the way.\",\"url\":\"https:\/\/crecerencarrera.com\/fr\/author\/bcgianni\/\"}]}<\/script>\n<!-- \/ Yoast SEO plugin. -->","yoast_head_json":{"title":"Administrativo Comercial: Contrato Indefinido, Media Jornada y Seguro M\u00e9dico - Crecer en Carrera","robots":{"index":"index","follow":"follow","max-snippet":"max-snippet:-1","max-image-preview":"max-image-preview:large","max-video-preview":"max-video-preview:-1"},"canonical":"https:\/\/crecerencarrera.com\/fr\/287f81e9-9736-47a9-a6aa-bbdabc372ea7\/","og_locale":"fr_FR","og_type":"article","og_title":"Administrativo Comercial: Contrato Indefinido, Media Jornada y Seguro M\u00e9dico - Crecer en Carrera","og_description":"Valoramos la oferta de Administrativo Comercial con contrato fijo, seguro m\u00e9dico, ambiente profesional y jornada parcial. Lee nuestra opini\u00f3n objetiva antes de postularte.","og_url":"https:\/\/crecerencarrera.com\/fr\/287f81e9-9736-47a9-a6aa-bbdabc372ea7\/","og_site_name":"Crecer en Carrera","article_published_time":"2026-03-08T10:32:00+00:00","article_modified_time":"2026-03-08T10:32:31+00:00","author":"Bruno Gianni","twitter_card":"summary_large_image","twitter_misc":{"Written by":"Bruno Gianni","Est. reading time":"2 minutes"},"schema":{"@context":"https:\/\/schema.org","@graph":[{"@type":"Article","@id":"https:\/\/crecerencarrera.com\/287f81e9-9736-47a9-a6aa-bbdabc372ea7\/#article","isPartOf":{"@id":"https:\/\/crecerencarrera.com\/287f81e9-9736-47a9-a6aa-bbdabc372ea7\/"},"author":{"name":"Bruno Gianni","@id":"https:\/\/crecerencarrera.com\/#\/schema\/person\/d52888235fd6563bd07d97185d6a61e4"},"headline":"Administrativo Comercial: Contrato Indefinido, Media Jornada y Seguro M\u00e9dico","datePublished":"2026-03-08T10:32:00+00:00","dateModified":"2026-03-08T10:32:31+00:00","mainEntityOfPage":{"@id":"https:\/\/crecerencarrera.com\/287f81e9-9736-47a9-a6aa-bbdabc372ea7\/"},"wordCount":387,"commentCount":0,"publisher":{"@id":"https:\/\/crecerencarrera.com\/#organization"},"articleSection":["Hidden"],"inLanguage":"fr-FR","potentialAction":[{"@type":"CommentAction","name":"Comment","target":["https:\/\/crecerencarrera.com\/287f81e9-9736-47a9-a6aa-bbdabc372ea7\/#respond"]}]},{"@type":"WebPage","@id":"https:\/\/crecerencarrera.com\/287f81e9-9736-47a9-a6aa-bbdabc372ea7\/","url":"https:\/\/crecerencarrera.com\/287f81e9-9736-47a9-a6aa-bbdabc372ea7\/","name":"Administrativo Comercial: Contrato Indefinido, Media Jornada y Seguro M\u00e9dico - Crecer en Carrera","isPartOf":{"@id":"https:\/\/crecerencarrera.com\/#website"},"datePublished":"2026-03-08T10:32:00+00:00","dateModified":"2026-03-08T10:32:31+00:00","breadcrumb":{"@id":"https:\/\/crecerencarrera.com\/287f81e9-9736-47a9-a6aa-bbdabc372ea7\/#breadcrumb"},"inLanguage":"fr-FR","potentialAction":[{"@type":"ReadAction","target":["https:\/\/crecerencarrera.com\/287f81e9-9736-47a9-a6aa-bbdabc372ea7\/"]}]},{"@type":"BreadcrumbList","@id":"https:\/\/crecerencarrera.com\/287f81e9-9736-47a9-a6aa-bbdabc372ea7\/#breadcrumb","itemListElement":[{"@type":"ListItem","position":1,"name":"Home","item":"https:\/\/crecerencarrera.com\/"},{"@type":"ListItem","position":2,"name":"Administrativo Comercial: Contrato Indefinido, Media Jornada y Seguro M\u00e9dico"}]},{"@type":"WebSite","@id":"https:\/\/crecerencarrera.com\/#website","url":"https:\/\/crecerencarrera.com\/","name":"Crecer en Carrera","description":"","publisher":{"@id":"https:\/\/crecerencarrera.com\/#organization"},"potentialAction":[{"@type":"SearchAction","target":{"@type":"EntryPoint","urlTemplate":"https:\/\/crecerencarrera.com\/?s={search_term_string}"},"query-input":"required name=search_term_string"}],"inLanguage":"fr-FR"},{"@type":"Organization","@id":"https:\/\/crecerencarrera.com\/#organization","name":"Crecer en Carrera","url":"https:\/\/crecerencarrera.com\/","logo":{"@type":"ImageObject","inLanguage":"fr-FR","@id":"https:\/\/crecerencarrera.com\/#\/schema\/logo\/image\/","url":"https:\/\/crecerencarrera.com\/wp-content\/uploads\/sites\/604\/2025\/10\/logo-Crecer-en-carrera.svg","contentUrl":"https:\/\/crecerencarrera.com\/wp-content\/uploads\/sites\/604\/2025\/10\/logo-Crecer-en-carrera.svg","caption":"Crecer en Carrera"},"image":{"@id":"https:\/\/crecerencarrera.com\/#\/schema\/logo\/image\/"}},{"@type":"Person","@id":"https:\/\/crecerencarrera.com\/#\/schema\/person\/d52888235fd6563bd07d97185d6a61e4","name":"Bruno Gianni","image":{"@type":"ImageObject","inLanguage":"fr-FR","@id":"https:\/\/crecerencarrera.com\/#\/schema\/person\/image\/","url":"https:\/\/secure.gravatar.com\/avatar\/0f5d42d7bf77874643c1478932860e3f?s=96&d=mm&r=g","contentUrl":"https:\/\/secure.gravatar.com\/avatar\/0f5d42d7bf77874643c1478932860e3f?s=96&d=mm&r=g","caption":"Bruno Gianni"},"description":"Bruno writes the way he lives, with curiosity, care, and respect for people. He likes to observe, listen, and try to understand what is happening on the other side before putting any words on the page.For him, writing is not about impressing, but about getting closer. It is about turning thoughts into something simple, clear, and real. Every text is an ongoing conversation, created with care and honesty, with the sincere intention of touching someone, somewhere along the way.","url":"https:\/\/crecerencarrera.com\/fr\/author\/bcgianni\/"}]}},"uagb_featured_image_src":{"full":false,"thumbnail":false,"medium":false,"medium_large":false,"large":false,"1536x1536":false,"2048x2048":false,"trp-custom-language-flag":false},"uagb_author_info":{"display_name":"Bruno Gianni","author_link":"https:\/\/crecerencarrera.com\/fr\/author\/bcgianni\/"},"uagb_comment_info":0,"uagb_excerpt":"Valoramos la oferta de Administrativo Comercial con contrato fijo, seguro m\u00e9dico, ambiente profesional y jornada parcial. Lee nuestra opini\u00f3n objetiva antes de postularte.","_links":{"self":[{"href":"https:\/\/crecerencarrera.com\/fr\/wp-json\/wp\/v2\/posts\/7075"}],"collection":[{"href":"https:\/\/crecerencarrera.com\/fr\/wp-json\/wp\/v2\/posts"}],"about":[{"href":"https:\/\/crecerencarrera.com\/fr\/wp-json\/wp\/v2\/types\/post"}],"author":[{"embeddable":true,"href":"https:\/\/crecerencarrera.com\/fr\/wp-json\/wp\/v2\/users\/3"}],"replies":[{"embeddable":true,"href":"https:\/\/crecerencarrera.com\/fr\/wp-json\/wp\/v2\/comments?post=7075"}],"version-history":[{"count":1,"href":"https:\/\/crecerencarrera.com\/fr\/wp-json\/wp\/v2\/posts\/7075\/revisions"}],"predecessor-version":[{"id":7077,"href":"https:\/\/crecerencarrera.com\/fr\/wp-json\/wp\/v2\/posts\/7075\/revisions\/7077"}],"wp:attachment":[{"href":"https:\/\/crecerencarrera.com\/fr\/wp-json\/wp\/v2\/media?parent=7075"}],"wp:term":[{"taxonomy":"category","embeddable":true,"href":"https:\/\/crecerencarrera.com\/fr\/wp-json\/wp\/v2\/categories?post=7075"},{"taxonomy":"post_tag","embeddable":true,"href":"https:\/\/crecerencarrera.com\/fr\/wp-json\/wp\/v2\/tags?post=7075"}],"curies":[{"name":"wp","href":"https:\/\/api.w.org\/{rel}","templated":true}]}}