{"id":7095,"date":"2026-03-08T10:39:00","date_gmt":"2026-03-08T10:39:00","guid":{"rendered":"https:\/\/crecerencarrera.com\/c47f1eb9-76eb-4d64-b5e5-767090ac43a8\/"},"modified":"2026-03-08T10:39:41","modified_gmt":"2026-03-08T10:39:41","slug":"c47f1eb9-76eb-4d64-b5e5-767090ac43a8","status":"publish","type":"post","link":"https:\/\/crecerencarrera.com\/fr\/c47f1eb9-76eb-4d64-b5e5-767090ac43a8\/","title":{"rendered":"Alternance ou Stage RH F\/H chez Vestack : Missions vari\u00e9es et vrai impact"},"content":{"rendered":"<\/p>\n<\/p>\n<div style=\"background: #ffffff; border-radius: 12px; box-shadow: 0 10px 30px rgba(0, 0, 0, 0.1); width: 100%; max-width: 340px; padding: 25px; transition: transform 0.3s ease-in-out; overflow: visible; display: flex; flex-direction: column; position: relative; border: 1px solid #28a745; margin-top: 70px; margin-bottom: 50px; margin-left: auto; margin-right: auto;\">\n<div style=\"position: absolute; top: -35px; right: 15px; color: #28a745; padding: 5px 10px; border-radius: 6px; font-size: 14px; font-weight: bold; display: flex; align-items: center; z-index: 10;\">Recommand\u00e9 pour vous<\/div>\n<div data-namespace-header=\"\" style=\"\">\n<h3 data-namespace-title=\"\" style=\"color: #333; font-size: 20px; font-weight: bold; text-align: left; margin-right: 50px; min-height: 50px; margin-top: 0px;\">Alternance \/ Stage RH F\/H<\/h3>\n<\/p><\/div>\n<p data-namespace-prompt=\"\" style=\"font-size: 16px; color: #666; margin-bottom: 20px; line-height: 1.5; flex-grow: 1; text-align: left; margin-top: 0px;\">Contribuez \u00e0 une entreprise innovante \u00e0 impact positif. Missions ax\u00e9es sur le recrutement, l&#8217;administration du personnel et des projets RH. Id\u00e9al pour profils autonomes et motiv\u00e9s.<\/p>\n<p>    <a data-namespace-url=\"\" href=\"https:\/\/crecerencarrera.com\/fr\/redirect\/?https:\/\/join.com\/companies\/vestack\/15755958-alternance-ou-stage-ressources-humaines-f-h-poste-base-a-saint-germain-laval-77?utm_campaign=google_jobs_apply&#038;utm_source=google_jobs_apply&#038;utm_medium=organic\" style=\"width: 100%; display: inline-block; color: white; text-decoration: none; border-radius: 6px; font-size: 16px; font-weight: bold; text-align: center; transition: transform 0.3s ease, background 0.3s ease; margin-top: auto;\" data-namespace-id=\"5c0d2565-3ba9-4280-a382-ad2a691e2285\"><br \/>\n        <button style=\"width: 100%; height: 55px; background: #e9e9ed; border: 1px solid black; color: black;\">Postuler \u00e0 l&#039;offre<\/button><br \/>\n    <\/a><br \/>\n    <small style=\"margin-top: 10px; color: #777; font-size: 12px; text-align: center; display: block;\">Vous serez redirig\u00e9 vers un autre site<\/small>\n<\/div>\n<p>Vestack propose un poste d&#8217;alternance ou stage en ressources humaines destin\u00e9 aux \u00e9tudiants souhaitant allier apprentissage et engagement dans une entreprise innovante. Le contrat est en alternance, avec une possibilit\u00e9 de t\u00e9l\u00e9travail limit\u00e9e. Salaire non pr\u00e9cis\u00e9, mais l&#8217;accent est mis sur les missions \u00e0 fort impact et le suivi RH sur-mesure.<\/p>\n<h2>Quelles seront vos missions au quotidien ?<\/h2>\n<p>En rejoignant Vestack, vous prenez part au recrutement, notamment \u00e0 la r\u00e9daction et diffusion d&#8217;offres d&#8217;emploi, au sourcing, \u00e0 la pr\u00e9s\u00e9lection, ainsi qu&#8217;\u00e0 l&#8217;organisation des entretiens avec les managers. Vous assurez le suivi des candidatures dans leur outil interne et pouvez participer \u00e0 des salons professionnels.<\/p>\n<p>Au-del\u00e0 du recrutement, vous contribuez \u00e0 la gestion administrative RH : pr\u00e9paration des contrats de travail, accompagnement des nouveaux arrivants, mise \u00e0 jour des dossiers salari\u00e9s. Vous soutenez \u00e9galement les r\u00e9ponses aux demandes RH des collaborateurs.<\/p>\n<p>Vous prenez part \u00e0 des projets transverses comme la refonte du livret d&#8217;accueil ou la mise en place de nouveaux processus. Cette approche g\u00e9n\u00e9raliste favorise une mont\u00e9e en comp\u00e9tences compl\u00e8te.<\/p>\n<p>L&#8217;environnement de travail se distingue par la mixit\u00e9 des profils, cadres comme ouvriers. Le poste convient id\u00e9alement aux personnes autonomes, polyvalentes et dynamiques, ayant d\u00e9j\u00e0 une exp\u00e9rience ou une formation RH niveau Bac+4\/5.<\/p>\n<p>Vestack valorise l&#8217;agilit\u00e9 et la capacit\u00e9 \u00e0 s&#8217;adapter dans une entreprise en pleine croissance et transformation.<\/p>\n<h2>Atouts majeurs de ce poste<\/h2>\n<p>Le poste offre une r\u00e9elle polyvalence, permettant de toucher \u00e0 toutes les dimensions RH. Les apprentis b\u00e9n\u00e9ficient d&#8217;une supervision directe par la Responsable RH, ce qui assure une formation personnalis\u00e9e.<\/p>\n<p>Travailler pour une proptech innovante engag\u00e9e dans la transition \u00e9cologique, c&#8217;est aussi donner du sens \u00e0 votre exp\u00e9rience professionnelle. La diversit\u00e9 des missions constitue un grand avantage pour d\u00e9velopper votre employabilit\u00e9.<\/p>\n<h2>Limites \u00e9ventuelles \u00e0 prendre en compte<\/h2>\n<p>L&#8217;absence de grille de salaire claire et la n\u00e9cessit\u00e9 de s&#8217;adapter \u00e0 un rythme soutenu demanderont une vraie implication personnelle. Le t\u00e9l\u00e9travail reste limit\u00e9 et ne conviendra pas \u00e0 tous les profils.<\/p>\n<p>L&#8217;environnement en forte \u00e9volution n\u00e9cessite d&#8217;\u00eatre proactif face au changement. Il faudra aimer la nouveaut\u00e9 et la gestion de priorit\u00e9s multiples.<\/p>\n<h2>Notre verdict<\/h2>\n<p>Ce poste en alternance\/stage chez Vestack s&#8217;adresse \u00e0 ceux qui recherchent une exp\u00e9rience RH vari\u00e9e au sein d&#8217;une entreprise engag\u00e9e et moderne. Id\u00e9al pour acqu\u00e9rir une vision globale du m\u00e9tier, ce challenge conviendra aux candidats motiv\u00e9s souhaitant progresser rapidement en RH.<\/p>\n<div style=\"background: #ffffff; border-radius: 12px; box-shadow: 0 10px 30px rgba(0, 0, 0, 0.1); width: 100%; max-width: 340px; padding: 25px; transition: transform 0.3s ease-in-out; overflow: visible; display: flex; flex-direction: column; position: relative; border: 1px solid #28a745; margin-top: 70px; margin-bottom: 50px; margin-left: auto; margin-right: auto;\">\n<div style=\"position: absolute; top: -35px; right: 15px; color: #28a745; padding: 5px 10px; border-radius: 6px; font-size: 14px; font-weight: bold; display: flex; align-items: center; z-index: 10;\">Recommand\u00e9 pour vous<\/div>\n<div data-namespace-header=\"\" style=\"\">\n<h3 data-namespace-title=\"\" style=\"color: #333; font-size: 20px; font-weight: bold; text-align: left; margin-right: 50px; min-height: 50px; margin-top: 0px;\">Alternance \/ Stage RH F\/H<\/h3>\n<\/p><\/div>\n<p data-namespace-prompt=\"\" style=\"font-size: 16px; color: #666; margin-bottom: 20px; line-height: 1.5; flex-grow: 1; text-align: left; margin-top: 0px;\">Contribuez \u00e0 une entreprise innovante \u00e0 impact positif. Missions ax\u00e9es sur le recrutement, l&#8217;administration du personnel et des projets RH. Id\u00e9al pour profils autonomes et motiv\u00e9s.<\/p>\n<p>    <a data-namespace-url=\"\" href=\"https:\/\/crecerencarrera.com\/fr\/redirect\/?https:\/\/join.com\/companies\/vestack\/15755958-alternance-ou-stage-ressources-humaines-f-h-poste-base-a-saint-germain-laval-77?utm_campaign=google_jobs_apply&#038;utm_source=google_jobs_apply&#038;utm_medium=organic\" style=\"width: 100%; display: inline-block; color: white; text-decoration: none; border-radius: 6px; font-size: 16px; font-weight: bold; text-align: center; transition: transform 0.3s ease, background 0.3s ease; margin-top: auto;\" data-namespace-id=\"5c0d2565-3ba9-4280-a382-ad2a691e2285\"><br \/>\n        <button style=\"width: 100%; height: 55px; background: #e9e9ed; border: 1px solid black; color: black;\">Postuler \u00e0 l&#039;offre<\/button><br \/>\n    <\/a><br \/>\n    <small style=\"margin-top: 10px; color: #777; font-size: 12px; text-align: center; display: block;\">Vous serez redirig\u00e9 vers un autre site<\/small>\n<\/div>","protected":false},"excerpt":{"rendered":"<p>Alternance ou stage RH F\/H chez Vestack pour \u00e9tudiants Bac+4\/5. Missions vari\u00e9es en recrutement et administration RH dans une entreprise engag\u00e9e et innovante. Candidatures ouvertes !<\/p>","protected":false},"author":3,"featured_media":0,"comment_status":"open","ping_status":"open","sticky":false,"template":"","format":"standard","meta":{"_uag_custom_page_level_css":"","site-sidebar-layout":"default","site-content-layout":"","ast-site-content-layout":"","site-content-style":"default","site-sidebar-style":"default","ast-global-header-display":"","ast-banner-title-visibility":"","ast-main-header-display":"","ast-hfb-above-header-display":"","ast-hfb-below-header-display":"","ast-hfb-mobile-header-display":"","site-post-title":"","ast-breadcrumbs-content":"","ast-featured-img":"","footer-sml-layout":"","theme-transparent-header-meta":"","adv-header-id-meta":"","stick-header-meta":"","header-above-stick-meta":"","header-main-stick-meta":"","header-below-stick-meta":"","astra-migrate-meta-layouts":"default","ast-page-background-enabled":"default","ast-page-background-meta":{"desktop":{"background-color":"var(--ast-global-color-4)","background-image":"","background-repeat":"repeat","background-position":"center center","background-size":"auto","background-attachment":"scroll","background-type":"","background-media":"","overlay-type":"","overlay-color":"","overlay-opacity":"","overlay-gradient":""},"tablet":{"background-color":"","background-image":"","background-repeat":"repeat","background-position":"center center","background-size":"auto","background-attachment":"scroll","background-type":"","background-media":"","overlay-type":"","overlay-color":"","overlay-opacity":"","overlay-gradient":""},"mobile":{"background-color":"","background-image":"","background-repeat":"repeat","background-position":"center center","background-size":"auto","background-attachment":"scroll","background-type":"","background-media":"","overlay-type":"","overlay-color":"","overlay-opacity":"","overlay-gradient":""}},"ast-content-background-meta":{"desktop":{"background-color":"var(--ast-global-color-5)","background-image":"","background-repeat":"repeat","background-position":"center center","background-size":"auto","background-attachment":"scroll","background-type":"","background-media":"","overlay-type":"","overlay-color":"","overlay-opacity":"","overlay-gradient":""},"tablet":{"background-color":"var(--ast-global-color-5)","background-image":"","background-repeat":"repeat","background-position":"center center","background-size":"auto","background-attachment":"scroll","background-type":"","background-media":"","overlay-type":"","overlay-color":"","overlay-opacity":"","overlay-gradient":""},"mobile":{"background-color":"var(--ast-global-color-5)","background-image":"","background-repeat":"repeat","background-position":"center center","background-size":"auto","background-attachment":"scroll","background-type":"","background-media":"","overlay-type":"","overlay-color":"","overlay-opacity":"","overlay-gradient":""}},"footnotes":""},"categories":[10],"tags":[],"yoast_head":"<!-- This site is optimized with the Yoast SEO plugin v23.3 - https:\/\/yoast.com\/wordpress\/plugins\/seo\/ -->\n<title>Alternance ou Stage RH F\/H chez Vestack : Missions vari\u00e9es et vrai impact - Crecer en Carrera<\/title>\n<meta name=\"robots\" content=\"index, follow, max-snippet:-1, max-image-preview:large, max-video-preview:-1\" \/>\n<link rel=\"canonical\" href=\"https:\/\/crecerencarrera.com\/fr\/c47f1eb9-76eb-4d64-b5e5-767090ac43a8\/\" \/>\n<meta property=\"og:locale\" content=\"fr_FR\" \/>\n<meta property=\"og:type\" content=\"article\" \/>\n<meta property=\"og:title\" content=\"Alternance ou Stage RH F\/H chez Vestack : Missions vari\u00e9es et vrai impact - Crecer en Carrera\" \/>\n<meta property=\"og:description\" content=\"Alternance ou stage RH F\/H chez Vestack pour \u00e9tudiants Bac+4\/5. Missions vari\u00e9es en recrutement et administration RH dans une entreprise engag\u00e9e et innovante. Candidatures ouvertes !\" \/>\n<meta property=\"og:url\" content=\"https:\/\/crecerencarrera.com\/fr\/c47f1eb9-76eb-4d64-b5e5-767090ac43a8\/\" \/>\n<meta property=\"og:site_name\" content=\"Crecer en Carrera\" \/>\n<meta property=\"article:published_time\" content=\"2026-03-08T10:39:00+00:00\" \/>\n<meta property=\"article:modified_time\" content=\"2026-03-08T10:39:41+00:00\" \/>\n<meta name=\"author\" content=\"Bruno Gianni\" \/>\n<meta name=\"twitter:card\" content=\"summary_large_image\" \/>\n<meta name=\"twitter:label1\" content=\"Written by\" \/>\n\t<meta name=\"twitter:data1\" content=\"Bruno Gianni\" \/>\n\t<meta name=\"twitter:label2\" content=\"Est. reading time\" \/>\n\t<meta name=\"twitter:data2\" content=\"2 minutes\" \/>\n<script type=\"application\/ld+json\" class=\"yoast-schema-graph\">{\"@context\":\"https:\/\/schema.org\",\"@graph\":[{\"@type\":\"Article\",\"@id\":\"https:\/\/crecerencarrera.com\/c47f1eb9-76eb-4d64-b5e5-767090ac43a8\/#article\",\"isPartOf\":{\"@id\":\"https:\/\/crecerencarrera.com\/c47f1eb9-76eb-4d64-b5e5-767090ac43a8\/\"},\"author\":{\"name\":\"Bruno Gianni\",\"@id\":\"https:\/\/crecerencarrera.com\/#\/schema\/person\/d52888235fd6563bd07d97185d6a61e4\"},\"headline\":\"Alternance ou Stage RH F\/H chez Vestack : Missions vari\u00e9es et vrai impact\",\"datePublished\":\"2026-03-08T10:39:00+00:00\",\"dateModified\":\"2026-03-08T10:39:41+00:00\",\"mainEntityOfPage\":{\"@id\":\"https:\/\/crecerencarrera.com\/c47f1eb9-76eb-4d64-b5e5-767090ac43a8\/\"},\"wordCount\":532,\"commentCount\":0,\"publisher\":{\"@id\":\"https:\/\/crecerencarrera.com\/#organization\"},\"articleSection\":[\"Hidden\"],\"inLanguage\":\"fr-FR\",\"potentialAction\":[{\"@type\":\"CommentAction\",\"name\":\"Comment\",\"target\":[\"https:\/\/crecerencarrera.com\/c47f1eb9-76eb-4d64-b5e5-767090ac43a8\/#respond\"]}]},{\"@type\":\"WebPage\",\"@id\":\"https:\/\/crecerencarrera.com\/c47f1eb9-76eb-4d64-b5e5-767090ac43a8\/\",\"url\":\"https:\/\/crecerencarrera.com\/c47f1eb9-76eb-4d64-b5e5-767090ac43a8\/\",\"name\":\"Alternance ou Stage RH F\/H chez Vestack : Missions vari\u00e9es et vrai impact - Crecer en Carrera\",\"isPartOf\":{\"@id\":\"https:\/\/crecerencarrera.com\/#website\"},\"datePublished\":\"2026-03-08T10:39:00+00:00\",\"dateModified\":\"2026-03-08T10:39:41+00:00\",\"breadcrumb\":{\"@id\":\"https:\/\/crecerencarrera.com\/c47f1eb9-76eb-4d64-b5e5-767090ac43a8\/#breadcrumb\"},\"inLanguage\":\"fr-FR\",\"potentialAction\":[{\"@type\":\"ReadAction\",\"target\":[\"https:\/\/crecerencarrera.com\/c47f1eb9-76eb-4d64-b5e5-767090ac43a8\/\"]}]},{\"@type\":\"BreadcrumbList\",\"@id\":\"https:\/\/crecerencarrera.com\/c47f1eb9-76eb-4d64-b5e5-767090ac43a8\/#breadcrumb\",\"itemListElement\":[{\"@type\":\"ListItem\",\"position\":1,\"name\":\"Home\",\"item\":\"https:\/\/crecerencarrera.com\/\"},{\"@type\":\"ListItem\",\"position\":2,\"name\":\"Alternance ou Stage RH F\/H chez Vestack : Missions vari\u00e9es et vrai impact\"}]},{\"@type\":\"WebSite\",\"@id\":\"https:\/\/crecerencarrera.com\/#website\",\"url\":\"https:\/\/crecerencarrera.com\/\",\"name\":\"Crecer en Carrera\",\"description\":\"\",\"publisher\":{\"@id\":\"https:\/\/crecerencarrera.com\/#organization\"},\"potentialAction\":[{\"@type\":\"SearchAction\",\"target\":{\"@type\":\"EntryPoint\",\"urlTemplate\":\"https:\/\/crecerencarrera.com\/?s={search_term_string}\"},\"query-input\":\"required name=search_term_string\"}],\"inLanguage\":\"fr-FR\"},{\"@type\":\"Organization\",\"@id\":\"https:\/\/crecerencarrera.com\/#organization\",\"name\":\"Crecer en Carrera\",\"url\":\"https:\/\/crecerencarrera.com\/\",\"logo\":{\"@type\":\"ImageObject\",\"inLanguage\":\"fr-FR\",\"@id\":\"https:\/\/crecerencarrera.com\/#\/schema\/logo\/image\/\",\"url\":\"https:\/\/crecerencarrera.com\/wp-content\/uploads\/sites\/604\/2025\/10\/logo-Crecer-en-carrera.svg\",\"contentUrl\":\"https:\/\/crecerencarrera.com\/wp-content\/uploads\/sites\/604\/2025\/10\/logo-Crecer-en-carrera.svg\",\"caption\":\"Crecer en Carrera\"},\"image\":{\"@id\":\"https:\/\/crecerencarrera.com\/#\/schema\/logo\/image\/\"}},{\"@type\":\"Person\",\"@id\":\"https:\/\/crecerencarrera.com\/#\/schema\/person\/d52888235fd6563bd07d97185d6a61e4\",\"name\":\"Bruno Gianni\",\"image\":{\"@type\":\"ImageObject\",\"inLanguage\":\"fr-FR\",\"@id\":\"https:\/\/crecerencarrera.com\/#\/schema\/person\/image\/\",\"url\":\"https:\/\/secure.gravatar.com\/avatar\/0f5d42d7bf77874643c1478932860e3f?s=96&d=mm&r=g\",\"contentUrl\":\"https:\/\/secure.gravatar.com\/avatar\/0f5d42d7bf77874643c1478932860e3f?s=96&d=mm&r=g\",\"caption\":\"Bruno Gianni\"},\"description\":\"Bruno writes the way he lives, with curiosity, care, and respect for people. He likes to observe, listen, and try to understand what is happening on the other side before putting any words on the page.For him, writing is not about impressing, but about getting closer. It is about turning thoughts into something simple, clear, and real. Every text is an ongoing conversation, created with care and honesty, with the sincere intention of touching someone, somewhere along the way.\",\"url\":\"https:\/\/crecerencarrera.com\/fr\/author\/bcgianni\/\"}]}<\/script>\n<!-- \/ Yoast SEO plugin. -->","yoast_head_json":{"title":"Alternance ou Stage RH F\/H chez Vestack : Missions vari\u00e9es et vrai impact - Crecer en Carrera","robots":{"index":"index","follow":"follow","max-snippet":"max-snippet:-1","max-image-preview":"max-image-preview:large","max-video-preview":"max-video-preview:-1"},"canonical":"https:\/\/crecerencarrera.com\/fr\/c47f1eb9-76eb-4d64-b5e5-767090ac43a8\/","og_locale":"fr_FR","og_type":"article","og_title":"Alternance ou Stage RH F\/H chez Vestack : Missions vari\u00e9es et vrai impact - Crecer en Carrera","og_description":"Alternance ou stage RH F\/H chez Vestack pour \u00e9tudiants Bac+4\/5. Missions vari\u00e9es en recrutement et administration RH dans une entreprise engag\u00e9e et innovante. Candidatures ouvertes !","og_url":"https:\/\/crecerencarrera.com\/fr\/c47f1eb9-76eb-4d64-b5e5-767090ac43a8\/","og_site_name":"Crecer en Carrera","article_published_time":"2026-03-08T10:39:00+00:00","article_modified_time":"2026-03-08T10:39:41+00:00","author":"Bruno Gianni","twitter_card":"summary_large_image","twitter_misc":{"Written by":"Bruno Gianni","Est. reading time":"2 minutes"},"schema":{"@context":"https:\/\/schema.org","@graph":[{"@type":"Article","@id":"https:\/\/crecerencarrera.com\/c47f1eb9-76eb-4d64-b5e5-767090ac43a8\/#article","isPartOf":{"@id":"https:\/\/crecerencarrera.com\/c47f1eb9-76eb-4d64-b5e5-767090ac43a8\/"},"author":{"name":"Bruno Gianni","@id":"https:\/\/crecerencarrera.com\/#\/schema\/person\/d52888235fd6563bd07d97185d6a61e4"},"headline":"Alternance ou Stage RH F\/H chez Vestack : Missions vari\u00e9es et vrai impact","datePublished":"2026-03-08T10:39:00+00:00","dateModified":"2026-03-08T10:39:41+00:00","mainEntityOfPage":{"@id":"https:\/\/crecerencarrera.com\/c47f1eb9-76eb-4d64-b5e5-767090ac43a8\/"},"wordCount":532,"commentCount":0,"publisher":{"@id":"https:\/\/crecerencarrera.com\/#organization"},"articleSection":["Hidden"],"inLanguage":"fr-FR","potentialAction":[{"@type":"CommentAction","name":"Comment","target":["https:\/\/crecerencarrera.com\/c47f1eb9-76eb-4d64-b5e5-767090ac43a8\/#respond"]}]},{"@type":"WebPage","@id":"https:\/\/crecerencarrera.com\/c47f1eb9-76eb-4d64-b5e5-767090ac43a8\/","url":"https:\/\/crecerencarrera.com\/c47f1eb9-76eb-4d64-b5e5-767090ac43a8\/","name":"Alternance ou Stage RH F\/H chez Vestack : Missions vari\u00e9es et vrai impact - Crecer en Carrera","isPartOf":{"@id":"https:\/\/crecerencarrera.com\/#website"},"datePublished":"2026-03-08T10:39:00+00:00","dateModified":"2026-03-08T10:39:41+00:00","breadcrumb":{"@id":"https:\/\/crecerencarrera.com\/c47f1eb9-76eb-4d64-b5e5-767090ac43a8\/#breadcrumb"},"inLanguage":"fr-FR","potentialAction":[{"@type":"ReadAction","target":["https:\/\/crecerencarrera.com\/c47f1eb9-76eb-4d64-b5e5-767090ac43a8\/"]}]},{"@type":"BreadcrumbList","@id":"https:\/\/crecerencarrera.com\/c47f1eb9-76eb-4d64-b5e5-767090ac43a8\/#breadcrumb","itemListElement":[{"@type":"ListItem","position":1,"name":"Home","item":"https:\/\/crecerencarrera.com\/"},{"@type":"ListItem","position":2,"name":"Alternance ou Stage RH F\/H chez Vestack : Missions vari\u00e9es et vrai impact"}]},{"@type":"WebSite","@id":"https:\/\/crecerencarrera.com\/#website","url":"https:\/\/crecerencarrera.com\/","name":"Crecer en Carrera","description":"","publisher":{"@id":"https:\/\/crecerencarrera.com\/#organization"},"potentialAction":[{"@type":"SearchAction","target":{"@type":"EntryPoint","urlTemplate":"https:\/\/crecerencarrera.com\/?s={search_term_string}"},"query-input":"required name=search_term_string"}],"inLanguage":"fr-FR"},{"@type":"Organization","@id":"https:\/\/crecerencarrera.com\/#organization","name":"Crecer en Carrera","url":"https:\/\/crecerencarrera.com\/","logo":{"@type":"ImageObject","inLanguage":"fr-FR","@id":"https:\/\/crecerencarrera.com\/#\/schema\/logo\/image\/","url":"https:\/\/crecerencarrera.com\/wp-content\/uploads\/sites\/604\/2025\/10\/logo-Crecer-en-carrera.svg","contentUrl":"https:\/\/crecerencarrera.com\/wp-content\/uploads\/sites\/604\/2025\/10\/logo-Crecer-en-carrera.svg","caption":"Crecer en Carrera"},"image":{"@id":"https:\/\/crecerencarrera.com\/#\/schema\/logo\/image\/"}},{"@type":"Person","@id":"https:\/\/crecerencarrera.com\/#\/schema\/person\/d52888235fd6563bd07d97185d6a61e4","name":"Bruno Gianni","image":{"@type":"ImageObject","inLanguage":"fr-FR","@id":"https:\/\/crecerencarrera.com\/#\/schema\/person\/image\/","url":"https:\/\/secure.gravatar.com\/avatar\/0f5d42d7bf77874643c1478932860e3f?s=96&d=mm&r=g","contentUrl":"https:\/\/secure.gravatar.com\/avatar\/0f5d42d7bf77874643c1478932860e3f?s=96&d=mm&r=g","caption":"Bruno Gianni"},"description":"Bruno writes the way he lives, with curiosity, care, and respect for people. He likes to observe, listen, and try to understand what is happening on the other side before putting any words on the page.For him, writing is not about impressing, but about getting closer. It is about turning thoughts into something simple, clear, and real. Every text is an ongoing conversation, created with care and honesty, with the sincere intention of touching someone, somewhere along the way.","url":"https:\/\/crecerencarrera.com\/fr\/author\/bcgianni\/"}]}},"uagb_featured_image_src":{"full":false,"thumbnail":false,"medium":false,"medium_large":false,"large":false,"1536x1536":false,"2048x2048":false,"trp-custom-language-flag":false},"uagb_author_info":{"display_name":"Bruno Gianni","author_link":"https:\/\/crecerencarrera.com\/fr\/author\/bcgianni\/"},"uagb_comment_info":0,"uagb_excerpt":"Alternance ou stage RH F\/H chez Vestack pour \u00e9tudiants Bac+4\/5. Missions vari\u00e9es en recrutement et administration RH dans une entreprise engag\u00e9e et innovante. Candidatures ouvertes !","_links":{"self":[{"href":"https:\/\/crecerencarrera.com\/fr\/wp-json\/wp\/v2\/posts\/7095"}],"collection":[{"href":"https:\/\/crecerencarrera.com\/fr\/wp-json\/wp\/v2\/posts"}],"about":[{"href":"https:\/\/crecerencarrera.com\/fr\/wp-json\/wp\/v2\/types\/post"}],"author":[{"embeddable":true,"href":"https:\/\/crecerencarrera.com\/fr\/wp-json\/wp\/v2\/users\/3"}],"replies":[{"embeddable":true,"href":"https:\/\/crecerencarrera.com\/fr\/wp-json\/wp\/v2\/comments?post=7095"}],"version-history":[{"count":1,"href":"https:\/\/crecerencarrera.com\/fr\/wp-json\/wp\/v2\/posts\/7095\/revisions"}],"predecessor-version":[{"id":7103,"href":"https:\/\/crecerencarrera.com\/fr\/wp-json\/wp\/v2\/posts\/7095\/revisions\/7103"}],"wp:attachment":[{"href":"https:\/\/crecerencarrera.com\/fr\/wp-json\/wp\/v2\/media?parent=7095"}],"wp:term":[{"taxonomy":"category","embeddable":true,"href":"https:\/\/crecerencarrera.com\/fr\/wp-json\/wp\/v2\/categories?post=7095"},{"taxonomy":"post_tag","embeddable":true,"href":"https:\/\/crecerencarrera.com\/fr\/wp-json\/wp\/v2\/tags?post=7095"}],"curies":[{"name":"wp","href":"https:\/\/api.w.org\/{rel}","templated":true}]}}