{"id":7102,"date":"2026-03-08T10:40:00","date_gmt":"2026-03-08T10:40:00","guid":{"rendered":"https:\/\/crecerencarrera.com\/4a45bfb1-41c3-4a8f-967c-f5dc97019531\/"},"modified":"2026-03-08T10:40:12","modified_gmt":"2026-03-08T10:40:12","slug":"4a45bfb1-41c3-4a8f-967c-f5dc97019531","status":"publish","type":"post","link":"https:\/\/crecerencarrera.com\/fr\/4a45bfb1-41c3-4a8f-967c-f5dc97019531\/","title":{"rendered":"Charg\u00e9(e) de mission pour les recrutements et la mobilit\u00e9 : missions vari\u00e9es et flexibilit\u00e9 t\u00e9l\u00e9travail"},"content":{"rendered":"<\/p>\n<\/p>\n<div style=\"background: #ffffff; border-radius: 12px; box-shadow: 0 10px 30px rgba(0, 0, 0, 0.1); width: 100%; max-width: 340px; padding: 25px; transition: transform 0.3s ease-in-out; overflow: visible; display: flex; flex-direction: column; position: relative; border: 1px solid #28a745; margin-top: 70px; margin-bottom: 50px; margin-left: auto; margin-right: auto;\">\n<div style=\"position: absolute; top: -35px; right: 15px; color: #28a745; padding: 5px 10px; border-radius: 6px; font-size: 14px; font-weight: bold; display: flex; align-items: center; z-index: 10;\">Recommand\u00e9 pour vous<\/div>\n<div data-namespace-header=\"\" style=\"\">\n<h3 data-namespace-title=\"\" style=\"color: #333; font-size: 20px; font-weight: bold; text-align: left; margin-right: 50px; min-height: 50px; margin-top: 0px;\">Charg\u00e9(e) de mission recrutements et mobilit\u00e9<\/h3>\n<\/p><\/div>\n<p data-namespace-prompt=\"\" style=\"font-size: 16px; color: #666; margin-bottom: 20px; line-height: 1.5; flex-grow: 1; text-align: left; margin-top: 0px;\">Votre chance d&#8217;int\u00e9grer une \u00e9quipe vivante en ressources humaines, avec missions multiples, perspective d&#8217;\u00e9volution et conditions de t\u00e9l\u00e9travail flexible. Organisation et sens relationnel appr\u00e9ci\u00e9s.<\/p>\n<p>    <a data-namespace-url=\"\" href=\"https:\/\/crecerencarrera.com\/fr\/redirect\/?https:\/\/choisirleservicepublic.gouv.fr\/offre-emploi\/chargee-de-mission-pour-les-recrutements-et-la-mobilite-reference-2026-2210450\/?utm_campaign=google_jobs_apply&#038;utm_source=google_jobs_apply&#038;utm_medium=organic\" style=\"width: 100%; display: inline-block; color: white; text-decoration: none; border-radius: 6px; font-size: 16px; font-weight: bold; text-align: center; transition: transform 0.3s ease, background 0.3s ease; margin-top: auto;\" data-namespace-id=\"5c0d2565-3ba9-4280-a382-ad2a691e2285\"><br \/>\n        <button style=\"width: 100%; height: 55px; background: #e9e9ed; border: 1px solid black; color: black;\">Postuler \u00e0 l&#039;offre<\/button><br \/>\n    <\/a><br \/>\n    <small style=\"margin-top: 10px; color: #777; font-size: 12px; text-align: center; display: block;\">Vous serez redirig\u00e9 vers un autre site<\/small>\n<\/div>\n<p>Le poste de Charg\u00e9(e) de mission pour les recrutements et la mobilit\u00e9 est ouvert \u00e0 la fois aux titulaires et aux contractuels, ce qui augmente les chances de trouver le bon profil. Le t\u00e9l\u00e9travail est possible, ce qui repr\u00e9sente un avantage non n\u00e9gligeable pour un bon \u00e9quilibre vie professionnelle \/ vie personnelle. La fourchette de r\u00e9mun\u00e9ration n&#8217;est pas mentionn\u00e9e, mais la flexibilit\u00e9 et la diversit\u00e9 des missions peuvent compenser cet aspect si l\u2019on cherche un poste enrichissant et dynamique. Aucun pr\u00e9requis d&#8217;exp\u00e9rience n&#8217;est formellement exig\u00e9, bien qu&#8217;une exp\u00e9rience en RH soit un atout.<\/p>\n<h2>R\u00e9sum\u00e9 des missions quotidiennes<\/h2>\n<p>Les responsabilit\u00e9s principales couvrent la gestion des mouvements du personnel (recrutements, mutations, d\u00e9tachements, CDD, stagiaires, apprentis) et le suivi des proc\u00e9dures et tableaux de bord.<\/p>\n<p>Vous serez responsable de l&#8217;information des managers sur les d\u00e9marches de recrutement et de mobilit\u00e9 ; la bonne communication et l\u2019accompagnement sont donc essentiels.<\/p>\n<p>Le suivi budg\u00e9taire des contrats d\u2019apprentis et d\u2019int\u00e9gration en CDI figure parmi les t\u00e2ches confi\u00e9es, tout comme la publication et le suivi des postes vacants.<\/p>\n<p>Mise \u00e0 jour r\u00e9guli\u00e8re du SIRH, des proc\u00e9dures internes et contribution \u00e0 la gestion RH sur divers outils sont au c\u0153ur du poste.<\/p>\n<p>La coop\u00e9ration en \u00e9quipe et l\u2019adaptabilit\u00e9 face aux changements sont indispensables pour r\u00e9ussir et progresser.<\/p>\n<h2>Les points forts de l&#039;offre<\/h2>\n<p>Le caract\u00e8re polyvalent des missions, avec la possibilit\u00e9 de travailler sur plusieurs dossiers simultan\u00e9ment, dynamise le quotidien et d\u00e9veloppe de nombreuses comp\u00e9tences.<\/p>\n<p>La flexibilit\u00e9 offerte, avec la possibilit\u00e9 de t\u00e9l\u00e9travailler, attire particuli\u00e8rement les candidats en qu\u00eate d\u2019un \u00e9quilibre vie pro\/perso adapt\u00e9 aux trajectoires actuelles.<\/p>\n<h2>Les points faibles \u00e0 consid\u00e9rer<\/h2>\n<p>L\u2019absence d\u2019indications pr\u00e9cises sur la r\u00e9mun\u00e9ration peut d\u00e9courager certains profils ayant un projet de carri\u00e8re bien d\u00e9fini, surtout c\u00f4t\u00e9 contractuel.<\/p>\n<p>Le volume de t\u00e2ches \u00e0 g\u00e9rer simultan\u00e9ment n\u00e9cessite une excellente organisation et peut g\u00e9n\u00e9rer un stress suppl\u00e9mentaire, surtout en p\u00e9riode de forte activit\u00e9.<\/p>\n<h2>Notre verdict<\/h2>\n<p>Le poste offre une vraie diversit\u00e9 et reste attractif pour ceux ou celles qui souhaitent s\u2019investir dans l\u2019univers des ressources humaines publiques. Ni monotone ni fig\u00e9, il ouvre la porte \u00e0 une exp\u00e9rience enrichissante et professionnalisante, id\u00e9ale pour booster son parcours tout en gardant souplesse et autonomie gr\u00e2ce au t\u00e9l\u00e9travail. Une belle opportunit\u00e9 pour qui veut s\u2019investir dans l\u2019accompagnement RH \u00e0 grande \u00e9chelle.<\/p>\n<div style=\"background: #ffffff; border-radius: 12px; box-shadow: 0 10px 30px rgba(0, 0, 0, 0.1); width: 100%; max-width: 340px; padding: 25px; transition: transform 0.3s ease-in-out; overflow: visible; display: flex; flex-direction: column; position: relative; border: 1px solid #28a745; margin-top: 70px; margin-bottom: 50px; margin-left: auto; margin-right: auto;\">\n<div style=\"position: absolute; top: -35px; right: 15px; color: #28a745; padding: 5px 10px; border-radius: 6px; font-size: 14px; font-weight: bold; display: flex; align-items: center; z-index: 10;\">Recommand\u00e9 pour vous<\/div>\n<div data-namespace-header=\"\" style=\"\">\n<h3 data-namespace-title=\"\" style=\"color: #333; font-size: 20px; font-weight: bold; text-align: left; margin-right: 50px; min-height: 50px; margin-top: 0px;\">Charg\u00e9(e) de mission recrutements et mobilit\u00e9<\/h3>\n<\/p><\/div>\n<p data-namespace-prompt=\"\" style=\"font-size: 16px; color: #666; margin-bottom: 20px; line-height: 1.5; flex-grow: 1; text-align: left; margin-top: 0px;\">Votre chance d&#8217;int\u00e9grer une \u00e9quipe vivante en ressources humaines, avec missions multiples, perspective d&#8217;\u00e9volution et conditions de t\u00e9l\u00e9travail flexible. Organisation et sens relationnel appr\u00e9ci\u00e9s.<\/p>\n<p>    <a data-namespace-url=\"\" href=\"https:\/\/crecerencarrera.com\/fr\/redirect\/?https:\/\/choisirleservicepublic.gouv.fr\/offre-emploi\/chargee-de-mission-pour-les-recrutements-et-la-mobilite-reference-2026-2210450\/?utm_campaign=google_jobs_apply&#038;utm_source=google_jobs_apply&#038;utm_medium=organic\" style=\"width: 100%; display: inline-block; color: white; text-decoration: none; border-radius: 6px; font-size: 16px; font-weight: bold; text-align: center; transition: transform 0.3s ease, background 0.3s ease; margin-top: auto;\" data-namespace-id=\"5c0d2565-3ba9-4280-a382-ad2a691e2285\"><br \/>\n        <button style=\"width: 100%; height: 55px; background: #e9e9ed; border: 1px solid black; color: black;\">Postuler \u00e0 l&#039;offre<\/button><br \/>\n    <\/a><br \/>\n    <small style=\"margin-top: 10px; color: #777; font-size: 12px; text-align: center; display: block;\">Vous serez redirig\u00e9 vers un autre site<\/small>\n<\/div>","protected":false},"excerpt":{"rendered":"<p>D\u00e9couvrez le poste de charg\u00e9(e) de mission pour les recrutements et la mobilit\u00e9 avec missions vari\u00e9es, \u00e9quipe dynamique, conditions flexibles et ouverture \u00e0 tous profils. Avantages et points \u00e0 consid\u00e9rer expliqu\u00e9s.<\/p>","protected":false},"author":3,"featured_media":0,"comment_status":"open","ping_status":"open","sticky":false,"template":"","format":"standard","meta":{"_uag_custom_page_level_css":"","site-sidebar-layout":"default","site-content-layout":"","ast-site-content-layout":"","site-content-style":"default","site-sidebar-style":"default","ast-global-header-display":"","ast-banner-title-visibility":"","ast-main-header-display":"","ast-hfb-above-header-display":"","ast-hfb-below-header-display":"","ast-hfb-mobile-header-display":"","site-post-title":"","ast-breadcrumbs-content":"","ast-featured-img":"","footer-sml-layout":"","theme-transparent-header-meta":"","adv-header-id-meta":"","stick-header-meta":"","header-above-stick-meta":"","header-main-stick-meta":"","header-below-stick-meta":"","astra-migrate-meta-layouts":"default","ast-page-background-enabled":"default","ast-page-background-meta":{"desktop":{"background-color":"var(--ast-global-color-4)","background-image":"","background-repeat":"repeat","background-position":"center center","background-size":"auto","background-attachment":"scroll","background-type":"","background-media":"","overlay-type":"","overlay-color":"","overlay-opacity":"","overlay-gradient":""},"tablet":{"background-color":"","background-image":"","background-repeat":"repeat","background-position":"center center","background-size":"auto","background-attachment":"scroll","background-type":"","background-media":"","overlay-type":"","overlay-color":"","overlay-opacity":"","overlay-gradient":""},"mobile":{"background-color":"","background-image":"","background-repeat":"repeat","background-position":"center center","background-size":"auto","background-attachment":"scroll","background-type":"","background-media":"","overlay-type":"","overlay-color":"","overlay-opacity":"","overlay-gradient":""}},"ast-content-background-meta":{"desktop":{"background-color":"var(--ast-global-color-5)","background-image":"","background-repeat":"repeat","background-position":"center center","background-size":"auto","background-attachment":"scroll","background-type":"","background-media":"","overlay-type":"","overlay-color":"","overlay-opacity":"","overlay-gradient":""},"tablet":{"background-color":"var(--ast-global-color-5)","background-image":"","background-repeat":"repeat","background-position":"center center","background-size":"auto","background-attachment":"scroll","background-type":"","background-media":"","overlay-type":"","overlay-color":"","overlay-opacity":"","overlay-gradient":""},"mobile":{"background-color":"var(--ast-global-color-5)","background-image":"","background-repeat":"repeat","background-position":"center center","background-size":"auto","background-attachment":"scroll","background-type":"","background-media":"","overlay-type":"","overlay-color":"","overlay-opacity":"","overlay-gradient":""}},"footnotes":""},"categories":[10],"tags":[],"yoast_head":"<!-- This site is optimized with the Yoast SEO plugin v23.3 - https:\/\/yoast.com\/wordpress\/plugins\/seo\/ -->\n<title>Charg\u00e9(e) de mission pour les recrutements et la mobilit\u00e9 : missions vari\u00e9es et flexibilit\u00e9 t\u00e9l\u00e9travail - Crecer en Carrera<\/title>\n<meta name=\"robots\" content=\"index, follow, max-snippet:-1, max-image-preview:large, max-video-preview:-1\" \/>\n<link rel=\"canonical\" href=\"https:\/\/crecerencarrera.com\/fr\/4a45bfb1-41c3-4a8f-967c-f5dc97019531\/\" \/>\n<meta property=\"og:locale\" content=\"fr_FR\" \/>\n<meta property=\"og:type\" content=\"article\" \/>\n<meta property=\"og:title\" content=\"Charg\u00e9(e) de mission pour les recrutements et la mobilit\u00e9 : missions vari\u00e9es et flexibilit\u00e9 t\u00e9l\u00e9travail - Crecer en Carrera\" \/>\n<meta property=\"og:description\" content=\"D\u00e9couvrez le poste de charg\u00e9(e) de mission pour les recrutements et la mobilit\u00e9 avec missions vari\u00e9es, \u00e9quipe dynamique, conditions flexibles et ouverture \u00e0 tous profils. Avantages et points \u00e0 consid\u00e9rer expliqu\u00e9s.\" \/>\n<meta property=\"og:url\" content=\"https:\/\/crecerencarrera.com\/fr\/4a45bfb1-41c3-4a8f-967c-f5dc97019531\/\" \/>\n<meta property=\"og:site_name\" content=\"Crecer en Carrera\" \/>\n<meta property=\"article:published_time\" content=\"2026-03-08T10:40:00+00:00\" \/>\n<meta property=\"article:modified_time\" content=\"2026-03-08T10:40:12+00:00\" \/>\n<meta name=\"author\" content=\"Bruno Gianni\" \/>\n<meta name=\"twitter:card\" content=\"summary_large_image\" \/>\n<meta name=\"twitter:label1\" content=\"Written by\" \/>\n\t<meta name=\"twitter:data1\" content=\"Bruno Gianni\" \/>\n\t<meta name=\"twitter:label2\" content=\"Est. reading time\" \/>\n\t<meta name=\"twitter:data2\" content=\"3 minutes\" \/>\n<script type=\"application\/ld+json\" class=\"yoast-schema-graph\">{\"@context\":\"https:\/\/schema.org\",\"@graph\":[{\"@type\":\"Article\",\"@id\":\"https:\/\/crecerencarrera.com\/4a45bfb1-41c3-4a8f-967c-f5dc97019531\/#article\",\"isPartOf\":{\"@id\":\"https:\/\/crecerencarrera.com\/4a45bfb1-41c3-4a8f-967c-f5dc97019531\/\"},\"author\":{\"name\":\"Bruno Gianni\",\"@id\":\"https:\/\/crecerencarrera.com\/#\/schema\/person\/d52888235fd6563bd07d97185d6a61e4\"},\"headline\":\"Charg\u00e9(e) de mission pour les recrutements et la mobilit\u00e9 : missions vari\u00e9es et flexibilit\u00e9 t\u00e9l\u00e9travail\",\"datePublished\":\"2026-03-08T10:40:00+00:00\",\"dateModified\":\"2026-03-08T10:40:12+00:00\",\"mainEntityOfPage\":{\"@id\":\"https:\/\/crecerencarrera.com\/4a45bfb1-41c3-4a8f-967c-f5dc97019531\/\"},\"wordCount\":556,\"commentCount\":0,\"publisher\":{\"@id\":\"https:\/\/crecerencarrera.com\/#organization\"},\"articleSection\":[\"Hidden\"],\"inLanguage\":\"fr-FR\",\"potentialAction\":[{\"@type\":\"CommentAction\",\"name\":\"Comment\",\"target\":[\"https:\/\/crecerencarrera.com\/4a45bfb1-41c3-4a8f-967c-f5dc97019531\/#respond\"]}]},{\"@type\":\"WebPage\",\"@id\":\"https:\/\/crecerencarrera.com\/4a45bfb1-41c3-4a8f-967c-f5dc97019531\/\",\"url\":\"https:\/\/crecerencarrera.com\/4a45bfb1-41c3-4a8f-967c-f5dc97019531\/\",\"name\":\"Charg\u00e9(e) de mission pour les recrutements et la mobilit\u00e9 : missions vari\u00e9es et flexibilit\u00e9 t\u00e9l\u00e9travail - Crecer en Carrera\",\"isPartOf\":{\"@id\":\"https:\/\/crecerencarrera.com\/#website\"},\"datePublished\":\"2026-03-08T10:40:00+00:00\",\"dateModified\":\"2026-03-08T10:40:12+00:00\",\"breadcrumb\":{\"@id\":\"https:\/\/crecerencarrera.com\/4a45bfb1-41c3-4a8f-967c-f5dc97019531\/#breadcrumb\"},\"inLanguage\":\"fr-FR\",\"potentialAction\":[{\"@type\":\"ReadAction\",\"target\":[\"https:\/\/crecerencarrera.com\/4a45bfb1-41c3-4a8f-967c-f5dc97019531\/\"]}]},{\"@type\":\"BreadcrumbList\",\"@id\":\"https:\/\/crecerencarrera.com\/4a45bfb1-41c3-4a8f-967c-f5dc97019531\/#breadcrumb\",\"itemListElement\":[{\"@type\":\"ListItem\",\"position\":1,\"name\":\"Home\",\"item\":\"https:\/\/crecerencarrera.com\/\"},{\"@type\":\"ListItem\",\"position\":2,\"name\":\"Charg\u00e9(e) de mission pour les recrutements et la mobilit\u00e9 : missions vari\u00e9es et flexibilit\u00e9 t\u00e9l\u00e9travail\"}]},{\"@type\":\"WebSite\",\"@id\":\"https:\/\/crecerencarrera.com\/#website\",\"url\":\"https:\/\/crecerencarrera.com\/\",\"name\":\"Crecer en Carrera\",\"description\":\"\",\"publisher\":{\"@id\":\"https:\/\/crecerencarrera.com\/#organization\"},\"potentialAction\":[{\"@type\":\"SearchAction\",\"target\":{\"@type\":\"EntryPoint\",\"urlTemplate\":\"https:\/\/crecerencarrera.com\/?s={search_term_string}\"},\"query-input\":\"required name=search_term_string\"}],\"inLanguage\":\"fr-FR\"},{\"@type\":\"Organization\",\"@id\":\"https:\/\/crecerencarrera.com\/#organization\",\"name\":\"Crecer en Carrera\",\"url\":\"https:\/\/crecerencarrera.com\/\",\"logo\":{\"@type\":\"ImageObject\",\"inLanguage\":\"fr-FR\",\"@id\":\"https:\/\/crecerencarrera.com\/#\/schema\/logo\/image\/\",\"url\":\"https:\/\/crecerencarrera.com\/wp-content\/uploads\/sites\/604\/2025\/10\/logo-Crecer-en-carrera.svg\",\"contentUrl\":\"https:\/\/crecerencarrera.com\/wp-content\/uploads\/sites\/604\/2025\/10\/logo-Crecer-en-carrera.svg\",\"caption\":\"Crecer en Carrera\"},\"image\":{\"@id\":\"https:\/\/crecerencarrera.com\/#\/schema\/logo\/image\/\"}},{\"@type\":\"Person\",\"@id\":\"https:\/\/crecerencarrera.com\/#\/schema\/person\/d52888235fd6563bd07d97185d6a61e4\",\"name\":\"Bruno Gianni\",\"image\":{\"@type\":\"ImageObject\",\"inLanguage\":\"fr-FR\",\"@id\":\"https:\/\/crecerencarrera.com\/#\/schema\/person\/image\/\",\"url\":\"https:\/\/secure.gravatar.com\/avatar\/0f5d42d7bf77874643c1478932860e3f?s=96&d=mm&r=g\",\"contentUrl\":\"https:\/\/secure.gravatar.com\/avatar\/0f5d42d7bf77874643c1478932860e3f?s=96&d=mm&r=g\",\"caption\":\"Bruno Gianni\"},\"description\":\"Bruno writes the way he lives, with curiosity, care, and respect for people. He likes to observe, listen, and try to understand what is happening on the other side before putting any words on the page.For him, writing is not about impressing, but about getting closer. It is about turning thoughts into something simple, clear, and real. Every text is an ongoing conversation, created with care and honesty, with the sincere intention of touching someone, somewhere along the way.\",\"url\":\"https:\/\/crecerencarrera.com\/fr\/author\/bcgianni\/\"}]}<\/script>\n<!-- \/ Yoast SEO plugin. -->","yoast_head_json":{"title":"Charg\u00e9(e) de mission pour les recrutements et la mobilit\u00e9 : missions vari\u00e9es et flexibilit\u00e9 t\u00e9l\u00e9travail - Crecer en Carrera","robots":{"index":"index","follow":"follow","max-snippet":"max-snippet:-1","max-image-preview":"max-image-preview:large","max-video-preview":"max-video-preview:-1"},"canonical":"https:\/\/crecerencarrera.com\/fr\/4a45bfb1-41c3-4a8f-967c-f5dc97019531\/","og_locale":"fr_FR","og_type":"article","og_title":"Charg\u00e9(e) de mission pour les recrutements et la mobilit\u00e9 : missions vari\u00e9es et flexibilit\u00e9 t\u00e9l\u00e9travail - Crecer en Carrera","og_description":"D\u00e9couvrez le poste de charg\u00e9(e) de mission pour les recrutements et la mobilit\u00e9 avec missions vari\u00e9es, \u00e9quipe dynamique, conditions flexibles et ouverture \u00e0 tous profils. Avantages et points \u00e0 consid\u00e9rer expliqu\u00e9s.","og_url":"https:\/\/crecerencarrera.com\/fr\/4a45bfb1-41c3-4a8f-967c-f5dc97019531\/","og_site_name":"Crecer en Carrera","article_published_time":"2026-03-08T10:40:00+00:00","article_modified_time":"2026-03-08T10:40:12+00:00","author":"Bruno Gianni","twitter_card":"summary_large_image","twitter_misc":{"Written by":"Bruno Gianni","Est. reading time":"3 minutes"},"schema":{"@context":"https:\/\/schema.org","@graph":[{"@type":"Article","@id":"https:\/\/crecerencarrera.com\/4a45bfb1-41c3-4a8f-967c-f5dc97019531\/#article","isPartOf":{"@id":"https:\/\/crecerencarrera.com\/4a45bfb1-41c3-4a8f-967c-f5dc97019531\/"},"author":{"name":"Bruno Gianni","@id":"https:\/\/crecerencarrera.com\/#\/schema\/person\/d52888235fd6563bd07d97185d6a61e4"},"headline":"Charg\u00e9(e) de mission pour les recrutements et la mobilit\u00e9 : missions vari\u00e9es et flexibilit\u00e9 t\u00e9l\u00e9travail","datePublished":"2026-03-08T10:40:00+00:00","dateModified":"2026-03-08T10:40:12+00:00","mainEntityOfPage":{"@id":"https:\/\/crecerencarrera.com\/4a45bfb1-41c3-4a8f-967c-f5dc97019531\/"},"wordCount":556,"commentCount":0,"publisher":{"@id":"https:\/\/crecerencarrera.com\/#organization"},"articleSection":["Hidden"],"inLanguage":"fr-FR","potentialAction":[{"@type":"CommentAction","name":"Comment","target":["https:\/\/crecerencarrera.com\/4a45bfb1-41c3-4a8f-967c-f5dc97019531\/#respond"]}]},{"@type":"WebPage","@id":"https:\/\/crecerencarrera.com\/4a45bfb1-41c3-4a8f-967c-f5dc97019531\/","url":"https:\/\/crecerencarrera.com\/4a45bfb1-41c3-4a8f-967c-f5dc97019531\/","name":"Charg\u00e9(e) de mission pour les recrutements et la mobilit\u00e9 : missions vari\u00e9es et flexibilit\u00e9 t\u00e9l\u00e9travail - Crecer en Carrera","isPartOf":{"@id":"https:\/\/crecerencarrera.com\/#website"},"datePublished":"2026-03-08T10:40:00+00:00","dateModified":"2026-03-08T10:40:12+00:00","breadcrumb":{"@id":"https:\/\/crecerencarrera.com\/4a45bfb1-41c3-4a8f-967c-f5dc97019531\/#breadcrumb"},"inLanguage":"fr-FR","potentialAction":[{"@type":"ReadAction","target":["https:\/\/crecerencarrera.com\/4a45bfb1-41c3-4a8f-967c-f5dc97019531\/"]}]},{"@type":"BreadcrumbList","@id":"https:\/\/crecerencarrera.com\/4a45bfb1-41c3-4a8f-967c-f5dc97019531\/#breadcrumb","itemListElement":[{"@type":"ListItem","position":1,"name":"Home","item":"https:\/\/crecerencarrera.com\/"},{"@type":"ListItem","position":2,"name":"Charg\u00e9(e) de mission pour les recrutements et la mobilit\u00e9 : missions vari\u00e9es et flexibilit\u00e9 t\u00e9l\u00e9travail"}]},{"@type":"WebSite","@id":"https:\/\/crecerencarrera.com\/#website","url":"https:\/\/crecerencarrera.com\/","name":"Crecer en Carrera","description":"","publisher":{"@id":"https:\/\/crecerencarrera.com\/#organization"},"potentialAction":[{"@type":"SearchAction","target":{"@type":"EntryPoint","urlTemplate":"https:\/\/crecerencarrera.com\/?s={search_term_string}"},"query-input":"required name=search_term_string"}],"inLanguage":"fr-FR"},{"@type":"Organization","@id":"https:\/\/crecerencarrera.com\/#organization","name":"Crecer en Carrera","url":"https:\/\/crecerencarrera.com\/","logo":{"@type":"ImageObject","inLanguage":"fr-FR","@id":"https:\/\/crecerencarrera.com\/#\/schema\/logo\/image\/","url":"https:\/\/crecerencarrera.com\/wp-content\/uploads\/sites\/604\/2025\/10\/logo-Crecer-en-carrera.svg","contentUrl":"https:\/\/crecerencarrera.com\/wp-content\/uploads\/sites\/604\/2025\/10\/logo-Crecer-en-carrera.svg","caption":"Crecer en Carrera"},"image":{"@id":"https:\/\/crecerencarrera.com\/#\/schema\/logo\/image\/"}},{"@type":"Person","@id":"https:\/\/crecerencarrera.com\/#\/schema\/person\/d52888235fd6563bd07d97185d6a61e4","name":"Bruno Gianni","image":{"@type":"ImageObject","inLanguage":"fr-FR","@id":"https:\/\/crecerencarrera.com\/#\/schema\/person\/image\/","url":"https:\/\/secure.gravatar.com\/avatar\/0f5d42d7bf77874643c1478932860e3f?s=96&d=mm&r=g","contentUrl":"https:\/\/secure.gravatar.com\/avatar\/0f5d42d7bf77874643c1478932860e3f?s=96&d=mm&r=g","caption":"Bruno Gianni"},"description":"Bruno writes the way he lives, with curiosity, care, and respect for people. He likes to observe, listen, and try to understand what is happening on the other side before putting any words on the page.For him, writing is not about impressing, but about getting closer. It is about turning thoughts into something simple, clear, and real. Every text is an ongoing conversation, created with care and honesty, with the sincere intention of touching someone, somewhere along the way.","url":"https:\/\/crecerencarrera.com\/fr\/author\/bcgianni\/"}]}},"uagb_featured_image_src":{"full":false,"thumbnail":false,"medium":false,"medium_large":false,"large":false,"1536x1536":false,"2048x2048":false,"trp-custom-language-flag":false},"uagb_author_info":{"display_name":"Bruno Gianni","author_link":"https:\/\/crecerencarrera.com\/fr\/author\/bcgianni\/"},"uagb_comment_info":0,"uagb_excerpt":"D\u00e9couvrez le poste de charg\u00e9(e) de mission pour les recrutements et la mobilit\u00e9 avec missions vari\u00e9es, \u00e9quipe dynamique, conditions flexibles et ouverture \u00e0 tous profils. Avantages et points \u00e0 consid\u00e9rer expliqu\u00e9s.","_links":{"self":[{"href":"https:\/\/crecerencarrera.com\/fr\/wp-json\/wp\/v2\/posts\/7102"}],"collection":[{"href":"https:\/\/crecerencarrera.com\/fr\/wp-json\/wp\/v2\/posts"}],"about":[{"href":"https:\/\/crecerencarrera.com\/fr\/wp-json\/wp\/v2\/types\/post"}],"author":[{"embeddable":true,"href":"https:\/\/crecerencarrera.com\/fr\/wp-json\/wp\/v2\/users\/3"}],"replies":[{"embeddable":true,"href":"https:\/\/crecerencarrera.com\/fr\/wp-json\/wp\/v2\/comments?post=7102"}],"version-history":[{"count":1,"href":"https:\/\/crecerencarrera.com\/fr\/wp-json\/wp\/v2\/posts\/7102\/revisions"}],"predecessor-version":[{"id":7109,"href":"https:\/\/crecerencarrera.com\/fr\/wp-json\/wp\/v2\/posts\/7102\/revisions\/7109"}],"wp:attachment":[{"href":"https:\/\/crecerencarrera.com\/fr\/wp-json\/wp\/v2\/media?parent=7102"}],"wp:term":[{"taxonomy":"category","embeddable":true,"href":"https:\/\/crecerencarrera.com\/fr\/wp-json\/wp\/v2\/categories?post=7102"},{"taxonomy":"post_tag","embeddable":true,"href":"https:\/\/crecerencarrera.com\/fr\/wp-json\/wp\/v2\/tags?post=7102"}],"curies":[{"name":"wp","href":"https:\/\/api.w.org\/{rel}","templated":true}]}}