{"id":7142,"date":"2026-03-08T17:03:00","date_gmt":"2026-03-08T17:03:00","guid":{"rendered":"https:\/\/crecerencarrera.com\/08236f52-5e28-4ceb-9ad1-6594ba9bff83\/"},"modified":"2026-03-08T17:03:59","modified_gmt":"2026-03-08T17:03:59","slug":"08236f52-5e28-4ceb-9ad1-6594ba9bff83","status":"publish","type":"post","link":"https:\/\/crecerencarrera.com\/fr\/08236f52-5e28-4ceb-9ad1-6594ba9bff83\/","title":{"rendered":"Formador\/a Vial Ma\u00f1ana o Tardes: Gran Ambiente y Flexibilidad Horaria"},"content":{"rendered":"<\/p>\n<\/p>\n<div style=\"background: #ffffff; border-radius: 12px; box-shadow: 0 10px 30px rgba(0, 0, 0, 0.1); width: 100%; max-width: 340px; padding: 25px; transition: transform 0.3s ease-in-out; overflow: visible; display: flex; flex-direction: column; position: relative; border: 1px solid #28a745; margin-top: 70px; margin-bottom: 50px; margin-left: auto; margin-right: auto;\">\n<div style=\"position: absolute; top: -35px; right: 15px; color: #28a745; padding: 5px 10px; border-radius: 6px; font-size: 14px; font-weight: bold; display: flex; align-items: center; z-index: 10;\">Recommand\u00e9 pour toi<\/div>\n<div data-namespace-header=\"\" style=\"\">\n<h3 data-namespace-title=\"\" style=\"color: #333; font-size: 20px; font-weight: bold; text-align: left; margin-right: 50px; min-height: 50px; margin-top: 0px;\">Formador\/a Vial<\/h3>\n<\/p><\/div>\n<p data-namespace-prompt=\"\" style=\"font-size: 16px; color: #666; margin-bottom: 20px; line-height: 1.5; flex-grow: 1; text-align: left; margin-top: 0px;\">Imparte clases te\u00f3ricas o pr\u00e1cticas, turno ma\u00f1ana o tarde, contrato estable y ambiente familiar. Flexibilidad para conciliar y desarrollarte profesionalmente.<\/p>\n<p>    <a data-namespace-url=\"\" href=\"https:\/\/crecerencarrera.com\/fr\/redirect\/?https:\/\/www.jobatus.es\/oferta-trabajo\/formador-vial-ma\u00f1ana-o-tardes-de-lunes-a-viernes-545843763?utm_campaign=google_jobs_apply&#038;utm_source=google_jobs_apply&#038;utm_medium=organic\" style=\"width: 100%; display: inline-block; color: white; text-decoration: none; border-radius: 6px; font-size: 16px; font-weight: bold; text-align: center; transition: transform 0.3s ease, background 0.3s ease; margin-top: auto;\" data-namespace-id=\"5c0d2565-3ba9-4280-a382-ad2a691e2285\"><br \/>\n        <button style=\"width: 100%; height: 55px; background: #e9e9ed; border: 1px solid black; color: black;\">Apuntarse al empleo<\/button><br \/>\n    <\/a><br \/>\n    <small style=\"margin-top: 10px; color: #777; font-size: 12px; text-align: center; display: block;\">Ser\u00e1s redirigido a otra web<\/small>\n<\/div>\n<h2>Resumen de la Oferta<\/h2>\n<p>Esta oportunidad de Formador\/a Vial destaca por ofrecer un contrato estable y la opci\u00f3n de elegir entre turno de ma\u00f1ana o de tarde. Podr\u00e1s impartir clases te\u00f3ricas y pr\u00e1cticas a futuros conductores en una autoescuela consolidada. El ambiente de trabajo es agradable y abunda la colaboraci\u00f3n entre compa\u00f1eros.<\/p>\n<p>En cuanto a la retribuci\u00f3n, el puesto cuenta con un salario fijo competitivo adaptado a jornada y experiencia. La estabilidad laboral es otro de los grandes atractivos para quienes buscan seguridad en su carrera profesional.<\/p>\n<p>Adem\u00e1s, se valoran habilidades de comunicaci\u00f3n, vocaci\u00f3n docente y flexibilidad para ajustarse a la demanda. La dedicaci\u00f3n del formador\/a es fundamental para el \u00e9xito de los alumnos. La empresa ofrece apoyo y formaci\u00f3n continua para el crecimiento personal y profesional.<\/p>\n<p>Si buscas un proyecto a largo plazo, esta es una excelente oportunidad para desarrollar tu vocaci\u00f3n de ense\u00f1ar y contribuir a la movilidad segura en las carreteras.<\/p>\n<h2>\u00bfC\u00f3mo es el D\u00eda a D\u00eda?<\/h2>\n<p>La rutina diaria de un Formador\/a Vial incluye la preparaci\u00f3n y ejecuci\u00f3n de clases te\u00f3ricas sobre normas de circulaci\u00f3n y seguridad vial. Tambi\u00e9n se realiza la instrucci\u00f3n pr\u00e1ctica con alumnos, tanto en circuito como en v\u00edas abiertas al tr\u00e1fico, ajustando el m\u00e9todo a cada usuario.<\/p>\n<p>Se mantiene un seguimiento personalizado del progreso de los estudiantes, adaptando la formaci\u00f3n para maximizar el aprendizaje. Adem\u00e1s, el puesto permite involucrarse en actividades administrativas relacionadas con la gesti\u00f3n de documentos y calendarios.<\/p>\n<p>La flexibilidad de horarios facilita la conciliaci\u00f3n. El ambiente colaborativo ayuda a resolver dudas y compartir experiencias entre docentes. Tu papel ser\u00e1 motivador y clave para la confianza de los aspirantes a conductores.<\/p>\n<p>La autogesti\u00f3n y la iniciativa son valoradas positivamente, ya que muchos procedimientos requieren autonom\u00eda a lo largo del d\u00eda. Es una experiencia donde la rutina var\u00eda seg\u00fan la necesidad educativa.<\/p>\n<h2>Ventajas del Puesto<\/h2>\n<p>Entre los mayores atractivos est\u00e1 la flexibilidad horaria, pudiendo elegir entre turnos de ma\u00f1ana o tarde seg\u00fan tus necesidades. Esa libertad permite conciliar vida laboral y personal.<\/p>\n<p>El contrato estable y la opci\u00f3n de formaci\u00f3n interna garantizan seguridad y posibilidades de desarrollo. Adem\u00e1s, el buen ambiente laboral y la colaboraci\u00f3n entre compa\u00f1eros permiten que el trabajo sea m\u00e1s llevadero.<\/p>\n<p>El trato cercano con alumnos crea satisfacci\u00f3n personal al ver su progreso diario. Tambi\u00e9n destaca la posibilidad de recibir apoyo y aprender de otros formadores experimentados.<\/p>\n<h2>Desventajas a Considerar<\/h2>\n<p>El trabajo exige una alta responsabilidad y paciencia, dado que cada alumno tiene su ritmo de aprendizaje. Las cargas administrativas pueden incrementar en temporada alta.<\/p>\n<p>La actividad puede llegar a ser repetitiva para quienes buscan cambios continuos de entorno. Adem\u00e1s, se deben cumplir con est\u00e1ndares altos de seguridad en todo momento.<\/p>\n<h2>Veredicto Final<\/h2>\n<p>Si tienes vocaci\u00f3n por la formaci\u00f3n y capacidad para transmitir conocimientos, esta oferta de Formador\/a Vial es una apuesta segura. Su principal ventaja es la conciliaci\u00f3n laboral, acompa\u00f1ada de estabilidad y buen ambiente en el trabajo.<\/p>\n<div style=\"background: #ffffff; border-radius: 12px; box-shadow: 0 10px 30px rgba(0, 0, 0, 0.1); width: 100%; max-width: 340px; padding: 25px; transition: transform 0.3s ease-in-out; overflow: visible; display: flex; flex-direction: column; position: relative; border: 1px solid #28a745; margin-top: 70px; margin-bottom: 50px; margin-left: auto; margin-right: auto;\">\n<div style=\"position: absolute; top: -35px; right: 15px; color: #28a745; padding: 5px 10px; border-radius: 6px; font-size: 14px; font-weight: bold; display: flex; align-items: center; z-index: 10;\">Recommand\u00e9 pour toi<\/div>\n<div data-namespace-header=\"\" style=\"\">\n<h3 data-namespace-title=\"\" style=\"color: #333; font-size: 20px; font-weight: bold; text-align: left; margin-right: 50px; min-height: 50px; margin-top: 0px;\">Formador\/a Vial<\/h3>\n<\/p><\/div>\n<p data-namespace-prompt=\"\" style=\"font-size: 16px; color: #666; margin-bottom: 20px; line-height: 1.5; flex-grow: 1; text-align: left; margin-top: 0px;\">Imparte clases te\u00f3ricas o pr\u00e1cticas, turno ma\u00f1ana o tarde, contrato estable y ambiente familiar. Flexibilidad para conciliar y desarrollarte profesionalmente.<\/p>\n<p>    <a data-namespace-url=\"\" href=\"https:\/\/crecerencarrera.com\/fr\/redirect\/?https:\/\/www.jobatus.es\/oferta-trabajo\/formador-vial-ma\u00f1ana-o-tardes-de-lunes-a-viernes-545843763?utm_campaign=google_jobs_apply&#038;utm_source=google_jobs_apply&#038;utm_medium=organic\" style=\"width: 100%; display: inline-block; color: white; text-decoration: none; border-radius: 6px; font-size: 16px; font-weight: bold; text-align: center; transition: transform 0.3s ease, background 0.3s ease; margin-top: auto;\" data-namespace-id=\"5c0d2565-3ba9-4280-a382-ad2a691e2285\"><br \/>\n        <button style=\"width: 100%; height: 55px; background: #e9e9ed; border: 1px solid black; color: black;\">Apuntarse al empleo<\/button><br \/>\n    <\/a><br \/>\n    <small style=\"margin-top: 10px; color: #777; font-size: 12px; text-align: center; display: block;\">Ser\u00e1s redirigido a otra web<\/small>\n<\/div>","protected":false},"excerpt":{"rendered":"<p>Descubre la vacante de Formador\/a Vial con horario flexible y contrato estable ideal para quienes buscan estabilidad y vocaci\u00f3n docente. Lee los pros, los contras y nuestro veredicto imparcial.<\/p>","protected":false},"author":3,"featured_media":0,"comment_status":"open","ping_status":"open","sticky":false,"template":"","format":"standard","meta":{"_uag_custom_page_level_css":"","site-sidebar-layout":"default","site-content-layout":"","ast-site-content-layout":"","site-content-style":"default","site-sidebar-style":"default","ast-global-header-display":"","ast-banner-title-visibility":"","ast-main-header-display":"","ast-hfb-above-header-display":"","ast-hfb-below-header-display":"","ast-hfb-mobile-header-display":"","site-post-title":"","ast-breadcrumbs-content":"","ast-featured-img":"","footer-sml-layout":"","theme-transparent-header-meta":"","adv-header-id-meta":"","stick-header-meta":"","header-above-stick-meta":"","header-main-stick-meta":"","header-below-stick-meta":"","astra-migrate-meta-layouts":"default","ast-page-background-enabled":"default","ast-page-background-meta":{"desktop":{"background-color":"var(--ast-global-color-4)","background-image":"","background-repeat":"repeat","background-position":"center center","background-size":"auto","background-attachment":"scroll","background-type":"","background-media":"","overlay-type":"","overlay-color":"","overlay-opacity":"","overlay-gradient":""},"tablet":{"background-color":"","background-image":"","background-repeat":"repeat","background-position":"center center","background-size":"auto","background-attachment":"scroll","background-type":"","background-media":"","overlay-type":"","overlay-color":"","overlay-opacity":"","overlay-gradient":""},"mobile":{"background-color":"","background-image":"","background-repeat":"repeat","background-position":"center center","background-size":"auto","background-attachment":"scroll","background-type":"","background-media":"","overlay-type":"","overlay-color":"","overlay-opacity":"","overlay-gradient":""}},"ast-content-background-meta":{"desktop":{"background-color":"var(--ast-global-color-5)","background-image":"","background-repeat":"repeat","background-position":"center center","background-size":"auto","background-attachment":"scroll","background-type":"","background-media":"","overlay-type":"","overlay-color":"","overlay-opacity":"","overlay-gradient":""},"tablet":{"background-color":"var(--ast-global-color-5)","background-image":"","background-repeat":"repeat","background-position":"center center","background-size":"auto","background-attachment":"scroll","background-type":"","background-media":"","overlay-type":"","overlay-color":"","overlay-opacity":"","overlay-gradient":""},"mobile":{"background-color":"var(--ast-global-color-5)","background-image":"","background-repeat":"repeat","background-position":"center center","background-size":"auto","background-attachment":"scroll","background-type":"","background-media":"","overlay-type":"","overlay-color":"","overlay-opacity":"","overlay-gradient":""}},"footnotes":""},"categories":[10],"tags":[],"yoast_head":"<!-- This site is optimized with the Yoast SEO plugin v23.3 - https:\/\/yoast.com\/wordpress\/plugins\/seo\/ -->\n<title>Formador\/a Vial Ma\u00f1ana o Tardes: Gran Ambiente y Flexibilidad Horaria - Crecer en Carrera<\/title>\n<meta name=\"robots\" content=\"index, follow, max-snippet:-1, max-image-preview:large, max-video-preview:-1\" \/>\n<link rel=\"canonical\" href=\"https:\/\/crecerencarrera.com\/fr\/08236f52-5e28-4ceb-9ad1-6594ba9bff83\/\" \/>\n<meta property=\"og:locale\" content=\"fr_FR\" \/>\n<meta property=\"og:type\" content=\"article\" \/>\n<meta property=\"og:title\" content=\"Formador\/a Vial Ma\u00f1ana o Tardes: Gran Ambiente y Flexibilidad Horaria - Crecer en Carrera\" \/>\n<meta property=\"og:description\" content=\"Descubre la vacante de Formador\/a Vial con horario flexible y contrato estable ideal para quienes buscan estabilidad y vocaci\u00f3n docente. Lee los pros, los contras y nuestro veredicto imparcial.\" \/>\n<meta property=\"og:url\" content=\"https:\/\/crecerencarrera.com\/fr\/08236f52-5e28-4ceb-9ad1-6594ba9bff83\/\" \/>\n<meta property=\"og:site_name\" content=\"Crecer en Carrera\" \/>\n<meta property=\"article:published_time\" content=\"2026-03-08T17:03:00+00:00\" \/>\n<meta property=\"article:modified_time\" content=\"2026-03-08T17:03:59+00:00\" \/>\n<meta name=\"author\" content=\"Bruno Gianni\" \/>\n<meta name=\"twitter:card\" content=\"summary_large_image\" \/>\n<meta name=\"twitter:label1\" content=\"Written by\" \/>\n\t<meta name=\"twitter:data1\" content=\"Bruno Gianni\" \/>\n\t<meta name=\"twitter:label2\" content=\"Est. reading time\" \/>\n\t<meta name=\"twitter:data2\" content=\"3 minutes\" \/>\n<script type=\"application\/ld+json\" class=\"yoast-schema-graph\">{\"@context\":\"https:\/\/schema.org\",\"@graph\":[{\"@type\":\"Article\",\"@id\":\"https:\/\/crecerencarrera.com\/08236f52-5e28-4ceb-9ad1-6594ba9bff83\/#article\",\"isPartOf\":{\"@id\":\"https:\/\/crecerencarrera.com\/08236f52-5e28-4ceb-9ad1-6594ba9bff83\/\"},\"author\":{\"name\":\"Bruno Gianni\",\"@id\":\"https:\/\/crecerencarrera.com\/#\/schema\/person\/d52888235fd6563bd07d97185d6a61e4\"},\"headline\":\"Formador\/a Vial Ma\u00f1ana o Tardes: Gran Ambiente y Flexibilidad Horaria\",\"datePublished\":\"2026-03-08T17:03:00+00:00\",\"dateModified\":\"2026-03-08T17:03:59+00:00\",\"mainEntityOfPage\":{\"@id\":\"https:\/\/crecerencarrera.com\/08236f52-5e28-4ceb-9ad1-6594ba9bff83\/\"},\"wordCount\":626,\"commentCount\":0,\"publisher\":{\"@id\":\"https:\/\/crecerencarrera.com\/#organization\"},\"articleSection\":[\"Hidden\"],\"inLanguage\":\"fr-FR\",\"potentialAction\":[{\"@type\":\"CommentAction\",\"name\":\"Comment\",\"target\":[\"https:\/\/crecerencarrera.com\/08236f52-5e28-4ceb-9ad1-6594ba9bff83\/#respond\"]}]},{\"@type\":\"WebPage\",\"@id\":\"https:\/\/crecerencarrera.com\/08236f52-5e28-4ceb-9ad1-6594ba9bff83\/\",\"url\":\"https:\/\/crecerencarrera.com\/08236f52-5e28-4ceb-9ad1-6594ba9bff83\/\",\"name\":\"Formador\/a Vial Ma\u00f1ana o Tardes: Gran Ambiente y Flexibilidad Horaria - Crecer en Carrera\",\"isPartOf\":{\"@id\":\"https:\/\/crecerencarrera.com\/#website\"},\"datePublished\":\"2026-03-08T17:03:00+00:00\",\"dateModified\":\"2026-03-08T17:03:59+00:00\",\"breadcrumb\":{\"@id\":\"https:\/\/crecerencarrera.com\/08236f52-5e28-4ceb-9ad1-6594ba9bff83\/#breadcrumb\"},\"inLanguage\":\"fr-FR\",\"potentialAction\":[{\"@type\":\"ReadAction\",\"target\":[\"https:\/\/crecerencarrera.com\/08236f52-5e28-4ceb-9ad1-6594ba9bff83\/\"]}]},{\"@type\":\"BreadcrumbList\",\"@id\":\"https:\/\/crecerencarrera.com\/08236f52-5e28-4ceb-9ad1-6594ba9bff83\/#breadcrumb\",\"itemListElement\":[{\"@type\":\"ListItem\",\"position\":1,\"name\":\"Home\",\"item\":\"https:\/\/crecerencarrera.com\/\"},{\"@type\":\"ListItem\",\"position\":2,\"name\":\"Formador\/a Vial Ma\u00f1ana o Tardes: Gran Ambiente y Flexibilidad Horaria\"}]},{\"@type\":\"WebSite\",\"@id\":\"https:\/\/crecerencarrera.com\/#website\",\"url\":\"https:\/\/crecerencarrera.com\/\",\"name\":\"Crecer en Carrera\",\"description\":\"\",\"publisher\":{\"@id\":\"https:\/\/crecerencarrera.com\/#organization\"},\"potentialAction\":[{\"@type\":\"SearchAction\",\"target\":{\"@type\":\"EntryPoint\",\"urlTemplate\":\"https:\/\/crecerencarrera.com\/?s={search_term_string}\"},\"query-input\":\"required name=search_term_string\"}],\"inLanguage\":\"fr-FR\"},{\"@type\":\"Organization\",\"@id\":\"https:\/\/crecerencarrera.com\/#organization\",\"name\":\"Crecer en Carrera\",\"url\":\"https:\/\/crecerencarrera.com\/\",\"logo\":{\"@type\":\"ImageObject\",\"inLanguage\":\"fr-FR\",\"@id\":\"https:\/\/crecerencarrera.com\/#\/schema\/logo\/image\/\",\"url\":\"https:\/\/crecerencarrera.com\/wp-content\/uploads\/sites\/604\/2025\/10\/logo-Crecer-en-carrera.svg\",\"contentUrl\":\"https:\/\/crecerencarrera.com\/wp-content\/uploads\/sites\/604\/2025\/10\/logo-Crecer-en-carrera.svg\",\"caption\":\"Crecer en Carrera\"},\"image\":{\"@id\":\"https:\/\/crecerencarrera.com\/#\/schema\/logo\/image\/\"}},{\"@type\":\"Person\",\"@id\":\"https:\/\/crecerencarrera.com\/#\/schema\/person\/d52888235fd6563bd07d97185d6a61e4\",\"name\":\"Bruno Gianni\",\"image\":{\"@type\":\"ImageObject\",\"inLanguage\":\"fr-FR\",\"@id\":\"https:\/\/crecerencarrera.com\/#\/schema\/person\/image\/\",\"url\":\"https:\/\/secure.gravatar.com\/avatar\/0f5d42d7bf77874643c1478932860e3f?s=96&d=mm&r=g\",\"contentUrl\":\"https:\/\/secure.gravatar.com\/avatar\/0f5d42d7bf77874643c1478932860e3f?s=96&d=mm&r=g\",\"caption\":\"Bruno Gianni\"},\"description\":\"Bruno writes the way he lives, with curiosity, care, and respect for people. He likes to observe, listen, and try to understand what is happening on the other side before putting any words on the page.For him, writing is not about impressing, but about getting closer. It is about turning thoughts into something simple, clear, and real. Every text is an ongoing conversation, created with care and honesty, with the sincere intention of touching someone, somewhere along the way.\",\"url\":\"https:\/\/crecerencarrera.com\/fr\/author\/bcgianni\/\"}]}<\/script>\n<!-- \/ Yoast SEO plugin. -->","yoast_head_json":{"title":"Formador\/a Vial Ma\u00f1ana o Tardes: Gran Ambiente y Flexibilidad Horaria - Crecer en Carrera","robots":{"index":"index","follow":"follow","max-snippet":"max-snippet:-1","max-image-preview":"max-image-preview:large","max-video-preview":"max-video-preview:-1"},"canonical":"https:\/\/crecerencarrera.com\/fr\/08236f52-5e28-4ceb-9ad1-6594ba9bff83\/","og_locale":"fr_FR","og_type":"article","og_title":"Formador\/a Vial Ma\u00f1ana o Tardes: Gran Ambiente y Flexibilidad Horaria - Crecer en Carrera","og_description":"Descubre la vacante de Formador\/a Vial con horario flexible y contrato estable ideal para quienes buscan estabilidad y vocaci\u00f3n docente. Lee los pros, los contras y nuestro veredicto imparcial.","og_url":"https:\/\/crecerencarrera.com\/fr\/08236f52-5e28-4ceb-9ad1-6594ba9bff83\/","og_site_name":"Crecer en Carrera","article_published_time":"2026-03-08T17:03:00+00:00","article_modified_time":"2026-03-08T17:03:59+00:00","author":"Bruno Gianni","twitter_card":"summary_large_image","twitter_misc":{"Written by":"Bruno Gianni","Est. reading time":"3 minutes"},"schema":{"@context":"https:\/\/schema.org","@graph":[{"@type":"Article","@id":"https:\/\/crecerencarrera.com\/08236f52-5e28-4ceb-9ad1-6594ba9bff83\/#article","isPartOf":{"@id":"https:\/\/crecerencarrera.com\/08236f52-5e28-4ceb-9ad1-6594ba9bff83\/"},"author":{"name":"Bruno Gianni","@id":"https:\/\/crecerencarrera.com\/#\/schema\/person\/d52888235fd6563bd07d97185d6a61e4"},"headline":"Formador\/a Vial Ma\u00f1ana o Tardes: Gran Ambiente y Flexibilidad Horaria","datePublished":"2026-03-08T17:03:00+00:00","dateModified":"2026-03-08T17:03:59+00:00","mainEntityOfPage":{"@id":"https:\/\/crecerencarrera.com\/08236f52-5e28-4ceb-9ad1-6594ba9bff83\/"},"wordCount":626,"commentCount":0,"publisher":{"@id":"https:\/\/crecerencarrera.com\/#organization"},"articleSection":["Hidden"],"inLanguage":"fr-FR","potentialAction":[{"@type":"CommentAction","name":"Comment","target":["https:\/\/crecerencarrera.com\/08236f52-5e28-4ceb-9ad1-6594ba9bff83\/#respond"]}]},{"@type":"WebPage","@id":"https:\/\/crecerencarrera.com\/08236f52-5e28-4ceb-9ad1-6594ba9bff83\/","url":"https:\/\/crecerencarrera.com\/08236f52-5e28-4ceb-9ad1-6594ba9bff83\/","name":"Formador\/a Vial Ma\u00f1ana o Tardes: Gran Ambiente y Flexibilidad Horaria - Crecer en Carrera","isPartOf":{"@id":"https:\/\/crecerencarrera.com\/#website"},"datePublished":"2026-03-08T17:03:00+00:00","dateModified":"2026-03-08T17:03:59+00:00","breadcrumb":{"@id":"https:\/\/crecerencarrera.com\/08236f52-5e28-4ceb-9ad1-6594ba9bff83\/#breadcrumb"},"inLanguage":"fr-FR","potentialAction":[{"@type":"ReadAction","target":["https:\/\/crecerencarrera.com\/08236f52-5e28-4ceb-9ad1-6594ba9bff83\/"]}]},{"@type":"BreadcrumbList","@id":"https:\/\/crecerencarrera.com\/08236f52-5e28-4ceb-9ad1-6594ba9bff83\/#breadcrumb","itemListElement":[{"@type":"ListItem","position":1,"name":"Home","item":"https:\/\/crecerencarrera.com\/"},{"@type":"ListItem","position":2,"name":"Formador\/a Vial Ma\u00f1ana o Tardes: Gran Ambiente y Flexibilidad Horaria"}]},{"@type":"WebSite","@id":"https:\/\/crecerencarrera.com\/#website","url":"https:\/\/crecerencarrera.com\/","name":"Crecer en Carrera","description":"","publisher":{"@id":"https:\/\/crecerencarrera.com\/#organization"},"potentialAction":[{"@type":"SearchAction","target":{"@type":"EntryPoint","urlTemplate":"https:\/\/crecerencarrera.com\/?s={search_term_string}"},"query-input":"required name=search_term_string"}],"inLanguage":"fr-FR"},{"@type":"Organization","@id":"https:\/\/crecerencarrera.com\/#organization","name":"Crecer en Carrera","url":"https:\/\/crecerencarrera.com\/","logo":{"@type":"ImageObject","inLanguage":"fr-FR","@id":"https:\/\/crecerencarrera.com\/#\/schema\/logo\/image\/","url":"https:\/\/crecerencarrera.com\/wp-content\/uploads\/sites\/604\/2025\/10\/logo-Crecer-en-carrera.svg","contentUrl":"https:\/\/crecerencarrera.com\/wp-content\/uploads\/sites\/604\/2025\/10\/logo-Crecer-en-carrera.svg","caption":"Crecer en Carrera"},"image":{"@id":"https:\/\/crecerencarrera.com\/#\/schema\/logo\/image\/"}},{"@type":"Person","@id":"https:\/\/crecerencarrera.com\/#\/schema\/person\/d52888235fd6563bd07d97185d6a61e4","name":"Bruno Gianni","image":{"@type":"ImageObject","inLanguage":"fr-FR","@id":"https:\/\/crecerencarrera.com\/#\/schema\/person\/image\/","url":"https:\/\/secure.gravatar.com\/avatar\/0f5d42d7bf77874643c1478932860e3f?s=96&d=mm&r=g","contentUrl":"https:\/\/secure.gravatar.com\/avatar\/0f5d42d7bf77874643c1478932860e3f?s=96&d=mm&r=g","caption":"Bruno Gianni"},"description":"Bruno writes the way he lives, with curiosity, care, and respect for people. He likes to observe, listen, and try to understand what is happening on the other side before putting any words on the page.For him, writing is not about impressing, but about getting closer. It is about turning thoughts into something simple, clear, and real. Every text is an ongoing conversation, created with care and honesty, with the sincere intention of touching someone, somewhere along the way.","url":"https:\/\/crecerencarrera.com\/fr\/author\/bcgianni\/"}]}},"uagb_featured_image_src":{"full":false,"thumbnail":false,"medium":false,"medium_large":false,"large":false,"1536x1536":false,"2048x2048":false,"trp-custom-language-flag":false},"uagb_author_info":{"display_name":"Bruno Gianni","author_link":"https:\/\/crecerencarrera.com\/fr\/author\/bcgianni\/"},"uagb_comment_info":0,"uagb_excerpt":"Descubre la vacante de Formador\/a Vial con horario flexible y contrato estable ideal para quienes buscan estabilidad y vocaci\u00f3n docente. Lee los pros, los contras y nuestro veredicto imparcial.","_links":{"self":[{"href":"https:\/\/crecerencarrera.com\/fr\/wp-json\/wp\/v2\/posts\/7142"}],"collection":[{"href":"https:\/\/crecerencarrera.com\/fr\/wp-json\/wp\/v2\/posts"}],"about":[{"href":"https:\/\/crecerencarrera.com\/fr\/wp-json\/wp\/v2\/types\/post"}],"author":[{"embeddable":true,"href":"https:\/\/crecerencarrera.com\/fr\/wp-json\/wp\/v2\/users\/3"}],"replies":[{"embeddable":true,"href":"https:\/\/crecerencarrera.com\/fr\/wp-json\/wp\/v2\/comments?post=7142"}],"version-history":[{"count":1,"href":"https:\/\/crecerencarrera.com\/fr\/wp-json\/wp\/v2\/posts\/7142\/revisions"}],"predecessor-version":[{"id":7148,"href":"https:\/\/crecerencarrera.com\/fr\/wp-json\/wp\/v2\/posts\/7142\/revisions\/7148"}],"wp:attachment":[{"href":"https:\/\/crecerencarrera.com\/fr\/wp-json\/wp\/v2\/media?parent=7142"}],"wp:term":[{"taxonomy":"category","embeddable":true,"href":"https:\/\/crecerencarrera.com\/fr\/wp-json\/wp\/v2\/categories?post=7142"},{"taxonomy":"post_tag","embeddable":true,"href":"https:\/\/crecerencarrera.com\/fr\/wp-json\/wp\/v2\/tags?post=7142"}],"curies":[{"name":"wp","href":"https:\/\/api.w.org\/{rel}","templated":true}]}}