{"id":7210,"date":"2026-03-09T00:12:00","date_gmt":"2026-03-09T00:12:00","guid":{"rendered":"https:\/\/crecerencarrera.com\/bce7ce71-3758-42e9-98a0-fae593bbf231\/"},"modified":"2026-03-09T00:12:08","modified_gmt":"2026-03-09T00:12:08","slug":"bce7ce71-3758-42e9-98a0-fae593bbf231","status":"publish","type":"post","link":"https:\/\/crecerencarrera.com\/fr\/bce7ce71-3758-42e9-98a0-fae593bbf231\/","title":{"rendered":"Responsable de Administraci\u00f3n y Coordinaci\u00f3n de Instalaciones Fotovoltaicas \u2013 Estabilidad, Liderazgo y Crecimiento"},"content":{"rendered":"<\/p>\n<\/p>\n<div style=\"background: #ffffff; border-radius: 12px; box-shadow: 0 10px 30px rgba(0, 0, 0, 0.1); width: 100%; max-width: 340px; padding: 25px; transition: transform 0.3s ease-in-out; overflow: visible; display: flex; flex-direction: column; position: relative; border: 1px solid #28a745; margin-top: 70px; margin-bottom: 50px; margin-left: auto; margin-right: auto;\">\n<div style=\"position: absolute; top: -35px; right: 15px; color: #28a745; padding: 5px 10px; border-radius: 6px; font-size: 14px; font-weight: bold; display: flex; align-items: center; z-index: 10;\">Recommand\u00e9 pour toi<\/div>\n<div data-namespace-header=\"\" style=\"\">\n<h3 data-namespace-title=\"\" style=\"color: #333; font-size: 20px; font-weight: bold; text-align: left; margin-right: 50px; min-height: 50px; margin-top: 0px;\">Responsable de Administraci\u00f3n y Coordinaci\u00f3n de Instalaciones Fotovoltaicas<\/h3>\n<\/p><\/div>\n<p data-namespace-prompt=\"\" style=\"font-size: 16px; color: #666; margin-bottom: 20px; line-height: 1.5; flex-grow: 1; text-align: left; margin-top: 0px;\">Desarrolla tu carrera en energ\u00edas renovables con un puesto de responsabilidad, liderazgo de equipo y gesti\u00f3n administrativa, con atractivo paquete salarial y oportunidades de crecimiento.<\/p>\n<p>    <a data-namespace-url=\"\" href=\"https:\/\/crecerencarrera.com\/fr\/redirect\/?https:\/\/es.whatjobs.com\/administraci\u00f3n-jobs?id=302694327&#038;utm_campaign=google_jobs_apply&#038;utm_source=google_jobs_apply&#038;utm_medium=organic\" style=\"width: 100%; display: inline-block; color: white; text-decoration: none; border-radius: 6px; font-size: 16px; font-weight: bold; text-align: center; transition: transform 0.3s ease, background 0.3s ease; margin-top: auto;\" data-namespace-id=\"5c0d2565-3ba9-4280-a382-ad2a691e2285\"><br \/>\n        <button style=\"width: 100%; height: 55px; background: #e9e9ed; border: 1px solid black; color: black;\">Apuntarse al empleo<\/button><br \/>\n    <\/a><br \/>\n    <small style=\"margin-top: 10px; color: #777; font-size: 12px; text-align: center; display: block;\">Ser\u00e1s redirigido a otra web<\/small>\n<\/div>\n<h2>Descripci\u00f3n del puesto y condiciones<\/h2>\n<p>La oferta de Responsable de Administraci\u00f3n y Coordinaci\u00f3n en el sector fotovoltaico destaca por su estabilidad contractual y salario competitivo, adaptado a la experiencia. La modalidad de contrato suele iniciarse mediante ETT con posterior incorporaci\u00f3n a plantilla.<\/p>\n<p>El horario es de jornada partida, incluyendo viernes con jornada reducida, lo que facilita la conciliaci\u00f3n. El entorno laboral fomenta la organizaci\u00f3n y el liderazgo, aspectos claves para quien busque avanzar profesionalmente.<\/p>\n<p>Se valora la experiencia previa en gesti\u00f3n administrativa y coordinaci\u00f3n de equipos, as\u00ed como en el sector de energ\u00edas renovables. Tambi\u00e9n, un alto nivel de organizaci\u00f3n, manejo medio de Excel y orientaci\u00f3n a resultados.<\/p>\n<p>La empresa ofrece estabilidad y posibilidades reales de crecimiento, permitiendo consolidarse en un mercado en auge como el de las instalaciones fotovoltaicas.<\/p>\n<p>El trabajo est\u00e1 dirigido a profesionales con actitud resolutiva y capacidad para supervisar tareas operativas y administrativas, garantizando la excelencia en el servicio al cliente.<\/p>\n<h2>Responsabilit\u00e9s et t\u00e2ches quotidiennes<\/h2>\n<p>Quien acceda al puesto gestionar\u00e1 la administraci\u00f3n y coordinaci\u00f3n de proyectos y equipos, siendo responsable directo del trato con clientes y la legalizaci\u00f3n de instalaciones solares.<\/p>\n<p>El d\u00eda a d\u00eda implica la gesti\u00f3n de facturaci\u00f3n, validaci\u00f3n de pagos y seguimiento de expedientes, as\u00ed como la coordinaci\u00f3n de compras y supervisi\u00f3n de visitas t\u00e9cnicas en campo.<\/p>\n<p>Adem\u00e1s, liderar\u00e1 el control documental en ERP, la previsi\u00f3n de tesorer\u00eda semanal y la conciliaci\u00f3n bancaria, manteniendo siempre una visi\u00f3n general y organizada de todos los procesos.<\/p>\n<p>La gesti\u00f3n eficiente incluye la atenci\u00f3n a proveedores, resolviendo incidencias y asegurando la correcta ejecuci\u00f3n de cada proyecto trav\u00e9s del equipo asignado.<\/p>\n<p>Por \u00faltimo, el responsable deber\u00e1 garantizar el cumplimiento de plazos, calidad en la trazabilidad documental y la satisfacci\u00f3n tanto del cliente como del propio equipo bajo su mando.<\/p>\n<h2>Puntos fuertes del empleo<\/h2>\n<p>Entre las principales ventajas, destaca la estabilidad laboral gracias a la posibilidad de pasar a plantilla y disfrutar de un entorno con crecimiento profesional.<\/p>\n<p>El puesto permite el desarrollo de habilidades directivas y la gesti\u00f3n integral de proyectos en un \u00e1rea con gran demanda y proyecci\u00f3n futura.<\/p>\n<h2>Aspectos mejorables<\/h2>\n<p>Uno de los retos principales es el elevado nivel de organizaci\u00f3n que se requiere para gestionar m\u00faltiples expedientes sin perder el control.<\/p>\n<p>Tambi\u00e9n, la posici\u00f3n exige asumir una responsabilidad transversal sobre \u00e1reas administrativas, operativas y de atenci\u00f3n al cliente, lo que puede resultar exigente en momentos de alta carga laboral.<\/p>\n<h2>Veredicto final<\/h2>\n<p>El puesto de Responsable de Administraci\u00f3n y Coordinaci\u00f3n en fotovoltaica es id\u00f3neo para quienes buscan un reto profesional s\u00f3lido y estabilidad. Se recomienda a personas organizadas y orientadas a resultados, dispuestas a liderar proyectos clave en el sector de las energ\u00edas renovables.<\/p>\n<div style=\"background: #ffffff; border-radius: 12px; box-shadow: 0 10px 30px rgba(0, 0, 0, 0.1); width: 100%; max-width: 340px; padding: 25px; transition: transform 0.3s ease-in-out; overflow: visible; display: flex; flex-direction: column; position: relative; border: 1px solid #28a745; margin-top: 70px; margin-bottom: 50px; margin-left: auto; margin-right: auto;\">\n<div style=\"position: absolute; top: -35px; right: 15px; color: #28a745; padding: 5px 10px; border-radius: 6px; font-size: 14px; font-weight: bold; display: flex; align-items: center; z-index: 10;\">Recommand\u00e9 pour toi<\/div>\n<div data-namespace-header=\"\" style=\"\">\n<h3 data-namespace-title=\"\" style=\"color: #333; font-size: 20px; font-weight: bold; text-align: left; margin-right: 50px; min-height: 50px; margin-top: 0px;\">Responsable de Administraci\u00f3n y Coordinaci\u00f3n de Instalaciones Fotovoltaicas<\/h3>\n<\/p><\/div>\n<p data-namespace-prompt=\"\" style=\"font-size: 16px; color: #666; margin-bottom: 20px; line-height: 1.5; flex-grow: 1; text-align: left; margin-top: 0px;\">Desarrolla tu carrera en energ\u00edas renovables con un puesto de responsabilidad, liderazgo de equipo y gesti\u00f3n administrativa, con atractivo paquete salarial y oportunidades de crecimiento.<\/p>\n<p>    <a data-namespace-url=\"\" href=\"https:\/\/crecerencarrera.com\/fr\/redirect\/?https:\/\/es.whatjobs.com\/administraci\u00f3n-jobs?id=302694327&#038;utm_campaign=google_jobs_apply&#038;utm_source=google_jobs_apply&#038;utm_medium=organic\" style=\"width: 100%; display: inline-block; color: white; text-decoration: none; border-radius: 6px; font-size: 16px; font-weight: bold; text-align: center; transition: transform 0.3s ease, background 0.3s ease; margin-top: auto;\" data-namespace-id=\"5c0d2565-3ba9-4280-a382-ad2a691e2285\"><br \/>\n        <button style=\"width: 100%; height: 55px; background: #e9e9ed; border: 1px solid black; color: black;\">Apuntarse al empleo<\/button><br \/>\n    <\/a><br \/>\n    <small style=\"margin-top: 10px; color: #777; font-size: 12px; text-align: center; display: block;\">Ser\u00e1s redirigido a otra web<\/small>\n<\/div>","protected":false},"excerpt":{"rendered":"<p>Conoce lo que te espera como Responsable de Administraci\u00f3n y Coordinaci\u00f3n en el sector fotovoltaico: liderazgo, estabilidad y oportunidades para tu carrera en energ\u00edas renovables.<\/p>","protected":false},"author":3,"featured_media":0,"comment_status":"open","ping_status":"open","sticky":false,"template":"","format":"standard","meta":{"_uag_custom_page_level_css":"","site-sidebar-layout":"default","site-content-layout":"","ast-site-content-layout":"","site-content-style":"default","site-sidebar-style":"default","ast-global-header-display":"","ast-banner-title-visibility":"","ast-main-header-display":"","ast-hfb-above-header-display":"","ast-hfb-below-header-display":"","ast-hfb-mobile-header-display":"","site-post-title":"","ast-breadcrumbs-content":"","ast-featured-img":"","footer-sml-layout":"","theme-transparent-header-meta":"","adv-header-id-meta":"","stick-header-meta":"","header-above-stick-meta":"","header-main-stick-meta":"","header-below-stick-meta":"","astra-migrate-meta-layouts":"default","ast-page-background-enabled":"default","ast-page-background-meta":{"desktop":{"background-color":"var(--ast-global-color-4)","background-image":"","background-repeat":"repeat","background-position":"center center","background-size":"auto","background-attachment":"scroll","background-type":"","background-media":"","overlay-type":"","overlay-color":"","overlay-opacity":"","overlay-gradient":""},"tablet":{"background-color":"","background-image":"","background-repeat":"repeat","background-position":"center center","background-size":"auto","background-attachment":"scroll","background-type":"","background-media":"","overlay-type":"","overlay-color":"","overlay-opacity":"","overlay-gradient":""},"mobile":{"background-color":"","background-image":"","background-repeat":"repeat","background-position":"center center","background-size":"auto","background-attachment":"scroll","background-type":"","background-media":"","overlay-type":"","overlay-color":"","overlay-opacity":"","overlay-gradient":""}},"ast-content-background-meta":{"desktop":{"background-color":"var(--ast-global-color-5)","background-image":"","background-repeat":"repeat","background-position":"center center","background-size":"auto","background-attachment":"scroll","background-type":"","background-media":"","overlay-type":"","overlay-color":"","overlay-opacity":"","overlay-gradient":""},"tablet":{"background-color":"var(--ast-global-color-5)","background-image":"","background-repeat":"repeat","background-position":"center center","background-size":"auto","background-attachment":"scroll","background-type":"","background-media":"","overlay-type":"","overlay-color":"","overlay-opacity":"","overlay-gradient":""},"mobile":{"background-color":"var(--ast-global-color-5)","background-image":"","background-repeat":"repeat","background-position":"center center","background-size":"auto","background-attachment":"scroll","background-type":"","background-media":"","overlay-type":"","overlay-color":"","overlay-opacity":"","overlay-gradient":""}},"footnotes":""},"categories":[10],"tags":[],"yoast_head":"<!-- This site is optimized with the Yoast SEO plugin v23.3 - https:\/\/yoast.com\/wordpress\/plugins\/seo\/ -->\n<title>Responsable de Administraci\u00f3n y Coordinaci\u00f3n de Instalaciones Fotovoltaicas \u2013 Estabilidad, Liderazgo y Crecimiento - Crecer en Carrera<\/title>\n<meta name=\"robots\" content=\"index, follow, max-snippet:-1, max-image-preview:large, max-video-preview:-1\" \/>\n<link rel=\"canonical\" href=\"https:\/\/crecerencarrera.com\/fr\/bce7ce71-3758-42e9-98a0-fae593bbf231\/\" \/>\n<meta property=\"og:locale\" content=\"fr_FR\" \/>\n<meta property=\"og:type\" content=\"article\" \/>\n<meta property=\"og:title\" content=\"Responsable de Administraci\u00f3n y Coordinaci\u00f3n de Instalaciones Fotovoltaicas \u2013 Estabilidad, Liderazgo y Crecimiento - Crecer en Carrera\" \/>\n<meta property=\"og:description\" content=\"Conoce lo que te espera como Responsable de Administraci\u00f3n y Coordinaci\u00f3n en el sector fotovoltaico: liderazgo, estabilidad y oportunidades para tu carrera en energ\u00edas renovables.\" \/>\n<meta property=\"og:url\" content=\"https:\/\/crecerencarrera.com\/fr\/bce7ce71-3758-42e9-98a0-fae593bbf231\/\" \/>\n<meta property=\"og:site_name\" content=\"Crecer en Carrera\" \/>\n<meta property=\"article:published_time\" content=\"2026-03-09T00:12:00+00:00\" \/>\n<meta property=\"article:modified_time\" content=\"2026-03-09T00:12:08+00:00\" \/>\n<meta name=\"author\" content=\"Bruno Gianni\" \/>\n<meta name=\"twitter:card\" content=\"summary_large_image\" \/>\n<meta name=\"twitter:label1\" content=\"Written by\" \/>\n\t<meta name=\"twitter:data1\" content=\"Bruno Gianni\" \/>\n\t<meta name=\"twitter:label2\" content=\"Est. reading time\" \/>\n\t<meta name=\"twitter:data2\" content=\"3 minutes\" \/>\n<script type=\"application\/ld+json\" class=\"yoast-schema-graph\">{\"@context\":\"https:\/\/schema.org\",\"@graph\":[{\"@type\":\"Article\",\"@id\":\"https:\/\/crecerencarrera.com\/bce7ce71-3758-42e9-98a0-fae593bbf231\/#article\",\"isPartOf\":{\"@id\":\"https:\/\/crecerencarrera.com\/bce7ce71-3758-42e9-98a0-fae593bbf231\/\"},\"author\":{\"name\":\"Bruno Gianni\",\"@id\":\"https:\/\/crecerencarrera.com\/#\/schema\/person\/d52888235fd6563bd07d97185d6a61e4\"},\"headline\":\"Responsable de Administraci\u00f3n y Coordinaci\u00f3n de Instalaciones Fotovoltaicas \u2013 Estabilidad, Liderazgo y Crecimiento\",\"datePublished\":\"2026-03-09T00:12:00+00:00\",\"dateModified\":\"2026-03-09T00:12:08+00:00\",\"mainEntityOfPage\":{\"@id\":\"https:\/\/crecerencarrera.com\/bce7ce71-3758-42e9-98a0-fae593bbf231\/\"},\"wordCount\":595,\"commentCount\":0,\"publisher\":{\"@id\":\"https:\/\/crecerencarrera.com\/#organization\"},\"articleSection\":[\"Hidden\"],\"inLanguage\":\"fr-FR\",\"potentialAction\":[{\"@type\":\"CommentAction\",\"name\":\"Comment\",\"target\":[\"https:\/\/crecerencarrera.com\/bce7ce71-3758-42e9-98a0-fae593bbf231\/#respond\"]}]},{\"@type\":\"WebPage\",\"@id\":\"https:\/\/crecerencarrera.com\/bce7ce71-3758-42e9-98a0-fae593bbf231\/\",\"url\":\"https:\/\/crecerencarrera.com\/bce7ce71-3758-42e9-98a0-fae593bbf231\/\",\"name\":\"Responsable de Administraci\u00f3n y Coordinaci\u00f3n de Instalaciones Fotovoltaicas \u2013 Estabilidad, Liderazgo y Crecimiento - Crecer en Carrera\",\"isPartOf\":{\"@id\":\"https:\/\/crecerencarrera.com\/#website\"},\"datePublished\":\"2026-03-09T00:12:00+00:00\",\"dateModified\":\"2026-03-09T00:12:08+00:00\",\"breadcrumb\":{\"@id\":\"https:\/\/crecerencarrera.com\/bce7ce71-3758-42e9-98a0-fae593bbf231\/#breadcrumb\"},\"inLanguage\":\"fr-FR\",\"potentialAction\":[{\"@type\":\"ReadAction\",\"target\":[\"https:\/\/crecerencarrera.com\/bce7ce71-3758-42e9-98a0-fae593bbf231\/\"]}]},{\"@type\":\"BreadcrumbList\",\"@id\":\"https:\/\/crecerencarrera.com\/bce7ce71-3758-42e9-98a0-fae593bbf231\/#breadcrumb\",\"itemListElement\":[{\"@type\":\"ListItem\",\"position\":1,\"name\":\"Home\",\"item\":\"https:\/\/crecerencarrera.com\/\"},{\"@type\":\"ListItem\",\"position\":2,\"name\":\"Responsable de Administraci\u00f3n y Coordinaci\u00f3n de Instalaciones Fotovoltaicas \u2013 Estabilidad, Liderazgo y Crecimiento\"}]},{\"@type\":\"WebSite\",\"@id\":\"https:\/\/crecerencarrera.com\/#website\",\"url\":\"https:\/\/crecerencarrera.com\/\",\"name\":\"Crecer en Carrera\",\"description\":\"\",\"publisher\":{\"@id\":\"https:\/\/crecerencarrera.com\/#organization\"},\"potentialAction\":[{\"@type\":\"SearchAction\",\"target\":{\"@type\":\"EntryPoint\",\"urlTemplate\":\"https:\/\/crecerencarrera.com\/?s={search_term_string}\"},\"query-input\":\"required name=search_term_string\"}],\"inLanguage\":\"fr-FR\"},{\"@type\":\"Organization\",\"@id\":\"https:\/\/crecerencarrera.com\/#organization\",\"name\":\"Crecer en Carrera\",\"url\":\"https:\/\/crecerencarrera.com\/\",\"logo\":{\"@type\":\"ImageObject\",\"inLanguage\":\"fr-FR\",\"@id\":\"https:\/\/crecerencarrera.com\/#\/schema\/logo\/image\/\",\"url\":\"https:\/\/crecerencarrera.com\/wp-content\/uploads\/sites\/604\/2025\/10\/logo-Crecer-en-carrera.svg\",\"contentUrl\":\"https:\/\/crecerencarrera.com\/wp-content\/uploads\/sites\/604\/2025\/10\/logo-Crecer-en-carrera.svg\",\"caption\":\"Crecer en Carrera\"},\"image\":{\"@id\":\"https:\/\/crecerencarrera.com\/#\/schema\/logo\/image\/\"}},{\"@type\":\"Person\",\"@id\":\"https:\/\/crecerencarrera.com\/#\/schema\/person\/d52888235fd6563bd07d97185d6a61e4\",\"name\":\"Bruno Gianni\",\"image\":{\"@type\":\"ImageObject\",\"inLanguage\":\"fr-FR\",\"@id\":\"https:\/\/crecerencarrera.com\/#\/schema\/person\/image\/\",\"url\":\"https:\/\/secure.gravatar.com\/avatar\/0f5d42d7bf77874643c1478932860e3f?s=96&d=mm&r=g\",\"contentUrl\":\"https:\/\/secure.gravatar.com\/avatar\/0f5d42d7bf77874643c1478932860e3f?s=96&d=mm&r=g\",\"caption\":\"Bruno Gianni\"},\"description\":\"Bruno writes the way he lives, with curiosity, care, and respect for people. He likes to observe, listen, and try to understand what is happening on the other side before putting any words on the page.For him, writing is not about impressing, but about getting closer. It is about turning thoughts into something simple, clear, and real. Every text is an ongoing conversation, created with care and honesty, with the sincere intention of touching someone, somewhere along the way.\",\"url\":\"https:\/\/crecerencarrera.com\/fr\/author\/bcgianni\/\"}]}<\/script>\n<!-- \/ Yoast SEO plugin. -->","yoast_head_json":{"title":"Responsable de Administraci\u00f3n y Coordinaci\u00f3n de Instalaciones Fotovoltaicas \u2013 Estabilidad, Liderazgo y Crecimiento - Crecer en Carrera","robots":{"index":"index","follow":"follow","max-snippet":"max-snippet:-1","max-image-preview":"max-image-preview:large","max-video-preview":"max-video-preview:-1"},"canonical":"https:\/\/crecerencarrera.com\/fr\/bce7ce71-3758-42e9-98a0-fae593bbf231\/","og_locale":"fr_FR","og_type":"article","og_title":"Responsable de Administraci\u00f3n y Coordinaci\u00f3n de Instalaciones Fotovoltaicas \u2013 Estabilidad, Liderazgo y Crecimiento - Crecer en Carrera","og_description":"Conoce lo que te espera como Responsable de Administraci\u00f3n y Coordinaci\u00f3n en el sector fotovoltaico: liderazgo, estabilidad y oportunidades para tu carrera en energ\u00edas renovables.","og_url":"https:\/\/crecerencarrera.com\/fr\/bce7ce71-3758-42e9-98a0-fae593bbf231\/","og_site_name":"Crecer en Carrera","article_published_time":"2026-03-09T00:12:00+00:00","article_modified_time":"2026-03-09T00:12:08+00:00","author":"Bruno Gianni","twitter_card":"summary_large_image","twitter_misc":{"Written by":"Bruno Gianni","Est. reading time":"3 minutes"},"schema":{"@context":"https:\/\/schema.org","@graph":[{"@type":"Article","@id":"https:\/\/crecerencarrera.com\/bce7ce71-3758-42e9-98a0-fae593bbf231\/#article","isPartOf":{"@id":"https:\/\/crecerencarrera.com\/bce7ce71-3758-42e9-98a0-fae593bbf231\/"},"author":{"name":"Bruno Gianni","@id":"https:\/\/crecerencarrera.com\/#\/schema\/person\/d52888235fd6563bd07d97185d6a61e4"},"headline":"Responsable de Administraci\u00f3n y Coordinaci\u00f3n de Instalaciones Fotovoltaicas \u2013 Estabilidad, Liderazgo y Crecimiento","datePublished":"2026-03-09T00:12:00+00:00","dateModified":"2026-03-09T00:12:08+00:00","mainEntityOfPage":{"@id":"https:\/\/crecerencarrera.com\/bce7ce71-3758-42e9-98a0-fae593bbf231\/"},"wordCount":595,"commentCount":0,"publisher":{"@id":"https:\/\/crecerencarrera.com\/#organization"},"articleSection":["Hidden"],"inLanguage":"fr-FR","potentialAction":[{"@type":"CommentAction","name":"Comment","target":["https:\/\/crecerencarrera.com\/bce7ce71-3758-42e9-98a0-fae593bbf231\/#respond"]}]},{"@type":"WebPage","@id":"https:\/\/crecerencarrera.com\/bce7ce71-3758-42e9-98a0-fae593bbf231\/","url":"https:\/\/crecerencarrera.com\/bce7ce71-3758-42e9-98a0-fae593bbf231\/","name":"Responsable de Administraci\u00f3n y Coordinaci\u00f3n de Instalaciones Fotovoltaicas \u2013 Estabilidad, Liderazgo y Crecimiento - Crecer en Carrera","isPartOf":{"@id":"https:\/\/crecerencarrera.com\/#website"},"datePublished":"2026-03-09T00:12:00+00:00","dateModified":"2026-03-09T00:12:08+00:00","breadcrumb":{"@id":"https:\/\/crecerencarrera.com\/bce7ce71-3758-42e9-98a0-fae593bbf231\/#breadcrumb"},"inLanguage":"fr-FR","potentialAction":[{"@type":"ReadAction","target":["https:\/\/crecerencarrera.com\/bce7ce71-3758-42e9-98a0-fae593bbf231\/"]}]},{"@type":"BreadcrumbList","@id":"https:\/\/crecerencarrera.com\/bce7ce71-3758-42e9-98a0-fae593bbf231\/#breadcrumb","itemListElement":[{"@type":"ListItem","position":1,"name":"Home","item":"https:\/\/crecerencarrera.com\/"},{"@type":"ListItem","position":2,"name":"Responsable de Administraci\u00f3n y Coordinaci\u00f3n de Instalaciones Fotovoltaicas \u2013 Estabilidad, Liderazgo y Crecimiento"}]},{"@type":"WebSite","@id":"https:\/\/crecerencarrera.com\/#website","url":"https:\/\/crecerencarrera.com\/","name":"Crecer en Carrera","description":"","publisher":{"@id":"https:\/\/crecerencarrera.com\/#organization"},"potentialAction":[{"@type":"SearchAction","target":{"@type":"EntryPoint","urlTemplate":"https:\/\/crecerencarrera.com\/?s={search_term_string}"},"query-input":"required name=search_term_string"}],"inLanguage":"fr-FR"},{"@type":"Organization","@id":"https:\/\/crecerencarrera.com\/#organization","name":"Crecer en Carrera","url":"https:\/\/crecerencarrera.com\/","logo":{"@type":"ImageObject","inLanguage":"fr-FR","@id":"https:\/\/crecerencarrera.com\/#\/schema\/logo\/image\/","url":"https:\/\/crecerencarrera.com\/wp-content\/uploads\/sites\/604\/2025\/10\/logo-Crecer-en-carrera.svg","contentUrl":"https:\/\/crecerencarrera.com\/wp-content\/uploads\/sites\/604\/2025\/10\/logo-Crecer-en-carrera.svg","caption":"Crecer en Carrera"},"image":{"@id":"https:\/\/crecerencarrera.com\/#\/schema\/logo\/image\/"}},{"@type":"Person","@id":"https:\/\/crecerencarrera.com\/#\/schema\/person\/d52888235fd6563bd07d97185d6a61e4","name":"Bruno Gianni","image":{"@type":"ImageObject","inLanguage":"fr-FR","@id":"https:\/\/crecerencarrera.com\/#\/schema\/person\/image\/","url":"https:\/\/secure.gravatar.com\/avatar\/0f5d42d7bf77874643c1478932860e3f?s=96&d=mm&r=g","contentUrl":"https:\/\/secure.gravatar.com\/avatar\/0f5d42d7bf77874643c1478932860e3f?s=96&d=mm&r=g","caption":"Bruno Gianni"},"description":"Bruno writes the way he lives, with curiosity, care, and respect for people. He likes to observe, listen, and try to understand what is happening on the other side before putting any words on the page.For him, writing is not about impressing, but about getting closer. It is about turning thoughts into something simple, clear, and real. Every text is an ongoing conversation, created with care and honesty, with the sincere intention of touching someone, somewhere along the way.","url":"https:\/\/crecerencarrera.com\/fr\/author\/bcgianni\/"}]}},"uagb_featured_image_src":{"full":false,"thumbnail":false,"medium":false,"medium_large":false,"large":false,"1536x1536":false,"2048x2048":false,"trp-custom-language-flag":false},"uagb_author_info":{"display_name":"Bruno Gianni","author_link":"https:\/\/crecerencarrera.com\/fr\/author\/bcgianni\/"},"uagb_comment_info":0,"uagb_excerpt":"Conoce lo que te espera como Responsable de Administraci\u00f3n y Coordinaci\u00f3n en el sector fotovoltaico: liderazgo, estabilidad y oportunidades para tu carrera en energ\u00edas renovables.","_links":{"self":[{"href":"https:\/\/crecerencarrera.com\/fr\/wp-json\/wp\/v2\/posts\/7210"}],"collection":[{"href":"https:\/\/crecerencarrera.com\/fr\/wp-json\/wp\/v2\/posts"}],"about":[{"href":"https:\/\/crecerencarrera.com\/fr\/wp-json\/wp\/v2\/types\/post"}],"author":[{"embeddable":true,"href":"https:\/\/crecerencarrera.com\/fr\/wp-json\/wp\/v2\/users\/3"}],"replies":[{"embeddable":true,"href":"https:\/\/crecerencarrera.com\/fr\/wp-json\/wp\/v2\/comments?post=7210"}],"version-history":[{"count":1,"href":"https:\/\/crecerencarrera.com\/fr\/wp-json\/wp\/v2\/posts\/7210\/revisions"}],"predecessor-version":[{"id":7220,"href":"https:\/\/crecerencarrera.com\/fr\/wp-json\/wp\/v2\/posts\/7210\/revisions\/7220"}],"wp:attachment":[{"href":"https:\/\/crecerencarrera.com\/fr\/wp-json\/wp\/v2\/media?parent=7210"}],"wp:term":[{"taxonomy":"category","embeddable":true,"href":"https:\/\/crecerencarrera.com\/fr\/wp-json\/wp\/v2\/categories?post=7210"},{"taxonomy":"post_tag","embeddable":true,"href":"https:\/\/crecerencarrera.com\/fr\/wp-json\/wp\/v2\/tags?post=7210"}],"curies":[{"name":"wp","href":"https:\/\/api.w.org\/{rel}","templated":true}]}}