{"id":7234,"date":"2026-03-09T10:38:00","date_gmt":"2026-03-09T10:38:00","guid":{"rendered":"https:\/\/crecerencarrera.com\/255c9c14-55e7-4255-9dd6-3cd5a214af3a\/"},"modified":"2026-03-09T10:38:43","modified_gmt":"2026-03-09T10:38:43","slug":"255c9c14-55e7-4255-9dd6-3cd5a214af3a","status":"publish","type":"post","link":"https:\/\/crecerencarrera.com\/fr\/255c9c14-55e7-4255-9dd6-3cd5a214af3a\/","title":{"rendered":"Cortador\/a de Madera \u2013 Oferta con buen ambiente y flexibilidad horaria"},"content":{"rendered":"<\/p>\n<\/p>\n<div style=\"background: #ffffff; border-radius: 12px; box-shadow: 0 10px 30px rgba(0, 0, 0, 0.1); width: 100%; max-width: 340px; padding: 25px; transition: transform 0.3s ease-in-out; overflow: visible; display: flex; flex-direction: column; position: relative; border: 1px solid #28a745; margin-top: 70px; margin-bottom: 50px; margin-left: auto; margin-right: auto;\">\n<div style=\"position: absolute; top: -35px; right: 15px; color: #28a745; padding: 5px 10px; border-radius: 6px; font-size: 14px; font-weight: bold; display: flex; align-items: center; z-index: 10;\">Recommand\u00e9 pour toi<\/div>\n<div data-namespace-header=\"\" style=\"\">\n<h3 data-namespace-title=\"\" style=\"color: #333; font-size: 20px; font-weight: bold; text-align: left; margin-right: 50px; min-height: 50px; margin-top: 0px;\">Cortador\/a de madera<\/h3>\n<\/p><\/div>\n<p data-namespace-prompt=\"\" style=\"font-size: 16px; color: #666; margin-bottom: 20px; line-height: 1.5; flex-grow: 1; text-align: left; margin-top: 0px;\">Se buscan personas responsables para cortar madera. Trabajo flexible, buen ambiente y sin necesidad de experiencia previa. Oportunidad de aprender y crecer.<\/p>\n<p>    <a data-namespace-url=\"\" href=\"https:\/\/crecerencarrera.com\/fr\/redirect\/?https:\/\/www.milanuncios.com\/agricultores-y-ganaderos\/se-buscan-personas-para-cortar-madera-584954126.htm?utm_campaign=google_jobs_apply&#038;utm_source=google_jobs_apply&#038;utm_medium=organic\" style=\"width: 100%; display: inline-block; color: white; text-decoration: none; border-radius: 6px; font-size: 16px; font-weight: bold; text-align: center; transition: transform 0.3s ease, background 0.3s ease; margin-top: auto;\" data-namespace-id=\"5c0d2565-3ba9-4280-a382-ad2a691e2285\"><br \/>\n        <button style=\"width: 100%; height: 55px; background: #e9e9ed; border: 1px solid black; color: black;\">Apuntarse a la oferta<\/button><br \/>\n    <\/a><br \/>\n    <small style=\"margin-top: 10px; color: #777; font-size: 12px; text-align: center; display: block;\">Ser\u00e1s redirigido a otro site web<\/small>\n<\/div>\n<p><!-- Introducci\u00f3n a la oferta --><\/p>\n<p>Esta oferta de empleo como cortador\/a de madera es ideal si buscas flexibilidad y un entorno donde la responsabilidad y la colaboraci\u00f3n sean prioritarios. No se requiere experiencia previa para aplicar, por lo que si eres una persona resolutiva y te interesa aprender, esta es una excelente oportunidad laboral.<\/p>\n<p>El puesto ofrece un entorno laboral agradable y posibilidades de adaptarte a diferentes horarios. Tus principales tareas girar\u00e1n en torno a la gesti\u00f3n, corte y preparaci\u00f3n de madera con diferentes herramientas, siempre contando con la supervisi\u00f3n adecuada y el apoyo del equipo.<\/p>\n<p>En cuanto a la remuneraci\u00f3n y condiciones, la oferta no especifica el salario exacto pero destaca la estabilidad y la integraci\u00f3n en un equipo de trabajo comprometido, lo que aporta puntos positivos al atractivo del puesto.<\/p>\n<h3>Responsabilit\u00e9s journali\u00e8res et dynamiques de travail<\/h3>\n<p>En el d\u00eda a d\u00eda, tu funci\u00f3n principal ser\u00e1 el corte de madera bajo est\u00e1ndares de seguridad y calidad. Podr\u00e1s aprender el manejo de herramientas espec\u00edficas y adquirir nuevas competencias en el sector.<\/p>\n<p>Buscar\u00e1s cumplir objetivos diarios de producci\u00f3n y, al mismo tiempo, colaborar\u00e1s estrechamente con tus compa\u00f1eros para mantener el ritmo de trabajo.<\/p>\n<p>Otro aspecto fundamental ser\u00e1 el cuidado del entorno de trabajo, asegurando que la zona se mantenga ordenada y libre de riesgos.<\/p>\n<p>No tendr\u00e1s que preocuparte si nunca has trabajado en el sector; recibir\u00e1s formaci\u00f3n y acompa\u00f1amiento durante el proceso de adaptaci\u00f3n, lo que facilita el aprendizaje pr\u00e1ctico desde el primer d\u00eda.<\/p>\n<p>En resumen, la jornada ser\u00e1 activa y din\u00e1mica, perfecta para quienes disfrutan de tareas manuales y ambientes colaborativos.<\/p>\n<h3>Ventajas de la oferta<\/h3>\n<p>Un gran punto a favor de este puesto es el ambiente positivo y la oportunidad de formarte en una ocupaci\u00f3n con recurrencia en el sector agr\u00edcola y forestal.<\/p>\n<p>Adem\u00e1s, la empresa facilita un horario adaptable, ideal para quienes buscan compatibilizar el trabajo con otras responsabilidades personales o familiares.<\/p>\n<h3>Desventajas de la oferta<\/h3>\n<p>Al no aparecer el salario de manera expl\u00edcita, puede generar incertidumbre inicial sobre la remuneraci\u00f3n total y sus condiciones.<\/p>\n<p>A pesar de la formaci\u00f3n b\u00e1sica, el puesto exige esfuerzo f\u00edsico y estar al aire libre gran parte de la jornada, lo que puede no ser ideal para todos los candidatos.<\/p>\n<h3>Veredicto final<\/h3>\n<p>Esta vacante destaca como una excelente entrada al sector si buscas flexibilidad y aprender sobre el trabajo manual en equipo. Una opci\u00f3n recomendable si priorizas la estabilidad y un entorno positivo, aunque podr\u00eda mejorar ofreciendo m\u00e1s detalles salariales upfront.<\/p>\n<div style=\"background: #ffffff; border-radius: 12px; box-shadow: 0 10px 30px rgba(0, 0, 0, 0.1); width: 100%; max-width: 340px; padding: 25px; transition: transform 0.3s ease-in-out; overflow: visible; display: flex; flex-direction: column; position: relative; border: 1px solid #28a745; margin-top: 70px; margin-bottom: 50px; margin-left: auto; margin-right: auto;\">\n<div style=\"position: absolute; top: -35px; right: 15px; color: #28a745; padding: 5px 10px; border-radius: 6px; font-size: 14px; font-weight: bold; display: flex; align-items: center; z-index: 10;\">Recommand\u00e9 pour toi<\/div>\n<div data-namespace-header=\"\" style=\"\">\n<h3 data-namespace-title=\"\" style=\"color: #333; font-size: 20px; font-weight: bold; text-align: left; margin-right: 50px; min-height: 50px; margin-top: 0px;\">Cortador\/a de madera<\/h3>\n<\/p><\/div>\n<p data-namespace-prompt=\"\" style=\"font-size: 16px; color: #666; margin-bottom: 20px; line-height: 1.5; flex-grow: 1; text-align: left; margin-top: 0px;\">Se buscan personas responsables para cortar madera. Trabajo flexible, buen ambiente y sin necesidad de experiencia previa. Oportunidad de aprender y crecer.<\/p>\n<p>    <a data-namespace-url=\"\" href=\"https:\/\/crecerencarrera.com\/fr\/redirect\/?https:\/\/www.milanuncios.com\/agricultores-y-ganaderos\/se-buscan-personas-para-cortar-madera-584954126.htm?utm_campaign=google_jobs_apply&#038;utm_source=google_jobs_apply&#038;utm_medium=organic\" style=\"width: 100%; display: inline-block; color: white; text-decoration: none; border-radius: 6px; font-size: 16px; font-weight: bold; text-align: center; transition: transform 0.3s ease, background 0.3s ease; margin-top: auto;\" data-namespace-id=\"5c0d2565-3ba9-4280-a382-ad2a691e2285\"><br \/>\n        <button style=\"width: 100%; height: 55px; background: #e9e9ed; border: 1px solid black; color: black;\">Apuntarse a la oferta<\/button><br \/>\n    <\/a><br \/>\n    <small style=\"margin-top: 10px; color: #777; font-size: 12px; text-align: center; display: block;\">Ser\u00e1s redirigido a otro site web<\/small>\n<\/div>","protected":false},"excerpt":{"rendered":"<p>Oferta como cortador\/a de madera con condiciones flexibles y buen ambiente. Sin experiencia previa, formaci\u00f3n incluida y oportunidad de crecimiento en un sector estable. \u00a1Descubre los detalles!<\/p>","protected":false},"author":3,"featured_media":0,"comment_status":"open","ping_status":"open","sticky":false,"template":"","format":"standard","meta":{"_uag_custom_page_level_css":"","site-sidebar-layout":"default","site-content-layout":"","ast-site-content-layout":"","site-content-style":"default","site-sidebar-style":"default","ast-global-header-display":"","ast-banner-title-visibility":"","ast-main-header-display":"","ast-hfb-above-header-display":"","ast-hfb-below-header-display":"","ast-hfb-mobile-header-display":"","site-post-title":"","ast-breadcrumbs-content":"","ast-featured-img":"","footer-sml-layout":"","theme-transparent-header-meta":"","adv-header-id-meta":"","stick-header-meta":"","header-above-stick-meta":"","header-main-stick-meta":"","header-below-stick-meta":"","astra-migrate-meta-layouts":"default","ast-page-background-enabled":"default","ast-page-background-meta":{"desktop":{"background-color":"var(--ast-global-color-4)","background-image":"","background-repeat":"repeat","background-position":"center center","background-size":"auto","background-attachment":"scroll","background-type":"","background-media":"","overlay-type":"","overlay-color":"","overlay-opacity":"","overlay-gradient":""},"tablet":{"background-color":"","background-image":"","background-repeat":"repeat","background-position":"center center","background-size":"auto","background-attachment":"scroll","background-type":"","background-media":"","overlay-type":"","overlay-color":"","overlay-opacity":"","overlay-gradient":""},"mobile":{"background-color":"","background-image":"","background-repeat":"repeat","background-position":"center center","background-size":"auto","background-attachment":"scroll","background-type":"","background-media":"","overlay-type":"","overlay-color":"","overlay-opacity":"","overlay-gradient":""}},"ast-content-background-meta":{"desktop":{"background-color":"var(--ast-global-color-5)","background-image":"","background-repeat":"repeat","background-position":"center center","background-size":"auto","background-attachment":"scroll","background-type":"","background-media":"","overlay-type":"","overlay-color":"","overlay-opacity":"","overlay-gradient":""},"tablet":{"background-color":"var(--ast-global-color-5)","background-image":"","background-repeat":"repeat","background-position":"center center","background-size":"auto","background-attachment":"scroll","background-type":"","background-media":"","overlay-type":"","overlay-color":"","overlay-opacity":"","overlay-gradient":""},"mobile":{"background-color":"var(--ast-global-color-5)","background-image":"","background-repeat":"repeat","background-position":"center center","background-size":"auto","background-attachment":"scroll","background-type":"","background-media":"","overlay-type":"","overlay-color":"","overlay-opacity":"","overlay-gradient":""}},"footnotes":""},"categories":[10],"tags":[],"yoast_head":"<!-- This site is optimized with the Yoast SEO plugin v23.3 - https:\/\/yoast.com\/wordpress\/plugins\/seo\/ -->\n<title>Cortador\/a de Madera \u2013 Oferta con buen ambiente y flexibilidad horaria - Crecer en Carrera<\/title>\n<meta name=\"robots\" content=\"index, follow, max-snippet:-1, max-image-preview:large, max-video-preview:-1\" \/>\n<link rel=\"canonical\" href=\"https:\/\/crecerencarrera.com\/fr\/255c9c14-55e7-4255-9dd6-3cd5a214af3a\/\" \/>\n<meta property=\"og:locale\" content=\"fr_FR\" \/>\n<meta property=\"og:type\" content=\"article\" \/>\n<meta property=\"og:title\" content=\"Cortador\/a de Madera \u2013 Oferta con buen ambiente y flexibilidad horaria - Crecer en Carrera\" \/>\n<meta property=\"og:description\" content=\"Oferta como cortador\/a de madera con condiciones flexibles y buen ambiente. Sin experiencia previa, formaci\u00f3n incluida y oportunidad de crecimiento en un sector estable. \u00a1Descubre los detalles!\" \/>\n<meta property=\"og:url\" content=\"https:\/\/crecerencarrera.com\/fr\/255c9c14-55e7-4255-9dd6-3cd5a214af3a\/\" \/>\n<meta property=\"og:site_name\" content=\"Crecer en Carrera\" \/>\n<meta property=\"article:published_time\" content=\"2026-03-09T10:38:00+00:00\" \/>\n<meta property=\"article:modified_time\" content=\"2026-03-09T10:38:43+00:00\" \/>\n<meta name=\"author\" content=\"Bruno Gianni\" \/>\n<meta name=\"twitter:card\" content=\"summary_large_image\" \/>\n<meta name=\"twitter:label1\" content=\"Written by\" \/>\n\t<meta name=\"twitter:data1\" content=\"Bruno Gianni\" \/>\n\t<meta name=\"twitter:label2\" content=\"Est. reading time\" \/>\n\t<meta name=\"twitter:data2\" content=\"3 minutes\" \/>\n<script type=\"application\/ld+json\" class=\"yoast-schema-graph\">{\"@context\":\"https:\/\/schema.org\",\"@graph\":[{\"@type\":\"Article\",\"@id\":\"https:\/\/crecerencarrera.com\/255c9c14-55e7-4255-9dd6-3cd5a214af3a\/#article\",\"isPartOf\":{\"@id\":\"https:\/\/crecerencarrera.com\/255c9c14-55e7-4255-9dd6-3cd5a214af3a\/\"},\"author\":{\"name\":\"Bruno Gianni\",\"@id\":\"https:\/\/crecerencarrera.com\/#\/schema\/person\/d52888235fd6563bd07d97185d6a61e4\"},\"headline\":\"Cortador\/a de Madera \u2013 Oferta con buen ambiente y flexibilidad horaria\",\"datePublished\":\"2026-03-09T10:38:00+00:00\",\"dateModified\":\"2026-03-09T10:38:43+00:00\",\"mainEntityOfPage\":{\"@id\":\"https:\/\/crecerencarrera.com\/255c9c14-55e7-4255-9dd6-3cd5a214af3a\/\"},\"wordCount\":532,\"commentCount\":0,\"publisher\":{\"@id\":\"https:\/\/crecerencarrera.com\/#organization\"},\"articleSection\":[\"Hidden\"],\"inLanguage\":\"fr-FR\",\"potentialAction\":[{\"@type\":\"CommentAction\",\"name\":\"Comment\",\"target\":[\"https:\/\/crecerencarrera.com\/255c9c14-55e7-4255-9dd6-3cd5a214af3a\/#respond\"]}]},{\"@type\":\"WebPage\",\"@id\":\"https:\/\/crecerencarrera.com\/255c9c14-55e7-4255-9dd6-3cd5a214af3a\/\",\"url\":\"https:\/\/crecerencarrera.com\/255c9c14-55e7-4255-9dd6-3cd5a214af3a\/\",\"name\":\"Cortador\/a de Madera \u2013 Oferta con buen ambiente y flexibilidad horaria - Crecer en Carrera\",\"isPartOf\":{\"@id\":\"https:\/\/crecerencarrera.com\/#website\"},\"datePublished\":\"2026-03-09T10:38:00+00:00\",\"dateModified\":\"2026-03-09T10:38:43+00:00\",\"breadcrumb\":{\"@id\":\"https:\/\/crecerencarrera.com\/255c9c14-55e7-4255-9dd6-3cd5a214af3a\/#breadcrumb\"},\"inLanguage\":\"fr-FR\",\"potentialAction\":[{\"@type\":\"ReadAction\",\"target\":[\"https:\/\/crecerencarrera.com\/255c9c14-55e7-4255-9dd6-3cd5a214af3a\/\"]}]},{\"@type\":\"BreadcrumbList\",\"@id\":\"https:\/\/crecerencarrera.com\/255c9c14-55e7-4255-9dd6-3cd5a214af3a\/#breadcrumb\",\"itemListElement\":[{\"@type\":\"ListItem\",\"position\":1,\"name\":\"Home\",\"item\":\"https:\/\/crecerencarrera.com\/\"},{\"@type\":\"ListItem\",\"position\":2,\"name\":\"Cortador\/a de Madera \u2013 Oferta con buen ambiente y flexibilidad horaria\"}]},{\"@type\":\"WebSite\",\"@id\":\"https:\/\/crecerencarrera.com\/#website\",\"url\":\"https:\/\/crecerencarrera.com\/\",\"name\":\"Crecer en Carrera\",\"description\":\"\",\"publisher\":{\"@id\":\"https:\/\/crecerencarrera.com\/#organization\"},\"potentialAction\":[{\"@type\":\"SearchAction\",\"target\":{\"@type\":\"EntryPoint\",\"urlTemplate\":\"https:\/\/crecerencarrera.com\/?s={search_term_string}\"},\"query-input\":\"required name=search_term_string\"}],\"inLanguage\":\"fr-FR\"},{\"@type\":\"Organization\",\"@id\":\"https:\/\/crecerencarrera.com\/#organization\",\"name\":\"Crecer en Carrera\",\"url\":\"https:\/\/crecerencarrera.com\/\",\"logo\":{\"@type\":\"ImageObject\",\"inLanguage\":\"fr-FR\",\"@id\":\"https:\/\/crecerencarrera.com\/#\/schema\/logo\/image\/\",\"url\":\"https:\/\/crecerencarrera.com\/wp-content\/uploads\/sites\/604\/2025\/10\/logo-Crecer-en-carrera.svg\",\"contentUrl\":\"https:\/\/crecerencarrera.com\/wp-content\/uploads\/sites\/604\/2025\/10\/logo-Crecer-en-carrera.svg\",\"caption\":\"Crecer en Carrera\"},\"image\":{\"@id\":\"https:\/\/crecerencarrera.com\/#\/schema\/logo\/image\/\"}},{\"@type\":\"Person\",\"@id\":\"https:\/\/crecerencarrera.com\/#\/schema\/person\/d52888235fd6563bd07d97185d6a61e4\",\"name\":\"Bruno Gianni\",\"image\":{\"@type\":\"ImageObject\",\"inLanguage\":\"fr-FR\",\"@id\":\"https:\/\/crecerencarrera.com\/#\/schema\/person\/image\/\",\"url\":\"https:\/\/secure.gravatar.com\/avatar\/0f5d42d7bf77874643c1478932860e3f?s=96&d=mm&r=g\",\"contentUrl\":\"https:\/\/secure.gravatar.com\/avatar\/0f5d42d7bf77874643c1478932860e3f?s=96&d=mm&r=g\",\"caption\":\"Bruno Gianni\"},\"description\":\"Bruno writes the way he lives, with curiosity, care, and respect for people. He likes to observe, listen, and try to understand what is happening on the other side before putting any words on the page.For him, writing is not about impressing, but about getting closer. It is about turning thoughts into something simple, clear, and real. Every text is an ongoing conversation, created with care and honesty, with the sincere intention of touching someone, somewhere along the way.\",\"url\":\"https:\/\/crecerencarrera.com\/fr\/author\/bcgianni\/\"}]}<\/script>\n<!-- \/ Yoast SEO plugin. -->","yoast_head_json":{"title":"Cortador\/a de Madera \u2013 Oferta con buen ambiente y flexibilidad horaria - Crecer en Carrera","robots":{"index":"index","follow":"follow","max-snippet":"max-snippet:-1","max-image-preview":"max-image-preview:large","max-video-preview":"max-video-preview:-1"},"canonical":"https:\/\/crecerencarrera.com\/fr\/255c9c14-55e7-4255-9dd6-3cd5a214af3a\/","og_locale":"fr_FR","og_type":"article","og_title":"Cortador\/a de Madera \u2013 Oferta con buen ambiente y flexibilidad horaria - Crecer en Carrera","og_description":"Oferta como cortador\/a de madera con condiciones flexibles y buen ambiente. Sin experiencia previa, formaci\u00f3n incluida y oportunidad de crecimiento en un sector estable. \u00a1Descubre los detalles!","og_url":"https:\/\/crecerencarrera.com\/fr\/255c9c14-55e7-4255-9dd6-3cd5a214af3a\/","og_site_name":"Crecer en Carrera","article_published_time":"2026-03-09T10:38:00+00:00","article_modified_time":"2026-03-09T10:38:43+00:00","author":"Bruno Gianni","twitter_card":"summary_large_image","twitter_misc":{"Written by":"Bruno Gianni","Est. reading time":"3 minutes"},"schema":{"@context":"https:\/\/schema.org","@graph":[{"@type":"Article","@id":"https:\/\/crecerencarrera.com\/255c9c14-55e7-4255-9dd6-3cd5a214af3a\/#article","isPartOf":{"@id":"https:\/\/crecerencarrera.com\/255c9c14-55e7-4255-9dd6-3cd5a214af3a\/"},"author":{"name":"Bruno Gianni","@id":"https:\/\/crecerencarrera.com\/#\/schema\/person\/d52888235fd6563bd07d97185d6a61e4"},"headline":"Cortador\/a de Madera \u2013 Oferta con buen ambiente y flexibilidad horaria","datePublished":"2026-03-09T10:38:00+00:00","dateModified":"2026-03-09T10:38:43+00:00","mainEntityOfPage":{"@id":"https:\/\/crecerencarrera.com\/255c9c14-55e7-4255-9dd6-3cd5a214af3a\/"},"wordCount":532,"commentCount":0,"publisher":{"@id":"https:\/\/crecerencarrera.com\/#organization"},"articleSection":["Hidden"],"inLanguage":"fr-FR","potentialAction":[{"@type":"CommentAction","name":"Comment","target":["https:\/\/crecerencarrera.com\/255c9c14-55e7-4255-9dd6-3cd5a214af3a\/#respond"]}]},{"@type":"WebPage","@id":"https:\/\/crecerencarrera.com\/255c9c14-55e7-4255-9dd6-3cd5a214af3a\/","url":"https:\/\/crecerencarrera.com\/255c9c14-55e7-4255-9dd6-3cd5a214af3a\/","name":"Cortador\/a de Madera \u2013 Oferta con buen ambiente y flexibilidad horaria - Crecer en Carrera","isPartOf":{"@id":"https:\/\/crecerencarrera.com\/#website"},"datePublished":"2026-03-09T10:38:00+00:00","dateModified":"2026-03-09T10:38:43+00:00","breadcrumb":{"@id":"https:\/\/crecerencarrera.com\/255c9c14-55e7-4255-9dd6-3cd5a214af3a\/#breadcrumb"},"inLanguage":"fr-FR","potentialAction":[{"@type":"ReadAction","target":["https:\/\/crecerencarrera.com\/255c9c14-55e7-4255-9dd6-3cd5a214af3a\/"]}]},{"@type":"BreadcrumbList","@id":"https:\/\/crecerencarrera.com\/255c9c14-55e7-4255-9dd6-3cd5a214af3a\/#breadcrumb","itemListElement":[{"@type":"ListItem","position":1,"name":"Home","item":"https:\/\/crecerencarrera.com\/"},{"@type":"ListItem","position":2,"name":"Cortador\/a de Madera \u2013 Oferta con buen ambiente y flexibilidad horaria"}]},{"@type":"WebSite","@id":"https:\/\/crecerencarrera.com\/#website","url":"https:\/\/crecerencarrera.com\/","name":"Crecer en Carrera","description":"","publisher":{"@id":"https:\/\/crecerencarrera.com\/#organization"},"potentialAction":[{"@type":"SearchAction","target":{"@type":"EntryPoint","urlTemplate":"https:\/\/crecerencarrera.com\/?s={search_term_string}"},"query-input":"required name=search_term_string"}],"inLanguage":"fr-FR"},{"@type":"Organization","@id":"https:\/\/crecerencarrera.com\/#organization","name":"Crecer en Carrera","url":"https:\/\/crecerencarrera.com\/","logo":{"@type":"ImageObject","inLanguage":"fr-FR","@id":"https:\/\/crecerencarrera.com\/#\/schema\/logo\/image\/","url":"https:\/\/crecerencarrera.com\/wp-content\/uploads\/sites\/604\/2025\/10\/logo-Crecer-en-carrera.svg","contentUrl":"https:\/\/crecerencarrera.com\/wp-content\/uploads\/sites\/604\/2025\/10\/logo-Crecer-en-carrera.svg","caption":"Crecer en Carrera"},"image":{"@id":"https:\/\/crecerencarrera.com\/#\/schema\/logo\/image\/"}},{"@type":"Person","@id":"https:\/\/crecerencarrera.com\/#\/schema\/person\/d52888235fd6563bd07d97185d6a61e4","name":"Bruno Gianni","image":{"@type":"ImageObject","inLanguage":"fr-FR","@id":"https:\/\/crecerencarrera.com\/#\/schema\/person\/image\/","url":"https:\/\/secure.gravatar.com\/avatar\/0f5d42d7bf77874643c1478932860e3f?s=96&d=mm&r=g","contentUrl":"https:\/\/secure.gravatar.com\/avatar\/0f5d42d7bf77874643c1478932860e3f?s=96&d=mm&r=g","caption":"Bruno Gianni"},"description":"Bruno writes the way he lives, with curiosity, care, and respect for people. He likes to observe, listen, and try to understand what is happening on the other side before putting any words on the page.For him, writing is not about impressing, but about getting closer. It is about turning thoughts into something simple, clear, and real. Every text is an ongoing conversation, created with care and honesty, with the sincere intention of touching someone, somewhere along the way.","url":"https:\/\/crecerencarrera.com\/fr\/author\/bcgianni\/"}]}},"uagb_featured_image_src":{"full":false,"thumbnail":false,"medium":false,"medium_large":false,"large":false,"1536x1536":false,"2048x2048":false,"trp-custom-language-flag":false},"uagb_author_info":{"display_name":"Bruno Gianni","author_link":"https:\/\/crecerencarrera.com\/fr\/author\/bcgianni\/"},"uagb_comment_info":0,"uagb_excerpt":"Oferta como cortador\/a de madera con condiciones flexibles y buen ambiente. Sin experiencia previa, formaci\u00f3n incluida y oportunidad de crecimiento en un sector estable. \u00a1Descubre los detalles!","_links":{"self":[{"href":"https:\/\/crecerencarrera.com\/fr\/wp-json\/wp\/v2\/posts\/7234"}],"collection":[{"href":"https:\/\/crecerencarrera.com\/fr\/wp-json\/wp\/v2\/posts"}],"about":[{"href":"https:\/\/crecerencarrera.com\/fr\/wp-json\/wp\/v2\/types\/post"}],"author":[{"embeddable":true,"href":"https:\/\/crecerencarrera.com\/fr\/wp-json\/wp\/v2\/users\/3"}],"replies":[{"embeddable":true,"href":"https:\/\/crecerencarrera.com\/fr\/wp-json\/wp\/v2\/comments?post=7234"}],"version-history":[{"count":1,"href":"https:\/\/crecerencarrera.com\/fr\/wp-json\/wp\/v2\/posts\/7234\/revisions"}],"predecessor-version":[{"id":7239,"href":"https:\/\/crecerencarrera.com\/fr\/wp-json\/wp\/v2\/posts\/7234\/revisions\/7239"}],"wp:attachment":[{"href":"https:\/\/crecerencarrera.com\/fr\/wp-json\/wp\/v2\/media?parent=7234"}],"wp:term":[{"taxonomy":"category","embeddable":true,"href":"https:\/\/crecerencarrera.com\/fr\/wp-json\/wp\/v2\/categories?post=7234"},{"taxonomy":"post_tag","embeddable":true,"href":"https:\/\/crecerencarrera.com\/fr\/wp-json\/wp\/v2\/tags?post=7234"}],"curies":[{"name":"wp","href":"https:\/\/api.w.org\/{rel}","templated":true}]}}