{"id":7244,"date":"2026-03-09T14:36:00","date_gmt":"2026-03-09T14:36:00","guid":{"rendered":"https:\/\/crecerencarrera.com\/a1032506-de55-46ac-a420-69b9fe8206be\/"},"modified":"2026-03-09T14:36:17","modified_gmt":"2026-03-09T14:36:17","slug":"a1032506-de55-46ac-a420-69b9fe8206be","status":"publish","type":"post","link":"https:\/\/crecerencarrera.com\/fr\/a1032506-de55-46ac-a420-69b9fe8206be\/","title":{"rendered":"Especialista en Marketing de Comercio Electr\u00f3nico y Redes Sociales \u2013 Creatividad y Desarrollo Integral"},"content":{"rendered":"<\/p>\n<\/p>\n<div style=\"background: #ffffff; border-radius: 12px; box-shadow: 0 10px 30px rgba(0, 0, 0, 0.1); width: 100%; max-width: 340px; padding: 25px; transition: transform 0.3s ease-in-out; overflow: visible; display: flex; flex-direction: column; position: relative; border: 1px solid #28a745; margin-top: 70px; margin-bottom: 50px; margin-left: auto; margin-right: auto;\">\n<div style=\"position: absolute; top: -35px; right: 15px; color: #28a745; padding: 5px 10px; border-radius: 6px; font-size: 14px; font-weight: bold; display: flex; align-items: center; z-index: 10;\">Recommand\u00e9 pour toi<\/div>\n<div data-namespace-header=\"\" style=\"\">\n<h3 data-namespace-title=\"\" style=\"color: #333; font-size: 20px; font-weight: bold; text-align: left; margin-right: 50px; min-height: 50px; margin-top: 0px;\">Especialista en Marketing de Comercio Electr\u00f3nico y Redes Sociales<\/h3>\n<\/p><\/div>\n<p data-namespace-prompt=\"\" style=\"font-size: 16px; color: #666; margin-bottom: 20px; line-height: 1.5; flex-grow: 1; text-align: left; margin-top: 0px;\">Desarrolla estrategias online integrales, gestiona campa\u00f1as en redes y contenido visual, y potencia la presencia digital. Creatividad, an\u00e1lisis y crecimiento asegurados.<\/p>\n<p>    <a data-namespace-url=\"\" href=\"https:\/\/crecerencarrera.com\/fr\/redirect\/?https:\/\/es.whatjobs.com\/publicidad-online-jobs?id=300204688&#038;utm_campaign=google_jobs_apply&#038;utm_source=google_jobs_apply&#038;utm_medium=organic\" style=\"width: 100%; display: inline-block; color: white; text-decoration: none; border-radius: 6px; font-size: 16px; font-weight: bold; text-align: center; transition: transform 0.3s ease, background 0.3s ease; margin-top: auto;\" data-namespace-id=\"5c0d2565-3ba9-4280-a382-ad2a691e2285\"><br \/>\n        <button style=\"width: 100%; height: 55px; background: #e9e9ed; border: 1px solid black; color: black;\">Apuntarse al empleo<\/button><br \/>\n    <\/a><br \/>\n    <small style=\"margin-top: 10px; color: #777; font-size: 12px; text-align: center; display: block;\">Ser\u00e1s redirigido a otra web<\/small>\n<\/div>\n<p>Si buscas un reto creativo y disfrutas del entorno digital, este puesto de Especialista en Marketing de Comercio Electr\u00f3nico y Redes Sociales puede interesarte. Se trata de un empleo de jornada completa orientado a profesionales con perfil anal\u00edtico y creativo que quieren afianzar la presencia digital de una empresa l\u00edder en moda y accesorios.<\/p>\n<p>En el d\u00eda a d\u00eda, tendr\u00e1s la responsabilidad de dise\u00f1ar e implementar estrategias de marketing digital, potenciar redes sociales, crear contenido atractivo y gestionar campa\u00f1as de publicidad pagada. Adem\u00e1s, deber\u00e1s optimizar el SEO, analizar datos y mejorar la experiencia del usuario en la tienda online mediante herramientas avanzadas.<\/p>\n<h3>Responsabilidades clave<\/h3>\n<p>El rol implica gestionar perfiles en redes como Instagram, Facebook y TikTok, as\u00ed como crear campa\u00f1as que incrementen tr\u00e1fico y ventas. Tambi\u00e9n tendr\u00e1s que colaborar en el an\u00e1lisis de resultados, proponer mejoras y construir campa\u00f1as de email marketing segmentadas y efectivas.<\/p>\n<h3>Ventajas del empleo<\/h3>\n<p>Destacan la oportunidad de crecimiento profesional y el aprendizaje constante vinculado a las \u00faltimas tendencias digitales. Es un trabajo ideal para quienes disfrutan de la autonom\u00eda y buscan entornos colaborativos y din\u00e1micos.<\/p>\n<p>Otro punto positivo es la posibilidad de combinar creatividad, an\u00e1lisis y tecnolog\u00eda, potenciando tu perfil profesional y ampliando tus capacidades en marketing digital aplicado al e-commerce.<\/p>\n<h3>Aspects \u00e0 am\u00e9liorer<\/h3>\n<p>Dado el ritmo r\u00e1pido de los lanzamientos digitales, puede que debas gestionar picos de estr\u00e9s y adaptarte a la evoluci\u00f3n constante del mercado. Esto implica proactividad y resiliencia.<\/p>\n<p>Adem\u00e1s, se espera experiencia previa relevante, por lo que no est\u00e1 enfocado a perfiles junior. La exigencia en resultados tambi\u00e9n es alta.<\/p>\n<h3>Veredicto<\/h3>\n<p>Esta oferta es ideal si te apasiona el marketing digital y buscas un entorno innovador y de constante evoluci\u00f3n. Ofrece una carrera con crecimiento profesional real en un equipo din\u00e1mico y orientado a resultados. Si cumples los requisitos y buscas dar el salto en tu carrera digital, esta posici\u00f3n es una opci\u00f3n a considerar seriamente.<\/p>\n<div style=\"background: #ffffff; border-radius: 12px; box-shadow: 0 10px 30px rgba(0, 0, 0, 0.1); width: 100%; max-width: 340px; padding: 25px; transition: transform 0.3s ease-in-out; overflow: visible; display: flex; flex-direction: column; position: relative; border: 1px solid #28a745; margin-top: 70px; margin-bottom: 50px; margin-left: auto; margin-right: auto;\">\n<div style=\"position: absolute; top: -35px; right: 15px; color: #28a745; padding: 5px 10px; border-radius: 6px; font-size: 14px; font-weight: bold; display: flex; align-items: center; z-index: 10;\">Recommand\u00e9 pour toi<\/div>\n<div data-namespace-header=\"\" style=\"\">\n<h3 data-namespace-title=\"\" style=\"color: #333; font-size: 20px; font-weight: bold; text-align: left; margin-right: 50px; min-height: 50px; margin-top: 0px;\">Especialista en Marketing de Comercio Electr\u00f3nico y Redes Sociales<\/h3>\n<\/p><\/div>\n<p data-namespace-prompt=\"\" style=\"font-size: 16px; color: #666; margin-bottom: 20px; line-height: 1.5; flex-grow: 1; text-align: left; margin-top: 0px;\">Desarrolla estrategias online integrales, gestiona campa\u00f1as en redes y contenido visual, y potencia la presencia digital. Creatividad, an\u00e1lisis y crecimiento asegurados.<\/p>\n<p>    <a data-namespace-url=\"\" href=\"https:\/\/crecerencarrera.com\/fr\/redirect\/?https:\/\/es.whatjobs.com\/publicidad-online-jobs?id=300204688&#038;utm_campaign=google_jobs_apply&#038;utm_source=google_jobs_apply&#038;utm_medium=organic\" style=\"width: 100%; display: inline-block; color: white; text-decoration: none; border-radius: 6px; font-size: 16px; font-weight: bold; text-align: center; transition: transform 0.3s ease, background 0.3s ease; margin-top: auto;\" data-namespace-id=\"5c0d2565-3ba9-4280-a382-ad2a691e2285\"><br \/>\n        <button style=\"width: 100%; height: 55px; background: #e9e9ed; border: 1px solid black; color: black;\">Apuntarse al empleo<\/button><br \/>\n    <\/a><br \/>\n    <small style=\"margin-top: 10px; color: #777; font-size: 12px; text-align: center; display: block;\">Ser\u00e1s redirigido a otra web<\/small>\n<\/div>","protected":false},"excerpt":{"rendered":"<p>Impulsa tu carrera como Especialista en Marketing de Comercio Electr\u00f3nico y Redes Sociales. Participa en campa\u00f1as creativas, gesti\u00f3n digital y an\u00e1lisis de datos. \u00a1Un reto profesional con futuro!<\/p>","protected":false},"author":3,"featured_media":0,"comment_status":"open","ping_status":"open","sticky":false,"template":"","format":"standard","meta":{"_uag_custom_page_level_css":"","site-sidebar-layout":"default","site-content-layout":"","ast-site-content-layout":"","site-content-style":"default","site-sidebar-style":"default","ast-global-header-display":"","ast-banner-title-visibility":"","ast-main-header-display":"","ast-hfb-above-header-display":"","ast-hfb-below-header-display":"","ast-hfb-mobile-header-display":"","site-post-title":"","ast-breadcrumbs-content":"","ast-featured-img":"","footer-sml-layout":"","theme-transparent-header-meta":"","adv-header-id-meta":"","stick-header-meta":"","header-above-stick-meta":"","header-main-stick-meta":"","header-below-stick-meta":"","astra-migrate-meta-layouts":"default","ast-page-background-enabled":"default","ast-page-background-meta":{"desktop":{"background-color":"var(--ast-global-color-4)","background-image":"","background-repeat":"repeat","background-position":"center center","background-size":"auto","background-attachment":"scroll","background-type":"","background-media":"","overlay-type":"","overlay-color":"","overlay-opacity":"","overlay-gradient":""},"tablet":{"background-color":"","background-image":"","background-repeat":"repeat","background-position":"center center","background-size":"auto","background-attachment":"scroll","background-type":"","background-media":"","overlay-type":"","overlay-color":"","overlay-opacity":"","overlay-gradient":""},"mobile":{"background-color":"","background-image":"","background-repeat":"repeat","background-position":"center center","background-size":"auto","background-attachment":"scroll","background-type":"","background-media":"","overlay-type":"","overlay-color":"","overlay-opacity":"","overlay-gradient":""}},"ast-content-background-meta":{"desktop":{"background-color":"var(--ast-global-color-5)","background-image":"","background-repeat":"repeat","background-position":"center center","background-size":"auto","background-attachment":"scroll","background-type":"","background-media":"","overlay-type":"","overlay-color":"","overlay-opacity":"","overlay-gradient":""},"tablet":{"background-color":"var(--ast-global-color-5)","background-image":"","background-repeat":"repeat","background-position":"center center","background-size":"auto","background-attachment":"scroll","background-type":"","background-media":"","overlay-type":"","overlay-color":"","overlay-opacity":"","overlay-gradient":""},"mobile":{"background-color":"var(--ast-global-color-5)","background-image":"","background-repeat":"repeat","background-position":"center center","background-size":"auto","background-attachment":"scroll","background-type":"","background-media":"","overlay-type":"","overlay-color":"","overlay-opacity":"","overlay-gradient":""}},"footnotes":""},"categories":[10],"tags":[],"yoast_head":"<!-- This site is optimized with the Yoast SEO plugin v23.3 - https:\/\/yoast.com\/wordpress\/plugins\/seo\/ -->\n<title>Especialista en Marketing de Comercio Electr\u00f3nico y Redes Sociales \u2013 Creatividad y Desarrollo Integral - Crecer en Carrera<\/title>\n<meta name=\"robots\" content=\"index, follow, max-snippet:-1, max-image-preview:large, max-video-preview:-1\" \/>\n<link rel=\"canonical\" href=\"https:\/\/crecerencarrera.com\/fr\/a1032506-de55-46ac-a420-69b9fe8206be\/\" \/>\n<meta property=\"og:locale\" content=\"fr_FR\" \/>\n<meta property=\"og:type\" content=\"article\" \/>\n<meta property=\"og:title\" content=\"Especialista en Marketing de Comercio Electr\u00f3nico y Redes Sociales \u2013 Creatividad y Desarrollo Integral - Crecer en Carrera\" \/>\n<meta property=\"og:description\" content=\"Impulsa tu carrera como Especialista en Marketing de Comercio Electr\u00f3nico y Redes Sociales. Participa en campa\u00f1as creativas, gesti\u00f3n digital y an\u00e1lisis de datos. \u00a1Un reto profesional con futuro!\" \/>\n<meta property=\"og:url\" content=\"https:\/\/crecerencarrera.com\/fr\/a1032506-de55-46ac-a420-69b9fe8206be\/\" \/>\n<meta property=\"og:site_name\" content=\"Crecer en Carrera\" \/>\n<meta property=\"article:published_time\" content=\"2026-03-09T14:36:00+00:00\" \/>\n<meta property=\"article:modified_time\" content=\"2026-03-09T14:36:17+00:00\" \/>\n<meta name=\"author\" content=\"Bruno Gianni\" \/>\n<meta name=\"twitter:card\" content=\"summary_large_image\" \/>\n<meta name=\"twitter:label1\" content=\"Written by\" \/>\n\t<meta name=\"twitter:data1\" content=\"Bruno Gianni\" \/>\n\t<meta name=\"twitter:label2\" content=\"Est. reading time\" \/>\n\t<meta name=\"twitter:data2\" content=\"2 minutes\" \/>\n<script type=\"application\/ld+json\" class=\"yoast-schema-graph\">{\"@context\":\"https:\/\/schema.org\",\"@graph\":[{\"@type\":\"Article\",\"@id\":\"https:\/\/crecerencarrera.com\/a1032506-de55-46ac-a420-69b9fe8206be\/#article\",\"isPartOf\":{\"@id\":\"https:\/\/crecerencarrera.com\/a1032506-de55-46ac-a420-69b9fe8206be\/\"},\"author\":{\"name\":\"Bruno Gianni\",\"@id\":\"https:\/\/crecerencarrera.com\/#\/schema\/person\/d52888235fd6563bd07d97185d6a61e4\"},\"headline\":\"Especialista en Marketing de Comercio Electr\u00f3nico y Redes Sociales \u2013 Creatividad y Desarrollo Integral\",\"datePublished\":\"2026-03-09T14:36:00+00:00\",\"dateModified\":\"2026-03-09T14:36:17+00:00\",\"mainEntityOfPage\":{\"@id\":\"https:\/\/crecerencarrera.com\/a1032506-de55-46ac-a420-69b9fe8206be\/\"},\"wordCount\":448,\"commentCount\":0,\"publisher\":{\"@id\":\"https:\/\/crecerencarrera.com\/#organization\"},\"articleSection\":[\"Hidden\"],\"inLanguage\":\"fr-FR\",\"potentialAction\":[{\"@type\":\"CommentAction\",\"name\":\"Comment\",\"target\":[\"https:\/\/crecerencarrera.com\/a1032506-de55-46ac-a420-69b9fe8206be\/#respond\"]}]},{\"@type\":\"WebPage\",\"@id\":\"https:\/\/crecerencarrera.com\/a1032506-de55-46ac-a420-69b9fe8206be\/\",\"url\":\"https:\/\/crecerencarrera.com\/a1032506-de55-46ac-a420-69b9fe8206be\/\",\"name\":\"Especialista en Marketing de Comercio Electr\u00f3nico y Redes Sociales \u2013 Creatividad y Desarrollo Integral - Crecer en Carrera\",\"isPartOf\":{\"@id\":\"https:\/\/crecerencarrera.com\/#website\"},\"datePublished\":\"2026-03-09T14:36:00+00:00\",\"dateModified\":\"2026-03-09T14:36:17+00:00\",\"breadcrumb\":{\"@id\":\"https:\/\/crecerencarrera.com\/a1032506-de55-46ac-a420-69b9fe8206be\/#breadcrumb\"},\"inLanguage\":\"fr-FR\",\"potentialAction\":[{\"@type\":\"ReadAction\",\"target\":[\"https:\/\/crecerencarrera.com\/a1032506-de55-46ac-a420-69b9fe8206be\/\"]}]},{\"@type\":\"BreadcrumbList\",\"@id\":\"https:\/\/crecerencarrera.com\/a1032506-de55-46ac-a420-69b9fe8206be\/#breadcrumb\",\"itemListElement\":[{\"@type\":\"ListItem\",\"position\":1,\"name\":\"Home\",\"item\":\"https:\/\/crecerencarrera.com\/\"},{\"@type\":\"ListItem\",\"position\":2,\"name\":\"Especialista en Marketing de Comercio Electr\u00f3nico y Redes Sociales \u2013 Creatividad y Desarrollo Integral\"}]},{\"@type\":\"WebSite\",\"@id\":\"https:\/\/crecerencarrera.com\/#website\",\"url\":\"https:\/\/crecerencarrera.com\/\",\"name\":\"Crecer en Carrera\",\"description\":\"\",\"publisher\":{\"@id\":\"https:\/\/crecerencarrera.com\/#organization\"},\"potentialAction\":[{\"@type\":\"SearchAction\",\"target\":{\"@type\":\"EntryPoint\",\"urlTemplate\":\"https:\/\/crecerencarrera.com\/?s={search_term_string}\"},\"query-input\":\"required name=search_term_string\"}],\"inLanguage\":\"fr-FR\"},{\"@type\":\"Organization\",\"@id\":\"https:\/\/crecerencarrera.com\/#organization\",\"name\":\"Crecer en Carrera\",\"url\":\"https:\/\/crecerencarrera.com\/\",\"logo\":{\"@type\":\"ImageObject\",\"inLanguage\":\"fr-FR\",\"@id\":\"https:\/\/crecerencarrera.com\/#\/schema\/logo\/image\/\",\"url\":\"https:\/\/crecerencarrera.com\/wp-content\/uploads\/sites\/604\/2025\/10\/logo-Crecer-en-carrera.svg\",\"contentUrl\":\"https:\/\/crecerencarrera.com\/wp-content\/uploads\/sites\/604\/2025\/10\/logo-Crecer-en-carrera.svg\",\"caption\":\"Crecer en Carrera\"},\"image\":{\"@id\":\"https:\/\/crecerencarrera.com\/#\/schema\/logo\/image\/\"}},{\"@type\":\"Person\",\"@id\":\"https:\/\/crecerencarrera.com\/#\/schema\/person\/d52888235fd6563bd07d97185d6a61e4\",\"name\":\"Bruno Gianni\",\"image\":{\"@type\":\"ImageObject\",\"inLanguage\":\"fr-FR\",\"@id\":\"https:\/\/crecerencarrera.com\/#\/schema\/person\/image\/\",\"url\":\"https:\/\/secure.gravatar.com\/avatar\/0f5d42d7bf77874643c1478932860e3f?s=96&d=mm&r=g\",\"contentUrl\":\"https:\/\/secure.gravatar.com\/avatar\/0f5d42d7bf77874643c1478932860e3f?s=96&d=mm&r=g\",\"caption\":\"Bruno Gianni\"},\"description\":\"Bruno writes the way he lives, with curiosity, care, and respect for people. He likes to observe, listen, and try to understand what is happening on the other side before putting any words on the page.For him, writing is not about impressing, but about getting closer. It is about turning thoughts into something simple, clear, and real. Every text is an ongoing conversation, created with care and honesty, with the sincere intention of touching someone, somewhere along the way.\",\"url\":\"https:\/\/crecerencarrera.com\/fr\/author\/bcgianni\/\"}]}<\/script>\n<!-- \/ Yoast SEO plugin. -->","yoast_head_json":{"title":"Especialista en Marketing de Comercio Electr\u00f3nico y Redes Sociales \u2013 Creatividad y Desarrollo Integral - Crecer en Carrera","robots":{"index":"index","follow":"follow","max-snippet":"max-snippet:-1","max-image-preview":"max-image-preview:large","max-video-preview":"max-video-preview:-1"},"canonical":"https:\/\/crecerencarrera.com\/fr\/a1032506-de55-46ac-a420-69b9fe8206be\/","og_locale":"fr_FR","og_type":"article","og_title":"Especialista en Marketing de Comercio Electr\u00f3nico y Redes Sociales \u2013 Creatividad y Desarrollo Integral - Crecer en Carrera","og_description":"Impulsa tu carrera como Especialista en Marketing de Comercio Electr\u00f3nico y Redes Sociales. Participa en campa\u00f1as creativas, gesti\u00f3n digital y an\u00e1lisis de datos. \u00a1Un reto profesional con futuro!","og_url":"https:\/\/crecerencarrera.com\/fr\/a1032506-de55-46ac-a420-69b9fe8206be\/","og_site_name":"Crecer en Carrera","article_published_time":"2026-03-09T14:36:00+00:00","article_modified_time":"2026-03-09T14:36:17+00:00","author":"Bruno Gianni","twitter_card":"summary_large_image","twitter_misc":{"Written by":"Bruno Gianni","Est. reading time":"2 minutes"},"schema":{"@context":"https:\/\/schema.org","@graph":[{"@type":"Article","@id":"https:\/\/crecerencarrera.com\/a1032506-de55-46ac-a420-69b9fe8206be\/#article","isPartOf":{"@id":"https:\/\/crecerencarrera.com\/a1032506-de55-46ac-a420-69b9fe8206be\/"},"author":{"name":"Bruno Gianni","@id":"https:\/\/crecerencarrera.com\/#\/schema\/person\/d52888235fd6563bd07d97185d6a61e4"},"headline":"Especialista en Marketing de Comercio Electr\u00f3nico y Redes Sociales \u2013 Creatividad y Desarrollo Integral","datePublished":"2026-03-09T14:36:00+00:00","dateModified":"2026-03-09T14:36:17+00:00","mainEntityOfPage":{"@id":"https:\/\/crecerencarrera.com\/a1032506-de55-46ac-a420-69b9fe8206be\/"},"wordCount":448,"commentCount":0,"publisher":{"@id":"https:\/\/crecerencarrera.com\/#organization"},"articleSection":["Hidden"],"inLanguage":"fr-FR","potentialAction":[{"@type":"CommentAction","name":"Comment","target":["https:\/\/crecerencarrera.com\/a1032506-de55-46ac-a420-69b9fe8206be\/#respond"]}]},{"@type":"WebPage","@id":"https:\/\/crecerencarrera.com\/a1032506-de55-46ac-a420-69b9fe8206be\/","url":"https:\/\/crecerencarrera.com\/a1032506-de55-46ac-a420-69b9fe8206be\/","name":"Especialista en Marketing de Comercio Electr\u00f3nico y Redes Sociales \u2013 Creatividad y Desarrollo Integral - Crecer en Carrera","isPartOf":{"@id":"https:\/\/crecerencarrera.com\/#website"},"datePublished":"2026-03-09T14:36:00+00:00","dateModified":"2026-03-09T14:36:17+00:00","breadcrumb":{"@id":"https:\/\/crecerencarrera.com\/a1032506-de55-46ac-a420-69b9fe8206be\/#breadcrumb"},"inLanguage":"fr-FR","potentialAction":[{"@type":"ReadAction","target":["https:\/\/crecerencarrera.com\/a1032506-de55-46ac-a420-69b9fe8206be\/"]}]},{"@type":"BreadcrumbList","@id":"https:\/\/crecerencarrera.com\/a1032506-de55-46ac-a420-69b9fe8206be\/#breadcrumb","itemListElement":[{"@type":"ListItem","position":1,"name":"Home","item":"https:\/\/crecerencarrera.com\/"},{"@type":"ListItem","position":2,"name":"Especialista en Marketing de Comercio Electr\u00f3nico y Redes Sociales \u2013 Creatividad y Desarrollo Integral"}]},{"@type":"WebSite","@id":"https:\/\/crecerencarrera.com\/#website","url":"https:\/\/crecerencarrera.com\/","name":"Crecer en Carrera","description":"","publisher":{"@id":"https:\/\/crecerencarrera.com\/#organization"},"potentialAction":[{"@type":"SearchAction","target":{"@type":"EntryPoint","urlTemplate":"https:\/\/crecerencarrera.com\/?s={search_term_string}"},"query-input":"required name=search_term_string"}],"inLanguage":"fr-FR"},{"@type":"Organization","@id":"https:\/\/crecerencarrera.com\/#organization","name":"Crecer en Carrera","url":"https:\/\/crecerencarrera.com\/","logo":{"@type":"ImageObject","inLanguage":"fr-FR","@id":"https:\/\/crecerencarrera.com\/#\/schema\/logo\/image\/","url":"https:\/\/crecerencarrera.com\/wp-content\/uploads\/sites\/604\/2025\/10\/logo-Crecer-en-carrera.svg","contentUrl":"https:\/\/crecerencarrera.com\/wp-content\/uploads\/sites\/604\/2025\/10\/logo-Crecer-en-carrera.svg","caption":"Crecer en Carrera"},"image":{"@id":"https:\/\/crecerencarrera.com\/#\/schema\/logo\/image\/"}},{"@type":"Person","@id":"https:\/\/crecerencarrera.com\/#\/schema\/person\/d52888235fd6563bd07d97185d6a61e4","name":"Bruno Gianni","image":{"@type":"ImageObject","inLanguage":"fr-FR","@id":"https:\/\/crecerencarrera.com\/#\/schema\/person\/image\/","url":"https:\/\/secure.gravatar.com\/avatar\/0f5d42d7bf77874643c1478932860e3f?s=96&d=mm&r=g","contentUrl":"https:\/\/secure.gravatar.com\/avatar\/0f5d42d7bf77874643c1478932860e3f?s=96&d=mm&r=g","caption":"Bruno Gianni"},"description":"Bruno writes the way he lives, with curiosity, care, and respect for people. He likes to observe, listen, and try to understand what is happening on the other side before putting any words on the page.For him, writing is not about impressing, but about getting closer. It is about turning thoughts into something simple, clear, and real. Every text is an ongoing conversation, created with care and honesty, with the sincere intention of touching someone, somewhere along the way.","url":"https:\/\/crecerencarrera.com\/fr\/author\/bcgianni\/"}]}},"uagb_featured_image_src":{"full":false,"thumbnail":false,"medium":false,"medium_large":false,"large":false,"1536x1536":false,"2048x2048":false,"trp-custom-language-flag":false},"uagb_author_info":{"display_name":"Bruno Gianni","author_link":"https:\/\/crecerencarrera.com\/fr\/author\/bcgianni\/"},"uagb_comment_info":0,"uagb_excerpt":"Impulsa tu carrera como Especialista en Marketing de Comercio Electr\u00f3nico y Redes Sociales. Participa en campa\u00f1as creativas, gesti\u00f3n digital y an\u00e1lisis de datos. \u00a1Un reto profesional con futuro!","_links":{"self":[{"href":"https:\/\/crecerencarrera.com\/fr\/wp-json\/wp\/v2\/posts\/7244"}],"collection":[{"href":"https:\/\/crecerencarrera.com\/fr\/wp-json\/wp\/v2\/posts"}],"about":[{"href":"https:\/\/crecerencarrera.com\/fr\/wp-json\/wp\/v2\/types\/post"}],"author":[{"embeddable":true,"href":"https:\/\/crecerencarrera.com\/fr\/wp-json\/wp\/v2\/users\/3"}],"replies":[{"embeddable":true,"href":"https:\/\/crecerencarrera.com\/fr\/wp-json\/wp\/v2\/comments?post=7244"}],"version-history":[{"count":1,"href":"https:\/\/crecerencarrera.com\/fr\/wp-json\/wp\/v2\/posts\/7244\/revisions"}],"predecessor-version":[{"id":7246,"href":"https:\/\/crecerencarrera.com\/fr\/wp-json\/wp\/v2\/posts\/7244\/revisions\/7246"}],"wp:attachment":[{"href":"https:\/\/crecerencarrera.com\/fr\/wp-json\/wp\/v2\/media?parent=7244"}],"wp:term":[{"taxonomy":"category","embeddable":true,"href":"https:\/\/crecerencarrera.com\/fr\/wp-json\/wp\/v2\/categories?post=7244"},{"taxonomy":"post_tag","embeddable":true,"href":"https:\/\/crecerencarrera.com\/fr\/wp-json\/wp\/v2\/tags?post=7244"}],"curies":[{"name":"wp","href":"https:\/\/api.w.org\/{rel}","templated":true}]}}