{"id":7358,"date":"2026-03-10T10:12:00","date_gmt":"2026-03-10T10:12:00","guid":{"rendered":"https:\/\/crecerencarrera.com\/b07ede97-b92f-4353-ba43-d4522f10f9b6\/"},"modified":"2026-03-10T10:12:03","modified_gmt":"2026-03-10T10:12:03","slug":"b07ede97-b92f-4353-ba43-d4522f10f9b6","status":"publish","type":"post","link":"https:\/\/crecerencarrera.com\/fr\/b07ede97-b92f-4353-ba43-d4522f10f9b6\/","title":{"rendered":"Dependiente de Pasteler\u00eda y Cafeter\u00eda: Flexibilidad y buen ambiente laboral"},"content":{"rendered":"<\/p>\n<\/p>\n<div style=\"background: #ffffff; border-radius: 12px; box-shadow: 0 10px 30px rgba(0, 0, 0, 0.1); width: 100%; max-width: 340px; padding: 25px; transition: transform 0.3s ease-in-out; overflow: visible; display: flex; flex-direction: column; position: relative; border: 1px solid #28a745; margin-top: 70px; margin-bottom: 50px; margin-left: auto; margin-right: auto;\">\n<div style=\"position: absolute; top: -35px; right: 15px; color: #28a745; padding: 5px 10px; border-radius: 6px; font-size: 14px; font-weight: bold; display: flex; align-items: center; z-index: 10;\">Recommand\u00e9 pour toi<\/div>\n<div data-namespace-header=\"\" style=\"\">\n<h3 data-namespace-title=\"\" style=\"color: #333; font-size: 20px; font-weight: bold; text-align: left; margin-right: 50px; min-height: 50px; margin-top: 0px;\">Dependiente\/a Pasteler\u00eda<\/h3>\n<\/p><\/div>\n<p data-namespace-prompt=\"\" style=\"font-size: 16px; color: #666; margin-bottom: 20px; line-height: 1.5; flex-grow: 1; text-align: left; margin-top: 0px;\">Atiende clientes, sirve productos de pasteler\u00eda y cafeter\u00eda y colabora activamente en el mantenimiento del local. Turnos flexibles, ambiente cercano y formaci\u00f3n incluida.<\/p>\n<p>    <a data-namespace-url=\"\" href=\"https:\/\/crecerencarrera.com\/fr\/redirect\/?https:\/\/jobtoday.com\/es\/trabajo\/dependiente-de-pasteleria-y-cafeteria-aga9Dn?utm_campaign=google_jobs_apply&#038;utm_source=google_jobs_apply&#038;utm_medium=organic\" style=\"width: 100%; display: inline-block; color: white; text-decoration: none; border-radius: 6px; font-size: 16px; font-weight: bold; text-align: center; transition: transform 0.3s ease, background 0.3s ease; margin-top: auto;\" data-namespace-id=\"5c0d2565-3ba9-4280-a382-ad2a691e2285\"><br \/>\n        <button style=\"width: 100%; height: 55px; background: #e9e9ed; border: 1px solid black; color: black;\">Apuntarse a la oferta<\/button><br \/>\n    <\/a><br \/>\n    <small style=\"margin-top: 10px; color: #777; font-size: 12px; text-align: center; display: block;\">Ser\u00e1s redirigido a otra web<\/small>\n<\/div>\n<p>La oferta para Dependiente\/a de Pasteler\u00eda y Cafeter\u00eda destaca por su flexibilidad horaria y la oportunidad de trabajar en un ambiente distendido. El puesto es de tipo temporal o indefinido seg\u00fan la disponibilidad y las necesidades de la empresa. El salario es competitivo y muchas veces se complementa con incentivos seg\u00fan val\u00eda y desempe\u00f1o.<\/p>\n<p>El trabajo principal consiste en la atenci\u00f3n al cliente, preparaci\u00f3n y servicio de productos como pasteles, boller\u00eda y bebidas, as\u00ed como el cobro en caja. Adem\u00e1s, colaborar en la limpieza y organizaci\u00f3n del local forma parte de las obligaciones diarias.<\/p>\n<p>Se valoran especialmente las habilidades sociales, predisposici\u00f3n para el trabajo en equipo y buena actitud con los clientes. No siempre se requiere experiencia previa, ya que la empresa suele ofrecer formaci\u00f3n inicial.<\/p>\n<h2>Responsabilit\u00e9s et t\u00e2ches quotidiennes<\/h2>\n<p>En este trabajo, la prioridad es ofrecer una excelente atenci\u00f3n al cliente, sirviendo productos de manera profesional y cordial.<\/p>\n<p>Tambi\u00e9n deber\u00e1s reponer vitrinas, preparar bebidas calientes y mantener la zona de trabajo limpia en todo momento.<\/p>\n<p>La gesti\u00f3n de cobros y manejo de caja requiere puntualidad y honestidad, aspectos fundamentales en este tipo de puesto.<\/p>\n<p>A veces surge la necesidad de ayudar con la recepci\u00f3n de pedidos y la correcta conservaci\u00f3n de los alimentos.<\/p>\n<p>Adem\u00e1s, la colaboraci\u00f3n entre compa\u00f1eros se valora mucho, asegurando un entorno laboral agradable y eficiente.<\/p>\n<h2>Ventajas de trabajar en pasteler\u00eda y cafeter\u00eda<\/h2>\n<p>Una de las grandes ventajas es el trato directo con clientes, lo que puede ser enriquecedor y motivador para quienes disfrutan del contacto humano.<\/p>\n<p>La formaci\u00f3n incluida permite a personas sin experiencia comenzar una carrera en hosteler\u00eda de forma sencilla y pr\u00e1ctica.<\/p>\n<p>El ambiente suele ser cercano y colaborativo, favoreciendo que el trabajo diario resulte m\u00e1s ameno.<\/p>\n<p>Turnos flexibles facilitan compaginar el empleo con estudios u otras responsabilidades personales.<\/p>\n<p>Frecuentemente existen oportunidades de promoci\u00f3n interna para empleados que destacan por su implicaci\u00f3n y actitud.<\/p>\n<h2>Inconvenientes y desaf\u00edos<\/h2>\n<p>El ritmo puede ser muy din\u00e1mico en horas punta, por lo que la presi\u00f3n puede resultar elevada en determinados momentos.<\/p>\n<p>Trabajar de pie la mayor parte de la jornada puede ser agotador si no se est\u00e1 acostumbrado a este tipo de puestos.<\/p>\n<p>La limpieza y mantenimiento continuo de las instalaciones requiere disciplina y constancia diaria.<\/p>\n<p>El salario puede ser ajustado para quienes buscan ingresos elevados, aunque los incentivos lo pueden complementar.<\/p>\n<p>En ocasiones, el trato al p\u00fablico puede presentar situaciones complicadas que requieren buena gesti\u00f3n emocional.<\/p>\n<h2>Tabla informativa sobre el puesto<\/h2>\n<table>\n<tr>\n<th>Aspecto<\/th>\n<th>D\u00e9tail<\/th>\n<\/tr>\n<tr>\n<td>Salario<\/td>\n<td>Competitivo con incentivos<\/td>\n<\/tr>\n<tr>\n<td>Horario<\/td>\n<td>Flexible, turnos rotativos<\/td>\n<\/tr>\n<tr>\n<td>Experiencia<\/td>\n<td>No siempre requerida<\/td>\n<\/tr>\n<tr>\n<td>Formaci\u00f3n<\/td>\n<td>Incluida<\/td>\n<\/tr>\n<tr>\n<td>Oportunidades de promoci\u00f3n<\/td>\n<td>Altas para empleados comprometidos<\/td>\n<\/tr>\n<\/table>\n<h2>Resumen de puntos clave<\/h2>\n<ul>\n<li>Atenci\u00f3n directa al cliente<\/li>\n<li>Preparaci\u00f3n y venta de productos de pasteler\u00eda y cafeter\u00eda<\/li>\n<li>Horarios flexibles y ambiente cercano<\/li>\n<li>Formaci\u00f3n desde el inicio<\/li>\n<li>Posibilidad de crecimiento interno<\/li>\n<\/ul>\n<h2>Veredicto final<\/h2>\n<p>El puesto de dependiente de pasteler\u00eda y cafeter\u00eda es ideal para quienes buscan flexibilidad y contacto directo con clientes en un entorno agradable.<\/p>\n<p>Requiere implicaci\u00f3n, buena actitud y disposici\u00f3n para aprender, pero puede ser una excelente puerta de entrada al sector servicios.<\/p>\n<div style=\"background: #ffffff; border-radius: 12px; box-shadow: 0 10px 30px rgba(0, 0, 0, 0.1); width: 100%; max-width: 340px; padding: 25px; transition: transform 0.3s ease-in-out; overflow: visible; display: flex; flex-direction: column; position: relative; border: 1px solid #28a745; margin-top: 70px; margin-bottom: 50px; margin-left: auto; margin-right: auto;\">\n<div style=\"position: absolute; top: -35px; right: 15px; color: #28a745; padding: 5px 10px; border-radius: 6px; font-size: 14px; font-weight: bold; display: flex; align-items: center; z-index: 10;\">Recommand\u00e9 pour toi<\/div>\n<div data-namespace-header=\"\" style=\"\">\n<h3 data-namespace-title=\"\" style=\"color: #333; font-size: 20px; font-weight: bold; text-align: left; margin-right: 50px; min-height: 50px; margin-top: 0px;\">Dependiente\/a Pasteler\u00eda<\/h3>\n<\/p><\/div>\n<p data-namespace-prompt=\"\" style=\"font-size: 16px; color: #666; margin-bottom: 20px; line-height: 1.5; flex-grow: 1; text-align: left; margin-top: 0px;\">Atiende clientes, sirve productos de pasteler\u00eda y cafeter\u00eda y colabora activamente en el mantenimiento del local. Turnos flexibles, ambiente cercano y formaci\u00f3n incluida.<\/p>\n<p>    <a data-namespace-url=\"\" href=\"https:\/\/crecerencarrera.com\/fr\/redirect\/?https:\/\/jobtoday.com\/es\/trabajo\/dependiente-de-pasteleria-y-cafeteria-aga9Dn?utm_campaign=google_jobs_apply&#038;utm_source=google_jobs_apply&#038;utm_medium=organic\" style=\"width: 100%; display: inline-block; color: white; text-decoration: none; border-radius: 6px; font-size: 16px; font-weight: bold; text-align: center; transition: transform 0.3s ease, background 0.3s ease; margin-top: auto;\" data-namespace-id=\"5c0d2565-3ba9-4280-a382-ad2a691e2285\"><br \/>\n        <button style=\"width: 100%; height: 55px; background: #e9e9ed; border: 1px solid black; color: black;\">Apuntarse a la oferta<\/button><br \/>\n    <\/a><br \/>\n    <small style=\"margin-top: 10px; color: #777; font-size: 12px; text-align: center; display: block;\">Ser\u00e1s redirigido a otra web<\/small>\n<\/div>","protected":false},"excerpt":{"rendered":"<p>Rese\u00f1a independiente del puesto de dependiente en pasteler\u00eda y cafeter\u00eda Turnos flexibles, ambiente colaborativo y formaci\u00f3n sin experiencia para quienes buscan trabajo destacando pros y contras<\/p>","protected":false},"author":3,"featured_media":0,"comment_status":"open","ping_status":"open","sticky":false,"template":"","format":"standard","meta":{"_uag_custom_page_level_css":"","site-sidebar-layout":"default","site-content-layout":"","ast-site-content-layout":"","site-content-style":"default","site-sidebar-style":"default","ast-global-header-display":"","ast-banner-title-visibility":"","ast-main-header-display":"","ast-hfb-above-header-display":"","ast-hfb-below-header-display":"","ast-hfb-mobile-header-display":"","site-post-title":"","ast-breadcrumbs-content":"","ast-featured-img":"","footer-sml-layout":"","theme-transparent-header-meta":"","adv-header-id-meta":"","stick-header-meta":"","header-above-stick-meta":"","header-main-stick-meta":"","header-below-stick-meta":"","astra-migrate-meta-layouts":"default","ast-page-background-enabled":"default","ast-page-background-meta":{"desktop":{"background-color":"var(--ast-global-color-4)","background-image":"","background-repeat":"repeat","background-position":"center center","background-size":"auto","background-attachment":"scroll","background-type":"","background-media":"","overlay-type":"","overlay-color":"","overlay-opacity":"","overlay-gradient":""},"tablet":{"background-color":"","background-image":"","background-repeat":"repeat","background-position":"center center","background-size":"auto","background-attachment":"scroll","background-type":"","background-media":"","overlay-type":"","overlay-color":"","overlay-opacity":"","overlay-gradient":""},"mobile":{"background-color":"","background-image":"","background-repeat":"repeat","background-position":"center center","background-size":"auto","background-attachment":"scroll","background-type":"","background-media":"","overlay-type":"","overlay-color":"","overlay-opacity":"","overlay-gradient":""}},"ast-content-background-meta":{"desktop":{"background-color":"var(--ast-global-color-5)","background-image":"","background-repeat":"repeat","background-position":"center center","background-size":"auto","background-attachment":"scroll","background-type":"","background-media":"","overlay-type":"","overlay-color":"","overlay-opacity":"","overlay-gradient":""},"tablet":{"background-color":"var(--ast-global-color-5)","background-image":"","background-repeat":"repeat","background-position":"center center","background-size":"auto","background-attachment":"scroll","background-type":"","background-media":"","overlay-type":"","overlay-color":"","overlay-opacity":"","overlay-gradient":""},"mobile":{"background-color":"var(--ast-global-color-5)","background-image":"","background-repeat":"repeat","background-position":"center center","background-size":"auto","background-attachment":"scroll","background-type":"","background-media":"","overlay-type":"","overlay-color":"","overlay-opacity":"","overlay-gradient":""}},"footnotes":""},"categories":[10],"tags":[],"yoast_head":"<!-- This site is optimized with the Yoast SEO plugin v23.3 - https:\/\/yoast.com\/wordpress\/plugins\/seo\/ -->\n<title>Dependiente de Pasteler\u00eda y Cafeter\u00eda: Flexibilidad y buen ambiente laboral - Crecer en Carrera<\/title>\n<meta name=\"robots\" content=\"index, follow, max-snippet:-1, max-image-preview:large, max-video-preview:-1\" \/>\n<link rel=\"canonical\" href=\"https:\/\/crecerencarrera.com\/fr\/b07ede97-b92f-4353-ba43-d4522f10f9b6\/\" \/>\n<meta property=\"og:locale\" content=\"fr_FR\" \/>\n<meta property=\"og:type\" content=\"article\" \/>\n<meta property=\"og:title\" content=\"Dependiente de Pasteler\u00eda y Cafeter\u00eda: Flexibilidad y buen ambiente laboral - Crecer en Carrera\" \/>\n<meta property=\"og:description\" content=\"Rese\u00f1a independiente del puesto de dependiente en pasteler\u00eda y cafeter\u00eda Turnos flexibles, ambiente colaborativo y formaci\u00f3n sin experiencia para quienes buscan trabajo destacando pros y contras\" \/>\n<meta property=\"og:url\" content=\"https:\/\/crecerencarrera.com\/fr\/b07ede97-b92f-4353-ba43-d4522f10f9b6\/\" \/>\n<meta property=\"og:site_name\" content=\"Crecer en Carrera\" \/>\n<meta property=\"article:published_time\" content=\"2026-03-10T10:12:00+00:00\" \/>\n<meta property=\"article:modified_time\" content=\"2026-03-10T10:12:03+00:00\" \/>\n<meta name=\"author\" content=\"Bruno Gianni\" \/>\n<meta name=\"twitter:card\" content=\"summary_large_image\" \/>\n<meta name=\"twitter:label1\" content=\"Written by\" \/>\n\t<meta name=\"twitter:data1\" content=\"Bruno Gianni\" \/>\n\t<meta name=\"twitter:label2\" content=\"Est. reading time\" \/>\n\t<meta name=\"twitter:data2\" content=\"3 minutes\" \/>\n<script type=\"application\/ld+json\" class=\"yoast-schema-graph\">{\"@context\":\"https:\/\/schema.org\",\"@graph\":[{\"@type\":\"Article\",\"@id\":\"https:\/\/crecerencarrera.com\/b07ede97-b92f-4353-ba43-d4522f10f9b6\/#article\",\"isPartOf\":{\"@id\":\"https:\/\/crecerencarrera.com\/b07ede97-b92f-4353-ba43-d4522f10f9b6\/\"},\"author\":{\"name\":\"Bruno Gianni\",\"@id\":\"https:\/\/crecerencarrera.com\/#\/schema\/person\/d52888235fd6563bd07d97185d6a61e4\"},\"headline\":\"Dependiente de Pasteler\u00eda y Cafeter\u00eda: Flexibilidad y buen ambiente laboral\",\"datePublished\":\"2026-03-10T10:12:00+00:00\",\"dateModified\":\"2026-03-10T10:12:03+00:00\",\"mainEntityOfPage\":{\"@id\":\"https:\/\/crecerencarrera.com\/b07ede97-b92f-4353-ba43-d4522f10f9b6\/\"},\"wordCount\":646,\"commentCount\":0,\"publisher\":{\"@id\":\"https:\/\/crecerencarrera.com\/#organization\"},\"articleSection\":[\"Hidden\"],\"inLanguage\":\"fr-FR\",\"potentialAction\":[{\"@type\":\"CommentAction\",\"name\":\"Comment\",\"target\":[\"https:\/\/crecerencarrera.com\/b07ede97-b92f-4353-ba43-d4522f10f9b6\/#respond\"]}]},{\"@type\":\"WebPage\",\"@id\":\"https:\/\/crecerencarrera.com\/b07ede97-b92f-4353-ba43-d4522f10f9b6\/\",\"url\":\"https:\/\/crecerencarrera.com\/b07ede97-b92f-4353-ba43-d4522f10f9b6\/\",\"name\":\"Dependiente de Pasteler\u00eda y Cafeter\u00eda: Flexibilidad y buen ambiente laboral - Crecer en Carrera\",\"isPartOf\":{\"@id\":\"https:\/\/crecerencarrera.com\/#website\"},\"datePublished\":\"2026-03-10T10:12:00+00:00\",\"dateModified\":\"2026-03-10T10:12:03+00:00\",\"breadcrumb\":{\"@id\":\"https:\/\/crecerencarrera.com\/b07ede97-b92f-4353-ba43-d4522f10f9b6\/#breadcrumb\"},\"inLanguage\":\"fr-FR\",\"potentialAction\":[{\"@type\":\"ReadAction\",\"target\":[\"https:\/\/crecerencarrera.com\/b07ede97-b92f-4353-ba43-d4522f10f9b6\/\"]}]},{\"@type\":\"BreadcrumbList\",\"@id\":\"https:\/\/crecerencarrera.com\/b07ede97-b92f-4353-ba43-d4522f10f9b6\/#breadcrumb\",\"itemListElement\":[{\"@type\":\"ListItem\",\"position\":1,\"name\":\"Home\",\"item\":\"https:\/\/crecerencarrera.com\/\"},{\"@type\":\"ListItem\",\"position\":2,\"name\":\"Dependiente de Pasteler\u00eda y Cafeter\u00eda: Flexibilidad y buen ambiente laboral\"}]},{\"@type\":\"WebSite\",\"@id\":\"https:\/\/crecerencarrera.com\/#website\",\"url\":\"https:\/\/crecerencarrera.com\/\",\"name\":\"Crecer en Carrera\",\"description\":\"\",\"publisher\":{\"@id\":\"https:\/\/crecerencarrera.com\/#organization\"},\"potentialAction\":[{\"@type\":\"SearchAction\",\"target\":{\"@type\":\"EntryPoint\",\"urlTemplate\":\"https:\/\/crecerencarrera.com\/?s={search_term_string}\"},\"query-input\":\"required name=search_term_string\"}],\"inLanguage\":\"fr-FR\"},{\"@type\":\"Organization\",\"@id\":\"https:\/\/crecerencarrera.com\/#organization\",\"name\":\"Crecer en Carrera\",\"url\":\"https:\/\/crecerencarrera.com\/\",\"logo\":{\"@type\":\"ImageObject\",\"inLanguage\":\"fr-FR\",\"@id\":\"https:\/\/crecerencarrera.com\/#\/schema\/logo\/image\/\",\"url\":\"https:\/\/crecerencarrera.com\/wp-content\/uploads\/sites\/604\/2025\/10\/logo-Crecer-en-carrera.svg\",\"contentUrl\":\"https:\/\/crecerencarrera.com\/wp-content\/uploads\/sites\/604\/2025\/10\/logo-Crecer-en-carrera.svg\",\"caption\":\"Crecer en Carrera\"},\"image\":{\"@id\":\"https:\/\/crecerencarrera.com\/#\/schema\/logo\/image\/\"}},{\"@type\":\"Person\",\"@id\":\"https:\/\/crecerencarrera.com\/#\/schema\/person\/d52888235fd6563bd07d97185d6a61e4\",\"name\":\"Bruno Gianni\",\"image\":{\"@type\":\"ImageObject\",\"inLanguage\":\"fr-FR\",\"@id\":\"https:\/\/crecerencarrera.com\/#\/schema\/person\/image\/\",\"url\":\"https:\/\/secure.gravatar.com\/avatar\/0f5d42d7bf77874643c1478932860e3f?s=96&d=mm&r=g\",\"contentUrl\":\"https:\/\/secure.gravatar.com\/avatar\/0f5d42d7bf77874643c1478932860e3f?s=96&d=mm&r=g\",\"caption\":\"Bruno Gianni\"},\"description\":\"Bruno writes the way he lives, with curiosity, care, and respect for people. He likes to observe, listen, and try to understand what is happening on the other side before putting any words on the page.For him, writing is not about impressing, but about getting closer. It is about turning thoughts into something simple, clear, and real. Every text is an ongoing conversation, created with care and honesty, with the sincere intention of touching someone, somewhere along the way.\",\"url\":\"https:\/\/crecerencarrera.com\/fr\/author\/bcgianni\/\"}]}<\/script>\n<!-- \/ Yoast SEO plugin. -->","yoast_head_json":{"title":"Dependiente de Pasteler\u00eda y Cafeter\u00eda: Flexibilidad y buen ambiente laboral - Crecer en Carrera","robots":{"index":"index","follow":"follow","max-snippet":"max-snippet:-1","max-image-preview":"max-image-preview:large","max-video-preview":"max-video-preview:-1"},"canonical":"https:\/\/crecerencarrera.com\/fr\/b07ede97-b92f-4353-ba43-d4522f10f9b6\/","og_locale":"fr_FR","og_type":"article","og_title":"Dependiente de Pasteler\u00eda y Cafeter\u00eda: Flexibilidad y buen ambiente laboral - Crecer en Carrera","og_description":"Rese\u00f1a independiente del puesto de dependiente en pasteler\u00eda y cafeter\u00eda Turnos flexibles, ambiente colaborativo y formaci\u00f3n sin experiencia para quienes buscan trabajo destacando pros y contras","og_url":"https:\/\/crecerencarrera.com\/fr\/b07ede97-b92f-4353-ba43-d4522f10f9b6\/","og_site_name":"Crecer en Carrera","article_published_time":"2026-03-10T10:12:00+00:00","article_modified_time":"2026-03-10T10:12:03+00:00","author":"Bruno Gianni","twitter_card":"summary_large_image","twitter_misc":{"Written by":"Bruno Gianni","Est. reading time":"3 minutes"},"schema":{"@context":"https:\/\/schema.org","@graph":[{"@type":"Article","@id":"https:\/\/crecerencarrera.com\/b07ede97-b92f-4353-ba43-d4522f10f9b6\/#article","isPartOf":{"@id":"https:\/\/crecerencarrera.com\/b07ede97-b92f-4353-ba43-d4522f10f9b6\/"},"author":{"name":"Bruno Gianni","@id":"https:\/\/crecerencarrera.com\/#\/schema\/person\/d52888235fd6563bd07d97185d6a61e4"},"headline":"Dependiente de Pasteler\u00eda y Cafeter\u00eda: Flexibilidad y buen ambiente laboral","datePublished":"2026-03-10T10:12:00+00:00","dateModified":"2026-03-10T10:12:03+00:00","mainEntityOfPage":{"@id":"https:\/\/crecerencarrera.com\/b07ede97-b92f-4353-ba43-d4522f10f9b6\/"},"wordCount":646,"commentCount":0,"publisher":{"@id":"https:\/\/crecerencarrera.com\/#organization"},"articleSection":["Hidden"],"inLanguage":"fr-FR","potentialAction":[{"@type":"CommentAction","name":"Comment","target":["https:\/\/crecerencarrera.com\/b07ede97-b92f-4353-ba43-d4522f10f9b6\/#respond"]}]},{"@type":"WebPage","@id":"https:\/\/crecerencarrera.com\/b07ede97-b92f-4353-ba43-d4522f10f9b6\/","url":"https:\/\/crecerencarrera.com\/b07ede97-b92f-4353-ba43-d4522f10f9b6\/","name":"Dependiente de Pasteler\u00eda y Cafeter\u00eda: Flexibilidad y buen ambiente laboral - Crecer en Carrera","isPartOf":{"@id":"https:\/\/crecerencarrera.com\/#website"},"datePublished":"2026-03-10T10:12:00+00:00","dateModified":"2026-03-10T10:12:03+00:00","breadcrumb":{"@id":"https:\/\/crecerencarrera.com\/b07ede97-b92f-4353-ba43-d4522f10f9b6\/#breadcrumb"},"inLanguage":"fr-FR","potentialAction":[{"@type":"ReadAction","target":["https:\/\/crecerencarrera.com\/b07ede97-b92f-4353-ba43-d4522f10f9b6\/"]}]},{"@type":"BreadcrumbList","@id":"https:\/\/crecerencarrera.com\/b07ede97-b92f-4353-ba43-d4522f10f9b6\/#breadcrumb","itemListElement":[{"@type":"ListItem","position":1,"name":"Home","item":"https:\/\/crecerencarrera.com\/"},{"@type":"ListItem","position":2,"name":"Dependiente de Pasteler\u00eda y Cafeter\u00eda: Flexibilidad y buen ambiente laboral"}]},{"@type":"WebSite","@id":"https:\/\/crecerencarrera.com\/#website","url":"https:\/\/crecerencarrera.com\/","name":"Crecer en Carrera","description":"","publisher":{"@id":"https:\/\/crecerencarrera.com\/#organization"},"potentialAction":[{"@type":"SearchAction","target":{"@type":"EntryPoint","urlTemplate":"https:\/\/crecerencarrera.com\/?s={search_term_string}"},"query-input":"required name=search_term_string"}],"inLanguage":"fr-FR"},{"@type":"Organization","@id":"https:\/\/crecerencarrera.com\/#organization","name":"Crecer en Carrera","url":"https:\/\/crecerencarrera.com\/","logo":{"@type":"ImageObject","inLanguage":"fr-FR","@id":"https:\/\/crecerencarrera.com\/#\/schema\/logo\/image\/","url":"https:\/\/crecerencarrera.com\/wp-content\/uploads\/sites\/604\/2025\/10\/logo-Crecer-en-carrera.svg","contentUrl":"https:\/\/crecerencarrera.com\/wp-content\/uploads\/sites\/604\/2025\/10\/logo-Crecer-en-carrera.svg","caption":"Crecer en Carrera"},"image":{"@id":"https:\/\/crecerencarrera.com\/#\/schema\/logo\/image\/"}},{"@type":"Person","@id":"https:\/\/crecerencarrera.com\/#\/schema\/person\/d52888235fd6563bd07d97185d6a61e4","name":"Bruno Gianni","image":{"@type":"ImageObject","inLanguage":"fr-FR","@id":"https:\/\/crecerencarrera.com\/#\/schema\/person\/image\/","url":"https:\/\/secure.gravatar.com\/avatar\/0f5d42d7bf77874643c1478932860e3f?s=96&d=mm&r=g","contentUrl":"https:\/\/secure.gravatar.com\/avatar\/0f5d42d7bf77874643c1478932860e3f?s=96&d=mm&r=g","caption":"Bruno Gianni"},"description":"Bruno writes the way he lives, with curiosity, care, and respect for people. He likes to observe, listen, and try to understand what is happening on the other side before putting any words on the page.For him, writing is not about impressing, but about getting closer. It is about turning thoughts into something simple, clear, and real. Every text is an ongoing conversation, created with care and honesty, with the sincere intention of touching someone, somewhere along the way.","url":"https:\/\/crecerencarrera.com\/fr\/author\/bcgianni\/"}]}},"uagb_featured_image_src":{"full":false,"thumbnail":false,"medium":false,"medium_large":false,"large":false,"1536x1536":false,"2048x2048":false,"trp-custom-language-flag":false},"uagb_author_info":{"display_name":"Bruno Gianni","author_link":"https:\/\/crecerencarrera.com\/fr\/author\/bcgianni\/"},"uagb_comment_info":0,"uagb_excerpt":"Rese\u00f1a independiente del puesto de dependiente en pasteler\u00eda y cafeter\u00eda Turnos flexibles, ambiente colaborativo y formaci\u00f3n sin experiencia para quienes buscan trabajo destacando pros y contras","_links":{"self":[{"href":"https:\/\/crecerencarrera.com\/fr\/wp-json\/wp\/v2\/posts\/7358"}],"collection":[{"href":"https:\/\/crecerencarrera.com\/fr\/wp-json\/wp\/v2\/posts"}],"about":[{"href":"https:\/\/crecerencarrera.com\/fr\/wp-json\/wp\/v2\/types\/post"}],"author":[{"embeddable":true,"href":"https:\/\/crecerencarrera.com\/fr\/wp-json\/wp\/v2\/users\/3"}],"replies":[{"embeddable":true,"href":"https:\/\/crecerencarrera.com\/fr\/wp-json\/wp\/v2\/comments?post=7358"}],"version-history":[{"count":1,"href":"https:\/\/crecerencarrera.com\/fr\/wp-json\/wp\/v2\/posts\/7358\/revisions"}],"predecessor-version":[{"id":7362,"href":"https:\/\/crecerencarrera.com\/fr\/wp-json\/wp\/v2\/posts\/7358\/revisions\/7362"}],"wp:attachment":[{"href":"https:\/\/crecerencarrera.com\/fr\/wp-json\/wp\/v2\/media?parent=7358"}],"wp:term":[{"taxonomy":"category","embeddable":true,"href":"https:\/\/crecerencarrera.com\/fr\/wp-json\/wp\/v2\/categories?post=7358"},{"taxonomy":"post_tag","embeddable":true,"href":"https:\/\/crecerencarrera.com\/fr\/wp-json\/wp\/v2\/tags?post=7358"}],"curies":[{"name":"wp","href":"https:\/\/api.w.org\/{rel}","templated":true}]}}